{"id":3575,"date":"2018-02-12T22:21:26","date_gmt":"2018-02-12T21:21:26","guid":{"rendered":"https:\/\/bruxelles-pantheres.be\/?p=3575"},"modified":"2018-02-12T22:21:26","modified_gmt":"2018-02-12T21:21:26","slug":"ramadan-justice-patriarcale-justice-raciste","status":"publish","type":"post","link":"https:\/\/bruxelles-pantheres.be\/?p=3575","title":{"rendered":"Ramadan, justice patriarcale, justice raciste"},"content":{"rendered":"<div class=\"cartouche\">\n<h4 class=\"titre-article\">Ramadan, justice patriarcale, justice raciste<\/h4>\n<div class=\"detail\"><span class=\"date\">lundi 12 f\u00e9vrier 2018<\/span> <span class=\"auteurs\">par <span class=\"vcard author\">Houria Bouteldja<\/span><\/span><\/div>\n<\/div>\n<div class=\"chapo\">\n<p>Post facebook de Houria Bouteldja<\/p>\n<p>Oui \u00e0 une s\u00e9v\u00e9rit\u00e9 exemplaire contre le viol <br class=\"autobr\" \/> Non au traitement raciste de Tariq Ramadan<\/p>\n<p>En tant que femme, j\u2019exige que le viol soit s\u00e9v\u00e8rement puni quel que soit l\u2019auteur du crime, Blanc ou Noir.<br class=\"autobr\" \/> En tant que femme indig\u00e8ne, j\u2019exige la m\u00eame r\u00e9pression contre tous les auteurs de viol, Blancs ou Noirs.<\/p>\n<\/div>\n<p><!--more--><\/p>\n<div class=\"texte\">\n<p>Oui, la justice fran\u00e7aise est patriarcale et, oui, elle est tendanciellement complaisante \u00e0 l\u2019\u00e9gard des crimes sexuels notamment lorsqu\u2019ils sont commis par des hommes de pouvoir. Oui, la parole des femmes est constamment m\u00e9pris\u00e9e et d\u00e9l\u00e9gitim\u00e9e. Mais il y a une exception\u00a0: lorsque l\u2019auteur est r\u00e9put\u00e9 Noir, Arabe, Musulman ou habitant de banlieue.<\/p>\n<p>L\u00e0, la justice devient tendanciellement raciste. Les choses s\u2019inversent\u00a0: les hommes qui sont g\u00e9n\u00e9ralement plut\u00f4t prot\u00e9g\u00e9s au d\u00e9triment des femmes perdent toute immunit\u00e9, voire sont condamn\u00e9s d\u2019avance. Cela est vrai tant pour les d\u00e9lits que pour les crimes. C\u2019est la raison pour laquelle les hommes issus de l\u2019immigration sont surrepr\u00e9sent\u00e9s en prison.<\/p>\n<p>Croit-on vraiment d\u00e9fendre la cause des femmes en chargeant une cat\u00e9gorie d\u2019homme et en organisant l\u2019impunit\u00e9 des autres\u00a0? Croit-on vraiment servir la cause des femmes quand les auteurs &#8211; pr\u00e9sum\u00e9s ou reconnus &#8211; d\u2019agressions sexuelles caract\u00e9ris\u00e9es mais b\u00e9n\u00e9ficiant de leur situation de pouvoir jouissent de leur libert\u00e9 et de leur pr\u00e9somption d\u2019innocence avec le soutien de leurs pairs pendant que Tariq Ramadan, d\u00e9j\u00e0 condamn\u00e9 par le tribunal m\u00e9diatique, \u00e9cope d\u2019une d\u00e9tention provisoire \u00e0 laquelle ont \u00e9chapp\u00e9 et \u00e9chappent Dominique Strauss-Kahn, Patrick Balkany, Georges Tron, G\u00e9rard Darmanin, Denis Baupin, Thierry Marchal-Beck, Jean-Claude Brisseau, Gilbert Cuzou et tant d\u2019autres. \u00c9videmment, toutes ces affaires ne sont pas similaires mais les diff\u00e9rences de traitement m\u00e9diatique, politique et judiciaire r\u00e9serv\u00e9 \u00e0 ces hommes avec celui inflig\u00e9 \u00e0 Tariq Ramadan, en dit long. Dans le cas de Gilbert Cuzou, plus particuli\u00e8rement, il est \u00e9difiant de noter que m\u00eame s\u2019il a \u00e9t\u00e9 mis en examen pour cinq viols, il a pu ressortir libre, dans l\u2019attente du proc\u00e8s. Tariq Ramadan croupit lui \u00e0 Fleury-M\u00e9rogis depuis le 2 f\u00e9vrier.<\/p>\n<p>L\u2019humiliation et le traitement discriminatoire des hommes indig\u00e8nes ont des cons\u00e9quences d\u00e9sastreuses sur nos vies de femmes. Ils ont des cons\u00e9quences funestes sur la vie de nos enfants et de nos communaut\u00e9s qui en paient collectivement le prix.<\/p>\n<p>Quant \u00e0 l\u2019impunit\u00e9 des hommes blancs en particulier, elle a des cons\u00e9quences d\u00e9sastreuses sur la vie des femmes en g\u00e9n\u00e9ral.<\/p>\n<p>Le silence des f\u00e9ministes sur cette diff\u00e9rence de traitement a d\u00e9j\u00e0 des cons\u00e9quences n\u00e9fastes sur leur propre cause car non seulement le patriarcat se renforce mais en plus cette indiff\u00e9rence ne fait que creuser l\u2019ab\u00eeme qui existe d\u00e9j\u00e0 entre les femmes blanches et celles issues des immigrations post-coloniales dont l\u2019union est pourtant fondamentale pour les luttes d\u2019\u00e9mancipation.<\/p>\n<p>Ainsi, la seule sortie par le haut qui s\u2019offre \u00e0 nous toutes c\u2019est d\u2019exiger, quelle que soit l\u2019issue de la proc\u00e9dure concernant Tariq Ramadan, et sans pr\u00e9juger de sa culpabilit\u00e9 ou de sa non culpabilit\u00e9, qu\u2019il soit trait\u00e9 sans \u00eatre humili\u00e9, c\u2019est \u00e0 dire, dignement. A tout le moins comme les autres&#8230;ou que les autres soient trait\u00e9s comme lui. C\u2019est urgent et non n\u00e9gociable.<\/p>\n<p>En mon \u00e2me et conscience, Houria Bouteldja<\/p>\n<\/div>\n<div class=\"chapo\">Voir en ligne : <a href=\"https:\/\/www.facebook.com\/houria.bouteldja.9\/posts\/1935294753152166\">le post facebook d\u2019Houria Bouteldja<\/a><\/div>\n","protected":false},"excerpt":{"rendered":"<p>Ramadan, justice patriarcale, justice raciste lundi 12 f\u00e9vrier 2018 par Houria Bouteldja Post facebook de Houria Bouteldja Oui \u00e0 une s\u00e9v\u00e9rit\u00e9 exemplaire contre le viol Non au traitement raciste de Tariq Ramadan En tant que femme, j\u2019exige que le viol soit s\u00e9v\u00e8rement puni quel que soit l\u2019auteur du crime, Blanc ou Noir. En tant que &#8230; <a title=\"Ramadan, justice patriarcale, justice raciste\" class=\"read-more\" href=\"https:\/\/bruxelles-pantheres.be\/?p=3575\" aria-label=\"En savoir plus sur Ramadan, justice patriarcale, justice raciste\">Lire la suite<\/a><\/p>\n","protected":false},"author":1,"featured_media":3330,"comment_status":"open","ping_status":"open","sticky":false,"template":"","format":"standard","meta":{"footnotes":""},"categories":[36,4,28],"tags":[102,75,147],"class_list":["post-3575","post","type-post","status-publish","format-standard","has-post-thumbnail","hentry","category-europe","category-islamophobie","category-racismes","tag-decolonial","tag-femmes","tag-houria-bouteldja"],"_links":{"self":[{"href":"https:\/\/bruxelles-pantheres.be\/index.php?rest_route=\/wp\/v2\/posts\/3575","targetHints":{"allow":["GET"]}}],"collection":[{"href":"https:\/\/bruxelles-pantheres.be\/index.php?rest_route=\/wp\/v2\/posts"}],"about":[{"href":"https:\/\/bruxelles-pantheres.be\/index.php?rest_route=\/wp\/v2\/types\/post"}],"author":[{"embeddable":true,"href":"https:\/\/bruxelles-pantheres.be\/index.php?rest_route=\/wp\/v2\/users\/1"}],"replies":[{"embeddable":true,"href":"https:\/\/bruxelles-pantheres.be\/index.php?rest_route=%2Fwp%2Fv2%2Fcomments&post=3575"}],"version-history":[{"count":1,"href":"https:\/\/bruxelles-pantheres.be\/index.php?rest_route=\/wp\/v2\/posts\/3575\/revisions"}],"predecessor-version":[{"id":3576,"href":"https:\/\/bruxelles-pantheres.be\/index.php?rest_route=\/wp\/v2\/posts\/3575\/revisions\/3576"}],"wp:featuredmedia":[{"embeddable":true,"href":"https:\/\/bruxelles-pantheres.be\/index.php?rest_route=\/wp\/v2\/media\/3330"}],"wp:attachment":[{"href":"https:\/\/bruxelles-pantheres.be\/index.php?rest_route=%2Fwp%2Fv2%2Fmedia&parent=3575"}],"wp:term":[{"taxonomy":"category","embeddable":true,"href":"https:\/\/bruxelles-pantheres.be\/index.php?rest_route=%2Fwp%2Fv2%2Fcategories&post=3575"},{"taxonomy":"post_tag","embeddable":true,"href":"https:\/\/bruxelles-pantheres.be\/index.php?rest_route=%2Fwp%2Fv2%2Ftags&post=3575"}],"curies":[{"name":"wp","href":"https:\/\/api.w.org\/{rel}","templated":true}]}}