{"id":3582,"date":"2018-02-13T22:25:19","date_gmt":"2018-02-13T21:25:19","guid":{"rendered":"https:\/\/bruxelles-pantheres.be\/?p=3582"},"modified":"2018-02-13T22:25:19","modified_gmt":"2018-02-13T21:25:19","slug":"belgique-et-racisme-detat-illustration-par-le-cas-kimyongur","status":"publish","type":"post","link":"https:\/\/bruxelles-pantheres.be\/?p=3582","title":{"rendered":"Belgique et racisme d\u2019Etat : illustration par le cas Kimyongur"},"content":{"rendered":"<p style=\"text-align: left;\">\n<iframe style=\"border: none; overflow: hidden;\" src=\"https:\/\/www.facebook.com\/plugins\/post.php?href=https%3A%2F%2Fwww.facebook.com%2Fjean.bricmont%2Fposts%2F10215828723810586&amp;width=500\" width=\"500\" height=\"701\" frameborder=\"0\" scrolling=\"no\"><\/iframe><br \/>\nJean Bricmont, sur le mur Facebook duquel je suis tomb\u00e9 sur <a href=\"http:\/\/www.lesoir.be\/139746\/article\/2018-02-12\/la-tete-du-militant-belge-bahar-kimyongur-mise-prix\">l\u2019article du Soir<\/a>, ne le dit \u00e9videmment pas (il en est incapable) mais cette histoire est une illustration suppl\u00e9mentaire flagrante de ce dont certains s&rsquo;obstinent \u00e0 nier l&rsquo;existence, alors que d&rsquo;autres souhaitent poursuivre ceux et celles qui en parlent et le combattent : le racisme d\u2019\u00c9tat.<!--more--><\/p>\n<p>&nbsp;<\/p>\n<blockquote><p>Kimyongur en est victime parce qu&rsquo;il s&rsquo;appelle Kimyongur.<\/p>\n<p>Il est \u00ab\u00a0binational\u00a0\u00bb. Il a deux cartes, oui, mais c\u2019est une paire pourrie.<\/p>\n<p>Il est belgo-turc ou turco-belge.<\/p><\/blockquote>\n<p>&nbsp;<\/p>\n<p>S&rsquo;il \u00e9tait franco-belge ou belgo-luxembourgeois ou belgo-isra\u00e9lien et que sa t\u00eate \u00e9tait mise \u00e0 prix par la Turquie, c\u2019est \u00e0 une toute autre histoire qu\u2019on aurait droit. De la part du Soir d&rsquo;abord<a href=\"#_ftn1\" name=\"_ftnref1\">[1]<\/a> qui nous ferait un article qui ne serait pas implicitement \u00e0 charge. En r\u00e9sum\u00e9 : il a \u00e9t\u00e9 poursuivi pour ceci, a \u00e9t\u00e9 arr\u00eat\u00e9 pour cela, \u00e9crit un livre sur une terroriste fugitive condamn\u00e9e dont il a \u00e9t\u00e9 accus\u00e9 d&rsquo;\u00eatre le complice, etc. Le Soir nous parlerait de Loups Gris, de professeurs et de journalistes turques en prisons et bien s\u00fbr, d&rsquo;Erdogan l&rsquo;islamiste (c&rsquo;est-\u00e0-dire le musulman). Les r\u00e9actions des diff\u00e9rentes chancelleries concern\u00e9es seraient sans doute aussi bien diff\u00e9rentes puisque, d\u00e9j\u00e0, elles auraient exist\u00e9, ainsi que, automatiquement, leur reprise dans les m\u00e9dias.<\/p>\n<p>&nbsp;<\/p>\n<p>Kimyongur, bien qu&rsquo;il ne se d\u00e9finisse politiquement pas comme \u00e7a \u00e0 ma connaissance, est un Indig\u00e8ne. Quel pays au monde extrade l&rsquo;un de ses ressortissants ? Ou plut\u00f4t quelqu&rsquo;un qu&rsquo;il consid\u00e8re comme l&rsquo;un de ses ressortissants, vers un pays par ailleurs largement consid\u00e9r\u00e9 comme r\u00e9trograde ou subissant un r\u00e9gime qui porte atteinte \u00e0 \u00ab\u00a0nos\u00a0\u00bb valeurs, etc. ? Aucun.<\/p>\n<p>&nbsp;<\/p>\n<p>Bahar, gr\u00e2ce \u00e0 son intelligence, \u00e0 sa r\u00e9silience, \u00e0 ses soutiens directs comme indirects, parmi lesquels je compte les juges qui ont eu la lucidit\u00e9 et le courage, au bord du gouffre, de ne pas le pousser par reflex vers un destin d\u00e9finitivement funeste et gr\u00e2ce \u00e0 la chance, est libre. Ou en tout cas n&rsquo;est pas dans une ge\u00f4le tuque, ou belge.<\/p>\n<p>&nbsp;<\/p>\n<p>Nizar Trabelssi, lui, belge aussi, mais surtout tunisien, en tout cas pas luxembourgeois ou isra\u00e9liens, ancien joueur de D1, condamn\u00e9 par la m\u00eame Justice belge d\u00e9j\u00e0 mentionn\u00e9e, ayant purg\u00e9 la totalit\u00e9 de sa peine (un truc aussi fr\u00e9quent en Belgique que le passage de la com\u00e8te de Halley) a \u00e9t\u00e9 livr\u00e9 sans trop de bruits aux ge\u00f4les \u00e9tasuniennes.<\/p>\n<p>&nbsp;<\/p>\n<p>Ali Aarrass, belgo-marocain, ancien soldat de l&rsquo;arm\u00e9e &#8230; belge, lui, a \u00e9t\u00e9 abandonn\u00e9, il y a plus de 7 ans, aux griffes inf\u00e2mes du corrompu syst\u00e8me judiciaire marocain, par le biais de l&rsquo;europ\u00e9en et d\u00e9mocratique gouvernement espagnol dont la Justice nous inspire confiance. Guant\u00e1namo a aussi ses sous-sols.<\/p>\n<p>Si on ajoute \u00e0 cet immonde tableau, parmi d\u2019autres exemples, le cas des soudanais r\u00e9cemment d\u00e9port\u00e9s, la Belgique, petit royaume artificiel et colonialiste, compos\u00e9 officiellement de trois communaut\u00e9s aussi blanches les unes que les autres, se construit un m\u00e9prisable palmar\u00e8s d\u2019extraditions de basan\u00e9s vers des pays o\u00f9 l\u2019on bafoue les droits humains les plus \u00e9l\u00e9mentaires, o\u00f9 l\u2019on torture sans vergogne.<\/p>\n<p>&nbsp;<\/p>\n<p>\u00catre Indig\u00e8ne et binational \u00e7a ressemble \u00e0 \u00e7a. Tu as un pays qui veut ta peau et un autre pour qui elle ne vaut rien, indiff\u00e9remment du sens dans lequel \u00e7a se mat\u00e9rialise. Mais, pour moi et beaucoup d&rsquo;entre nous, quand \u00e7a vient du sens dont est suppos\u00e9 venir la lumi\u00e8re, c&rsquo;est tout simplement aveuglant d&rsquo;un racisme d\u2019\u00c9tat structurel et donc pr\u00e9gnant, permanent, h\u00e9r\u00e9ditairement transmissible, et \u00e0 \u00e9radiquer, pour notre dignit\u00e9 et celle de nos enfants.<\/p>\n<p>Par <a href=\"https:\/\/www.facebook.com\/reghif\">Mouhad Reghif,<\/a> membre des Bruxelles Panth\u00e8res<\/p>\n<p><a href=\"http:\/\/www.lesoir.be\/139746\/article\/2018-02-12\/la-tete-du-militant-belge-bahar-kimyongur-mise-prix\">[1]\u00a0<\/a><\/p>\n","protected":false},"excerpt":{"rendered":"<p>Jean Bricmont, sur le mur Facebook duquel je suis tomb\u00e9 sur l\u2019article du Soir, ne le dit \u00e9videmment pas (il en est incapable) mais cette histoire est une illustration suppl\u00e9mentaire flagrante de ce dont certains s&rsquo;obstinent \u00e0 nier l&rsquo;existence, alors que d&rsquo;autres souhaitent poursuivre ceux et celles qui en parlent et le combattent : le &#8230; <a title=\"Belgique et racisme d\u2019Etat : illustration par le cas Kimyongur\" class=\"read-more\" href=\"https:\/\/bruxelles-pantheres.be\/?p=3582\" aria-label=\"En savoir plus sur Belgique et racisme d\u2019Etat : illustration par le cas Kimyongur\">Lire la suite<\/a><\/p>\n","protected":false},"author":1,"featured_media":3093,"comment_status":"open","ping_status":"open","sticky":false,"template":"","format":"standard","meta":{"footnotes":""},"categories":[36,8,28],"tags":[316,31,313,23,315,15],"class_list":["post-3582","post","type-post","status-publish","format-standard","has-post-thumbnail","hentry","category-europe","category-prisons","category-racismes","tag-bahar-kimyongur","tag-belgique","tag-binationaux","tag-discrimination","tag-nizar-trabelssi","tag-resistance"],"_links":{"self":[{"href":"https:\/\/bruxelles-pantheres.be\/index.php?rest_route=\/wp\/v2\/posts\/3582","targetHints":{"allow":["GET"]}}],"collection":[{"href":"https:\/\/bruxelles-pantheres.be\/index.php?rest_route=\/wp\/v2\/posts"}],"about":[{"href":"https:\/\/bruxelles-pantheres.be\/index.php?rest_route=\/wp\/v2\/types\/post"}],"author":[{"embeddable":true,"href":"https:\/\/bruxelles-pantheres.be\/index.php?rest_route=\/wp\/v2\/users\/1"}],"replies":[{"embeddable":true,"href":"https:\/\/bruxelles-pantheres.be\/index.php?rest_route=%2Fwp%2Fv2%2Fcomments&post=3582"}],"version-history":[{"count":1,"href":"https:\/\/bruxelles-pantheres.be\/index.php?rest_route=\/wp\/v2\/posts\/3582\/revisions"}],"predecessor-version":[{"id":3583,"href":"https:\/\/bruxelles-pantheres.be\/index.php?rest_route=\/wp\/v2\/posts\/3582\/revisions\/3583"}],"wp:featuredmedia":[{"embeddable":true,"href":"https:\/\/bruxelles-pantheres.be\/index.php?rest_route=\/wp\/v2\/media\/3093"}],"wp:attachment":[{"href":"https:\/\/bruxelles-pantheres.be\/index.php?rest_route=%2Fwp%2Fv2%2Fmedia&parent=3582"}],"wp:term":[{"taxonomy":"category","embeddable":true,"href":"https:\/\/bruxelles-pantheres.be\/index.php?rest_route=%2Fwp%2Fv2%2Fcategories&post=3582"},{"taxonomy":"post_tag","embeddable":true,"href":"https:\/\/bruxelles-pantheres.be\/index.php?rest_route=%2Fwp%2Fv2%2Ftags&post=3582"}],"curies":[{"name":"wp","href":"https:\/\/api.w.org\/{rel}","templated":true}]}}