{"id":359,"date":"2013-05-14T03:15:42","date_gmt":"2013-05-14T02:15:42","guid":{"rendered":"https:\/\/bruxelles-pantheres.be\/?p=359"},"modified":"2013-11-10T03:15:58","modified_gmt":"2013-11-10T02:15:58","slug":"comme-en-irak-au-commissariat","status":"publish","type":"post","link":"https:\/\/bruxelles-pantheres.be\/?p=359","title":{"rendered":"\u201cComme en Irak\u201d au commissariat !"},"content":{"rendered":"<header><\/header>\n<div>\n<address><b> Des photos hallucinantes \u00e0 l\u2019appui d\u2019accusations port\u00e9es contre des policiers <\/b><\/p>\n<h3><strong>\u201cComme en Irak\u201d au commissariat !<!--more--><\/strong><\/h3>\n<\/address>\n<p id=\"articleDate\">(14\/05\/2013)<\/p>\n<div id=\"articleText\"><b>BRUXELLES<\/b> Le Comit\u00e9 P, sur instruction du juge de Bruxelles, M.\u00a0Jean Coumans, enqu\u00eate sur des faits d\u2019extr\u00eame violence polici\u00e8re pr\u00e9sum\u00e9s avoir eu lieu le 14\u00a0janvier dernier et jamais r\u00e9v\u00e9l\u00e9s \u00e0 la presse, \u00e0 la division centrale de la police Bruxelles-Capitale-Ixelles, un passage \u00e0 tabac en cellule, par trois policiers, d\u2019un Ixellois de 44 ans.Arriv\u00e9 intact au commissariat du March\u00e9 au Charbon, O. N.\u00a0en est sorti le corps tum\u00e9fi\u00e9, avec notamment une fracture du cr\u00e2ne, une fracture de l\u2019os temporal droit, les os du nez cass\u00e9s et les tympans perfor\u00e9s.Selon les premiers \u00e9l\u00e9ments d\u2019enqu\u00eate connus de nous, les faits auraient donc eu lieu dans un local du commissariat central pr\u00e8s des cellules Amigo. Et la police des polices envisage qu\u2019il y ait eu concert pr\u00e9alable\u00a0: les trois policiers savaient parfaitement, ils avaient convenu de ce qui allait se passer. Ils ont enfil\u00e9 des gants noirs et pr\u00e9venu avant que \u00e7a ne d\u00e9bute\u00a0: <i>\u201cOn va te faire comme en Irak.\u201d <\/i> Il y avait deux coll\u00e8gues, dont une polici\u00e8re. Ceux-l\u00e0 se sont retir\u00e9s plut\u00f4t que de voir \u00e7a.<\/p>\n<p>O.N. est \u00e0 terre, menott\u00e9 dans le dos. Coups de pied, coups de poing, puis coups de t\u00e9lescopique dans les parties g\u00e9nitales, insultes et crachats, puis un policier lui aurait encore bondi et rebondi sur le ventre \u00e0 plusieurs reprises.<\/p>\n<p>Le priv\u00e9 de libert\u00e9 avait \u00e9t\u00e9 interpell\u00e9 apr\u00e8s un incident dans un caf\u00e9 et suspicion de vente de stup\u00e9fiants. Mais il dit avoir \u00e9t\u00e9 pi\u00e9g\u00e9. Selon lui, le pacson de 4 grammes qui a \u00e9t\u00e9 saisi ne lui appartenait pas. D\u00e9j\u00e0 dans le v\u00e9hicule de patrouille, menott\u00e9, il dit avoir re\u00e7u dans l\u2019oreille un premier coup violent du plat de la main. La patrouille de trois se composait d\u2019une polici\u00e8re qui est descendue et est rentr\u00e9e \u00e0 pied, pour se d\u00e9solidariser.<\/p>\n<p>Au commissariat, O. N.\u00a0aurait \u00e9t\u00e9 tra\u00een\u00e9 par terre comme un chien, sous les crachats d\u00e9j\u00e0 et les insultes. Et une autre polici\u00e8re est aussi intervenue pour dire aux coll\u00e8gues de cesser imm\u00e9diatement. O. N.\u00a0ajoute avoir eu un voile et s\u2019\u00eatre \u00e9vanoui. La r\u00e9ponse de la police est toujours la m\u00eame\u00a0: une enqu\u00eate est ouverte, on attend les conclusions et si celles-ci montrent que le plaignant a menti, la police d\u00e9posera plainte contre lui pour calomnie et diffamation.<\/p>\n<p>L\u2019h\u00f4pital d\u2019Etterbeek-Ixelles confirme\u00a0: fracture du cr\u00e2ne avec commotion c\u00e9r\u00e9brale associ\u00e9e, perforation tympanique bilat\u00e9rale, fracture des os du nez avec d\u00e9viation du nez et h\u00e9matome nasal franc, contusions et h\u00e9matomes multiples au niveau thoracique, dorsal et des membres,\u00a0etc.<\/p>\n<p>Le cabinet de l\u2019avocat Jean-Paul Tieleman confirme le d\u00e9p\u00f4t de plainte avec constitution de partie civile, pour coups et blessures volontaires avec incapacit\u00e9, traitements inhumains et d\u00e9gradants et tortures.<\/p>\n<\/div>\n<p id=\"articleSign\">Gilbert Dupont<\/p>\n<p id=\"articleCopyright\">\u00a9 <a href=\"http:\/\/www.dhnet.be\/infos\/faits-divers\/article\/434119\/comme-en-irak-au-commissariat.html\">La Derni\u00e8re Heure 2013<\/a><\/p>\n<header><img decoding=\"async\" class=\"alignright\" alt=\"181046_141823675994058_1813773024_n\" src=\"http:\/\/www.egalite.be\/wp-content\/uploads\/2013\/03\/181046_141823675994058_1813773024_n.jpg\" width=\"624\" height=\"413\" \/><\/header>\n<\/div>\n","protected":false},"excerpt":{"rendered":"<p>Des photos hallucinantes \u00e0 l\u2019appui d\u2019accusations port\u00e9es contre des policiers \u201cComme en Irak\u201d au commissariat !<\/p>\n","protected":false},"author":1,"featured_media":348,"comment_status":"open","ping_status":"open","sticky":false,"template":"","format":"standard","meta":{"footnotes":""},"categories":[4,18,28,5],"tags":[],"class_list":["post-359","post","type-post","status-publish","format-standard","has-post-thumbnail","hentry","category-islamophobie","category-resistance-bruxelles","category-racismes","category-violence-policiere"],"_links":{"self":[{"href":"https:\/\/bruxelles-pantheres.be\/index.php?rest_route=\/wp\/v2\/posts\/359","targetHints":{"allow":["GET"]}}],"collection":[{"href":"https:\/\/bruxelles-pantheres.be\/index.php?rest_route=\/wp\/v2\/posts"}],"about":[{"href":"https:\/\/bruxelles-pantheres.be\/index.php?rest_route=\/wp\/v2\/types\/post"}],"author":[{"embeddable":true,"href":"https:\/\/bruxelles-pantheres.be\/index.php?rest_route=\/wp\/v2\/users\/1"}],"replies":[{"embeddable":true,"href":"https:\/\/bruxelles-pantheres.be\/index.php?rest_route=%2Fwp%2Fv2%2Fcomments&post=359"}],"version-history":[{"count":2,"href":"https:\/\/bruxelles-pantheres.be\/index.php?rest_route=\/wp\/v2\/posts\/359\/revisions"}],"predecessor-version":[{"id":361,"href":"https:\/\/bruxelles-pantheres.be\/index.php?rest_route=\/wp\/v2\/posts\/359\/revisions\/361"}],"wp:featuredmedia":[{"embeddable":true,"href":"https:\/\/bruxelles-pantheres.be\/index.php?rest_route=\/wp\/v2\/media\/348"}],"wp:attachment":[{"href":"https:\/\/bruxelles-pantheres.be\/index.php?rest_route=%2Fwp%2Fv2%2Fmedia&parent=359"}],"wp:term":[{"taxonomy":"category","embeddable":true,"href":"https:\/\/bruxelles-pantheres.be\/index.php?rest_route=%2Fwp%2Fv2%2Fcategories&post=359"},{"taxonomy":"post_tag","embeddable":true,"href":"https:\/\/bruxelles-pantheres.be\/index.php?rest_route=%2Fwp%2Fv2%2Ftags&post=359"}],"curies":[{"name":"wp","href":"https:\/\/api.w.org\/{rel}","templated":true}]}}