{"id":3591,"date":"2018-03-05T17:54:14","date_gmt":"2018-03-05T16:54:14","guid":{"rendered":"https:\/\/bruxelles-pantheres.be\/?p=3591"},"modified":"2018-03-05T17:54:14","modified_gmt":"2018-03-05T16:54:14","slug":"lascension-de-mobutu-un-livre-toujours-pas-digere-par-certains-milieux-nostalgiques","status":"publish","type":"post","link":"https:\/\/bruxelles-pantheres.be\/?p=3591","title":{"rendered":"\u201cL\u2019ascension de Mobutu\u201d : un livre toujours pas dig\u00e9r\u00e9 par certains milieux nostalgiques ?"},"content":{"rendered":"<p><strong>Le <a href=\"https:\/\/bruxelles-pantheres.be\/?p=3496\">nouveau livre<\/a> de Ludo De Witte d\u00e9voile une v\u00e9rit\u00e9 longtemps occult\u00e9e sur les crimes de la Belgique et des Etats-Unis qui ont permis, apr\u00e8s l\u2019assassinat atroce de Patrice Lumumba (premier ministre \u00e9lu), d\u2019installer la dictature personnelle de Joseph Mobutu. Tabou\u00a0? Apparemment, cinquante ans plus tard, certains milieux belges ne dig\u00e8rent toujours pas la critique du (n\u00e9o)colonialisme\u00a0! De Witte r\u00e9pond ici au <a href=\"http:\/\/www.lalibre.be\/actu\/international\/avec-l-ascension-de-mobutu-ludo-de-witte-n-aura-pas-le-meme-succes-que-pour-l-assassinat-de-lumumba-5a8082f9cd70fdabb9f49ded\">r\u00e9cent article<\/a> de Marie-France Cros dans le quotidien belge <span lang=\"fr-FR\"><i><b>La Libre <\/b><\/i><\/span><span lang=\"fr-FR\"><b>qui tente d\u2019excuser la Belgique.<\/b><\/span><\/strong><!--more--><\/p>\n<p><a class=\"fancybox postimg\" href=\"https:\/\/www.investigaction.net\/wp-content\/uploads\/2018\/02\/pl.png\"><img decoding=\"async\" class=\"attachment-post-single size-post-single wp-post-image\" src=\"https:\/\/www.investigaction.net\/wp-content\/uploads\/2018\/02\/pl-640x283.png\" sizes=\"(max-width: 640px) 100vw, 640px\" srcset=\"https:\/\/www.investigaction.net\/wp-content\/uploads\/2018\/02\/pl-640x283.png 640w, https:\/\/www.investigaction.net\/wp-content\/uploads\/2018\/02\/pl-150x66.png 150w, https:\/\/www.investigaction.net\/wp-content\/uploads\/2018\/02\/pl-300x133.png 300w, https:\/\/www.investigaction.net\/wp-content\/uploads\/2018\/02\/pl.png 664w\" alt=\"\" width=\"640\" height=\"283\" \/><\/a><\/p>\n<p>&nbsp;<\/p>\n<p><span lang=\"fr-FR\">La journaliste Marie-France Cros a-t-elle lu le livre\u00a0? Ou bien le quotidien veut-il renouer avec sa tradition de porte-parole des milieux (n\u00e9o-)coloniaux du Royaume? <\/span><\/p>\n<p><span lang=\"fr-FR\">Pour rappel, <\/span><span lang=\"fr-FR\"><i>La Libre<\/i><\/span><span lang=\"fr-FR\"> a, pendant des d\u00e9cennies, d\u00e9fendu la th\u00e8se \u00ab\u00a0 La Belgique n\u2019est pour rien dans l\u2019assassinat de Patrice Lumumba\u00a0\u00bb. <\/span><span lang=\"fr-FR\">Jusqu\u2019\u00e0 la publication de mon \u201cL\u2019assassinat de Lumumba\u201d en 1999, le crime \u00e9tait pour elle \u201cune affaire de Bantous\u201d.<\/span><\/p>\n<p>&nbsp;<\/p>\n<p><span lang=\"fr-FR\">a) Aujourd\u2019hui, Cros pr\u00e9tend que les USA ont pouss\u00e9 la Belgique \u00e0 \u00e9craser les r\u00e9bellions nationalistes qui, en 1964, contr\u00f4laient pr\u00e8s de la moiti\u00e9 du territoire congolais. Faux. Je l\u2019ai amplement d\u00e9montr\u00e9 dans mon livre : c\u2019est le gouvernement belge qui avait pris les devants, avec le soutien initial des Etats-Unis. Bruxelles imposa \u00e0 Washington l\u2019assaut final sur la citadelle de la r\u00e9bellion, Stanleyville \u2013 Kisangani, contre la volont\u00e9 des USA, qui voulaient n\u00e9gocier une reddition avec les rebelles.<\/span><\/p>\n<p>&nbsp;<\/p>\n<p><span lang=\"fr-FR\">b) Cros \u00e9crit\u00a0: <\/span><span lang=\"fr-FR\"><i>\u201cSelon De Witte, la Belgique ne voulait pas intervenir militairement pour ne pas risquer de mettre en danger les quelque 60.000 Belges qui vivaient alors au Congo\u201d.<\/i><\/span><span lang=\"fr-FR\"> Je n\u2019ai pas \u00e9crit \u00e7a. Des motifs humanitaires ? En v\u00e9rit\u00e9, la Belgique, apr\u00e8s une h\u00e9sitation initiale, a fonc\u00e9 et tout mis\u00e9 sur l\u2019\u00e9crasement des r\u00e9bellions. Sans aucune consid\u00e9ration pour la vie des Noirs et des Blancs vivant dans les zones rebelles. Des Blancs qui \u00e9taient susceptibles de devenir la cible de repr\u00e9sailles \u00e9ventuelles de la part des rebelles. Le but de Bruxelles \u00e9tait de continuer l\u2019exploitation de l\u2019appareil productif sous un gouvernement pro-occidental qui garantirait des superprofits, comme \u00e0 l\u2019\u00e9poque coloniale. Dans un t\u00e9lex \u00e0 Londres, l\u2019ambassadeur britannique au Congo faisait remarquer que son coll\u00e8gue, l\u2019ambassadeur belge, avait admis <\/span><span lang=\"fr-FR\"><i>\u00ab franchement que le seul souci de son gouvernement est de pouvoir faire des affaires \u00bb<\/i><\/span><span lang=\"fr-FR\">. (16 juin 1964)<\/span><\/p>\n<p>&nbsp;<\/p>\n<p><span lang=\"fr-FR\">c) Cros \u00e9crit : <\/span><span lang=\"fr-FR\"><i>\u201c\u00a0Il fut fait appel \u00e0 des mercenaires pour \u00e9touffer [les r\u00e9bellions] et \u00e0 quelques officiers belges.\u201d<\/i><\/span><span lang=\"fr-FR\"> Elle sugg\u00e8re que c\u2019est Mobutu qui avait fait appel aux mercenaires. En r\u00e9alit\u00e9, c\u2019\u00e9taient surtout les Belges (gendarmerie et S\u00fbret\u00e9 d\u2019Etat comprises) et les Sud-Africains qui s\u2019en occupaient\u2026 Cros parle de la participation de <\/span><span lang=\"fr-FR\"><i>\u201cquelques officiers belges\u201d.<\/i><\/span><span lang=\"fr-FR\"> En v\u00e9rit\u00e9, on d\u00e9ploya plus au moins 200 officiers belges\u00a0: 65 au front et 130 \u00e0 l\u2019\u00e9tat-major et des \u00e9quipes pour soutenir la force a\u00e9rienne.<\/span><\/p>\n<p>&nbsp;<\/p>\n<p><span lang=\"fr-FR\">d) Pour conclure, Cros \u00e9crit\u00a0:\u00a0<\/span><span lang=\"fr-FR\"><i>\u201cToute personne un peu au fait de l\u2019histoire congolaise n\u2019apprendra rien dans cet ouvrage sur celui<\/i><\/span><span lang=\"fr-FR\"> [Mobutu et son coup d\u2018Etat du 24 novembre 1965] <\/span><span lang=\"fr-FR\"><i>qui dirigea le pays durant 31 ans<\/i><\/span><span lang=\"fr-FR\">.\u201d<\/span><\/p>\n<p>&nbsp;<\/p>\n<p><a name=\"_GoBack\"><\/a> <span lang=\"fr-FR\">Une conclusion vraiment bizarre. <a href=\"https:\/\/bruxelles-pantheres.be\/?p=3496\">Mon livre <\/a>apporte de nombreux documents, fruits de longues recherches dans les archives US, belges, britanniques et congolaises. Compl\u00e9t\u00e9s par des interviews avec des officiers, des rebelles, des colons, des mercenaires, des agents de la CIA et des religieuses. <\/span><\/p>\n<p><span lang=\"fr-FR\">Pour montrer comment Mobutu, alors chef d\u2019une arm\u00e9e congolaise en d\u00e9sint\u00e9gration face \u00e0 l\u2019avance des rebelles, a \u00e9t\u00e9 marginalis\u00e9e en 1964 \u2013 65; comment les officiers belges et les mercenaires ont d\u00e9truit la menace mortelle pour le r\u00e9gime, rafistolant son arm\u00e9e pendant que les officiers de Mobutu mordaient <\/span><span lang=\"fr-FR\"><i>\u201csur leur chique et acceptaient d\u2019ob\u00e9ir\u201d,<\/i><\/span><span lang=\"fr-FR\"> selon les termes de l\u2019ambassadeur belge sur place; comment finalement les USA et les Belges, y compris le ministre des Affaires \u00e9trang\u00e8res belge Paul-Henri Spaak et son adjoint Etienne Davignon ont pouss\u00e9 un Mobutu remis en selle \u00e0 instaurer sa dictature, une fois les r\u00e9bellions d\u00e9truites; et finalement, comment ils ont encadr\u00e9 le dictateur.<\/span><\/p>\n<p>&nbsp;<\/p>\n<p><span lang=\"fr-FR\">Ludo De Witte,\u00a0 19\/2\/2018<\/span><\/p>\n<p>Source : Investig\u2019Action<\/p>\n","protected":false},"excerpt":{"rendered":"<p>Le nouveau livre de Ludo De Witte d\u00e9voile une v\u00e9rit\u00e9 longtemps occult\u00e9e sur les crimes de la Belgique et des Etats-Unis qui ont permis, apr\u00e8s l\u2019assassinat atroce de Patrice Lumumba (premier ministre \u00e9lu), d\u2019installer la dictature personnelle de Joseph Mobutu. Tabou\u00a0? Apparemment, cinquante ans plus tard, certains milieux belges ne dig\u00e8rent toujours pas la critique &#8230; <a title=\"\u201cL\u2019ascension de Mobutu\u201d : un livre toujours pas dig\u00e9r\u00e9 par certains milieux nostalgiques ?\" class=\"read-more\" href=\"https:\/\/bruxelles-pantheres.be\/?p=3591\" aria-label=\"En savoir plus sur \u201cL\u2019ascension de Mobutu\u201d : un livre toujours pas dig\u00e9r\u00e9 par certains milieux nostalgiques ?\">Lire la suite<\/a><\/p>\n","protected":false},"author":1,"featured_media":3498,"comment_status":"open","ping_status":"open","sticky":false,"template":"","format":"standard","meta":{"footnotes":""},"categories":[1,21,36,7,18,28],"tags":[145,45],"class_list":["post-3591","post","type-post","status-publish","format-standard","has-post-thumbnail","hentry","category-non-classe","category-anti-imperialisme","category-europe","category-negrophobie","category-resistance-bruxelles","category-racismes","tag-ludo-de-witte","tag-lumumba"],"_links":{"self":[{"href":"https:\/\/bruxelles-pantheres.be\/index.php?rest_route=\/wp\/v2\/posts\/3591","targetHints":{"allow":["GET"]}}],"collection":[{"href":"https:\/\/bruxelles-pantheres.be\/index.php?rest_route=\/wp\/v2\/posts"}],"about":[{"href":"https:\/\/bruxelles-pantheres.be\/index.php?rest_route=\/wp\/v2\/types\/post"}],"author":[{"embeddable":true,"href":"https:\/\/bruxelles-pantheres.be\/index.php?rest_route=\/wp\/v2\/users\/1"}],"replies":[{"embeddable":true,"href":"https:\/\/bruxelles-pantheres.be\/index.php?rest_route=%2Fwp%2Fv2%2Fcomments&post=3591"}],"version-history":[{"count":1,"href":"https:\/\/bruxelles-pantheres.be\/index.php?rest_route=\/wp\/v2\/posts\/3591\/revisions"}],"predecessor-version":[{"id":3592,"href":"https:\/\/bruxelles-pantheres.be\/index.php?rest_route=\/wp\/v2\/posts\/3591\/revisions\/3592"}],"wp:featuredmedia":[{"embeddable":true,"href":"https:\/\/bruxelles-pantheres.be\/index.php?rest_route=\/wp\/v2\/media\/3498"}],"wp:attachment":[{"href":"https:\/\/bruxelles-pantheres.be\/index.php?rest_route=%2Fwp%2Fv2%2Fmedia&parent=3591"}],"wp:term":[{"taxonomy":"category","embeddable":true,"href":"https:\/\/bruxelles-pantheres.be\/index.php?rest_route=%2Fwp%2Fv2%2Fcategories&post=3591"},{"taxonomy":"post_tag","embeddable":true,"href":"https:\/\/bruxelles-pantheres.be\/index.php?rest_route=%2Fwp%2Fv2%2Ftags&post=3591"}],"curies":[{"name":"wp","href":"https:\/\/api.w.org\/{rel}","templated":true}]}}