{"id":36,"date":"2009-03-18T01:26:04","date_gmt":"2009-03-18T00:26:04","guid":{"rendered":"https:\/\/bruxelles-pantheres.be\/?p=36"},"modified":"2013-11-09T22:49:48","modified_gmt":"2013-11-09T21:49:48","slug":"decryptage-de-nieuws-diffuse-sur-tvbrussel-le-13-aout-2007","status":"publish","type":"post","link":"https:\/\/bruxelles-pantheres.be\/?p=36","title":{"rendered":"D\u00e9cryptage de Nieuws diffus\u00e9 sur tvbrussel le 13 ao\u00fbt 2007"},"content":{"rendered":"<p><small>\u00a017 mars 2009 09:38 <\/small><\/p>\n<h3><strong>Canevas de l\u2019\u00e9mission d\u2019information <\/strong><\/h3>\n<p><strong><\/strong><em><strong>Pr\u00e9sentateur<\/strong><\/em> : Filip De Rycke, journaliste \u00e0 Tvbrussel.<br \/>\n<strong><em>Invit\u00e9 <\/em><\/strong>: Arthur Van Amerongen, qui se dit \u00ab journaliste \u00bb et sera pr\u00e9sent\u00e9 comme tel.<br \/>\n<strong><em>1 sujet r\u00e9alis\u00e9 par la journaliste Anouk Vanherf<\/em><\/strong> : interview de Malika Abbad, adjointe du chef de cabinet du ministre flamand Bert Anciaux, en charge de Bruxelles et des affaires interculturelles. Elle s\u2019oppose aux \u00ab conneries \u00bb de Van Amerongen qui ont \u00abpour seul but d\u2019attiser la peur des Marocains \u00bb.<!--more--><\/p>\n<p><strong>Pr\u00e9sentation aux t\u00e9l\u00e9spectateurs<\/strong><\/p>\n<p>Filip De Rycke, journaliste de Tvbrussel : \u00ab <em>Bruxelles Eurabia<\/em> \u00bb sort d\u2019ici quelques semaines dans les librairies. Ce livre parle de la communaut\u00e9 musulmane de Bruxelles et promet d\u2019\u00eatre\u00ab stup\u00e9fiant \u00bb et \u00ab hallucinant \u00bb, s\u2019il faut en croire nos coll\u00e8gues du magazine<em> Knack<\/em>. Pour \u00e9crire ce livre, Arthur Van Amerongen a infiltr\u00e9 la communaut\u00e9 musulmane de Bruxelles \u00bb.<\/p>\n<p><strong><em>Remarque<\/em><\/strong> : l\u2019utilisation du terme \u00ab infiltr\u00e9 \u00bb sugg\u00e8re que l\u2019invit\u00e9 va \u00e9voquer une sorte d\u2019organisation secr\u00e8te de type maffieux ou terroriste qui se livre \u00e0 des d\u00e9lits ou des crimes. Celle-ci doit se cacher des autorit\u00e9s puisqu\u2019il a d\u00fb \u00ab l\u2019infiltrer \u00bb \u2026 Or, en quoi la\u00ab communaut\u00e9 musulmane \u00bb correspond-elle \u00e0 cette suggestion ? On infiltre Al Qaeda, la mafia, une secte ou un groupuscule extr\u00e9miste pas un ensemble h\u00e9t\u00e9roclite de personnes dont le point commun est de pratiquer l\u2019Islam et\/ou de partager les pr\u00e9ceptes d\u2019une culture musulmane. D\u00e8s le d\u00e9part, le t\u00e9l\u00e9spectateur est plong\u00e9 dans une imagerie raciste qui vise \u00e0 amalgamer musulmans et terroristes.<\/p>\n<p><strong>Affirmations racistes de Van Amerongen<\/strong><\/p>\n<p><strong>1.<\/strong> \u00ab J\u2019ai infiltr\u00e9 pendant un an la communaut\u00e9 musulmane de Molenbeeket des Marolles, et ces gens \u2026 n\u2019ont rien avoir avec la Belgique, ils ha\u00efssent les Belges. \u00bb<\/p>\n<p><strong><em>Remarque<\/em><\/strong> : Nouvelle utilisation du terme \u00ab infiltrer \u00bb pour mieux appuyer la conclusion :\u00ab Ils ha\u00efssent les Belges \u00bb. Par ce \u00ab Ils \u00bb, doit-on entendre des \u00ab terroristes musulmans \u00bb qui\u00ab n\u2019ont rien \u00e0 avoir avec la Belgique \u00bb ? Ce nouvel amalgame raciste et l\u2019accusation de haine sont d\u2019autant plus absurdes qu\u2019une grande partie de la dite \u00ab communaut\u00e9 musulmane \u00bb est belge, n\u00e9e en Belgique, scolaris\u00e9e en Belgique et travaille en Belgique.<\/p>\n<p>\u2022 Journaliste : \u00ab Parler-vous de toute la communaut\u00e9 marocaine, de toute la communaut\u00e9 musulmane de Bruxelles ? \u00bb<\/p>\n<p><strong><em>Remarque<\/em><\/strong> : Dans un acc\u00e8s de spontan\u00e9it\u00e9, le journaliste commet \u00e0 son tour un amalgame :musulman = marocain. Ce qui est faux. Mais cet aveu spontan\u00e9 d\u00e9voile QUI est cens\u00e9 se cacher derri\u00e8re ce terme de \u00ab communaut\u00e9 musulmane \u00bb. Sachant qu\u2019il existe \u2013 en Belgique comme dans le monde ! \u2013 des musulmans \u00e0 la peau blanche, aux yeux brid\u00e9s ou \u00e0 la peau noire, De Rycke stigmatise bien \u00ab les Marocains \u00bb et par extension : \u00ab les Arabes \u00bb. Le fait qu\u2019il se reprenne directement en parlant \u00e0 nouveau de \u00ab toute la communaut\u00e9 musulmane \u00bb confirme la stigmatisation anti-arabe.<\/p>\n<p><strong>2.<\/strong> \u00ab Non, non, des Marocains avec leur barbichette, leur demi pantalons et les pieds nus dans leurs chaussures. Non, c\u2019est une communaut\u00e9 tr\u00e8s dangereuse, une bombe \u00e0 retardement \u00bb<\/p>\n<p><strong>Remarque<\/strong> : apr\u00e8s avoir tent\u00e9 de ridiculiser \u00ab des Marocains \u00bb, l\u2019auteur retourne \u00e0 son obsession. \u00ab Une communaut\u00e9 tr\u00e8s dangereuse \u00bb habill\u00e9e d\u2019une m\u00e9taphore parlante : la\u00ab bombe \u00e0 retardement \u00bb. Allusion qui accole \u2013 pour la troisi\u00e8me fois ! \u2013 la caract\u00e9ristique terroriste \u00e0 la dite \u00ab communaut\u00e9 \u00bb. Aucun argument, aucune justification, aucun raisonnement ne vient \u00e9tayer cette affirmation gratuite et raciste qui vise \u00e0 effrayer l\u2019auditoire.Et celle-ci doit se comprendre comme telle : \u00ab Les Arabes sont dangereux parce que terroristes \u00bb.<\/p>\n<p><strong>3.<\/strong> \u00ab Vous devriez vous concentrer sur les 25% de musulmans vivant \u00e0Bruxelles. Le danger, il est l\u00e0 (\u2026) Les Marocains sont bien plus dangereux que les Wallons \u00bb.<\/p>\n<p><strong>Remarque <\/strong>: L\u2019amalgame raciste concernant \u00ab Les Marocains \u00bb se double d\u2019un autre implicite : Les Wallons, dans leur ensemble, sont \u00ab dangereux \u00bb. Mais \u00ab beaucoup moins \u00bb que les Marocains \u2026<\/p>\n<p>\u2022 <em>Journaliste<\/em> : \u00ab Vous dites \u201825% de musulmans \u00e0 Bruxelles\u2019. Sont-ils tous dangereux ? Non, quand m\u00eame ? \u00bb.<\/p>\n<p>\u2022 <em>Van Amerongen<\/em> : \u00ab Non, mais si 1% d\u2019entre eux sont dangereux, vous \u00eates mal barr\u00e9\u2026 \u00bb<\/p>\n<p><strong>Remarque<\/strong> : Outre la falsification chiffr\u00e9e, l\u2019inou\u00efe trivialit\u00e9 de cette \u00ab r\u00e9ponse \u00bb rend tout groupe \u00ab dangereux \u00bb puisque dans chaque groupe humain peut se trouver une minorit\u00e9 d\u2019individualit\u00e9s dangereuses. A ce compte-l\u00e0, les Belges, les Bouddhistes, les cyclistes, les footballeurs, les roux, les gros, etc. sont tous dangereux puisque certains d\u2019entre eux peuvent l\u2019\u00eatre \u2026 Cette phrase d\u00e9montre, \u00e0 nouveau, le racisme de son auteur. Il sous-tend que la dangerosit\u00e9 suppos\u00e9e d\u2019une minorit\u00e9 va contaminer l\u2019ensemble de la dite \u00ab communaut\u00e9 musulmane \u00bb. Et il conclut : \u00ab Vous \u00eates mal barr\u00e9 \u00bb. Un \u00ab Vous \u00bb qui n\u2019a pas les cheveux cr\u00e9pus ou le teint basan\u00e9 mais qui ressemble au physique blanc du pr\u00e9sentateur\u2026<\/p>\n<p><strong>4.<\/strong> \u00ab Que faut-il penser des Marocains qui vivent ici ? Vous pensez qu\u2019ils sont loyaux envers le gouvernement belge ? Non. Ils nous ha\u00efssent. Les Marocains nous ha\u00efssent \u00bb.<\/p>\n<p><strong>Remarque<\/strong> : Ici, le discours est d\u00e9nud\u00e9 des pr\u00e9cautions oratoires de pure forme telles que\u00ab communaut\u00e9 \u00bb ou \u00ab musulmans \u00bb. Il s\u2019agit d\u2019un discours raciste assum\u00e9 et ass\u00e9n\u00e9 dans lequel \u00ab Les Marocains \u00bb, dans leur ensemble, sont \u00ab d\u00e9loyaux \u00bb envers les autorit\u00e9s et\u00ab ha\u00efssent \u00bb les Europ\u00e9ens. Ici encore, le \u00ab nous \u00bb concerne \u00e0 la fois le pr\u00e9sentateur et l\u2019invit\u00e9 ; un Belge et un Hollandais. Plus prosa\u00efquement, ce \u00ab nous \u00bb signifie \u00ab Blancs \u00bb ;\u00ab Les Marocains \u00bb signifiant \u00ab Les Arabes \u00bb.<\/p>\n<p><strong>5.<\/strong> A la question \u00ab Imaginons que cet attentat ait lieu (\u00e0 Bruxelles) ? Qui le commettra et surtout pourquoi ? \u00bb, Van Amerongen r\u00e9pond :\u00ab Des Marocains ! Regardez tous les attentats en Europe : Madrid, m\u00eame en Angleterre \u2026 80% sont des marocains \u00bb.\u00ab Mais que veulent-ils obtenir ainsi ? \u00bb, cautionne le journaliste De Rycke.\u00ab La haine \u00bb, r\u00e9pond Van Amerongen.\u00ab C\u2019est la haine de la Belgique, des Pays-Bas, de l\u2019Occident, de la culture chr\u00e9tienne, de tout ce que vous voulez. Ils ha\u00efssent ce que nous sommes. Les Marocains nous ha\u00efssent \u00bb.<\/p>\n<p><strong>Remarque<\/strong> : le racisme profond contenu en filigrane d\u00e8s le d\u00e9but de l\u2019entretien est ici totalement d\u00e9brid\u00e9. Cette sordide apologie de l\u2019exclusion et de la peur, qu\u2019on croyait pourtant interdite de t\u00e9l\u00e9vision, se trouve ici m\u00e9diatis\u00e9e comme une opinion certes raide mais finalement l\u00e9gitime. Ce cinqui\u00e8me extrait, qui n\u2019a, pour l\u2019instant, fait r\u00e9agir aucune association antiraciste et qui b\u00e9n\u00e9ficie toujours d\u2019une complaisance m\u00e9diatique, confirme qu\u2019aujourd\u2019hui le racisme anti-arabe explicite est de plus en plus tol\u00e9r\u00e9 ou \u2026 partag\u00e9.<\/p>\n<p><strong>6. <\/strong>\u00ab Bruxelles est emmerd\u00e9e par les Marocains, et cette femme dit : \u2019Non,ce sont quelques marocains qui emb\u00eatent tout le monde. Venez avec nous \u2026 \u2019. L\u2019hypocrisie des Marocains est terrible (\u2026) C\u2019est typiquement marocain de ne pas balayer devant sa porte et toujours se d\u00e9fendre. Ok, 10% des Marocains de Bruxelles sont des junkies, 10% sont des extr\u00e9mistes, et elle dit : \u2019Non, venez avec moi et vous verrez un gentil marocain qui a un petit magasin, vous verrez comme ils sont gentils\u2019. Non, il ne s\u2019agit pas de \u00e7a, de ces 80% l\u00e0. Il s\u2019agit des 20% qui foutent la merde ici \u00e0 Bruxelles \u00bb.<\/p>\n<p><strong>Remarque<\/strong> : Oscillant entre la g\u00e9n\u00e9ralisation raciste et les statistiques sorties de nulle part, M.Van Amerongen \u00e9voque les \u00ab gentils marocains \u00bb. Le raciste fr\u00e9quentable les qualifie spontan\u00e9ment de \u00ab \u00e7a \u00bb \u2026 avant de se reprendre et d\u2019ajouter : \u00ab Ces 80% l\u00e0 \u00bb. Un lapsus qui balaye l\u2019\u00e9cran de fum\u00e9e aux apparences respectables que visait un verbiage pseudo-journalistique.<\/p>\n<p><strong>Relances inappropri\u00e9es ou cautions racistes de Filip De Rycke<\/strong><\/p>\n<p>\u2022 Apr\u00e8s avoir entendu que la \u00ab communaut\u00e9 musulmane \u00bb est une \u00ab bombe \u00e0 retardement \u00bb, Filip De Rycke ne trouve rien d\u2019autre \u00e0 opposer que : \u00ab N\u2019est-ce pas un peu entretenir la culture de la peur ? \u00bb. L\u2019absence de d\u00e9sapprobation claire face \u00e0 cette affirmation raciste est inadmissible de la part d\u2019un journaliste digne de ce nom.<\/p>\n<p>\u2022 Apr\u00e8s avoir entendu \u00ab Si 1% d\u2019entre eux sont dangereux, vous \u00eates mal barr\u00e9 \u00bb, De Rycke ne trouve rien de mieux \u00e0 dire que : \u00ab Mais pouvez-vous dire dans quel d\u00e9lai \u00e7a va arriver cette \u2026 \u00bb. Van Amerongen sugg\u00e8re : \u00ab Cette bombe ? \u00bb. Et le journaliste d\u2019encha\u00eener : \u00ab Oui, cette \u2018bombe \u00e0 retardement\u2019 \u00bb. Au lieu de s\u2019opposer radicalement\u00e0 son invit\u00e9, le journaliste cautionne l\u2019affirmation raciste selon laquelle la dite\u00ab communaut\u00e9 musulmane \u00bb est une \u00ab bombe \u00bb. Et s\u2019inqui\u00e8te, \u00ab s\u00e9rieusement \u00bb, de savoir quand celle-ci va exploser\u2026 Si besoin \u00e9tait, la r\u00e9ponse de Van Amerongen confirme l\u2019inanit\u00e9 de son \u00ab livre \u00bb : \u00ab Je n\u2019en sais rien, mais \u00e7a arrivera \u00bb\u2026 Sid\u00e9rant d\u2019incomp\u00e9tence, d\u2019ignorance, de b\u00eatise et de racisme ordinaire. Au regard de l\u2019Histoire, comment ces inepties x\u00e9nophobes peuvent-elle encore \u00eatre diffus\u00e9es parune cha\u00eene publique r\u00e9gionale ?<br \/>\n\u2022 En posant la question \u00ab Revenons \u00e0 cette communaut\u00e9 musulmane que vous avez pu infiltrer. Est-ce que cela a \u00e9t\u00e9 facile ? \u00bb, Filip De Rycke cautionne l\u2019imagerie selon laquelle la \u00ab communaut\u00e9 musulmane \u00bb de Bruxelles \u00e9quivaudrait \u00e0 une soci\u00e9t\u00e9 secr\u00e8te criminelle ou \u00e0 une organisation terroriste clandestine. Il n\u2019est possible de la d\u00e9couvrirqu\u2019en l\u2019infiltrant. Par cette question, anodine en apparence, le journaliste m\u00e9diatise l\u2019\u00e9quation raciste : musulman = terroriste. Il le fera \u00e0 trois reprises durant l\u2019\u00e9mission.Si besoin \u00e9tait, la r\u00e9ponse de Van Amerongen montre l\u2019absurdit\u00e9 de ses investigations dignes d\u2019une propagande raciste d\u2019un autre temps: \u00ab Non, tr\u00e8s difficile. Je n\u2019ai pas bu pendant huit mois. Or j\u2019appr\u00e9cie une petite bi\u00e8re de temps en temps \u00bb \u2026<\/p>\n<p>\u00ab Vous avez dit : \u2018Plus je rassemblais des informations, moins je parvenais \u00e0 comprendre les Marocains\u2019 (\u2026) Si c\u2019est votre sentiment, malgr\u00e9 tous vos voyages -vous avez \u00e9t\u00e9 correspondant de guerre -, malgr\u00e9 vos \u00e9tudes, votre m\u00e9tier, ce sentiment doit \u00eatre partag\u00e9 par le citoyen bruxellois lambda. Cela explique-t-il en partie pourquoi la vie en commun des deux communaut\u00e9s est si difficile ? Ou pourquoi elles ne se reconnaissent pas ? \u00bb. Avec cette ultime interrogation, le journaliste veut-il sauver ce qu\u2019il reste des meubles que l\u2019invit\u00e9 a br\u00fbl\u00e9 en direct ? Trop tard et maladroit ! Ses \u00e9tudes, ses voyages ou son pass\u00e9 n\u2019ont pas emp\u00each\u00e9 Van Amerongende pr\u00e9senter ses pulsions racistes comme des \u00ab informations \u00bb. En revanche, ces \u00ab crit\u00e8res \u00bb conjugu\u00e9s \u00e0 la bienveillante mise en sc\u00e8ne d\u2019une critique formelle et de fa\u00e7ade ont emp\u00each\u00e9 Filip De Rycke de faire son m\u00e9tier en tenant la contradiction haute face \u00e0 son interlocuteur.<\/p>\n<p><strong>Conclusion<\/strong><\/p>\n<p><em>tvbrussel<\/em> a permis \u00e0 un personnage controvers\u00e9 de d\u00e9ployer ses \u00e9lucubrations racistes en associant 3 fois le mot \u00ab dangereux \u00bb \u00e0 \u00ab communaut\u00e9 musulmane \u00bb et 7 fois le verbe \u00ab ha\u00efr \u00bb \u00e0 \u00ab Marocains \u00bb. Le tout en 11minutes. Quasi chaque minute, la loi contre le racisme et la x\u00e9nophobie a \u00e9t\u00e9 viol\u00e9e. Dans l\u2019indiff\u00e9rence g\u00e9n\u00e9rale. <em>tvbrussel <\/em>s\u2019est-elle excus\u00e9e ? D\u00e9sire-t-elle programmer une \u00e9mission plus intelligente et plus \u00e9quilibr\u00e9e ? Non, r\u00e9pond le r\u00e9dacteur en chef de <em>tvbrussel<\/em>, Jan De Troyer, qui estime qu\u2019il faut \u00ab avoir la possibilit\u00e9 d\u2019\u00e9couter toutes les opinions \u00bb \u2026<\/p>\n<p><strong><a href=\"http:\/\/www.indymedia.be\/files\/tvbrusselpdf.pdf\">Olivier Mukuna<\/a><\/strong><\/p>\n<p><a href=\"http:\/\/www.egalite.be\/wp-content\/uploads\/2009\/03\/arton1637.jpg\"><img decoding=\"async\" title=\"arton1637\" alt=\"\" src=\"http:\/\/www.egalite.be\/wp-content\/uploads\/2009\/03\/arton1637-195x300.jpg\" width=\"195\" height=\"300\" \/><\/a><\/p>\n<p>Video : <a href=\"http:\/\/www.youtube.com\/watch?v=7mHsCUkDsto&amp;feature=player_embedded\">Immigration en Belgique : Arthur van Amerongen<\/a><\/p>\n<p><iframe src=\"\/\/www.youtube.com\/embed\/7mHsCUkDsto\" height=\"315\" width=\"420\" allowfullscreen=\"\" frameborder=\"0\"><\/iframe><\/p>\n","protected":false},"excerpt":{"rendered":"<p>\u00a017 mars 2009 09:38 Canevas de l\u2019\u00e9mission d\u2019information Pr\u00e9sentateur : Filip De Rycke, journaliste \u00e0 Tvbrussel. Invit\u00e9 : Arthur Van Amerongen, qui se dit \u00ab journaliste \u00bb et sera pr\u00e9sent\u00e9 comme tel. 1 sujet r\u00e9alis\u00e9 par la journaliste Anouk Vanherf : interview de Malika Abbad, adjointe du chef de cabinet du ministre flamand Bert Anciaux, &#8230; <a title=\"D\u00e9cryptage de Nieuws diffus\u00e9 sur tvbrussel le 13 ao\u00fbt 2007\" class=\"read-more\" href=\"https:\/\/bruxelles-pantheres.be\/?p=36\" aria-label=\"En savoir plus sur D\u00e9cryptage de Nieuws diffus\u00e9 sur tvbrussel le 13 ao\u00fbt 2007\">Lire la suite<\/a><\/p>\n","protected":false},"author":1,"featured_media":37,"comment_status":"open","ping_status":"open","sticky":false,"template":"","format":"standard","meta":{"footnotes":""},"categories":[4,17],"tags":[],"class_list":["post-36","post","type-post","status-publish","format-standard","has-post-thumbnail","hentry","category-islamophobie","category-video"],"_links":{"self":[{"href":"https:\/\/bruxelles-pantheres.be\/index.php?rest_route=\/wp\/v2\/posts\/36","targetHints":{"allow":["GET"]}}],"collection":[{"href":"https:\/\/bruxelles-pantheres.be\/index.php?rest_route=\/wp\/v2\/posts"}],"about":[{"href":"https:\/\/bruxelles-pantheres.be\/index.php?rest_route=\/wp\/v2\/types\/post"}],"author":[{"embeddable":true,"href":"https:\/\/bruxelles-pantheres.be\/index.php?rest_route=\/wp\/v2\/users\/1"}],"replies":[{"embeddable":true,"href":"https:\/\/bruxelles-pantheres.be\/index.php?rest_route=%2Fwp%2Fv2%2Fcomments&post=36"}],"version-history":[{"count":2,"href":"https:\/\/bruxelles-pantheres.be\/index.php?rest_route=\/wp\/v2\/posts\/36\/revisions"}],"predecessor-version":[{"id":154,"href":"https:\/\/bruxelles-pantheres.be\/index.php?rest_route=\/wp\/v2\/posts\/36\/revisions\/154"}],"wp:featuredmedia":[{"embeddable":true,"href":"https:\/\/bruxelles-pantheres.be\/index.php?rest_route=\/wp\/v2\/media\/37"}],"wp:attachment":[{"href":"https:\/\/bruxelles-pantheres.be\/index.php?rest_route=%2Fwp%2Fv2%2Fmedia&parent=36"}],"wp:term":[{"taxonomy":"category","embeddable":true,"href":"https:\/\/bruxelles-pantheres.be\/index.php?rest_route=%2Fwp%2Fv2%2Fcategories&post=36"},{"taxonomy":"post_tag","embeddable":true,"href":"https:\/\/bruxelles-pantheres.be\/index.php?rest_route=%2Fwp%2Fv2%2Ftags&post=36"}],"curies":[{"name":"wp","href":"https:\/\/api.w.org\/{rel}","templated":true}]}}