{"id":3600,"date":"2018-03-20T22:43:34","date_gmt":"2018-03-20T21:43:34","guid":{"rendered":"https:\/\/bruxelles-pantheres.be\/?p=3600"},"modified":"2018-03-20T22:44:17","modified_gmt":"2018-03-20T21:44:17","slug":"communique-de-presse-du-mrax-pour-un-antiracisme-politique","status":"publish","type":"post","link":"https:\/\/bruxelles-pantheres.be\/?p=3600","title":{"rendered":"Communiqu\u00e9 de presse du MRAX : Pour un antiracisme politique"},"content":{"rendered":"<p>\u00a0\u00bb Racisme structurel, parall\u00e8le avec le traitement colonial des populations indig\u00e8nes, hi\u00e9rarchisation, races sociales, racialisme et appel \u00e0 un antiracisme politique!!!<\/p>\n<div class=\"text_exposed_show\">\n<p>Me croyant sur le site de Bruxelles Panth\u00e8res, du PIR ou d&rsquo;un autre membre du r\u00e9seaux d\u00e9colonial, je me suis frott\u00e9 les yeux, j&rsquo;ai v\u00e9rifi\u00e9 plusieurs fois et je me suis m\u00eame pinc\u00e9.<\/p>\n<p>Mais ceci est bien un communiqu\u00e9 du MRAX. Le plus clairvoyant et le plus courageux que j&rsquo;ai jamais eu l&rsquo;occasion de lire de leur part. Bravo. Bienvenu.e.s au club. Et bon courage pour la temp\u00eate de merde que vous allez vous prendre.<\/p>\n<p>Puisque tout arrive, r\u00eavons un peu et esp\u00e9rons, un jour, le m\u00eame type de courage de la part du CCIB.\u00a0\u00bb<\/p>\n<p><a class=\"profileLink\" href=\"https:\/\/www.facebook.com\/reghif?fref=mentions\" data-hovercard=\"\/ajax\/hovercard\/user.php?id=655009188&amp;extragetparams=%7B%22fref%22%3A%22mentions%22%7D\" data-hovercard-prefer-more-content-show=\"1\">Mouhad Reghif<\/a> Membre de Bruxelles Panth\u00e8res<\/p>\n<\/div>\n<p><!--more--><\/p>\n<header class=\"entry-header\">\n<h4 style=\"text-align: center;\"><a href=\"https:\/\/bruxelles-pantheres.be\/wp-content\/uploads\/2017\/09\/21751743_10155747336959539_624628899042105708_n.jpg\"><img decoding=\"async\" class=\"alignnone size-full wp-image-3364\" src=\"https:\/\/bruxelles-pantheres.be\/wp-content\/uploads\/2017\/09\/21751743_10155747336959539_624628899042105708_n.jpg\" alt=\"\" width=\"960\" height=\"768\" srcset=\"https:\/\/bruxelles-pantheres.be\/wp-content\/uploads\/2017\/09\/21751743_10155747336959539_624628899042105708_n.jpg 960w, https:\/\/bruxelles-pantheres.be\/wp-content\/uploads\/2017\/09\/21751743_10155747336959539_624628899042105708_n-300x240.jpg 300w, https:\/\/bruxelles-pantheres.be\/wp-content\/uploads\/2017\/09\/21751743_10155747336959539_624628899042105708_n-768x614.jpg 768w\" sizes=\"(max-width: 960px) 100vw, 960px\" \/><\/a><\/h4>\n<h4 class=\"entry-title\">Communiqu\u00e9 de presse du MRAX \u2013 21 mars 2018 : Pour un antiracisme politique<\/h4>\n<div class=\"entry-meta\"><span class=\"posted-on\">Publi\u00e9 le <a href=\"http:\/\/mrax.be\/wp\/communique-de-presse-du-mrax-21-mars-2018-pour-un-antiracisme-politique\/\" rel=\"bookmark\"><time class=\"entry-date published updated\" datetime=\"2018-03-20T14:13:42+00:00\">20 mars 2018<\/time><\/a><\/span><\/div>\n<\/header>\n<div class=\"entry-content\">\n<p>Le 21 mars 1960 la police blanche sud-africaine tirait \u00e0 vue sur une manifestation pacifique d\u2019opposant-e-s noir-e-s au syst\u00e8me de restriction des d\u00e9placements les visant, syst\u00e8me mis en place par le r\u00e9gime d\u2019apartheid.<\/p>\n<p>Au-del\u00e0 de la comm\u00e9moration de cette tuerie raciste, tuerie raciste comme il y en eut de tr\u00e8s nombreuse autant avant qu\u2019apr\u00e8s ce 21 mars 1960, nous saisissons l\u2019occasion pour revenir sur ce qui a l\u00e9gitim\u00e9 moralement des policiers d\u2019un r\u00e9gime d\u2019apartheid blanc \u00e0 ouvrir le feu sur une foule compos\u00e9e de manifestant-e-s noir-e-s pacifiques et tuer ainsi plusieurs dizaines de personnes sans aucune consid\u00e9ration pour la valeur des vies humaines auxquelles ils mettaient fin.<\/p>\n<p>\u00d4ter aussi ais\u00e9ment la vie d\u2019autrui, sur base ici de sa couleur de peau, est l\u2019aboutissement d\u2019un processus bien connu de racialisation. Celui-ci cr\u00e9e socialement des \u00ab races \u00bb, les hi\u00e9rarchise en leur octroyant des positions structurelles de subalternit\u00e9 au sein de la soci\u00e9t\u00e9 et d\u00e9termine les types de rapports sociaux structurels qui les frappent.<\/p>\n<p>Ainsi, concernant ces manifestant-e-s noir-e-s de Sharpeville, leur position de subalternes l\u00e9galement \u00e9tablie au sein du r\u00e9gime d\u2019apartheid ne leur permettait pas de revendiquer quelconque droit, car un-e noir-e qui revendique \u00e9tait un impens\u00e9 dans le processus de racialisation qui les frappait.<\/p>\n<p>Et c\u2019est en r\u00e9clamant plus de droits que ce que cette \u00ab place \u00bb ne leur octroyait que leurs vies ont \u00e9t\u00e9 prises sans aucun \u00e9gard quant \u00e0 leur dignit\u00e9, car la reconnaissance d\u2019une dignit\u00e9 pour un-e noir-e ou le respect de la vie d\u2019un-e noir-e \u00e9taient \u00e9galement des impens\u00e9s dans le processus de racialisation qui les frappait.<\/p>\n<p>Cette racialisation est un processus long qui pour se diffuser au sein d\u2019une soci\u00e9t\u00e9 doit s\u2019appuyer structurellement sur des leviers tels que des \u00e9lites politiques, gouvernementales, acad\u00e9miques, m\u00e9diatiques, intellectuelles\u2026 Pour qu\u2019un policier sud-africain puisse tirer sur des manifestant-e-s noir-es, il a d\u00fb \u00ab apprendre \u00bb, probablement depuis son enfance, qu\u2019un-e noir-e n\u2019avait pas le droit de revendiquer et que sa vie n\u2019avait aucune esp\u00e8ce de valeur qui puisse l\u2019emp\u00eacher d\u2019y mettre fin sans quelconque souci moral.<\/p>\n<p>Cette derni\u00e8re semaine en Belgique nous avons de nouveau \u00e9t\u00e9 spectateurs et spectatrices de diff\u00e9rentes provocations intellectuelles qui ont pour but de bousculer toujours davantage, avec un effet cliquet tr\u00e8s efficace, notre sens commun relatif \u00e0 nos valeurs de soci\u00e9t\u00e9 d\u00e9mocratique, de sens de la citoyennet\u00e9 et de respect de la dignit\u00e9 des personnes, de toutes les personnes.<\/p>\n<p>Quand un \u00e9chevin bruxellois rejoue la carte du \u00ab <i>probl\u00e8me de l\u2019immigration<\/i> \u00bb; quand le Pr\u00e9sident du premier parti de Belgique fait de l\u2019assignation identitaire, s\u2019inspire de r\u00e9gimes antiques o\u00f9 les libert\u00e9s individuelles \u00e9taient inexistantes, reproduit la th\u00e8se du Grand remplacement ch\u00e8re \u00e0 l\u2019extr\u00eame-droite et se comporte comme les administrations coloniales d\u2019antan qui \u00e9tablissaient des diff\u00e9rences de consid\u00e9ration et de traitement entre leurs administr\u00e9s, encourageant des antagonismes qui se r\u00e9v\u00e9l\u00e8rent persistants et d\u00e9l\u00e9t\u00e8res pour la soci\u00e9t\u00e9 et les individus qui la composent; quand une soci\u00e9t\u00e9 de transport\u00a0 public collabore avec les forces de police afin de \u00ab s\u00e9curiser \u00bb les transports en commun et ce faisant participe surtout consciemment \u00e0 l\u2019oppression visant les hommes, femmes et enfants ne poss\u00e9dant pas de titres de s\u00e9jour en Belgique\u2026 force est de constater que les leviers de diffusion des processus de racialisation \u00e0 l\u2019\u00e9gard des personnes assign\u00e9es ici comme migrantes, juives ou musulmanes fonctionnent toujours autant aujourd\u2019hui en 2018 en Belgique.<\/p>\n<p>La diffusion r\u00e9p\u00e9t\u00e9e et continue de ces discours racialistes a un effet de banalisation, ce qui facilite leur appropriation par les autres couches de la population qui les reproduisent, tr\u00e8s rarement avec la m\u00eame subtilit\u00e9 qu\u2019un historien ou qu\u2019un \u00e9chevin bien conscient des limites impos\u00e9es par le cadre l\u00e9gislatif antiraciste ou trop conscient de ce que permet une immunit\u00e9 parlementaire.<\/p>\n<p>A titre d\u2019exemple, nous avons re\u00e7u cette semaine une \u00e9ni\u00e8me lettre de menaces accompagn\u00e9e cette fois-ci d\u2019une balle. Cet acte, parmi d\u2019autres \u00e0 la r\u00e9currence croissante, est la cons\u00e9quence d\u2019un contexte de d\u00e9sinhibition raciste initi\u00e9 par cette propagande racialiste. Cette propagande fonctionne, une ambiance s\u2019installe.<\/p>\n<p>Pour mettre fin \u00e0 cette dynamique, il est urgent de se mobiliser autour d\u2019un projet de soci\u00e9t\u00e9 inclusif qui rende caduque et sans \u00e9cho toute propagande haineuse.<\/p>\n<p>C\u2019est pourquoi, en ce 21 mars, nous appelons l\u2019ensemble de la population \u00e0 r\u00e9investir son espace public, \u00e0 s\u2019engager dans la soci\u00e9t\u00e9 civile et \u00e0 se r\u00e9approprier l\u2019agenda politique. C\u2019est la seule voie possible pour pr\u00e9server notre soci\u00e9t\u00e9 du d\u00e9ficit d\u00e9mocratique qui prend place.<\/p>\n<p><strong>Nous invitons tout le monde \u00e0 nous rejoindre d\u00e9j\u00e0 ce samedi 24 mars \u00e0 14h \u00e0 la Gare du Nord \u00e0 Bruxelles \u00e0 la Manifestation nationale contre le racisme.<\/strong><\/p>\n<p><a href=\"http:\/\/mrax.be\/wp\/communique-de-presse-du-mrax-21-mars-2018-pour-un-antiracisme-politique\/\">Le MRAX<\/a><\/p>\n<\/div>\n","protected":false},"excerpt":{"rendered":"<p>\u00a0\u00bb Racisme structurel, parall\u00e8le avec le traitement colonial des populations indig\u00e8nes, hi\u00e9rarchisation, races sociales, racialisme et appel \u00e0 un antiracisme politique!!! Me croyant sur le site de Bruxelles Panth\u00e8res, du PIR ou d&rsquo;un autre membre du r\u00e9seaux d\u00e9colonial, je me suis frott\u00e9 les yeux, j&rsquo;ai v\u00e9rifi\u00e9 plusieurs fois et je me suis m\u00eame pinc\u00e9. Mais &#8230; <a title=\"Communiqu\u00e9 de presse du MRAX : Pour un antiracisme politique\" class=\"read-more\" href=\"https:\/\/bruxelles-pantheres.be\/?p=3600\" aria-label=\"En savoir plus sur Communiqu\u00e9 de presse du MRAX : Pour un antiracisme politique\">Lire la suite<\/a><\/p>\n","protected":false},"author":1,"featured_media":3486,"comment_status":"open","ping_status":"open","sticky":false,"template":"","format":"standard","meta":{"footnotes":""},"categories":[24,36,4,7,8,18,28,39,5],"tags":[317],"class_list":["post-3600","post","type-post","status-publish","format-standard","has-post-thumbnail","hentry","category-belgique-maroc","category-europe","category-islamophobie","category-negrophobie","category-prisons","category-resistance-bruxelles","category-racismes","category-sans-papier","category-violence-policiere","tag-mrax"],"_links":{"self":[{"href":"https:\/\/bruxelles-pantheres.be\/index.php?rest_route=\/wp\/v2\/posts\/3600","targetHints":{"allow":["GET"]}}],"collection":[{"href":"https:\/\/bruxelles-pantheres.be\/index.php?rest_route=\/wp\/v2\/posts"}],"about":[{"href":"https:\/\/bruxelles-pantheres.be\/index.php?rest_route=\/wp\/v2\/types\/post"}],"author":[{"embeddable":true,"href":"https:\/\/bruxelles-pantheres.be\/index.php?rest_route=\/wp\/v2\/users\/1"}],"replies":[{"embeddable":true,"href":"https:\/\/bruxelles-pantheres.be\/index.php?rest_route=%2Fwp%2Fv2%2Fcomments&post=3600"}],"version-history":[{"count":2,"href":"https:\/\/bruxelles-pantheres.be\/index.php?rest_route=\/wp\/v2\/posts\/3600\/revisions"}],"predecessor-version":[{"id":3602,"href":"https:\/\/bruxelles-pantheres.be\/index.php?rest_route=\/wp\/v2\/posts\/3600\/revisions\/3602"}],"wp:featuredmedia":[{"embeddable":true,"href":"https:\/\/bruxelles-pantheres.be\/index.php?rest_route=\/wp\/v2\/media\/3486"}],"wp:attachment":[{"href":"https:\/\/bruxelles-pantheres.be\/index.php?rest_route=%2Fwp%2Fv2%2Fmedia&parent=3600"}],"wp:term":[{"taxonomy":"category","embeddable":true,"href":"https:\/\/bruxelles-pantheres.be\/index.php?rest_route=%2Fwp%2Fv2%2Fcategories&post=3600"},{"taxonomy":"post_tag","embeddable":true,"href":"https:\/\/bruxelles-pantheres.be\/index.php?rest_route=%2Fwp%2Fv2%2Ftags&post=3600"}],"curies":[{"name":"wp","href":"https:\/\/api.w.org\/{rel}","templated":true}]}}