{"id":3603,"date":"2018-03-20T22:49:03","date_gmt":"2018-03-20T21:49:03","guid":{"rendered":"https:\/\/bruxelles-pantheres.be\/?p=3603"},"modified":"2018-03-20T22:53:29","modified_gmt":"2018-03-20T21:53:29","slug":"c-l-r-james-histoire-des-des-revoltes-panafricaines","status":"publish","type":"post","link":"https:\/\/bruxelles-pantheres.be\/?p=3603","title":{"rendered":"C. L. R. James Histoire des des r\u00e9voltes panafricaines"},"content":{"rendered":"<div id=\"content\" class=\"site-content\">\n<div id=\"primary\" class=\"content-area\">\n<article id=\"post-2482\" class=\"post-2482 post type-post status-publish format-standard has-post-thumbnail hentry category-catalogue\">\n<div class=\"single-texte-livre\">\n<header class=\"entry-header\">\n<h4 class=\"sous-titre\">\u00ab\u00a0Pr\u00e9fac\u00e9 par l&rsquo;excellent <a class=\"profileLink\" href=\"https:\/\/www.facebook.com\/selim.nadi?fref=mentions\" data-hovercard=\"\/ajax\/hovercard\/user.php?id=514867331&amp;extragetparams=%7B%22fref%22%3A%22mentions%22%7D\" data-hovercard-prefer-more-content-show=\"1\">Selim Nadi<\/a><br \/>\nPostface par l&rsquo;excellent Matthieu Renault<br \/>\nC&rsquo;est \u00e0 mettre entre toutes les bonnes mains.\u00a0\u00bb<\/h4>\n<\/header>\n<div class=\"content\">\n<p>Ce petit livre de C. L. R. James, dont la premi\u00e8re \u00e9dition est parue en 1938, la m\u00eame ann\u00e9e que <em>Les Jacobins noirs<\/em>, propose une histoire mondiale de la r\u00e9sistance des Noirs, de Saint-Domingue aux colonies africaines, en passant par les \u00c9tats-Unis et d\u2019autres \u00eeles des Antilles.<\/p>\n<\/div>\n<div class=\"postface\"><\/div>\n<\/div>\n<\/article>\n<\/div>\n<\/div>\n<p><!--more--><\/p>\n<div class=\"content\">\n<p>R\u00e9voltes d\u2019esclaves, \u00e9meutes, gr\u00e8ves, mouvements mill\u00e9naristes ou antiracistes\u00a0: rompant avec le clich\u00e9 de populations subissant passivement leur exploitation, James souligne la diversit\u00e9 des r\u00e9bellions, leur constance et leur place centrale dans le monde moderne. Ici comme ailleurs, ce sont les masses qui font l\u2019histoire, dans les conditions et avec les croyances qui sont les leurs\u00a0; les leaders, Toussaint comme Nkrumah, Garvey comme Nyerere, sont toujours port\u00e9s et produits par des processus collectifs.<\/p>\n<p>Dans l\u2019\u00e9pilogue, \u00e9crit en 1969, James traite des luttes des Noirs aux \u00c9tats-Unis, des conflits ouvriers dans les Cara\u00efbes et surtout de l\u2019Afrique post-coloniale, prolongeant et pr\u00e9cisant les analyses avanc\u00e9es trente ans plus t\u00f4t. Par son sujet comme par son traitement, ce livre n\u2019a pas pris une ride\u00a0\u2013 il pourrait m\u00eame \u00eatre en avance sur notre temps.<\/p>\n<\/div>\n<aside class=\"fiches-auteur\">\n<div class=\"fiche-auteur\">\n<div>\n<p><a class=\"auteur\" href=\"http:\/\/www.editionsamsterdam.fr\/cyril-lionel-robert-james\/\">Cyril Lionel Robert James<\/a>C. L. R. James est n\u00e9 en 1901 \u00e0 Trinidad et mort \u00e0 Londres en 1989. Pionnier de la cause noire et du panafricanisme, il fut aussi l\u2019un des principaux th\u00e9oriciens d\u2019un marxisme ouvert, d\u00e9mocratique et internationaliste. Parmi ses nombreux autres ouvrages, on peut citer <em>A History of Pan-African Revolt<\/em> (1938-1968). De son \u0153uvre foisonnante n\u2019ont \u00e9t\u00e9 traduits en fran\u00e7ais que <em>Les Jacobins noirs<\/em> et <em>Marins, ren\u00e9gats et autres parias : l\u2019histoire d\u2019Herman Melville et le monde dans lequel nous vivons<\/em> (\u00c9ditions Ypsilon).<\/p>\n<\/div>\n<\/div>\n<\/aside>\n<div class=\"traduction\">Traduction : V\u00e9ronique\u00a0Samson<\/div>\n<div class=\"credits_couverture\">Couverture \u00a9 Sylvain Lamy<\/div>\n<div class=\"preface\">Pr\u00e9face : Selim\u00a0Nadi<\/div>\n<div class=\"postface\">Postface : Matthieu\u00a0Renault<\/div>\n<div><\/div>\n<div>\n<div id=\"isbn\">ISBN 9782354801694<\/div>\n<div id=\"prix\">15 euros<\/div>\n<div id=\"pages\">160 pages<\/div>\n<div id=\"paru\">Paru le 16 mars 2018<\/div>\n<div id=\"acheter\"><a href=\"http:\/\/www.editionsamsterdam.fr\/histoire-des-des-revoltes-panafricaines\/\" target=\"_blank\" rel=\"noopener\">Acheter<\/a><\/div>\n<div style=\"text-align: center;\"><a href=\"https:\/\/bruxelles-pantheres.be\/wp-content\/uploads\/2018\/03\/Amsterdam-Couv-Revoltes-panafricaines-394x570.jpg\"><img decoding=\"async\" class=\"alignnone size-full wp-image-3604\" src=\"https:\/\/bruxelles-pantheres.be\/wp-content\/uploads\/2018\/03\/Amsterdam-Couv-Revoltes-panafricaines-394x570.jpg\" alt=\"\" width=\"394\" height=\"570\" srcset=\"https:\/\/bruxelles-pantheres.be\/wp-content\/uploads\/2018\/03\/Amsterdam-Couv-Revoltes-panafricaines-394x570.jpg 394w, https:\/\/bruxelles-pantheres.be\/wp-content\/uploads\/2018\/03\/Amsterdam-Couv-Revoltes-panafricaines-394x570-207x300.jpg 207w\" sizes=\"(max-width: 394px) 100vw, 394px\" \/><\/a><\/div>\n<\/div>\n","protected":false},"excerpt":{"rendered":"<p>\u00ab\u00a0Pr\u00e9fac\u00e9 par l&rsquo;excellent Selim Nadi Postface par l&rsquo;excellent Matthieu Renault C&rsquo;est \u00e0 mettre entre toutes les bonnes mains.\u00a0\u00bb Ce petit livre de C. L. R. James, dont la premi\u00e8re \u00e9dition est parue en 1938, la m\u00eame ann\u00e9e que Les Jacobins noirs, propose une histoire mondiale de la r\u00e9sistance des Noirs, de Saint-Domingue aux colonies africaines, &#8230; <a title=\"C. L. R. James Histoire des des r\u00e9voltes panafricaines\" class=\"read-more\" href=\"https:\/\/bruxelles-pantheres.be\/?p=3603\" aria-label=\"En savoir plus sur C. L. R. James Histoire des des r\u00e9voltes panafricaines\">Lire la suite<\/a><\/p>\n","protected":false},"author":1,"featured_media":3604,"comment_status":"open","ping_status":"open","sticky":false,"template":"","format":"standard","meta":{"footnotes":""},"categories":[1],"tags":[91,100,92,150],"class_list":["post-3603","post","type-post","status-publish","format-standard","has-post-thumbnail","hentry","category-non-classe","tag-c-l-r-james","tag-matthieu-renault","tag-panafricanisme","tag-selim-nadi"],"_links":{"self":[{"href":"https:\/\/bruxelles-pantheres.be\/index.php?rest_route=\/wp\/v2\/posts\/3603","targetHints":{"allow":["GET"]}}],"collection":[{"href":"https:\/\/bruxelles-pantheres.be\/index.php?rest_route=\/wp\/v2\/posts"}],"about":[{"href":"https:\/\/bruxelles-pantheres.be\/index.php?rest_route=\/wp\/v2\/types\/post"}],"author":[{"embeddable":true,"href":"https:\/\/bruxelles-pantheres.be\/index.php?rest_route=\/wp\/v2\/users\/1"}],"replies":[{"embeddable":true,"href":"https:\/\/bruxelles-pantheres.be\/index.php?rest_route=%2Fwp%2Fv2%2Fcomments&post=3603"}],"version-history":[{"count":6,"href":"https:\/\/bruxelles-pantheres.be\/index.php?rest_route=\/wp\/v2\/posts\/3603\/revisions"}],"predecessor-version":[{"id":3610,"href":"https:\/\/bruxelles-pantheres.be\/index.php?rest_route=\/wp\/v2\/posts\/3603\/revisions\/3610"}],"wp:featuredmedia":[{"embeddable":true,"href":"https:\/\/bruxelles-pantheres.be\/index.php?rest_route=\/wp\/v2\/media\/3604"}],"wp:attachment":[{"href":"https:\/\/bruxelles-pantheres.be\/index.php?rest_route=%2Fwp%2Fv2%2Fmedia&parent=3603"}],"wp:term":[{"taxonomy":"category","embeddable":true,"href":"https:\/\/bruxelles-pantheres.be\/index.php?rest_route=%2Fwp%2Fv2%2Fcategories&post=3603"},{"taxonomy":"post_tag","embeddable":true,"href":"https:\/\/bruxelles-pantheres.be\/index.php?rest_route=%2Fwp%2Fv2%2Ftags&post=3603"}],"curies":[{"name":"wp","href":"https:\/\/api.w.org\/{rel}","templated":true}]}}