{"id":3611,"date":"2018-03-23T07:04:34","date_gmt":"2018-03-23T06:04:34","guid":{"rendered":"https:\/\/bruxelles-pantheres.be\/?p=3611"},"modified":"2018-03-20T23:27:48","modified_gmt":"2018-03-20T22:27:48","slug":"ni-juge-ni-soumise-du-voyeurisme-qui-laisse-un-gout-amer","status":"publish","type":"post","link":"https:\/\/bruxelles-pantheres.be\/?p=3611","title":{"rendered":"\u00ab\u00a0Ni juge, ni soumise\u00a0\u00bb : du voyeurisme qui laisse un go\u00fbt amer"},"content":{"rendered":"<p><em>par Luk Vervaet, ancien enseignant dans les prisons<\/em><\/p>\n<p>Comment faire un film de non-fiction sur la justice, un documentaire, qui sera projet\u00e9 dans les grandes salles de cin\u00e9ma et rapportera du fric\u00a0? Rares sont ceux qui y sont parvenus. Le r\u00e9alisateur et le cameraman (\u00ab\u00a0l\u00e9gendaires\u00a0\u00bb et \u00ab\u00a0historiques\u00a0\u00bb selon la RTBF) de <em>Strip Tease<\/em> et de <em>Tout \u00e7a ne nous rendra pas le Congo <\/em>y sont, eux, arriv\u00e9s en produisant <em>Ni juge, ni soumise<\/em>. Le film fait un tabac et le grand public s\u2019amuse.<\/p>\n<p>Avec un titre accrocheur, vol\u00e9 de l\u2019organisation antifoulard \u00ab\u00a0Ni putes, ni soumises\u00a0\u00bb, il met litt\u00e9ralement en sc\u00e8ne une juge qui se veut atypique, sans complexes, face aux d\u00e9chets humains de la soci\u00e9t\u00e9 qui d\u00e9filent dans son bureau, \u00e0 visage d\u00e9couvert, avec, en trame de fond, le<em> cold case am\u00e9ricain<\/em> \u00e0 la belge de deux meurtres sur des prostitu\u00e9es.<\/p>\n<p>Le contenu est z\u00e9ro, on n\u2019apprend rien, mais \u00e7a marche.<!--more--><a href=\"https:\/\/bruxelles-pantheres.be\/wp-content\/uploads\/2018\/03\/maxresdefault.jpg\"><img decoding=\"async\" class=\"alignnone size-full wp-image-3612\" src=\"https:\/\/bruxelles-pantheres.be\/wp-content\/uploads\/2018\/03\/maxresdefault.jpg\" alt=\"\" width=\"1280\" height=\"720\" srcset=\"https:\/\/bruxelles-pantheres.be\/wp-content\/uploads\/2018\/03\/maxresdefault.jpg 1280w, https:\/\/bruxelles-pantheres.be\/wp-content\/uploads\/2018\/03\/maxresdefault-300x169.jpg 300w, https:\/\/bruxelles-pantheres.be\/wp-content\/uploads\/2018\/03\/maxresdefault-1024x576.jpg 1024w, https:\/\/bruxelles-pantheres.be\/wp-content\/uploads\/2018\/03\/maxresdefault-768x432.jpg 768w\" sizes=\"(max-width: 1280px) 100vw, 1280px\" \/><\/a><\/p>\n<p>D\u2019un c\u00f4t\u00e9 l\u2019image de la juge qui a tout v\u00e9cu et qui n\u2019est plus perturb\u00e9e \u00e0 la vue d\u2019un cadavre, que ce soit en Belgique ou en Syrie. Son aspect bobo humour cynique, assaisonn\u00e9 de blagues sexuelles, sa voiture deux chevaux musique classique incluse, la posture de femme lib\u00e9r\u00e9e avec son rat blanc qui se prom\u00e8ne sur son bras ou dans ses cheveux et pour qui elle cherche un escargot dans son jardin doivent nous sugg\u00e9rer son c\u00f4t\u00e9 insoumis.<\/p>\n<p>En contraste la mis\u00e8re humaine de la soci\u00e9t\u00e9 qui s\u2019expose \u00e0 la cam\u00e9ra dans son bureau, comme du temps d\u2019<em>Elephant man<\/em>.<\/p>\n<p>Une mis\u00e8re trait\u00e9e avec un m\u00e9pris invraisemblable, provoquant des rires incessants dans la salle. Pour ceux d&rsquo;en bas, pour les d\u00e9rang\u00e9s, pour les drogu\u00e9s, pour ceux qui ont d\u00e9j\u00e0 fait dix ans de prison ou plus et qui r\u00e9cidivent, pour la \u00ab\u00a0culture albanaise ou turque\u00a0\u00bb des \u00e9trangers qui frappent leurs femmes (il n&rsquo;y a que \u00e7a dans le film), pour les profiteurs du CPAS et de la mutuelle\u2026 Seules les deux prostitu\u00e9es assassin\u00e9es s\u2019attirent de la sympathie de la part de la juge. Pour les autres, sont de mise la mani\u00e8re m\u00e9prisante de filmer et le discours moralisateur du genre \u00ab\u00a0votre culture contre la n\u00f4tre\u00a0\u00bb, sur leur vie de rat\u00e9s \u00ab\u00a0trop ch\u00e8re pour \u00eatre v\u00e9cue\u00a0\u00bb (une blague), les explications paternalistes (\u00ab\u00a0\u00e7a se sait quand-m\u00eame\u00a0que les mariages au sein de la famille cr\u00e9ent des d\u00e9formations\u00a0\u00bb).<\/p>\n<p>Certes, ce sont des aspects de la personnalit\u00e9 d\u2019Anne Gruwez. Mais o\u00f9 est le vrai c\u00f4t\u00e9 rebelle d\u2019Anne Gruwez\u00a0? En quoi r\u00e9side l\u2019aspect insoumis\u00a0? Elle qui s\u2019est mobilis\u00e9e contre la construction de la m\u00e9ga-prison \u00e0 Haren\u00a0? Qui a ordonn\u00e9 la lib\u00e9ration imm\u00e9diate de d\u00e9tenus \u00e0 Forest lors de gr\u00e8ve des gardiens en 2016\u00a0? Qui s\u2019oppose aux longues peines de prison qui ne font que mettre l\u2019auteur dans une douleur compl\u00e8te et qui rendent les d\u00e9tenus compl\u00e8tement d\u00e9socialis\u00e9s\u00a0? Qui d\u00e9fend les r\u00e9fugi\u00e9s\u00a0? Pourquoi un documentaire qui met \u00ab\u00a0insoumis\u00a0\u00bb dans son titre n\u2019en dit-il pas un mot\u00a0? L\u00e0 au moins, le documentaire aurait contribu\u00e9 \u00e0 un vrai d\u00e9bat sur la justice.<\/p>\n<p>Je ne comprends pas que cette juge d\u2019instruction a permis de filmer des accus\u00e9s ou des t\u00e9moins dans son bureau sans que \u00e7a lui pose un probl\u00e8me de d\u00e9ontologie, ou sans que les avocats s&rsquo;y opposent. Mais, me direz-vous, les accus\u00e9s ou les t\u00e9moins \u00e9taient d\u2019accord. Mettez-vous \u00e0 la place de ces gens, souvent pauvres et en marge de la soci\u00e9t\u00e9, qui doivent dire oui ou non \u00e0 la proposition de la juge qui a un pouvoir absolu sur eux\u00a0? Je suis s\u00fbr que la plupart d\u2019entre eux ne se souviennent d\u00e9j\u00e0 plus qu\u2019ils ou elles apparaissent dans ce film, et encore moins \u2013 \u00e9tant en prison, en h\u00f4pital psychiatrique ou au CPAS \u2013 qu\u2019ils auront l\u2019occasion de le voir. Ce qui est s\u00fbr, c\u2019est qu\u2019ils n\u2019ont pas re\u00e7u pas de prix d\u2019interpr\u00e9tation au Festival de San Stebastian, \u00e0 l\u2019instar de la juge Gruwez. Et d\u2019ailleurs, s\u2019agissait-il d\u2019un r\u00f4le de composition ou de la triste r\u00e9alit\u00e9 de son bureau\u00a0?<\/p>\n<p>La sc\u00e8ne avec la femme qui a tu\u00e9 son enfant, et que je connais personnellement, est particuli\u00e8rement p\u00e9nible. Une maman vient d&rsquo;assassiner son enfant et sa premi\u00e8re d\u00e9position, clairement prononc\u00e9e dans un \u00e9tat psychotique, est film\u00e9e pour le grand public\u00a0! Sans que son avocat (pro deo) pipe un mot. Elle a donn\u00e9 la permission d\u2019\u00eatre film\u00e9e\u00a0? Etes-vous s\u00e9rieux\u00a0? Est-il humain ou d\u00e9ontologique de poser cette question \u00e0 une m\u00e8re au lendemain d\u2019un tel drame\u00a0? Mais au moins c&rsquo;est la seule sc\u00e8ne o\u00f9 la salle n&rsquo;\u00e9clate pas de rire.<\/p>\n<p>Le r\u00f4le des avocats est d&rsquo;ailleurs tout simplement z\u00e9ro dans ce film. On se demande pourquoi ils sont l\u00e0, \u00e0 c\u00f4t\u00e9 de leur client, parce qu&rsquo;il n&rsquo;y a personne qui ouvre sa bouche, sauf pour confirmer ce que madame la juge a dit, ou pour s\u2019entendre dire par la juge qu\u2019ils manquent du respect en prenant la parole ou en communiquant quelques mots avec leur client.<\/p>\n<p>Le manque de respect s\u2019\u00e9tale de long en long au fil des images. La famille de l\u2019homme dont on d\u00e9terre le corps pour pr\u00e9l\u00e8vement d\u2019ADN a-t-elle aussi \u00ab\u00a0donn\u00e9 son autorisation\u00a0\u00bb pour que le cameraman s\u2019attarde sur son cadavre, sur son d\u00e9coupage, alors que l\u2019on peut encore reconna\u00eetre cet \u00eatre qui fut humain\u00a0?<\/p>\n<p>Bref, ce film ne m\u2019a pas fait rire. Il m\u2019a laiss\u00e9 un go\u00fbt amer, une tristesse profonde et la conviction que l\u2019occasion d\u2019un d\u00e9bat salutaire sur la justice a \u00e9t\u00e9 manqu\u00e9e.<\/p>\n<p><a href=\"http:\/\/lukvervaet.blogspot.be\/2018\/03\/ni-juge-ni-soumise-du-voyeurisme-qui.html?m=1\">Source<\/a><\/p>\n","protected":false},"excerpt":{"rendered":"<p>par Luk Vervaet, ancien enseignant dans les prisons Comment faire un film de non-fiction sur la justice, un documentaire, qui sera projet\u00e9 dans les grandes salles de cin\u00e9ma et rapportera du fric\u00a0? Rares sont ceux qui y sont parvenus. Le r\u00e9alisateur et le cameraman (\u00ab\u00a0l\u00e9gendaires\u00a0\u00bb et \u00ab\u00a0historiques\u00a0\u00bb selon la RTBF) de Strip Tease et de &#8230; <a title=\"\u00ab\u00a0Ni juge, ni soumise\u00a0\u00bb : du voyeurisme qui laisse un go\u00fbt amer\" class=\"read-more\" href=\"https:\/\/bruxelles-pantheres.be\/?p=3611\" aria-label=\"En savoir plus sur \u00ab\u00a0Ni juge, ni soumise\u00a0\u00bb : du voyeurisme qui laisse un go\u00fbt amer\">Lire la suite<\/a><\/p>\n","protected":false},"author":1,"featured_media":3613,"comment_status":"open","ping_status":"open","sticky":false,"template":"","format":"standard","meta":{"footnotes":""},"categories":[1],"tags":[],"class_list":["post-3611","post","type-post","status-publish","format-standard","has-post-thumbnail","hentry","category-non-classe"],"_links":{"self":[{"href":"https:\/\/bruxelles-pantheres.be\/index.php?rest_route=\/wp\/v2\/posts\/3611","targetHints":{"allow":["GET"]}}],"collection":[{"href":"https:\/\/bruxelles-pantheres.be\/index.php?rest_route=\/wp\/v2\/posts"}],"about":[{"href":"https:\/\/bruxelles-pantheres.be\/index.php?rest_route=\/wp\/v2\/types\/post"}],"author":[{"embeddable":true,"href":"https:\/\/bruxelles-pantheres.be\/index.php?rest_route=\/wp\/v2\/users\/1"}],"replies":[{"embeddable":true,"href":"https:\/\/bruxelles-pantheres.be\/index.php?rest_route=%2Fwp%2Fv2%2Fcomments&post=3611"}],"version-history":[{"count":1,"href":"https:\/\/bruxelles-pantheres.be\/index.php?rest_route=\/wp\/v2\/posts\/3611\/revisions"}],"predecessor-version":[{"id":3614,"href":"https:\/\/bruxelles-pantheres.be\/index.php?rest_route=\/wp\/v2\/posts\/3611\/revisions\/3614"}],"wp:featuredmedia":[{"embeddable":true,"href":"https:\/\/bruxelles-pantheres.be\/index.php?rest_route=\/wp\/v2\/media\/3613"}],"wp:attachment":[{"href":"https:\/\/bruxelles-pantheres.be\/index.php?rest_route=%2Fwp%2Fv2%2Fmedia&parent=3611"}],"wp:term":[{"taxonomy":"category","embeddable":true,"href":"https:\/\/bruxelles-pantheres.be\/index.php?rest_route=%2Fwp%2Fv2%2Fcategories&post=3611"},{"taxonomy":"post_tag","embeddable":true,"href":"https:\/\/bruxelles-pantheres.be\/index.php?rest_route=%2Fwp%2Fv2%2Ftags&post=3611"}],"curies":[{"name":"wp","href":"https:\/\/api.w.org\/{rel}","templated":true}]}}