{"id":3619,"date":"2018-03-20T23:50:02","date_gmt":"2018-03-20T22:50:02","guid":{"rendered":"https:\/\/bruxelles-pantheres.be\/?p=3619"},"modified":"2018-03-20T23:58:46","modified_gmt":"2018-03-20T22:58:46","slug":"il-faut-liberer-la-jeune-palestinienne-ahed-tamimi","status":"publish","type":"post","link":"https:\/\/bruxelles-pantheres.be\/?p=3619","title":{"rendered":"\u00ab Il faut lib\u00e9rer la jeune palestinienne Ahed Tamimi"},"content":{"rendered":"<div class=\"main\">\n<div class=\"chapo\">\n<p style=\"text-align: center;\">Lettre aux d\u00e9put\u00e9s belges (le 21 f\u00e9vrier 2018). <br class=\"autobr\" \/><br class=\"autobr\" \/><a href=\"https:\/\/bruxelles-pantheres.be\/wp-content\/uploads\/2018\/03\/free_ahed_tamimi_by_party9999999-dby7zhz.png\"><img decoding=\"async\" class=\"alignleft wp-image-3622 \" src=\"https:\/\/bruxelles-pantheres.be\/wp-content\/uploads\/2018\/03\/free_ahed_tamimi_by_party9999999-dby7zhz.png\" alt=\"\" width=\"497\" height=\"663\" srcset=\"https:\/\/bruxelles-pantheres.be\/wp-content\/uploads\/2018\/03\/free_ahed_tamimi_by_party9999999-dby7zhz.png 686w, https:\/\/bruxelles-pantheres.be\/wp-content\/uploads\/2018\/03\/free_ahed_tamimi_by_party9999999-dby7zhz-225x300.png 225w\" sizes=\"(max-width: 497px) 100vw, 497px\" \/><\/a><\/p>\n<\/div>\n<div class=\"texte\">\n<p>&nbsp;<\/p>\n<p>&nbsp;<\/p>\n<p>&nbsp;<\/p>\n<p>&nbsp;<\/p>\n<p>&nbsp;<\/p>\n<p>&nbsp;<\/p>\n<p>&nbsp;<\/p>\n<p>&nbsp;<\/p>\n<p>A la fin de l\u2019ann\u00e9e derni\u00e8re, la jeune Palestinienne de seize ans, Ahed Tamimi, a \u00e9t\u00e9 arr\u00eat\u00e9e au cours d\u2019un raid nocturne de la police frontali\u00e8re. Traduite en justice devant un tribunal militaire, elle a \u00e9t\u00e9 reconnue coupable d\u2019au moins 12 chefs d\u2019inculpation. Sur d\u00e9cision du juge militaire, son proc\u00e8s se d\u00e9roule \u00e0 huis clos, loin des cameras. Son d\u00e9lit\u00a0? Le 15 d\u00e9cembre elle a gifl\u00e9 deux soldats lourdement arm\u00e9s qui s\u2019\u00e9taient introduits dans le jardin de la maison parentale. L\u2019incident s\u2019est d\u00e9roul\u00e9 une heure apr\u00e8s que son cousin de quatorze ans ait \u00e9t\u00e9 frapp\u00e9 d\u2019une balle dans la t\u00eate.<\/p>\n<\/div>\n<\/div>\n<p>&nbsp;<\/p>\n<p><!--more--><\/p>\n<footer>\n<div class=\"ps\">\n<p>( R\u00e9sum\u00e9 ex\u00e9cutif )<\/p>\n<p>Ce qui arrive \u00e0 Ahed Tamimi est loin d\u2019\u00eatre un cas isol\u00e9. En Cisjordanie occup\u00e9e, les enfants palestiniens sont confront\u00e9s chaque jour \u00e0 une violence \u00e9tatique syst\u00e9mique. L\u2019\u00c9tat d\u2019Isra\u00ebl bafoue constamment les obligations qui lui incombent du fait de la Convention internationale des droits de l\u2019enfant. Pendant leurs interrogatoires les enfants sont victimes de mauvais traitements, de menaces, de violences physiques et psychologiques et m\u00eame de torture. Les filles, elles, courent un risque suppl\u00e9mentaire\u00a0: elles sont victimes de harc\u00e8lement sexuel ou d\u2019abus sexuels, parfois de viol.<\/p>\n<p>Comme les adultes, les enfants palestiniens aussi (pas les enfants des colons, bien s\u00fbr, qui habitent le m\u00eame territoire) apr\u00e8s les interrogatoires doivent compara\u00eetre devant un juge militaire. Les tribunaux militaires poursuivent et condamnent chaque ann\u00e9e entre 500 et 700 mineurs, certains \u00e0 peine \u00e2g\u00e9s de 12 ans. Les juges militaires ne se basent pas sur le droit civil isra\u00e9lien mais sur les quelques 2500 \u00ab\u00a0ordres militaires\u00a0\u00bb qui, depuis le d\u00e9but de l\u2019occupation en 1967, r\u00e9gissent de mani\u00e8re dictatoriale la vie quotidienne des Palestiniens.<\/p>\n<p>Les abus structurels \u00e0 l\u2019encontre des adolescents palestiniens \u2013 pendant les manifestations et protestations, les arrestations, les d\u00e9tentions provisoires, les interrogatoires et les incarc\u00e9rations dans des conditions pr\u00e9caires &#8211; constituent depuis toujours une pr\u00e9occupation majeure de la communaut\u00e9 internationale et de la soci\u00e9t\u00e9 civile. Malgr\u00e9 les nombreuses condamnations et mises en accusation et malgr\u00e9 des ajustements apport\u00e9s aux proc\u00e9dures militaires par les autorit\u00e9s isra\u00e9liennes, les pratiques r\u00e9pressives des forces de l\u2019ordre et de s\u00e9curit\u00e9 isra\u00e9liennes sont rest\u00e9es quasiment inchang\u00e9es.<\/p>\n<p>Compte tenu \u00e0 la fois de nos liens \u00e9troits avec l\u2019\u00c9tat d\u2019Isra\u00ebl et de la place centrale que la politique belge en mati\u00e8re de d\u00e9veloppement et coop\u00e9ration accorde aux droits de l\u2019Homme, nous devons envisager des mesures de sanction contre la violence exerc\u00e9e par les autorit\u00e9s isra\u00e9liennes \u00e0 l\u2019encontre des enfants palestiniens. La d\u00e9molition des infrastructures scolaires (souvent cofinanc\u00e9es par la Belgique) fait partie des violences que nous d\u00e9non\u00e7ons avec v\u00e9h\u00e9mence. \u00c0 court terme, d\u00e9j\u00e0, la lib\u00e9ration d\u2019Ahed Tamimi et d\u2019autres enfants prisonniers doit \u00eatre obtenue.<\/p>\n<p>BACBI, le 21 f\u00e9vrier 2018.<\/p>\n<p>Pour la version int\u00e9grale\u00a0: <a class=\"spip_out\" href=\"http:\/\/www.bacbi.be\/pdf\/Ahed_lettre.pdf\" target=\"_blank\" rel=\"external noopener\">cliquez ici<\/a>.<\/p>\n<p>BACBI-Comit\u00e9 de Coordination\u00a0: \u2028Prof. Marie-Christine Closon (UCL), Prof. Patrick Deboosere (VUB), Dr. Pascal Debruyne (UGent), Prof. Lieven De Cauter (KU Leuven), Em.Prof. Herman De Ley (UGent), Lieve Franssen (dirigent Brussels Brecht-Eislerkoor), Carl Gyd\u00e9 (directeur CAMPO), Prof. Madeline Lutjeharms (VUB), Prof. Perrine Humblet (ULB), Prof. Marc Jacquemain (Universit\u00e9 de Li\u00e8ge), Raven Ru\u00ebll (regisseur), Prof. Christiane Schomblond (ULB), Dr. Nozomi Takahashi (UGent), Prof. Karin Verelst (VUB).<\/p>\n<p><i>Soutenu par l\u2019adh\u00e9sion de pr\u00e8s de 700 universitaires, publicistes et artistes belges, le BACBI (Campagne belge pour un boycott acad\u00e9mique et culturel d\u2019Isra\u00ebl) est d\u00e9termin\u00e9 \u00e0 aider \u00e0 instaurer par des moyens d\u00e9mocratiques et pacifiques la libert\u00e9 et les droits fondamentaux, y compris le droit \u00e0 l\u2019autod\u00e9termination, du peuple palestinien\u00a0: ses hommes, ses femmes et enfin et surtout ses enfants.<\/i><\/p>\n<p>Website\u00a0: <a class=\"spip_out\" href=\"http:\/\/www.bacbi.be\/\" target=\"_blank\" rel=\"external noopener\">http:\/\/www.bacbi.be\/<\/a><\/p>\n<p>Pour la version int\u00e9grale de la lettre de BACBI\u00a0: <a class=\"spip_out\" href=\"http:\/\/www.bacbi.be\/pdf\/Ahed_lettre.pdf\" target=\"_blank\" rel=\"external noopener\">cliquez ici<\/a>.<\/p>\n<p><a href=\"https:\/\/bruxelles-pantheres.be\/wp-content\/uploads\/2018\/03\/free_ahed_tamimi_by_jiangweisen-dbxy5ox.jpg\"><img decoding=\"async\" class=\"alignnone size-full wp-image-3621\" src=\"https:\/\/bruxelles-pantheres.be\/wp-content\/uploads\/2018\/03\/free_ahed_tamimi_by_jiangweisen-dbxy5ox.jpg\" alt=\"\" width=\"1011\" height=\"791\" srcset=\"https:\/\/bruxelles-pantheres.be\/wp-content\/uploads\/2018\/03\/free_ahed_tamimi_by_jiangweisen-dbxy5ox.jpg 1011w, https:\/\/bruxelles-pantheres.be\/wp-content\/uploads\/2018\/03\/free_ahed_tamimi_by_jiangweisen-dbxy5ox-300x235.jpg 300w, https:\/\/bruxelles-pantheres.be\/wp-content\/uploads\/2018\/03\/free_ahed_tamimi_by_jiangweisen-dbxy5ox-768x601.jpg 768w\" sizes=\"(max-width: 1011px) 100vw, 1011px\" \/><\/a><\/p>\n<\/div>\n<\/footer>\n","protected":false},"excerpt":{"rendered":"<p>Lettre aux d\u00e9put\u00e9s belges (le 21 f\u00e9vrier 2018). &nbsp; &nbsp; &nbsp; &nbsp; &nbsp; &nbsp; &nbsp; &nbsp; A la fin de l\u2019ann\u00e9e derni\u00e8re, la jeune Palestinienne de seize ans, Ahed Tamimi, a \u00e9t\u00e9 arr\u00eat\u00e9e au cours d\u2019un raid nocturne de la police frontali\u00e8re. Traduite en justice devant un tribunal militaire, elle a \u00e9t\u00e9 reconnue coupable d\u2019au &#8230; <a title=\"\u00ab Il faut lib\u00e9rer la jeune palestinienne Ahed Tamimi\" class=\"read-more\" href=\"https:\/\/bruxelles-pantheres.be\/?p=3619\" aria-label=\"En savoir plus sur \u00ab Il faut lib\u00e9rer la jeune palestinienne Ahed Tamimi\">Lire la suite<\/a><\/p>\n","protected":false},"author":1,"featured_media":3620,"comment_status":"open","ping_status":"open","sticky":false,"template":"","format":"standard","meta":{"footnotes":""},"categories":[36,6,8,18],"tags":[318,31,186],"class_list":["post-3619","post","type-post","status-publish","format-standard","has-post-thumbnail","hentry","category-europe","category-palestine-moyen-orient","category-prisons","category-resistance-bruxelles","tag-ahed-tamimi","tag-belgique","tag-palestine"],"_links":{"self":[{"href":"https:\/\/bruxelles-pantheres.be\/index.php?rest_route=\/wp\/v2\/posts\/3619","targetHints":{"allow":["GET"]}}],"collection":[{"href":"https:\/\/bruxelles-pantheres.be\/index.php?rest_route=\/wp\/v2\/posts"}],"about":[{"href":"https:\/\/bruxelles-pantheres.be\/index.php?rest_route=\/wp\/v2\/types\/post"}],"author":[{"embeddable":true,"href":"https:\/\/bruxelles-pantheres.be\/index.php?rest_route=\/wp\/v2\/users\/1"}],"replies":[{"embeddable":true,"href":"https:\/\/bruxelles-pantheres.be\/index.php?rest_route=%2Fwp%2Fv2%2Fcomments&post=3619"}],"version-history":[{"count":2,"href":"https:\/\/bruxelles-pantheres.be\/index.php?rest_route=\/wp\/v2\/posts\/3619\/revisions"}],"predecessor-version":[{"id":3624,"href":"https:\/\/bruxelles-pantheres.be\/index.php?rest_route=\/wp\/v2\/posts\/3619\/revisions\/3624"}],"wp:featuredmedia":[{"embeddable":true,"href":"https:\/\/bruxelles-pantheres.be\/index.php?rest_route=\/wp\/v2\/media\/3620"}],"wp:attachment":[{"href":"https:\/\/bruxelles-pantheres.be\/index.php?rest_route=%2Fwp%2Fv2%2Fmedia&parent=3619"}],"wp:term":[{"taxonomy":"category","embeddable":true,"href":"https:\/\/bruxelles-pantheres.be\/index.php?rest_route=%2Fwp%2Fv2%2Fcategories&post=3619"},{"taxonomy":"post_tag","embeddable":true,"href":"https:\/\/bruxelles-pantheres.be\/index.php?rest_route=%2Fwp%2Fv2%2Ftags&post=3619"}],"curies":[{"name":"wp","href":"https:\/\/api.w.org\/{rel}","templated":true}]}}