{"id":3636,"date":"2018-03-21T18:04:22","date_gmt":"2018-03-21T17:04:22","guid":{"rendered":"https:\/\/bruxelles-pantheres.be\/?p=3636"},"modified":"2018-03-21T18:04:46","modified_gmt":"2018-03-21T17:04:46","slug":"3636","status":"publish","type":"post","link":"https:\/\/bruxelles-pantheres.be\/?p=3636","title":{"rendered":"La lutte contre le racisme passe par la lutte contre la guerre"},"content":{"rendered":"<h4 style=\"text-align: center;\">La lutte contre le racisme passe par la lutte contre la guerre :<\/h4>\n<h4 style=\"text-align: center;\">la plate-forme du 24 mars me laisse sur ma faim<\/h4>\n<p><span class=\"post-author vcard\">Par <span class=\"fn\"> Nadine Rosa-Rosso<\/span><\/span><\/p>\n<p>Le 24 mars 2018, nous serons s\u00fbrement nombreux dans les rues de Bruxelles \u00e0 manifester contre le racisme. Quatre jours plus t\u00f4t, le 20 mars 2018, il y aura exactement quinze ans que les \u00c9tats-Unis lan\u00e7aient leur seconde guerre contre l\u2019Irak. Une guerre qu\u2019ils n\u2019ont \u00e0 ce jour pas gagn\u00e9e. Tout comme ils ont perdu la premi\u00e8re guerre contre ce pays, lanc\u00e9e dix-sept ans plus t\u00f4t.<\/p>\n<p>Les \u00c9tats-Unis ont perdu la guerre contre la Cor\u00e9e en 1953, ils ont perdu la guerre contre le Vietnam en 1975\u00a0; ils ont perdu la guerre contre l\u2019Afghanistan, dans lequel ils sont toujours emp\u00eatr\u00e9s depuis dix-sept ans.<\/p>\n<p>Mais pour ceux qui lancent toutes ces guerres, l\u2019important n\u2019est pas de gagner. L\u2019important est qu\u2019il y ait des guerres, des guerres ouvertes, des guerres rampantes, des guerres \u00e0 l\u2019ext\u00e9rieur, des guerres \u00e0 l\u2019int\u00e9rieur. Des \u00e9tats de guerre permanente dans les ghettos noirs, o\u00f9 la police peut tirer \u00e0 vue, o\u00f9 les gangs se m\u00e8nent des batailles sanglantes.<!--more--><\/p>\n<table>\n<tbody>\n<tr>\n<td>\n<p><figure id=\"attachment_3637\" aria-describedby=\"caption-attachment-3637\" style=\"width: 630px\" class=\"wp-caption alignnone\"><a href=\"https:\/\/bruxelles-pantheres.be\/wp-content\/uploads\/2018\/03\/guerreduGolfe2003.jpg\"><img decoding=\"async\" class=\"wp-image-3637 size-full\" src=\"https:\/\/bruxelles-pantheres.be\/wp-content\/uploads\/2018\/03\/guerreduGolfe2003.jpg\" alt=\"\" width=\"640\" height=\"336\" srcset=\"https:\/\/bruxelles-pantheres.be\/wp-content\/uploads\/2018\/03\/guerreduGolfe2003.jpg 640w, https:\/\/bruxelles-pantheres.be\/wp-content\/uploads\/2018\/03\/guerreduGolfe2003-300x158.jpg 300w\" sizes=\"(max-width: 640px) 100vw, 640px\" \/><\/a><figcaption id=\"caption-attachment-3637\" class=\"wp-caption-text\">https:\/\/www.nouvelobs.com\/monde\/20130320.OBS2530\/guerre-d-irak-10-ans-et-des-centaines-de-milliers-de-morts<\/figcaption><\/figure><\/td>\n<\/tr>\n<tr>\n<td><\/td>\n<\/tr>\n<\/tbody>\n<\/table>\n<h4>Un \u00e9tat de guerre permanent: seuls les pauvres paient<\/h4>\n<p>Peu importe \u00e0 ceux qui en d\u00e9cident\u00a0: ce sont quand m\u00eame toujours les pauvres qui paient le prix, ce sont eux qui meurent, qui vivent dans la peur, qui subissent les famines et les \u00e9pid\u00e9mies li\u00e9es aux embargos et \u00e0 la d\u00e9molition des infrastructures essentielles\u00a0; ce sont eux qui sont handicap\u00e9s, mutil\u00e9s \u00e0 vie, qui n\u2019ont plus d\u2019\u00e9coles ni d\u2019eau potable et qui attendent les quelques heures de \u00ab\u00a0couloir humanitaire\u00a0\u00bb ou de ravitaillement tomb\u00e9 du ciel, entre les tapis de bombes. Ce sont les paysans qui sautent sur les mines en cultivant leur champ ou leurs enfants qui naissent encore toujours d\u00e9form\u00e9s au Vietnam, plus de quarante ans apr\u00e8s la fin de la guerre, des suites de l\u2019agent orange.<\/p>\n<p>Cet \u00e9tat de guerre permanent n\u2019est pas la r\u00e9ponse au terrorisme de quelques milliers d\u2019individus, c\u2019est au contraire la cause et l\u2019origine de ce terrorisme \u00ab\u00a0d\u2019en bas\u00a0\u00bb. L\u2019\u00e9tat de guerre est strictement indispensable \u00e0 ce syst\u00e8me mondial o\u00f9 l\u2019ordre, il faudrait dire le d\u00e9sordre, est d\u00e9fini par et pour une poign\u00e9e de milliardaires. Ce d\u00e9sordre mondial dans lequel \u00ab\u00a0<em>la vie urbaine et \u00e9conomique des pays du Nord <\/em>(la n\u00f4tre, donc\u00a0!) <em>est fondamentalement d\u00e9pendante des pays du Sud postcolonial (et parfois n\u00e9ocolonial).<\/em>\u00bb<a href=\"#_ftn1\" name=\"_ftnref1\">[1]<\/a>.<\/p>\n<h4>La guerre : un terrorisme cynique, planifi\u00e9, sur grande \u00e9chelle, et qui rapporte<\/h4>\n<p>Les guerres n\u2019ont pas pour seule mission de pr\u00e9server l\u2019acc\u00e8s du Nord riche aux mati\u00e8res premi\u00e8res du Sud. Il ne s\u2019agit pas seulement de guerres \u00ab\u00a0pour le p\u00e9trole\u00a0\u00bb. Les guerres fournissent un d\u00e9bouch\u00e9 de premier ordre au complexe militaro-industriel\u00a0: la guerre du Golfe de 1991 a permis d\u2019\u00e9couler le gigantesque armement pr\u00e9vu pour combattre l\u2019Union sovi\u00e9tique, entre-temps disparue. Elles sont aussi un immense \u00ab\u00a0<em>salon des inventions <\/em>\u00bb grandeur nature, o\u00f9 les multinationales testent et prouvent sur le terrain l\u2019efficacit\u00e9 de leurs produits. Savez-vous que le GPS a pour la premi\u00e8re fois \u00e9t\u00e9 utilis\u00e9 pendant la premi\u00e8re guerre du Golfe\u00a0<a href=\"#_ftn2\" name=\"_ftnref2\">[2]<\/a>? Toutes les technologies li\u00e9es \u00e0 Internet ont connu un essor fabuleux suite \u00e0 cette guerre. Quelle plus belle publicit\u00e9 pour la technologie qu\u2019une guerre bien destructrice, avec peu de pertes humaines du c\u00f4t\u00e9 de l\u2019agresseur\u00a0? Et d\u00e9truire signifie reconstruire\u00a0: de nouveaux contrats juteux en perspective, cette fois pour les lobbys de la construction, de l\u2019appareillage m\u00e9dical etc. Et avec la garantie que les \u00c9tats s\u2019engageront dans les financements\u2026 Profits maximaux garantis. Et puis la guerre permet de d\u00e9velopper en permanence l\u2019id\u00e9ologie de superpuissance, de lutte \u00ab\u00a0contre les barbares\u00a0\u00bb.<br \/>\nLa premi\u00e8re guerre de la coalition internationale contre l\u2019Irak de 1991 a \u00e9t\u00e9 pr\u00e9c\u00e9d\u00e9e, puis suivie, d\u2019un embargo qui a dur\u00e9 dix-neuf ans et qui a \u00e9t\u00e9 catastrophique pour le peuple irakien. Les deux guerres qui ont ravag\u00e9 ce pays ont d\u00e9truit les infrastructures essentielles \u00e0 la vie \u00e9conomique, sanitaire, sociale et culturelle de la population. \u00c0 la fin de la premi\u00e8re guerre d\u2019Irak, la production d\u2019\u00e9lectricit\u00e9 \u00e9tait tomb\u00e9e \u00e0 4\u00a0% de ce qu\u2019elle \u00e9tait avant la guerre<a href=\"#_ftn3\" name=\"_ftnref3\">[3]<\/a> . L\u2019Agence du renseignement de la D\u00e9fense am\u00e9ricain pr\u00e9voyait que la guerre m\u00e8nerait \u00e0 une \u00ab\u00a0<em>d\u00e9gradation compl\u00e8te du syst\u00e8me d\u2019approvisionnement en eau irakien\u00a0<\/em>\u00bb<a href=\"#_ftn4\" name=\"_ftnref4\">[4]<\/a>. La conjugaison de l\u2019embargo et de la guerre ont ramen\u00e9 l\u2019Irak \u00e0 une situation pr\u00e9industrielle, mais dans un pays qui fonctionnait auparavant comme un pays moderne et technologiquement avanc\u00e9. Toutes les conditions pour un g\u00e9nocide consciemment planifi\u00e9. La r\u00e9sistance du peuple irakien \u00e0 toute cette mis\u00e8re \u00e9 \u00e9tonn\u00e9 le monde entier, elle a suscit\u00e9 l\u2019admiration des peuples, mais pour les d\u00e9cideurs de guerre, elle \u00e9tait le signe qu\u2019une nouvelle guerre s\u2019av\u00e9rait n\u00e9cessaire.<\/p>\n<p>Et elle a eu lieu, douze ans plus tard, alors que la population subissait encore de plein fouet les effets de la premi\u00e8re guerre et de l\u2019embargo. Les \u00e9tudes sur les cons\u00e9quences de l\u2019embargo et des deux guerres contre l\u2019Irak varient dans leur estimation des morts\u00a0: pour l\u2019ONU, 1,7 million d\u2019Irakiens sont morts rien que des effets de l\u2019embargo\u00a0; les chiffres totaux varient jusqu\u2019\u00e0 estimer le nombre total de morts \u00e0 plus de quatre millions. Quand il s\u2019agit du nombre des victimes des attentats, \u00e0 New York, Madrid, Londres, Paris ou Bruxelles, le nombre des morts et des bless\u00e9s s\u2019\u00e9tablit \u00e0 l\u2019unit\u00e9 pr\u00e8s. Quant au nombre des morts provoqu\u00e9s par les guerres et les embargos, les estimations varient de quelques centaines de milliers d\u2019unit\u00e9s\u00a0! C\u2019est normal\u00a0: les ravages caus\u00e9s par ces guerres sont sans commune mesure avec les souffrances provoqu\u00e9es par les attentats. Ils sont litt\u00e9ralement incalculables.<\/p>\n<h4>Pourtant, nous sommes mobilis\u00e9s en permanence contre le \u00ab\u00a0danger d\u2019attentats\u00a0\u00bb, mais jamais contre la guerre\u00a0!<\/h4>\n<p>C\u2019est la ligne adopt\u00e9e \u00e9galement par la Plate-Forme de la manifestation du 24 mars\u00a0: elle appelle \u00e0 comm\u00e9morer les \u00ab\u00a0victimes de la haine et de la terreur, \u00e0 Bruxelles et ailleurs\u00a0\u00bb, en oubliant all\u00e9grement les victimes de la guerre et des occupations dans le monde\u2026 En oubliant, par la m\u00eame occasion, le caract\u00e8re raciste de la lutte contre le terrorisme\u00a0: d\u00e9ch\u00e9ance de la nationalit\u00e9, ciblage syst\u00e9matiques des quartiers \u00e0 forte densit\u00e9 musulmane, perquisitions tr\u00e8s muscl\u00e9es chez les familles de jeunes partis en Syrie, arrestations et maintiens en prison sans proc\u00e8s pendant de longues semaines de \u00ab\u00a0suspects\u00a0\u00bb, rel\u00e2ch\u00e9s par la suite car totalement innocents.<\/p>\n<p>Les \u00ab excuses \u00bb du socialiste Tony Blair en 2016 pour avoir entra\u00een\u00e9 son pays dans la guerre et provoqu\u00e9 ainsi la mort de 179 soldats britanniques \u00e9taient particuli\u00e8rement choquantes, mais nous attendons toujours les \u00ab excuses \u00bb des partis qui, chez nous, et partout dans \u00ab le Nord \u00bb ont soutenu l\u2019embargo et la guerre\u2026 Il y a belle lurette que la gauche, dans son ensemble, a renonc\u00e9 \u00e0 faire de la lutte contre la guerre un combat prioritaire et urgent. Qu\u2019elle vote ou laisse passer les mesures antiterroristes sans alerter sur leur caract\u00e8re antid\u00e9mocratique et &#8211; dans la pratique \u2013 islamophobe.<br \/>\nLe soutien de nos gouvernements \u00e0 la premi\u00e8re guerre d\u2019Irak et \u00e0 l\u2019embargo n\u2019a pas seulement eu des cons\u00e9quences dramatiques pour le peuple irakien et les autres peuples de la r\u00e9gion et du Sud en g\u00e9n\u00e9ral. Il a aussi signifi\u00e9 \u00e0 l\u2019int\u00e9rieur de nos pays le d\u00e9part de la campagne islamophobe qui a pr\u00e9sent\u00e9 les citoyens musulmans comme la potentielle \u00ab\u00a0cinqui\u00e8me colonne\u00a0\u00bb. D\u00e8s le 3 septembre 1990, \u00e0 peine un mois apr\u00e8s le d\u00e9but de la premi\u00e8re guerre contre l\u2019Irak, Charles Picqu\u00e9, PS, alors ministre-pr\u00e9sident de la R\u00e9gion bruxelloise, adresse une lettre \u00e0 son comp\u00e8re politique, Valmy F\u00e9aux, ministre-pr\u00e9sident de la Communaut\u00e9 fran\u00e7aise, pour lui demander une intervention contre les radios arabes libres. Il la justifie en ces termes : \u00ab <em>Insidieusement, des appels \u00e0 une n\u00e9cessaire mobilisation des masses arabo-musulmanes contre l\u2019imp\u00e9rialisme am\u00e9ricain et occidental risquent de pr\u00e9cipiter dans les rues bruxelloises des populations maghr\u00e9bines abus\u00e9es par des manipulations extr\u00e9mistes et irresponsables. Le souvenir de la manifestation d\u2019avril 1986, qui a suivi le bombardement am\u00e9ricain de Tripoli reste vivace et les cons\u00e9quences d\u2019une pareille manifestation seraient n\u00e9fastes, et surtout pour les populations d\u2019origine maghr\u00e9bine<\/em> \u00bb<a href=\"#_ftn5\" name=\"_ftnref5\">[5]<\/a>.<br \/>\nC\u2019est la premi\u00e8re utilisation par un responsable politique du terme \u00ab\u00a0arabo-musulman\u00a0\u00bb. Le racisme a d\u00e9sormais chang\u00e9 de cible\u00a0: il ne s\u2019agit plus des \u00ab\u00a0Marocains\u00a0\u00bb, des \u00ab\u00a0\u00e9trangers\u00a0\u00bb ou autres qualificatifs encore moins aimables. Depuis 1991, la lutte contre le racisme est ins\u00e9parable de la lutte contre la guerre. Ce que les antiracistes omettent de mentionner en mobilisant pour le 24 mars prochain. Il ne s\u2019agit plus seulement de ne plus \u00ab\u00a0se diviser\u00a0\u00bb, ni m\u00eame d\u2019accorder des droits sociaux (d\u2019ailleurs pourquoi ne parle-t-on plus de droits \u00e9gaux dans le slogan central\u00a0?), mais avant tout de reconna\u00eetre le droit des populations issues de l\u2019immigration de d\u00e9fendre le Sud contre les agressions du Nord et de le faire selon l\u2019id\u00e9ologie qu\u2019elles choisissent pour le faire.<\/p>\n<p>Nous serons donc certainement nombreux \u00e0 manifester le 24 mars contre le racisme. Mais manifester contre le racisme sans lien avec la lutte contre les guerres men\u00e9es aujourd\u2019hui au nom de la lutte contre le terrorisme \u2013 tant \u00e0 l\u2019ext\u00e9rieur de nos fronti\u00e8res qu\u2019\u00e0 l\u2019int\u00e9rieur \u2013 serait compl\u00e8tement inefficace. Car nous vivons de plus en plus dans une soci\u00e9t\u00e9 guerri\u00e8re, militaris\u00e9e, sous contr\u00f4le, o\u00f9 nos enfants et petits-enfants s\u2019entra\u00eenent \u00e0 tirer \u00e0 vue sur des jeux-vid\u00e9os con\u00e7us aux USA par le complexe militaro-industriel<a href=\"#_ftn6\" name=\"_ftnref6\">[6]<\/a>.<\/p>\n<h4>La Belgique pour le maintien du d\u00e9sordre mondial<\/h4>\n<p>La Belgique n\u2019est pas en reste dans le maintien du d\u00e9sordre mondial. Depuis mai 20107, la Belgique s\u2019est dot\u00e9e pour la premi\u00e8re fois de son existence d\u2019une \u00ab<em>\u00a0loi de programmation militaire<\/em>\u00a0\u00bb, qui pr\u00e9voit 9,2 milliards d\u2019euros d\u2019investissements militaires jusqu\u2019en 2030. Pour la d\u00e9fendre devant le Parlement, Denis Ducarme (MR) a affirm\u00e9 que\u00a0\u00ab <em>cette loi de programmation militaire est la plus ambitieuse en terme d\u2019investissements depuis la fin de la Guerre froide\u00a0<\/em>\u00bb.\u00a0Quand je vous disais qu\u2019on ne peut pas rester sans ennemis\u2026<\/p>\n<p>En novembre 2017, le Conseil des ministres informait le peuple belge qu\u2019en 2018, pour la dix-septi\u00e8me ann\u00e9e cons\u00e9cutive, l\u2019arm\u00e9e belge participera \u00e0 la Guerre Mondiale contre le Terrorisme. L\u2019arm\u00e9e belge sera engag\u00e9e sur trois lignes de front : en Afghanistan, en Irak et au Mali. Notre pays va m\u00eame doubler sa participation. \u00ab <em>La Belgique double sa participation militaire en Irak. L\u2019an prochain, l\u2019arm\u00e9e belge restera active dans les m\u00eames pays, mais le nombre de militaires envoy\u00e9s en Irak augmentera sensiblement, dans le cadre de la mission d\u2019entra\u00eenement, de conseil et d\u2019assistance des forces locales. Une trentaine de militaires suppl\u00e9mentaires seront \u00e9galement d\u00e9p\u00each\u00e9s en renfort \u00e0 la mission de l\u2019Otan en Afghanistan<\/em> \u00bb<a href=\"#_ftn7\" name=\"_ftnref7\">[7]<\/a>. Et puis, il y aura la participation en Lituanie de 230 militaires belges, de septembre \u00e0 d\u00e9cembre 2018, \u00e0 l\u2019op\u00e9ration \u201cEnhanced Forward Presence\u201d (eFP), des exercices militaires de l\u2019Otan contre la Russie, les \u00ab <em>missions ponctuelles de formation et d\u2019entra\u00eenement <\/em>\u00bb des arm\u00e9es de la Tunisie, du Niger, de Mauritanie, du Burkina Faso, du Niger, du Mali et du B\u00e9nin.<\/p>\n<table>\n<tbody>\n<tr>\n<td>\n<p><figure id=\"attachment_3638\" aria-describedby=\"caption-attachment-3638\" style=\"width: 599px\" class=\"wp-caption alignnone\"><a href=\"https:\/\/bruxelles-pantheres.be\/wp-content\/uploads\/2018\/03\/MartinLutherKingagainstracism2Cpovertyandwar.jpg\"><img decoding=\"async\" class=\"wp-image-3638 size-full\" src=\"https:\/\/bruxelles-pantheres.be\/wp-content\/uploads\/2018\/03\/MartinLutherKingagainstracism2Cpovertyandwar.jpg\" alt=\"\" width=\"609\" height=\"339\" srcset=\"https:\/\/bruxelles-pantheres.be\/wp-content\/uploads\/2018\/03\/MartinLutherKingagainstracism2Cpovertyandwar.jpg 609w, https:\/\/bruxelles-pantheres.be\/wp-content\/uploads\/2018\/03\/MartinLutherKingagainstracism2Cpovertyandwar-300x167.jpg 300w\" sizes=\"(max-width: 609px) 100vw, 609px\" \/><\/a><figcaption id=\"caption-attachment-3638\" class=\"wp-caption-text\">Dans l&rsquo;esprit de Martin Luther King: combattre le racisme, la pauvret\u00e9 et la guerre !<\/figcaption><\/figure><\/td>\n<\/tr>\n<tr>\n<td><\/td>\n<\/tr>\n<\/tbody>\n<\/table>\n<p>Comme le disait Martin Luther King dans son premier discours sur le Vietnam\u00a0: \u00ab\u00a0<em>Nous devons combiner la ferveur du mouvement pour les droits \u00e9gaux avec le mouvement de la paix. Nous devons manifester, enseigner et pr\u00eacher jusqu\u2019\u00e0 ce que les fondations de notre pays en soient \u00e9branl\u00e9es\u00a0<\/em>\u00bb<a href=\"#_ftn8\" name=\"_ftnref8\">[8]<\/a>.<\/p>\n<p>&nbsp;<\/p>\n<p><a href=\"#_ftnref1\" name=\"_ftn1\">[1]<\/a> Stephen Graham, Villes sous contr\u00f4le, la militarisation de l\u2019espace urbain, La d\u00e9courverte, Paris, 2012, page 30<\/p>\n<p><a href=\"#_ftnref2\" name=\"_ftn2\">[2]<\/a> Laurent Murawiec, La guerre au XXIe si\u00e8cle, \u00c9ditions Odile Jacob, Paris, 2000, page 124<\/p>\n<p><a href=\"#_ftnref3\" name=\"_ftn3\">[3]<\/a> Stephen Graham, op. cit., page 226<\/p>\n<p><a href=\"#_ftnref4\" name=\"_ftn4\">[4]<\/a> Idem page 227<\/p>\n<p><a href=\"#_ftnref5\" name=\"_ftn5\">[5]<\/a> https:\/\/nadinerosarosso.blogspot.be\/2016\/05\/25-ans-apres-la-revolte-des-jeunes.html<\/p>\n<p><a href=\"#_ftnref6\" name=\"_ftn6\">[6]<\/a> Voir Stephen Grasham opus cit\u00e9, pages 132-137<\/p>\n<p><a href=\"#_ftnref7\" name=\"_ftn7\">[7]<\/a> http:\/\/deredactie.be\/cm\/vrtnieuws.francais\/Politique\/1.3095154<\/p>\n<p><a href=\"#_ftnref8\" name=\"_ftn8\">[8]<\/a> Stewart Burns, To the Mountaintop, Martin Luther Ki,g Jr\u2019sacred mission to save America 1955-1958, HarperSanFranciso, 2004, page 309 (traduction libre)<\/p>\n<p><a href=\"https:\/\/nadinerosarosso.blogspot.be\/2018\/03\/la-lutte-contre-le-racisme-passe-par-la.html\">Source<\/a><\/p>\n","protected":false},"excerpt":{"rendered":"<p>La lutte contre le racisme passe par la lutte contre la guerre : la plate-forme du 24 mars me laisse sur ma faim Par Nadine Rosa-Rosso Le 24 mars 2018, nous serons s\u00fbrement nombreux dans les rues de Bruxelles \u00e0 manifester contre le racisme. Quatre jours plus t\u00f4t, le 20 mars 2018, il y aura &#8230; <a title=\"La lutte contre le racisme passe par la lutte contre la guerre\" class=\"read-more\" href=\"https:\/\/bruxelles-pantheres.be\/?p=3636\" aria-label=\"En savoir plus sur La lutte contre le racisme passe par la lutte contre la guerre\">Lire la suite<\/a><\/p>\n","protected":false},"author":1,"featured_media":2718,"comment_status":"open","ping_status":"open","sticky":false,"template":"","format":"standard","meta":{"footnotes":""},"categories":[21,36,4,6,28],"tags":[38,167],"class_list":["post-3636","post","type-post","status-publish","format-standard","has-post-thumbnail","hentry","category-anti-imperialisme","category-europe","category-islamophobie","category-palestine-moyen-orient","category-racismes","tag-guerre","tag-nadine-rosa-rosso"],"_links":{"self":[{"href":"https:\/\/bruxelles-pantheres.be\/index.php?rest_route=\/wp\/v2\/posts\/3636","targetHints":{"allow":["GET"]}}],"collection":[{"href":"https:\/\/bruxelles-pantheres.be\/index.php?rest_route=\/wp\/v2\/posts"}],"about":[{"href":"https:\/\/bruxelles-pantheres.be\/index.php?rest_route=\/wp\/v2\/types\/post"}],"author":[{"embeddable":true,"href":"https:\/\/bruxelles-pantheres.be\/index.php?rest_route=\/wp\/v2\/users\/1"}],"replies":[{"embeddable":true,"href":"https:\/\/bruxelles-pantheres.be\/index.php?rest_route=%2Fwp%2Fv2%2Fcomments&post=3636"}],"version-history":[{"count":2,"href":"https:\/\/bruxelles-pantheres.be\/index.php?rest_route=\/wp\/v2\/posts\/3636\/revisions"}],"predecessor-version":[{"id":3640,"href":"https:\/\/bruxelles-pantheres.be\/index.php?rest_route=\/wp\/v2\/posts\/3636\/revisions\/3640"}],"wp:featuredmedia":[{"embeddable":true,"href":"https:\/\/bruxelles-pantheres.be\/index.php?rest_route=\/wp\/v2\/media\/2718"}],"wp:attachment":[{"href":"https:\/\/bruxelles-pantheres.be\/index.php?rest_route=%2Fwp%2Fv2%2Fmedia&parent=3636"}],"wp:term":[{"taxonomy":"category","embeddable":true,"href":"https:\/\/bruxelles-pantheres.be\/index.php?rest_route=%2Fwp%2Fv2%2Fcategories&post=3636"},{"taxonomy":"post_tag","embeddable":true,"href":"https:\/\/bruxelles-pantheres.be\/index.php?rest_route=%2Fwp%2Fv2%2Ftags&post=3636"}],"curies":[{"name":"wp","href":"https:\/\/api.w.org\/{rel}","templated":true}]}}