{"id":364,"date":"2013-05-07T03:19:25","date_gmt":"2013-05-07T02:19:25","guid":{"rendered":"https:\/\/bruxelles-pantheres.be\/?p=364"},"modified":"2013-11-10T03:21:22","modified_gmt":"2013-11-10T02:21:22","slug":"ne-pas-oublier","status":"publish","type":"post","link":"https:\/\/bruxelles-pantheres.be\/?p=364","title":{"rendered":"Ne pas oublier\u2026"},"content":{"rendered":"<div>\n<div>\n<div>\n<p><img decoding=\"async\" alt=\"https:\/\/fbcdn-sphotos-c-a.akamaihd.net\/hphotos-ak-ash3\/946179_10151890330548084_1952256163_n.jpg\" src=\"https:\/\/fbcdn-sphotos-c-a.akamaihd.net\/hphotos-ak-ash3\/946179_10151890330548084_1952256163_n.jpg\" width=\"638\" height=\"887\" \/><\/p>\n<p><b><i>Ne pas oublier\u2026<\/i><\/b><\/p>\n<p><b><i>7 mai 2013<!--more--><\/i><\/b><\/p>\n<p>Ces photos d\u2019identit\u00e9 rappellent leur premi\u00e8re ann\u00e9e en Belgique, lorsqu\u2019ils \u00e9taient les bienvenus. Le Maroc, qui a vu na\u00eetre mes parents, fait partie de mon histoire. C\u2019est avec courage qu\u2019ils ont multipli\u00e9 les sacrifices pour offrir un avenir digne \u00e0 leurs enfants. En cela, ils sont pour moi une source d\u2019inspiration quotidienne.<\/p>\n<p>&nbsp;<\/p>\n<p>Le 7 mai 2002, ils ont \u00e9t\u00e9 tu\u00e9s par un individu qui, nourri par le discours de la haine et de la x\u00e9nophobie, a consid\u00e9r\u00e9 qu\u2019ils n\u2019avaient plus le droit de vivre.<\/p>\n<p>Il ne faut pas les oublier, il ne faut pas oublier nos parents, il ne faut pas oublier tous ces travailleurs immigr\u00e9s qui se sont battus pour obtenir des droits, pour \u00eatre reconnus en tant que citoyens. Dans les usines, dans les mines,sur les chantiers de b\u00e2timents, ils ont fait face \u00e0 des conditions de travail difficiles, au racisme et \u00e0 l\u2019extr\u00eame droite. Puis nous sommes n\u00e9s. Ils nousont \u00e9duqu\u00e9s, pouss\u00e9s \u00e0 faire des \u00e9tudes. Ils ne voulaient pas nous voir soumis aux m\u00eames conditions de travail, de vie.<\/p>\n<p>C\u2019est notre histoire. Cette histoire, peu enseign\u00e9e dans nos \u00e9coles, fait n\u00e9anmoins partie de la m\u00e9moire collective de l\u2019ensemble des citoyens belges. A l\u2019\u00e9poque,on brandissait le d\u00e9bat sur l\u2019int\u00e9gration qu\u2019on nous sert encore actuellement \u00e0 toutes les sauces. Aujourd\u2019hui, je suis la troisi\u00e8me g\u00e9n\u00e9ration, je suis aussi cette Belgique, qu\u2019on le veuille ou non. Combien de g\u00e9n\u00e9rations encore pour que cela soit compris une bonne fois pour toutes\u00a0?<\/p>\n<p>Apr\u00e8s le d\u00e9bat sur l\u2019immigration et celui sur l\u2019int\u00e9gration, c\u2019est \u00e0 pr\u00e9sent l\u2019islam le d\u00e9bat en vogue. Cet islam sur lequel on se focalise pour masquer l\u2019incapacit\u00e9 des partis politiques \u00e0 \u00e9tablir un vrai projet de soci\u00e9t\u00e9 de nature \u00e0 faire face aux r\u00e9els probl\u00e8mes \u00e9conomiques et sociaux.<\/p>\n<p>Les cas de discrimination \u00e0 l\u2019encontre des citoyens belges de confession musulmane ne sont m\u00eame plus \u00e0 d\u00e9nombrer. Nos \u00e9motions prennent le dessus car ce constat est r\u00e9voltant dans une soci\u00e9t\u00e9 o\u00f9 on aspire au vivre ensemble.<\/p>\n<p>Ce constat nous touche parce qu\u2019il est insupportable de se faire discriminer suite \u00e0 un entretien d\u2019embauche.<\/p>\n<p>Ce constat nous touche parce qu\u2019il est insupportable de voire des \u00e9coles exclure des filles parce qu\u2019elles ont fait le choix de porter le foulard.<\/p>\n<p>Ce constat nous touche parce qu\u2019il est insupportable de voir certains m\u00e9dias stigmatiser les citoyens de confession musulmane \u00e0 grand renfort de raccourcis.<\/p>\n<p>Ce constat nous touche parce que nous \u00e9tions convaincus qu\u2019avec une loi, le probl\u00e8me des discriminations serait r\u00e9solu.<\/p>\n<p>Ce constat nous touche parce que ces discours sont entretenus au sein m\u00eame des partis politiques \u201cd\u00e9mocratiques\u201d.<\/p>\n<p>Ce constat nous touche parce que le racisme antimusulman,jusque dans les hautes sph\u00e8res de notre soci\u00e9t\u00e9, est de plus en plus consid\u00e9r\u00e9 comme acceptable.<\/p>\n<p>Ce racisme antimusulman, qu\u2019on minimisait jadis, est bien une r\u00e9alit\u00e9.<\/p>\n<p>Certes, les rapports sur la discrimination envers les citoyens de confession musulmane sont alarmants, mais prenons un peu de distance et observons la r\u00e9alit\u00e9 avec un regard critique. Observons comment sont g\u00e9r\u00e9s ces d\u00e9bats, comment sont consid\u00e9r\u00e9es les prises de positions des uns et des autres.<\/p>\n<p>Aujourd\u2019hui,le racisme est pr\u00e9sent\u00e9 comme une question de libert\u00e9 d\u2019expression. Les crimes racistes sont la suite de ces discours. C\u2019est la banalisation, la tol\u00e9rance deces discours racistes qui ont engendr\u00e9 des trag\u00e9dies comme celle qu\u2019a connue ma famille. Entre cette banalisation et l\u2019affirmation selon laquelle l\u2019assassin de mes parents avait seulement exerc\u00e9 son droit \u00e0 la libert\u00e9 d\u2019expression, il n\u2019ya qu\u2019un pas\u00a0; sans parler du festival d\u2019amalgames insoutenables et r\u00e9currents que ces discours g\u00e9n\u00e8rent et qui emp\u00eachent un vrai d\u00e9bat \u00e9quitable loin de toute passion.<\/p>\n<p>En d\u2019autres termes, les crimes racistes d\u2019hier, qui d\u00e9coulent de ces discours et qu\u2019on condamnait, seront bient\u00f4t, en quelque sorte, l\u00e9gitim\u00e9s. Le racisme est un d\u00e9lit, pas une opinion ; faut-il encore le rappeler\u00a0?<\/p>\n<p>Chaque 7 mai, je me fais violence. Impossible d\u2019oublier. Si j\u2019ai fait le choix de ne pas sombrer dans le silence, c\u2019est parce que nous en avons pay\u00e9 le prix fort. J\u2019\u00e9cris car je veux continuer \u00e0 t\u00e9moigner. C\u2019est pour tous nos disparus que nous devons refuser de nous taire, que nous devons cesser de nous laisser faire.<\/p>\n<p>Les choses changeront, j\u2019en ai la conviction\u00a0; l\u2019histoire nous l\u2019a prouv\u00e9. Mais ces changements ne se feront pas sans la mobilisation de tous. Que tout le monde sorte de ce silence et t\u00e9moigne, interpelle, porte plainte, use des instruments juridiques existants m\u00eame s\u2019ils sont perfectibles. Quoi qu\u2019il en soit,ne nous murons plus dans le silence.<\/p>\n<p>Mon engagement sera un hommage permanent pour toutes les victimes du racisme, d\u2019o\u00f9 qu\u2019il vienne. Je continue ma lutte car la situation actuelle ne me rassure pas. Je continuerai tant qu\u2019on ne prendra pas conscience de la n\u00e9cessit\u00e9 de signaux forts pour endiguer la mont\u00e9e du racisme.<\/p>\n<p>L\u2019heure n\u2019est plus aux discours. L\u2019heure n\u2019est plus aux promesses. L\u2019heure est aux actes.<\/p>\n<p><b>Kenza Isnasni<\/b><\/p>\n<p><img decoding=\"async\" alt=\"\" src=\"https:\/\/fbcdn-photos-a-a.akamaihd.net\/hphotos-ak-ash3\/936817_10151890987013084_284214668_a.jpg\" \/><img decoding=\"async\" alt=\"\" src=\"https:\/\/fbcdn-photos-d-a.akamaihd.net\/hphotos-ak-ash3\/946399_10151890987548084_1206093703_a.jpg\" \/><\/p>\n<\/div>\n<\/div>\n<\/div>\n","protected":false},"excerpt":{"rendered":"<p>Ne pas oublier\u2026 7 mai 2013<\/p>\n","protected":false},"author":1,"featured_media":365,"comment_status":"open","ping_status":"open","sticky":false,"template":"","format":"standard","meta":{"footnotes":""},"categories":[24,4,18,28,5],"tags":[],"class_list":["post-364","post","type-post","status-publish","format-standard","has-post-thumbnail","hentry","category-belgique-maroc","category-islamophobie","category-resistance-bruxelles","category-racismes","category-violence-policiere"],"_links":{"self":[{"href":"https:\/\/bruxelles-pantheres.be\/index.php?rest_route=\/wp\/v2\/posts\/364","targetHints":{"allow":["GET"]}}],"collection":[{"href":"https:\/\/bruxelles-pantheres.be\/index.php?rest_route=\/wp\/v2\/posts"}],"about":[{"href":"https:\/\/bruxelles-pantheres.be\/index.php?rest_route=\/wp\/v2\/types\/post"}],"author":[{"embeddable":true,"href":"https:\/\/bruxelles-pantheres.be\/index.php?rest_route=\/wp\/v2\/users\/1"}],"replies":[{"embeddable":true,"href":"https:\/\/bruxelles-pantheres.be\/index.php?rest_route=%2Fwp%2Fv2%2Fcomments&post=364"}],"version-history":[{"count":1,"href":"https:\/\/bruxelles-pantheres.be\/index.php?rest_route=\/wp\/v2\/posts\/364\/revisions"}],"predecessor-version":[{"id":366,"href":"https:\/\/bruxelles-pantheres.be\/index.php?rest_route=\/wp\/v2\/posts\/364\/revisions\/366"}],"wp:featuredmedia":[{"embeddable":true,"href":"https:\/\/bruxelles-pantheres.be\/index.php?rest_route=\/wp\/v2\/media\/365"}],"wp:attachment":[{"href":"https:\/\/bruxelles-pantheres.be\/index.php?rest_route=%2Fwp%2Fv2%2Fmedia&parent=364"}],"wp:term":[{"taxonomy":"category","embeddable":true,"href":"https:\/\/bruxelles-pantheres.be\/index.php?rest_route=%2Fwp%2Fv2%2Fcategories&post=364"},{"taxonomy":"post_tag","embeddable":true,"href":"https:\/\/bruxelles-pantheres.be\/index.php?rest_route=%2Fwp%2Fv2%2Ftags&post=364"}],"curies":[{"name":"wp","href":"https:\/\/api.w.org\/{rel}","templated":true}]}}