{"id":3642,"date":"2018-03-28T22:17:29","date_gmt":"2018-03-28T21:17:29","guid":{"rendered":"https:\/\/bruxelles-pantheres.be\/?p=3642"},"modified":"2018-03-29T23:58:14","modified_gmt":"2018-03-29T22:58:14","slug":"les-chiens-de-garde-du-pouvoir","status":"publish","type":"post","link":"https:\/\/bruxelles-pantheres.be\/?p=3642","title":{"rendered":"LES CHIENS DE GARDE DU POUVOIR"},"content":{"rendered":"<blockquote>\n<h4>LES CHIENS DE GARDE DU POUVOIR que sont LA POLICE font parler d\u2019eux\u2026 Du coup, LA PAROLE A \u00c9T\u00c9 DONN\u00c9E AUX GENS lors de la manifestation internationale CONTRE LES VIOLENCES POLICI\u00c8RES du 15 mars 2018 (\u00e0 Bruxelles) + S\u2019ORGANISER FACE \u00c0 CE RACISME D\u2019\u00c9TAT que subissent les Noirs, les Arabes, Musulmans et Sans-papiers, cible prioritaire de ce syst\u00e8me r\u00e9pressif. (PARTIE 1)<\/h4>\n<\/blockquote>\n<p><!--more--><\/p>\n<p><a href=\"https:\/\/bruxelles-pantheres.be\/wp-content\/uploads\/2017\/02\/IMG_20170211_185235.jpg\"><img decoding=\"async\" class=\"alignnone size-full wp-image-3155\" src=\"https:\/\/bruxelles-pantheres.be\/wp-content\/uploads\/2017\/02\/IMG_20170211_185235.jpg\" alt=\"\" width=\"2592\" height=\"1944\" \/><\/a><\/p>\n<p><a href=\"http:\/\/microouvert.be\/2018\/03\/22\/un-micro-ouvert-sur-les-chiens-de-garde-du-pouvoir-que-sont-la-police-avec-la-parole-aux-gens-lors-de-la-manifestation-internationale-contre-les-violences-policieres-du-15-mars-2018-comment-sorgan\/\">AUDIO<\/a><\/p>\n<p>Alors, cette question du rapport \u00e0 la police comme institution, elle s\u2019inscrit aujourd\u2019hui indubitablement dans le tournant s\u00e9curitaire que l\u2019on a connu dans la p\u00e9riode qui a imm\u00e9diatement fait suite \u2013 elle s\u2019inscrit \u00e9videmment dans le temps long mais elle a pris une dimension nouvelle avec ce tournant s\u00e9curitaire \u00e0 la suite des attentats de Paris qui s\u2019est renforc\u00e9s ensuite avec les attentats de Bruxelles. Ce renforcement du dispositif s\u00e9curitaire post-attentats a eu en effet des cons\u00e9quences tr\u00e8s concr\u00e8tes et tr\u00e8s visibles sur le territoire belge comme le rehaussement permanent du niveau d\u2019alerte et la pr\u00e9sence permanente de militaires dans les grandes villes belges. Il y a eu l\u2019adoption du Plan canal qui a permis le contr\u00f4le de milliers de r\u00e9sidences et la fermeture de nombreuses associations \u00e0 coloration musulmane pr\u00e9cis\u00e9ment ici, le long du canal.<\/p>\n<p>Il y a eu des mesures telles que le rallongement des d\u00e9tentions pr\u00e9ventives de 24h00 \u00e0 48H00. Il y a eu l\u2019adoption (je cite p\u00eale-m\u00eale) de la loi de la d\u00e9ch\u00e9ance de nationalit\u00e9, la loi dite de d\u00e9portation (il y a environ un an) qui autorise d\u00e9sormais l\u2019expulsion d\u2019\u00e9trangers n\u00e9s et \u00e9tablis de longue date en Belgique sur la base de simples soup\u00e7ons de troubles \u00e0 l\u2019ordre public. Et puis, pour finir, il y a le dispositif s\u00e9curitaire qui se d\u00e9ploie de mani\u00e8re extr\u00eamement f\u00e9roce depuis plusieurs mois \u00e0 l\u2019\u00e9gard des migrants et des Sans-papiers qui font l\u2019objet de v\u00e9ritables rafles jusque dans les transports en commun et dans les associations \u00e0 vocation culturelles comme on a pu le voir le mois dernier.<\/p>\n<p>Et donc, loin de s\u2019apaiser, ce climat s\u00e9curitaire se poursuit et se recycle dans des formes particuli\u00e8res. Les diff\u00e9rentes s\u00e9quences que nous vivons maintenant depuis plus de deux ans reposent finalement \u2013 \u00e0 mon sens sur le m\u00eame ressort \u2013 \u00e0 savoir la d\u00e9signation d\u2019une menace int\u00e9rieure qui justifierait des mesures d\u2019exception et tout cela sur fond de lutte contre le terrorisme, d\u2019inspiration djhiadiste. Il n\u2019est \u00e0 ce titre pas \u00e9tonnant de voir que dans le discours politique, ces diff\u00e9rentes s\u00e9quences sont reli\u00e9es les unes aux autres. Les mises en relation de ces s\u00e9quences, elles se font d\u2019abord au niveau de la \u00a0rh\u00e9torique ainsi il \u00e9tait question pour Jambon de faire le \u2013 m\u00e9nage \u2013 \u00e0 Molenbeek apr\u00e8s les attentats de Paris. Francken, lui, a parl\u00e9 de \u2013 nettoyer \u2013 le Parc Maximilien en r\u00e9f\u00e9rence aux migrants qui s\u2019y sont install\u00e9s. Alors, \u00e0 c\u00f4t\u00e9 des effets purement rh\u00e9toriques de\u00a0 cette mise en relation, elle s\u2019observe surtout dans le fait que chacun des dispositifs s\u00e9curitaires \u00e9mergent d\u2019une s\u00e9quence particuli\u00e8re \u2013\u00a0 et sert finalement de pr\u00e9texte d\u2019action lors d\u2019une autre s\u00e9quence. On sait ainsi que l\u2019intervention tout \u00e0 fait \u00e9loquente au Globa Aroma le 09 f\u00e9vrier 2018, elle s\u2019est faite dans le Plan canal et de son extension \u00e0 Belfi qui autorise aujourd\u2019hui le contr\u00f4le renforc\u00e9 des asbl en mati\u00e8re de fraudes sociales et de fraudes fiscales. On voit que le Plan canal qui est destin\u00e9 initialement \u00e0 la lutte contre le terrorisme \u2013 et bien finalement \u2013 il finit par justifier la chasse aux migrants et aux Sans-papiers.<\/p>\n<p>Alors, un autre exemple, et bien c\u2019est la politique de \u2013 tol\u00e9rance z\u00e9ro \u2013 qui a \u00e9t\u00e9 proclam\u00e9e dans la foul\u00e9e des \u00e9v\u00e8nements \u00e0 la Bourse. Je ne sais pas si vous vous souvenez de novembre 2017 lors de la qualification du Maroc \u00e0 la Coupe du monde ? La c\u00e9l\u00e9bration a \u00e9t\u00e9 quelque peu g\u00e2ch\u00e9e par l\u2019intervention des forces de l\u2019ordre et cela a tourn\u00e9 un petit peu \u00e0 \u2013 ce qui a \u00e9t\u00e9 qualifi\u00e9 d\u2019\u00e9meute \u2013 en tous les cas il y a eu un certain nombre d\u2019arrestations, etc. Suite \u00e0 cela une politique de \u2013 tol\u00e9rance z\u00e9ro \u2013 a \u00e9t\u00e9 d\u00e9cr\u00e9t\u00e9e et cette politique de \u2013 tol\u00e9rance z\u00e9ro \u2013 finalement, elle a servie de pr\u00e9texte \u00e0 intervenir lors de rassemblements ult\u00e9rieurs comme lors de la manifestation qui avait \u00e9t\u00e9 organis\u00e9e par des afro-descendants pour protester contre les politiques d\u2019esclavages en Libye et ailleurs. Et d\u2019ailleurs, m\u00eame dans le discours, le lien a \u00e9t\u00e9 fait entre ce qui a \u00e9t\u00e9 qualifi\u00e9 de diff\u00e9rentes s\u00e9quences au cours du mois de novembre 2017 \u2013\u00a0 en disant, mais c\u2019est chaque fois les m\u00eames groupes qui viennent mettre le \u2013 bordel \u2013 dans ces rassemblements. Je rajoute aussi que ces m\u00eames \u00e9v\u00e8nements \u00e0 la Bourse ont donn\u00e9 lieu \u00e0 une proposition aussi \u00e9tonnante que celle de mettre sur pied une police des migrants. Comme si c\u2019\u00e9tait la question migratoire qui \u00e9tait-ce soir l\u00e0 engag\u00e9e. Or, c\u2019\u00e9tait tout \u00e0 fait \u00e0 c\u00f4t\u00e9 de la plaque. Mais, donc on voit, qu\u2019il y a une confusion, un amalgame qui est savamment entretenu par le politique pour l\u00e9gitimer la prise de mesures d\u2019exception et de mettre du lien finalement entre tout ces diff\u00e9rents \u00e9v\u00e8nements.<\/p>\n<p>Quand on se place dans une perspective \u2013 je dirais \u2013 foucaldienne \u2013 la police, elle appara\u00eet dans ce contexte comme \u00e9tant \u00e0 c\u00f4t\u00e9 du dispositif militaire, mais la police appara\u00eet comme l\u2019appareil qui permet finalement d\u2019assurer l\u2019int\u00e9grit\u00e9 de l\u2019\u00c9tat face \u00e0 un ennemi int\u00e9rieur, un visage multiforme. D\u2019abord, les terroristes et puis par toute une s\u00e9rie d\u2019autres groupes. Les musulmans, les binationaux, les migrants et pour finir tout ce qui est \u00e9tranger ou qui est consid\u00e9r\u00e9 comme tel. Dans ce contexte-l\u00e0, la sauvegarde de la raison d\u2019\u00c9tat, justifie que la police et par extension toutes les institutions qui participent \u00e0 la politique s\u00e9curitaire \u00e9tablie \u2013 se place aux confins de toute consid\u00e9ration morale et m\u00eame l\u00e9gale. On en arrive \u00e0 trouver normal de renvoyer des Soudanais \u00e0 la torture, \u00e0 y trouver une justification. Voil\u00e0, un peu la lecture que j\u2019en fais. Je me tourne vers les intervenants et je vous pose une premi\u00e8re question : est-ce que vous \u00eates d\u2019accord avec cette analyse et quelle lecture en avez-vous \u00e0 partir de votre point de vue ?<\/p>\n<p>AUTEURE DU TEXTE CI-DESSUS ET ANIMATRICE KHADIJA SENHADJI + LES INTERVENANT.E.S : A\u00cfCHA DAOUDI \u2013 du comit\u00e9 des Parents contre les violences polici\u00e8res \u00e0 Molenbeek -, NICHA MBULI \u2013 juriste au MRAX, SA\u00cfD ELWAZI \u2013 La coordination des Sans-papiers et FAY\u00c7AL CHEFFOU.<\/p>\n<p>ORGANISATION : <a href=\"https:\/\/bruxelles-pantheres.be\/\" data-slimstat=\"5\">https:\/\/bruxelles-pantheres.be\/<\/a><\/p>\n<p><a href=\"http:\/\/microouvert.be\/2018\/03\/22\/un-micro-ouvert-sur-les-chiens-de-garde-du-pouvoir-que-sont-la-police-avec-la-parole-aux-gens-lors-de-la-manifestation-internationale-contre-les-violences-policieres-du-15-mars-2018-comment-sorgan\/\">Source<\/a><\/p>\n<p>S\u2019ORGANISER FACE AUX VIOLENCES POLICI\u00c8RES. Ce n\u2019est pas parce que je manifeste que tu as le droit de me casser la gueule. Ce n\u2019est pas parce que je suis Arabe que tu as le droit de me casser la gueule. Ce n\u2019est pas parce que je suis Noir(e) que tu as le droit de me casser la gueule. Respecte-moi dans ma dignit\u00e9 humaine. Il n\u2019y a pas eu de changement sans luttes. Ce n\u2019est pas en restant chez soi en se taisant que les choses vont changer\u2026NICHA MBULI. (PARTIE 2 ET FIN)<\/p>\n<p><a href=\"http:\/\/microouvert.be\/2018\/03\/28\/sorganiser-face-aux-violences-policieres-partie-2-et-fin\/\">Audio<\/a><\/p>\n<p>Ce n\u2019est pas nous qui d\u00e9cidons de la politique, mais on a un truc qui s\u2019appelle : la solidarit\u00e9. Les citoyens aujourd\u2019hui, ils posent des questions.<\/p>\n<p>La N-VA n\u2019a pas donn\u00e9 naissance aux violences polici\u00e8res. La N-VA a donn\u00e9 des arguments pour pouvoir justifier les violences polici\u00e8res. Elle a tr\u00e8s bien compris que le police est le bras arm\u00e9 du gouvernement et donc, ils vont l\u2019utiliser jusqu\u2019\u00e0 l\u2019user. La N-VA permet juste de justifier une politique fasciste. Une politique raciste.<\/p>\n<p>La difficult\u00e9 que les victimes ont d\u2019aller jusqu\u2019au proc\u00e8s c\u2019est qu\u2019elles doivent payer elles-m\u00eames leurs avocats. Tandis que les policiers (eux) ont un avocat du syndicat. D\u00e9j\u00e0, il y a\u00a0 le frein financier pour les victimes d\u2019aller jusqu\u2019au proc\u00e8s. C\u2019est un v\u00e9ritable probl\u00e8me. Et le fait, aussi, que la population a le sentiment d\u2019impunit\u00e9 de la police. \u2013 Mais \u00e0 quoi cela sert-il d\u2019aller porter plainte ? \u2013 Cela va m\u2019amener \u00e0 quoi ? La population a le sentiment que la parole du policier est plus importante que la parole du simple citoyen.<\/p>\n<p>La violence polici\u00e8re est un abus de pouvoir. Il faut mettre en place un syst\u00e8me qui revoit la formation des policiers, un syst\u00e8me qui revoit le contr\u00f4le existant au niveau des services de la police.<\/p>\n<p>Il est important de d\u00e9poser plainte. Il est important de r\u00e9agir et il est important de ne pas laisser passer tout \u00e7a. Mais on peut comprendre les gens qui peuvent se lasser \u00e0 r\u00e9agir \u00e0 d\u00e9poser plainte en voyant qu\u2019il n\u2019y a pas de r\u00e9action. \u2013 J\u2019avais d\u00e9pos\u00e9 une plainte parce que l\u2019on m\u2019avait accus\u00e9 \u00e0 tort (encore) d\u2019avoir particip\u00e9 \u00e0 la menace d\u2019attentat \u00e0 l\u2019Ancienne Belgique. Il y avait une alerte \u00e0 la bombe. J\u2019ai des policiers qui sont venus chez moi \u00e0 la maison sans mandat de perquisition et ils m\u2019ont violent\u00e9. J\u2019ai re\u00e7u une r\u00e9ponse (du Procureur) disant : \u2013 Les policiers ont fait correctement leur travail, il n\u2019y a aucune irr\u00e9gularit\u00e9 dans cette situation \u2013 Donc, ma plainte n\u2019aura pas de suite. Voil\u00e0, c\u2019est r\u00e9gl\u00e9 en quelques minutes.<\/p>\n<p>Moi, \u00e7a ne se voit pas, mais je suis compl\u00e8tement traumatis\u00e9. Clairement. Je vois la police, j\u2019entends des sir\u00e8nes\u2026j\u2019entends un bruit, je suis t\u00e9tanis\u00e9 et j\u2019ai m\u00eame une r\u00e9action que j\u2019ai du mal \u00e0 comprendre\u2026je ne bouge plus. Je suis bloqu\u00e9.<\/p>\n<p>J\u2019invite tout le monde \u00e0 d\u00e9noncer les violences polici\u00e8res. Il est temps. Parce que c\u2019est la seule mani\u00e8re de faire bloc. Il est temps de changer la situation et de prendre un peu de courage (en gros) et de d\u00e9noncer toutes ces d\u00e9rives. Il est temps que \u00e7a change.<\/p>\n<p>Les victimes de violences polici\u00e8res sont victimes d\u2019une double injustice. La premi\u00e8re injustice est que les policiers sont cens\u00e9s faire respecter la loi, cens\u00e9s nous prot\u00e9ger. \u2013 Ils violent la loi en nous tabassant. Et la deuxi\u00e8me injustice, ce sont les non-lieux. L\u00e0, c\u2019est la soci\u00e9t\u00e9 repr\u00e9sent\u00e9e par le juge qui dit : Non, nous n\u2019avons pas de preuve\u2026<\/p>\n<p>ANIMATRICE KHADIJA SENHADJI + LES INTERVENANT.E.S : A\u00cfCHA DAOUDI \u2013 du comit\u00e9 des Parents contre les violences polici\u00e8res \u00e0 Molenbeek -, NICHA MBULI \u2013 juriste au MRAX, SA\u00cfD ELWAZI \u2013 La coordination des Sans-papiers et FAY\u00c7AL CHEFFOU.<\/p>\n<p>ORGANISATION : <a href=\"https:\/\/bruxelles-pantheres.be\/\" data-slimstat=\"5\">https:\/\/bruxelles-pantheres.be\/<\/a><\/p>\n<p><a href=\"https:\/\/bruxelles-pantheres.be\/wp-content\/uploads\/2016\/11\/15032091_1092666897495352_8007799049530550476_n.png\"><img decoding=\"async\" class=\"alignnone size-full wp-image-3062\" src=\"https:\/\/bruxelles-pantheres.be\/wp-content\/uploads\/2016\/11\/15032091_1092666897495352_8007799049530550476_n.png\" alt=\"\" width=\"960\" height=\"361\" srcset=\"https:\/\/bruxelles-pantheres.be\/wp-content\/uploads\/2016\/11\/15032091_1092666897495352_8007799049530550476_n.png 960w, https:\/\/bruxelles-pantheres.be\/wp-content\/uploads\/2016\/11\/15032091_1092666897495352_8007799049530550476_n-300x113.png 300w, https:\/\/bruxelles-pantheres.be\/wp-content\/uploads\/2016\/11\/15032091_1092666897495352_8007799049530550476_n-768x289.png 768w\" sizes=\"(max-width: 960px) 100vw, 960px\" \/><\/a><\/p>\n<p><strong>\u00ab\u00a0APPEL AU RASSEMBLEMENT JUSTICE POUR MOAD\u00a0\u00bb<\/strong><strong><br \/>\n<\/strong><br \/>\nCe proc\u00e8s est l\u2019aboutissement de la tr\u00e8s longue bataille politique men\u00e9e par la famille pour que soit reconnue la v\u00e9rit\u00e9 et que leur fils obtienne justice.<\/p>\n<p>A travers le cas de Moad, il s\u2019agit aussi de d\u00e9noncer les abus et les violences quotidiennes subies par de nombre de jeunes.<\/p>\n<p>Rassemblons-nous ce 04 Mai 2018 pour soutenir Moad et d\u00e9noncer les brutalit\u00e9s polici\u00e8res et le racisme d\u2019\u00c9tat.<br \/>\nPour que cessent les contr\u00f4les au faci\u00e8s et l\u2019impunit\u00e9 de la police.<\/p>\n<p>Bruxelles Panth\u00e8res appel \u00e0 participer au rassemblement \u00ab\u00a0JUSTICE POUR MOAD\u00a0\u00bb qui est organis\u00e9 \u00e0 Bruxelles ce Vendredi 04 Mai 2018 \u00e0 partir de 08h00 devant le palais de justice et a<a href=\"https:\/\/bruxelles-pantheres.be\/?p=3061#_edn1\" name=\"_ednref1\"><\/a>\u00a0une concertation urgente entre toutes les organisations qui luttent quotidiennement et sans concession contre le Racisme d\u2019\u00c9tat et les violences polici\u00e8res pour d\u00e9finir un plan d\u2019action \u00e0 m\u00eame de rendre visibles toutes les initiatives que m\u00e8nent en premi\u00e8re ligne les familles des victimes des violences polici\u00e8res.<\/p>\n<h5 class=\"entry-title\"><a href=\"http:\/\/www.stop-repression.be\/moad\/\">Justice pour Moad<\/a><\/h5>\n","protected":false},"excerpt":{"rendered":"<p>LES CHIENS DE GARDE DU POUVOIR que sont LA POLICE font parler d\u2019eux\u2026 Du coup, LA PAROLE A \u00c9T\u00c9 DONN\u00c9E AUX GENS lors de la manifestation internationale CONTRE LES VIOLENCES POLICI\u00c8RES du 15 mars 2018 (\u00e0 Bruxelles) + S\u2019ORGANISER FACE \u00c0 CE RACISME D\u2019\u00c9TAT que subissent les Noirs, les Arabes, Musulmans et Sans-papiers, cible prioritaire &#8230; <a title=\"LES CHIENS DE GARDE DU POUVOIR\" class=\"read-more\" href=\"https:\/\/bruxelles-pantheres.be\/?p=3642\" aria-label=\"En savoir plus sur LES CHIENS DE GARDE DU POUVOIR\">Lire la suite<\/a><\/p>\n","protected":false},"author":1,"featured_media":3201,"comment_status":"open","ping_status":"open","sticky":false,"template":"","format":"standard","meta":{"footnotes":""},"categories":[18,28,39,5],"tags":[14,250,54],"class_list":["post-3642","post","type-post","status-publish","format-standard","has-post-thumbnail","hentry","category-resistance-bruxelles","category-racismes","category-sans-papier","category-violence-policiere","tag-bruxelles","tag-khadija-senhadji","tag-police"],"_links":{"self":[{"href":"https:\/\/bruxelles-pantheres.be\/index.php?rest_route=\/wp\/v2\/posts\/3642","targetHints":{"allow":["GET"]}}],"collection":[{"href":"https:\/\/bruxelles-pantheres.be\/index.php?rest_route=\/wp\/v2\/posts"}],"about":[{"href":"https:\/\/bruxelles-pantheres.be\/index.php?rest_route=\/wp\/v2\/types\/post"}],"author":[{"embeddable":true,"href":"https:\/\/bruxelles-pantheres.be\/index.php?rest_route=\/wp\/v2\/users\/1"}],"replies":[{"embeddable":true,"href":"https:\/\/bruxelles-pantheres.be\/index.php?rest_route=%2Fwp%2Fv2%2Fcomments&post=3642"}],"version-history":[{"count":3,"href":"https:\/\/bruxelles-pantheres.be\/index.php?rest_route=\/wp\/v2\/posts\/3642\/revisions"}],"predecessor-version":[{"id":3655,"href":"https:\/\/bruxelles-pantheres.be\/index.php?rest_route=\/wp\/v2\/posts\/3642\/revisions\/3655"}],"wp:featuredmedia":[{"embeddable":true,"href":"https:\/\/bruxelles-pantheres.be\/index.php?rest_route=\/wp\/v2\/media\/3201"}],"wp:attachment":[{"href":"https:\/\/bruxelles-pantheres.be\/index.php?rest_route=%2Fwp%2Fv2%2Fmedia&parent=3642"}],"wp:term":[{"taxonomy":"category","embeddable":true,"href":"https:\/\/bruxelles-pantheres.be\/index.php?rest_route=%2Fwp%2Fv2%2Fcategories&post=3642"},{"taxonomy":"post_tag","embeddable":true,"href":"https:\/\/bruxelles-pantheres.be\/index.php?rest_route=%2Fwp%2Fv2%2Ftags&post=3642"}],"curies":[{"name":"wp","href":"https:\/\/api.w.org\/{rel}","templated":true}]}}