{"id":3644,"date":"2018-03-28T22:38:13","date_gmt":"2018-03-28T21:38:13","guid":{"rendered":"https:\/\/bruxelles-pantheres.be\/?p=3644"},"modified":"2018-03-28T22:38:39","modified_gmt":"2018-03-28T21:38:39","slug":"bandung-du-nord-vers-une-internationale-decoloniale","status":"publish","type":"post","link":"https:\/\/bruxelles-pantheres.be\/?p=3644","title":{"rendered":"Vers une Internationale D\u00e9coloniale"},"content":{"rendered":"<article id=\"Accueil\" class=\"section accueil\">\n<div class=\"container w-container\">\n<h1 class=\"heading\" style=\"text-align: center;\">BANDUNG DU NORD<\/h1>\n<p class=\"paragraph\" style=\"text-align: center;\">Vers une Internationale D\u00e9coloniale<\/p>\n<p class=\"paragraph\" style=\"text-align: center;\">Bourse du travail de Saint-Denis<\/p>\n<p>Du Vendredi 4 au Lundi 7 Mai 2018<\/p>\n<\/div>\n<\/article>\n<p><!--more--><\/p>\n<section id=\"Appel\" class=\"section-5\">\n<div class=\"container-3 w-container\">\n<p class=\"texte-programme\"><span class=\"text-span\"><strong><span class=\"text-span-2\"><span class=\"text-span-4\">Appel du Bandung du Nord<\/span><\/span><\/strong><\/span><\/p>\n<p class=\"paragraph-2\">\u00ab\u2009Il s\u2019agit de la premi\u00e8re conf\u00e9rence intercontinentale r\u00e9unissant des peuples de couleur dans l\u2019histoire de l\u2019humanit\u00e9\u2009! (\u2026) Que les dirigeants des peuples d\u2019Asie et d\u2019Afrique puissent se r\u00e9unir dans leurs propres pays pour discuter et d\u00e9battre de questions d\u2019int\u00e9r\u00eat commun marque un nouveau d\u00e9part dans l\u2019histoire du monde. Ah, mes chers fr\u00e8res et s\u0153urs, faites en sorte que cette conf\u00e9rence remporte un grand succ\u00e8s\u2009! Malgr\u00e9 la diversit\u00e9 existant parmi ses participants, faits en sorte qu\u2019elle remporte un grand succ\u00e8s\u2009! Oui, il y a de la diversit\u00e9 parmi nous. Qui le nie\u2009? (\u2026) Mais quel mal y aurait-il \u00e0 la diversit\u00e9\u2009? (\u2026) Cette conf\u00e9rence n\u2019a pas pour but de nous opposer les uns aux autres[1].\u2009\u00bb C\u2019est par ces mots que le pr\u00e9sident Sukarno a ouvert une conf\u00e9rence internationale intitul\u00e9e \u00ab\u2009Faisons \u00e9merger une nouvelle Afrique et une nouvelle Asie\u2009\u00bb, dans la ville indon\u00e9sienne de Bandung, en 1955. Il s\u2019agissait de la premi\u00e8re r\u00e9union internationale de chefs d\u2019\u00c9tats de pays du Sud global.<\/p>\n<p>Du 5 au 7 mai 2018, le comit\u00e9 du \u00ab\u2009Bandung du Nord\u2009\u00bb organisera une conf\u00e9rence internationale \u00e0 Paris, s\u2019inscrivant dans l\u2019esprit de la conf\u00e9rence de Bandung de 1955. Ce sera la premi\u00e8re conf\u00e9rence internationale de personnes de couleur<br \/>\nprenant \u00e0 bras le corps les questions concernant les non-blancs vivant dans le nord global, afin de discuter de probl\u00e9matiques qu\u2019elles ont en commun.<\/p>\n<p>Le \u00ab\u2009Nord global\u2009\u00bb fait r\u00e9f\u00e9rence aux pays d\u2019Europe occidentale, d\u2019Am\u00e9rique du Nord et d\u2019Oc\u00e9anie, qui ont colonis\u00e9 et se sont partag\u00e9 l\u2019Afrique, l\u2019Asie et les Am\u00e9riques. Aujourd\u2019hui, de larges communaut\u00e9s du Sud global vivent au sein de leurs m\u00e9tropoles. Sur 800 millions de personnes vivant dans ces pays, on estime le nombre de non-blancs \u00e0 160 millions.<\/p>\n<p>Ils font l\u2019exp\u00e9rience du racisme dans toutes les sph\u00e8res de la vie, tel un rappel constant de la continuit\u00e9 de l\u2019h\u00e9ritage colonial. Le racisme ne se manifeste pas uniquement \u00e0 travers les discriminations sur la base de la couleur de peau, mais \u00e9galement sur la base de la religion, de l\u2019origine et de la culture. Le racisme est enracin\u00e9 dans les institutions \u00e9conomiques, sociales, politiques et culturelles. Le racisme se retrouve \u00e9galement dans les domaines de la sant\u00e9, du logement et du monde du travail o\u00f9 les non-blancs se retrouvent toujours en position d\u2019inf\u00e9riorit\u00e9 par rapport aux blancs. Le racisme se traduit par la s\u00e9gr\u00e9gation sociale. Il se manifeste dans le syst\u00e8me politique qui prive les non-blancs de parole et impose un r\u00e9cit dominant sur le terrorisme qui facilite la mont\u00e9e d\u2019un \u00c9tat policier et cible les personnes non blanches. Il se manifeste dans la culture qui promeut le concept de sup\u00e9riorit\u00e9 de l\u2019Occident et d\u2019inf\u00e9riorit\u00e9 du reste du monde, impose l\u2019assimilation et instrumentalise la diversit\u00e9.<\/p>\n<p>Les communaut\u00e9s non blanches du Nord global sont porteuses d\u2019une diversit\u00e9 d\u2019exp\u00e9riences historiques\u00a0: le g\u00e9nocide indig\u00e8ne et la spoliation des terres, l\u2019esclavage transatlantique et d\u2019autres formes de migrations forc\u00e9es, l\u2019immigration actuelle due aux guerres coloniales et une pauvret\u00e9 et des in\u00e9galit\u00e9s aggrav\u00e9es. En retour, elles ont amen\u00e9 une diversification des mouvements sociaux et ont propos\u00e9 leurs propres r\u00e9cits quant \u00e0 leurs<br \/>\noppressions et exploitations.<\/p>\n<p>Le Bandung du Nord a pour objectif de proposer l&rsquo;id\u00e9e d&rsquo;une Internationale D\u00e9coloniale qui scellerait une alliance politique entre les mouvements<br \/>\nd\u00e9coloniaux d&rsquo;Occident. Il s&rsquo;agira de forger des projets et des outils de lutte et de r\u00e9sistance face, d&rsquo;une part, \u00e0 la mont\u00e9e des nationalismes supr\u00e9macistes et de l&rsquo;ultra lib\u00e9ralisme et, d&rsquo;autre part, \u00e0 la poursuite de la domination imp\u00e9rialiste sous toutes ses formes.<\/p>\n<p>Cette conf\u00e9rence comportera des sessions pl\u00e9ni\u00e8res avec quatre intervenants principaux\u00a0: Angela Davis, Fred Hampton Jr., Ramon Grosfoguel et Eli<br \/>\nDomota. Les diff\u00e9rents ateliers exploreront diff\u00e9rentes th\u00e9matiques allant de la mont\u00e9e de l\u2019\u00c9tat policier jusqu\u2019aux rapports entre les mouvements sociaux des communaut\u00e9s noires, indig\u00e8nes, rroms, asiatiques et islamiques.<\/p>\n<p>Le comit\u00e9 organisateur de cette conf\u00e9rence est compos\u00e9 du r\u00e9seau d\u00e9colonial international (DIN) et de militants vivant en France.<\/p>\n<p>[1]\u00ab\u2009Discours d\u2019ouverture de Sukarno, Bandung, 18 avril 1955,<a href=\"https:\/\/bruxelles-pantheres.be\/wp-content\/uploads\/2018\/03\/5aad2230e8d43c77ef2ec5c4_BandungLogoBasicTransparence500x500.png\"><img decoding=\"async\" class=\"size-full wp-image-3645 aligncenter\" src=\"https:\/\/bruxelles-pantheres.be\/wp-content\/uploads\/2018\/03\/5aad2230e8d43c77ef2ec5c4_BandungLogoBasicTransparence500x500.png\" alt=\"\" width=\"500\" height=\"500\" srcset=\"https:\/\/bruxelles-pantheres.be\/wp-content\/uploads\/2018\/03\/5aad2230e8d43c77ef2ec5c4_BandungLogoBasicTransparence500x500.png 500w, https:\/\/bruxelles-pantheres.be\/wp-content\/uploads\/2018\/03\/5aad2230e8d43c77ef2ec5c4_BandungLogoBasicTransparence500x500-300x300.png 300w, https:\/\/bruxelles-pantheres.be\/wp-content\/uploads\/2018\/03\/5aad2230e8d43c77ef2ec5c4_BandungLogoBasicTransparence500x500-150x150.png 150w\" sizes=\"(max-width: 500px) 100vw, 500px\" \/><span class=\"text-span\"><strong><span class=\"text-span-2\"><span class=\"text-span-4\">Programme<\/span><\/span><\/strong><\/span><\/a><\/p>\n<h1 style=\"text-align: center;\"><a href=\"http:\/\/bandungdunord.webflow.io\/\">http:\/\/bandungdunord.webflow.io\/<\/a><\/h1>\n<\/div>\n<\/section>\n","protected":false},"excerpt":{"rendered":"<p>BANDUNG DU NORD Vers une Internationale D\u00e9coloniale Bourse du travail de Saint-Denis Du Vendredi 4 au Lundi 7 Mai 2018<\/p>\n","protected":false},"author":1,"featured_media":3646,"comment_status":"open","ping_status":"open","sticky":false,"template":"","format":"standard","meta":{"footnotes":""},"categories":[1],"tags":[],"class_list":["post-3644","post","type-post","status-publish","format-standard","has-post-thumbnail","hentry","category-non-classe"],"_links":{"self":[{"href":"https:\/\/bruxelles-pantheres.be\/index.php?rest_route=\/wp\/v2\/posts\/3644","targetHints":{"allow":["GET"]}}],"collection":[{"href":"https:\/\/bruxelles-pantheres.be\/index.php?rest_route=\/wp\/v2\/posts"}],"about":[{"href":"https:\/\/bruxelles-pantheres.be\/index.php?rest_route=\/wp\/v2\/types\/post"}],"author":[{"embeddable":true,"href":"https:\/\/bruxelles-pantheres.be\/index.php?rest_route=\/wp\/v2\/users\/1"}],"replies":[{"embeddable":true,"href":"https:\/\/bruxelles-pantheres.be\/index.php?rest_route=%2Fwp%2Fv2%2Fcomments&post=3644"}],"version-history":[{"count":2,"href":"https:\/\/bruxelles-pantheres.be\/index.php?rest_route=\/wp\/v2\/posts\/3644\/revisions"}],"predecessor-version":[{"id":3648,"href":"https:\/\/bruxelles-pantheres.be\/index.php?rest_route=\/wp\/v2\/posts\/3644\/revisions\/3648"}],"wp:featuredmedia":[{"embeddable":true,"href":"https:\/\/bruxelles-pantheres.be\/index.php?rest_route=\/wp\/v2\/media\/3646"}],"wp:attachment":[{"href":"https:\/\/bruxelles-pantheres.be\/index.php?rest_route=%2Fwp%2Fv2%2Fmedia&parent=3644"}],"wp:term":[{"taxonomy":"category","embeddable":true,"href":"https:\/\/bruxelles-pantheres.be\/index.php?rest_route=%2Fwp%2Fv2%2Fcategories&post=3644"},{"taxonomy":"post_tag","embeddable":true,"href":"https:\/\/bruxelles-pantheres.be\/index.php?rest_route=%2Fwp%2Fv2%2Ftags&post=3644"}],"curies":[{"name":"wp","href":"https:\/\/api.w.org\/{rel}","templated":true}]}}