{"id":3649,"date":"2018-04-16T10:00:06","date_gmt":"2018-04-16T09:00:06","guid":{"rendered":"https:\/\/bruxelles-pantheres.be\/?p=3649"},"modified":"2018-05-30T22:53:03","modified_gmt":"2018-05-30T21:53:03","slug":"rencontre-avec-norman-ajari-dignite-et-mort-sociale-noires-du-navire-negrier-a-damso","status":"publish","type":"post","link":"https:\/\/bruxelles-pantheres.be\/?p=3649","title":{"rendered":"Rencontre avec Norman Ajari,  \u00ab\u00a0Dignit\u00e9 et mort sociale noires. Du navire n\u00e9grier \u00e0 Damso\u00a0\u00bb."},"content":{"rendered":"<p><iframe src=\"https:\/\/www.youtube.com\/embed\/SFNnEeT9Ej8\" width=\"560\" height=\"315\" frameborder=\"0\" allowfullscreen=\"allowfullscreen\"><\/iframe><\/p>\n<p><!--more--><\/p>\n<div class=\"_xkg _phw\">\n<div>\n<div id=\"u_jsonp_4_t\" class=\"\">\n<div class=\"_6a\">\n<div class=\"_6a _6b\" style=\"text-align: center;\">\n<p style=\"text-align: left;\"><span class=\"_4n-j _3cht fsl\" data-testid=\"event-permalink-details\">Rencontre avec Norman Ajari, Philosophe D\u00e9colonial et sp\u00e9cialiste de Frantz Fanon, auteur du livre \u00a0\u00bb De la dignit\u00e9. Essai sur la vie humaine et sa n\u00e9gation. \u00a0\u00bb<br \/>\nParis, La D\u00e9couverte, coll. \u00ab Les emp\u00eacheurs de penser en rond \u00bb, 2018 (A paraitre prochainement )<\/span><\/p>\n<p style=\"text-align: left;\">Docteur en philosophie, Norman Ajari est attach\u00e9 temporaire d\u2019enseignement et de recherche \u00e0 l\u2019Universit\u00e9 Toulouse-Jean Jaur\u00e8s. Ses recherches portent sur la philosophie africaine, l\u2019histoire de la philosophie sociale et politique, et la pens\u00e9e d\u00e9coloniale.<\/p>\n<\/div>\n<\/div>\n<\/div>\n<div><a href=\"https:\/\/bruxelles-pantheres.be\/wp-content\/uploads\/2018\/03\/Norman-Ajari-14-Avril-Bruxelles.jpg\"><img decoding=\"async\" class=\"alignnone size-full wp-image-3650\" src=\"https:\/\/bruxelles-pantheres.be\/wp-content\/uploads\/2018\/03\/Norman-Ajari-14-Avril-Bruxelles.jpg\" alt=\"\" width=\"960\" height=\"960\" srcset=\"https:\/\/bruxelles-pantheres.be\/wp-content\/uploads\/2018\/03\/Norman-Ajari-14-Avril-Bruxelles.jpg 960w, https:\/\/bruxelles-pantheres.be\/wp-content\/uploads\/2018\/03\/Norman-Ajari-14-Avril-Bruxelles-300x300.jpg 300w, https:\/\/bruxelles-pantheres.be\/wp-content\/uploads\/2018\/03\/Norman-Ajari-14-Avril-Bruxelles-150x150.jpg 150w, https:\/\/bruxelles-pantheres.be\/wp-content\/uploads\/2018\/03\/Norman-Ajari-14-Avril-Bruxelles-768x768.jpg 768w\" sizes=\"(max-width: 960px) 100vw, 960px\" \/><\/a><\/div>\n<\/div>\n<\/div>\n<p class=\"_4n-j _3cht fsl\" data-testid=\"event-permalink-details\">\n<p>&nbsp;<\/p>\n<ul>\n<li class=\"_3slj\">\n<div class=\"_36hm\">\n<table class=\"uiGrid _51mz\" cellspacing=\"0\" cellpadding=\"0\">\n<tbody>\n<tr class=\"_51mx\">\n<td class=\"_51m- _4930 _phw _51mw\">\n<div class=\"_phw\">\n<div class=\"_6a\">\n<div class=\"_6a _6b\">\n<div class=\"_xkh\">\n<div class=\"_publicProdFeedInfo__timeRowTitle _5xhk\">Samedi 14 avril \u00e0 18:00 &#8211; 21:00<\/div>\n<div class=\"_5xhp fsm fwn fcg\"><\/div>\n<\/div>\n<\/div>\n<\/div>\n<\/div>\n<\/td>\n<\/tr>\n<\/tbody>\n<\/table>\n<\/div>\n<\/li>\n<li class=\"_3xd0 _3slj\">\n<div id=\"u_jsonp_4_q\" class=\"_36hm _5cmn\">\n<table class=\"uiGrid _51mz\" cellspacing=\"0\" cellpadding=\"0\">\n<tbody>\n<tr class=\"_51mx\">\n<td class=\"_51m- _51mw\">\n<div class=\"_4930\">\n<div class=\"_4dpf _phw\">\n<div class=\"_6a\">\n<div class=\"_6a _6b\"><\/div>\n<div class=\"_6a _6b\">\n<div class=\"_xkh\">\n<p><a id=\"u_jsonp_4_r\" class=\"_5xhk\" href=\"https:\/\/www.facebook.com\/LeSpace.brussels\/\" data-hovercard=\"\/ajax\/hovercard\/page.php?id=872724109436668\" data-hovercard-prefer-more-content-show=\"1\">Le Space<\/a><\/p>\n<div class=\"_5xhp fsm fwn fcg\">Rue de la Cl\u00e9 26 Sleutelstraat, 1000 R\u00e9gion de Bruxelles-Capitale<\/div>\n<div><\/div>\n<\/div>\n<\/div>\n<\/div>\n<\/div>\n<div class=\"_xkg _phw\">\n<div>\n<div id=\"u_jsonp_4_t\" class=\"\">\n<div class=\"_6a\">\n<div class=\"_6a _6b\"><a href=\"https:\/\/www.facebook.com\/events\/140968020065908\/?active_tab=about\">\u00a0\u00c9v\u00e9nement FB<\/a><\/div>\n<div class=\"_6a _6b\"><\/div>\n<\/div>\n<\/div>\n<\/div>\n<\/div>\n<\/div>\n<\/td>\n<\/tr>\n<\/tbody>\n<\/table>\n<\/div>\n<\/li>\n<\/ul>\n<p>&nbsp;<\/p>\n","protected":false},"excerpt":{"rendered":"","protected":false},"author":1,"featured_media":3651,"comment_status":"open","ping_status":"open","sticky":false,"template":"","format":"video","meta":{"footnotes":""},"categories":[1,21,36,4,7,8,18,28,39,17,5],"tags":[31,84,14,102,329,328,15],"class_list":["post-3649","post","type-post","status-publish","format-video","has-post-thumbnail","hentry","category-non-classe","category-anti-imperialisme","category-europe","category-islamophobie","category-negrophobie","category-prisons","category-resistance-bruxelles","category-racismes","category-sans-papier","category-video","category-violence-policiere","tag-belgique","tag-black-power","tag-bruxelles","tag-decolonial","tag-damso","tag-norman-ajari","tag-resistance","post_format-post-format-video"],"_links":{"self":[{"href":"https:\/\/bruxelles-pantheres.be\/index.php?rest_route=\/wp\/v2\/posts\/3649","targetHints":{"allow":["GET"]}}],"collection":[{"href":"https:\/\/bruxelles-pantheres.be\/index.php?rest_route=\/wp\/v2\/posts"}],"about":[{"href":"https:\/\/bruxelles-pantheres.be\/index.php?rest_route=\/wp\/v2\/types\/post"}],"author":[{"embeddable":true,"href":"https:\/\/bruxelles-pantheres.be\/index.php?rest_route=\/wp\/v2\/users\/1"}],"replies":[{"embeddable":true,"href":"https:\/\/bruxelles-pantheres.be\/index.php?rest_route=%2Fwp%2Fv2%2Fcomments&post=3649"}],"version-history":[{"count":4,"href":"https:\/\/bruxelles-pantheres.be\/index.php?rest_route=\/wp\/v2\/posts\/3649\/revisions"}],"predecessor-version":[{"id":3665,"href":"https:\/\/bruxelles-pantheres.be\/index.php?rest_route=\/wp\/v2\/posts\/3649\/revisions\/3665"}],"wp:featuredmedia":[{"embeddable":true,"href":"https:\/\/bruxelles-pantheres.be\/index.php?rest_route=\/wp\/v2\/media\/3651"}],"wp:attachment":[{"href":"https:\/\/bruxelles-pantheres.be\/index.php?rest_route=%2Fwp%2Fv2%2Fmedia&parent=3649"}],"wp:term":[{"taxonomy":"category","embeddable":true,"href":"https:\/\/bruxelles-pantheres.be\/index.php?rest_route=%2Fwp%2Fv2%2Fcategories&post=3649"},{"taxonomy":"post_tag","embeddable":true,"href":"https:\/\/bruxelles-pantheres.be\/index.php?rest_route=%2Fwp%2Fv2%2Ftags&post=3649"}],"curies":[{"name":"wp","href":"https:\/\/api.w.org\/{rel}","templated":true}]}}