{"id":3688,"date":"2018-04-27T16:45:27","date_gmt":"2018-04-27T15:45:27","guid":{"rendered":"https:\/\/bruxelles-pantheres.be\/?p=3688"},"modified":"2018-04-27T16:45:27","modified_gmt":"2018-04-27T15:45:27","slug":"1955-2018-dun-bandung-a-lautre-lurgence-de-faire-front","status":"publish","type":"post","link":"https:\/\/bruxelles-pantheres.be\/?p=3688","title":{"rendered":"1955-2018 : D\u2019un Bandung \u00e0 l\u2019autre l\u2019urgence de faire front."},"content":{"rendered":"<p>Avec Angela Davis, Aminata Traor\u00e9, Fred Hampton Jr, Mountadhar Al Zaidi et Elie Domota, sous le parrainage de Mumia Abu Jamal et L\u00e9onard Peltier, une conf\u00e9rence internationale, dite Bandung du Nord, accueillera des d\u00e9l\u00e9gations d\u2019activistes issus des immigrations postcoloniales de tous les pays occidentaux, du 4 au 6 mai, \u00e0 la Bourse du Travail de Saint-Denis.<\/p>\n<p><b>1955. En pr\u00e9sence de Nasser, Soekarno, Zhu Enlai, Nehru, N\u2019Krumah<\/b>\u2026, 29 pays d\u2019Afrique et d\u2019Asie tiennent la premi\u00e8re conf\u00e9rence internationale des pays nouvellement d\u00e9colonis\u00e9s. Auto-baptis\u00e9 \u00ab\u00a0non-align\u00e9 \u00bb, \u00ab\u00a0ce tiers-monde ignor\u00e9, exploit\u00e9, m\u00e9pris\u00e9\u00a0\u00bb veut peser dans les affaires du monde. Au-del\u00e0 du bilan contestable et contest\u00e9 de leur \u00e9volution, ces pays ont inaugur\u00e9, dans l\u2019apr\u00e8s-guerre, un moment fondateur : celui d\u2019un Sud qui s\u2019organise contre le colonialisme, pour le droit des peuples \u00e0 disposer d\u2019eux-m\u00eames contre l\u2019imp\u00e9rialisme, en dehors de l\u2019affrontement bloc contre bloc (Etats-Unis\/Urss) qui domine cette p\u00e9riode.<!--more--><\/p>\n<p style=\"text-align: center;\"><a href=\"https:\/\/bruxelles-pantheres.be\/wp-content\/uploads\/2018\/04\/30709048_2418807091470686_6702784163239428096_o.jpg\"><img decoding=\"async\" class=\"alignnone size-full wp-image-3689\" src=\"https:\/\/bruxelles-pantheres.be\/wp-content\/uploads\/2018\/04\/30709048_2418807091470686_6702784163239428096_o.jpg\" alt=\"\" width=\"526\" height=\"276\" srcset=\"https:\/\/bruxelles-pantheres.be\/wp-content\/uploads\/2018\/04\/30709048_2418807091470686_6702784163239428096_o.jpg 526w, https:\/\/bruxelles-pantheres.be\/wp-content\/uploads\/2018\/04\/30709048_2418807091470686_6702784163239428096_o-300x157.jpg 300w\" sizes=\"(max-width: 526px) 100vw, 526px\" \/><\/a><\/p>\n<p><b>2018. En pr\u00e9sence d\u2019Angela Davis, Elie Domota, Aminata Traor\u00e9, Fred Hampton Jr\u2026, et sous l\u2019impulsion du Decolonial International Network (DIN)<\/b>, un Bandung du Nord se d\u00e9roulera du 4 au 6 mai \u00e0 la bourse du travail de St Denis\u00a0: \u00a0<a class=\"external\" href=\"http:\/\/bandungdunord.webflow.io\/\" target=\"_blank\" rel=\"noopener\">http:\/\/bandungdunord.webflow.io\/<\/a><\/p>\n<p>Loin de toute pr\u00e9tention mim\u00e9tique, et dans une p\u00e9riode toute autre, d\u2019h\u00e9g\u00e9monie d\u2019un capitalisme n\u00e9olib\u00e9ral meurtrier, ce forum part d\u2019un constat\u00a0:<\/p>\n<p><b>1\/ dans le Sud, la contre-r\u00e9volution coloniale<\/b> a fait son \u0153uvre\u00a0: les nouvelles ind\u00e9pendances, dirig\u00e9es par des classes politiques corrompues et inf\u00e9od\u00e9es \u00e0 la domination \u00e9conomique, politique, militaire et culturelle occidentale, n\u2019ont pas conduit \u00e0 une lib\u00e9ration des peuples du Sud.<\/p>\n<p><b>2\/ dans le Nord, la mont\u00e9e des nationalismes et les haines identitaires<\/b> s\u2019attaquent aujourd\u2019hui ouvertement aux populations issues des ex-colonies. Mais il y a un \u00e9l\u00e9ment nouveau\u00a0: celles-ci sont devenues une r\u00e9alit\u00e9 incontournable. En Europe comme aux Etats-Unis, au Canada et en Australie, elles s\u2019organisent pour peser politiquement, comme leurs a\u00een\u00e9s, \u00e0 Bandung, en Indon\u00e9sie, en 1955.<\/p>\n<p>Ce Bandung du Nord accueillera des d\u00e9l\u00e9gations des Etats-Unis, du Qu\u00e9bec, de Su\u00e8de, d\u2019Allemagne, des Pays bas, d\u2019Espagne, de Belgique et du Portugal\u2026 Il a un double objectif\u00a0:<\/p>\n<p>1\/ Cr\u00e9er un forum permanent transnational des \u00ab\u00a0colonis\u00e9s\u00a0\u00bb du Nord pour ne plus subir les discriminations raciales insupportables dans les pays dits d\u00e9mocratiques\u00a0;<\/p>\n<p>2\/ Contribuer, comme force politique ind\u00e9pendante, \u00e0 la construction d\u2019une alternative contre l\u2019imp\u00e9rialisme, le racisme et l\u2019ordre n\u00e9olib\u00e9ral.<\/p>\n<p>Tous les th\u00e8mes qui f\u00e2chent seront abord\u00e9s sans d\u00e9tour, ni pudeur\u00a0: le racisme d\u2019Etat, l\u2019imp\u00e9rialisme, les oppressions de genre, le racisme intra-communautaire, l\u2019antis\u00e9mitisme, l\u2019eurocentrisme, le rapport avec les gauches europ\u00e9ennes, les conditions de la convergence\u2026 avec la participation de nombreux militants, associatifs, politiques, intellectuels et universitaires de toutes sensibilit\u00e9s et de tous pays.<\/p>\n<p>Le forum est ouvert \u00e0 toutes et \u00e0 tous.<\/p>\n<p>Le collectif Bandung du Nord<\/p>\n<p>Bandungdunord@gmail.com<\/p>\n<p style=\"text-align: center;\"><a href=\"https:\/\/bruxelles-pantheres.be\/wp-content\/uploads\/2018\/03\/29541800_1991908057490835_7043248961506709550_n.jpg\"><img decoding=\"async\" class=\"alignnone size-full wp-image-3646\" src=\"https:\/\/bruxelles-pantheres.be\/wp-content\/uploads\/2018\/03\/29541800_1991908057490835_7043248961506709550_n.jpg\" alt=\"\" width=\"679\" height=\"960\" srcset=\"https:\/\/bruxelles-pantheres.be\/wp-content\/uploads\/2018\/03\/29541800_1991908057490835_7043248961506709550_n.jpg 679w, https:\/\/bruxelles-pantheres.be\/wp-content\/uploads\/2018\/03\/29541800_1991908057490835_7043248961506709550_n-212x300.jpg 212w\" sizes=\"(max-width: 679px) 100vw, 679px\" \/><\/a><\/p>\n<p><strong>APPEL DU BANDUNG DU NORD<\/strong><\/p>\n<p>\u00ab Il s\u2019agit de la premi\u00e8re conf\u00e9rence intercontinentale r\u00e9unissant des peuples de couleur dans l\u2019histoire de l\u2019humanit\u00e9 ! (\u2026) Que les dirigeants des peuples d\u2019Asie et d\u2019Afrique puissent se r\u00e9unir dans leurs propres pays pour discuter et d\u00e9battre de questions d\u2019int\u00e9r\u00eat commun marque un nouveau d\u00e9part dans l\u2019histoire du monde. Ah, mes chers fr\u00e8res et s\u0153urs, faites en sorte que cette conf\u00e9rence remporte un grand succ\u00e8s ! Malgr\u00e9 la diversit\u00e9 existant parmi ses participants, faits en sorte qu\u2019elle remporte un grand succ\u00e8s ! Oui, il y a de la diversit\u00e9 parmi nous. Qui le nie ? (\u2026) Mais quel mal y aurait-il \u00e0 la diversit\u00e9 ? (\u2026) Cette conf\u00e9rence n\u2019a pas pour but de nous opposer les uns aux autres. \u00bb<\/p>\n<p>C\u2019est par ces mots que le pr\u00e9sident Sukarno a ouvert une conf\u00e9rence internationale intitul\u00e9e \u00ab Faisons \u00e9merger une nouvelle Afrique et une nouvelle Asie \u00bb, dans la ville indon\u00e9sienne de Bandung, en 1955. Il s\u2019agissait de la premi\u00e8re r\u00e9union internationale de chefs d\u2019\u00c9tats de pays du Sud global.<\/p>\n<p>Du 5 au 7 mai 2018, le comit\u00e9 du \u00ab Bandung du Nord \u00bb organisera une conf\u00e9rence internationale \u00e0 Paris, s\u2019inscrivant dans l\u2019esprit de la conf\u00e9rence de Bandung de 1955. Ce sera la premi\u00e8re conf\u00e9rence internationale de personnes de couleur prenant \u00e0 bras le corps les questions concernant les non-blancs vivant dans le nord global, afin de discuter de probl\u00e9matiques qu\u2019elles ont en commun.<br \/>\nLe \u00ab Nord global \u00bb fait r\u00e9f\u00e9rence aux pays d\u2019Europe occidentale, d\u2019Am\u00e9rique du Nord et d\u2019Oc\u00e9anie, qui ont colonis\u00e9 et se sont partag\u00e9 l\u2019Afrique, l\u2019Asie et les Am\u00e9riques. Aujourd\u2019hui, de larges communaut\u00e9s du Sud global vivent au sein de leurs m\u00e9tropoles. Sur 800 millions de personnes vivant dans ces pays, on estime le nombre de non-blancs \u00e0 160 millions.<\/p>\n<p>Ils font l\u2019exp\u00e9rience du racisme dans toutes les sph\u00e8res de la vie, tel un rappel constant de la continuit\u00e9 de l\u2019h\u00e9ritage colonial. Le racisme ne se manifeste pas uniquement \u00e0 travers les discriminations sur la base de la couleur de peau, mais \u00e9galement sur la base de la religion, de l\u2019origine et de la culture. Le racisme est enracin\u00e9 dans les institutions \u00e9conomiques, sociales, politiques et culturelles. Le racisme se retrouve \u00e9galement dans les domaines de la sant\u00e9, du logement et du monde du travail o\u00f9 les non-blancs se retrouvent toujours en position d\u2019inf\u00e9riorit\u00e9 par rapport aux blancs. Le racisme se traduit par la s\u00e9gr\u00e9gation sociale. Il se manifeste dans le syst\u00e8me politique qui prive les non-blancs de parole et impose un r\u00e9cit dominant sur le terrorisme qui facilite la mont\u00e9e d\u2019un \u00c9tat policier et cible les personnes non blanches. Il se manifeste dans la culture qui promeut le concept de sup\u00e9riorit\u00e9 de l\u2019Occident et d\u2019inf\u00e9riorit\u00e9 du reste du monde, impose l\u2019assimilation et instrumentalise la diversit\u00e9.<\/p>\n<p>Les communaut\u00e9s non blanches du Nord global sont porteuses d\u2019une diversit\u00e9 d\u2019exp\u00e9riences historiques : le g\u00e9nocide indig\u00e8ne et la spoliation des terres, l\u2019esclavage transatlantique et d\u2019autres formes de migrations forc\u00e9es, l\u2019immigration actuelle due aux guerres coloniales et une pauvret\u00e9 et des in\u00e9galit\u00e9s aggrav\u00e9es. En retour, elles ont amen\u00e9 une diversification des mouvements sociaux et ont propos\u00e9 leurs propres r\u00e9cits quant \u00e0 leurs oppressions et exploitations.<br \/>\nLe Bandung du Nord a pour objectif de proposer l&rsquo;id\u00e9e d&rsquo;une Internationale D\u00e9coloniale qui scellerait une alliance politique entre les mouvements d\u00e9coloniaux d&rsquo;Occident. Il s&rsquo;agira de forger des projets et des outils de lutte et de r\u00e9sistance face, d&rsquo;une part, \u00e0 la mont\u00e9e des nationalismes supr\u00e9macistes et de l&rsquo;ultra lib\u00e9ralisme et, d&rsquo;autre part, \u00e0 la poursuite de la domination imp\u00e9rialiste sous toutes ses formes.<\/p>\n<p>Cette conf\u00e9rence comportera des sessions pl\u00e9ni\u00e8res avec les intervenants principaux : Fred Hampton Jr., Ramon Grosfoguel et Elie Domota. Les diff\u00e9rents ateliers exploreront diff\u00e9rentes th\u00e9matiques allant de la mont\u00e9e de l\u2019\u00c9tat policier jusqu\u2019aux rapports entre les mouvements sociaux des communaut\u00e9s noires, indig\u00e8nes, rroms, asiatiques et islamiques.<\/p>\n<p>Le comit\u00e9 organisateur de cette conf\u00e9rence est compos\u00e9 du r\u00e9seau d\u00e9colonial international (DIN) et de militants vivant en France.<\/p>\n<p>Le site internet du DIN donnera les informations quant \u00e0 la conf\u00e9rence : <a href=\"https:\/\/l.facebook.com\/l.php?u=http%3A%2F%2Fwww.din.today%2F&amp;h=ATOUog-Qp_XmsrX0phtd3wFDIm9yyx6usB5v52GdtViuNtm20pYNnPYMN2yhj0yBvda_yoIxltTy2U9xdARDgXyytMHcXZbAbQ6RhEo&amp;s=1\">www.din.today<\/a><\/p>\n<section id=\"Programme\" class=\"section-2\">\n<div class=\"container-programme w-container\">\n<p class=\"texte-programme\"><span class=\"text-span\"><strong><span class=\"text-span-2\"><span class=\"text-span-4\">Programme<\/span><\/span><\/strong><\/span><\/p>\n<p><a class=\"button-2 programme w-button\" href=\"https:\/\/www.dropbox.com\/s\/q6tf7qlowk6st4g\/programmebandung.pdf?dl=0\" target=\"_blank\" rel=\"noopener\">T\u00e9l\u00e9charger le<br \/>\nprogramme de l\u2019\u00e9v\u00e9nement<\/a><\/p>\n<div class=\"w-row\">\n<div class=\"column-14 w-col w-col-4 w-col-small-4 w-col-tiny-tiny-stack\">\n<ul class=\"w-list-unstyled\">\n<li><img decoding=\"async\" src=\"http:\/\/uploads.webflow.com\/5a9721db54bf8f0001367006\/5ab2a226b6f4d729252ba6b0_Image5.png\" width=\"150\" \/><\/li>\n<li class=\"list-programme\"><strong>18h30<\/strong><br \/>\nOuverture au public<\/li>\n<li class=\"list-programme\"><strong>19h30<\/strong><br \/>\nPl\u00e9ni\u00e8re #1\u00a0: Pourquoi un Bandung du Nord\u00a0?<\/li>\n<\/ul>\n<\/div>\n<div class=\"column-12 w-col w-col-4 w-col-small-4 w-col-tiny-tiny-stack\">\n<ul class=\"w-list-unstyled\">\n<li><img decoding=\"async\" class=\"image-30\" src=\"http:\/\/uploads.webflow.com\/5a9721db54bf8f0001367006\/5ab2a235a2a404210df39468_Image6.png\" width=\"150\" \/><\/li>\n<li class=\"list-programme\"><strong>9h<\/strong><br \/>\nAccueil du public<\/li>\n<li class=\"list-programme\"><strong>9h30<\/strong><br \/>\nForum #1\u00a0:\u00a0 Racismes intra-communautaires ou comment les<br \/>\ncombattre et construire une alliance strat\u00e9gique entre les communaut\u00e9s ?<\/li>\n<li class=\"list-programme\"><strong>14h<\/strong><br \/>\nPl\u00e9ni\u00e8re #2\u00a0: Combattre l\u2019Etat policier et le racisme d\u2019Etat \u00e0 l\u2019\u00e9chelle des pays du Nord.<\/li>\n<li class=\"list-programme\"><strong>16h30<\/strong><br \/>\nForum #2\u00a0: Les effets du racisme sur les f\u00e9minit\u00e9s et les masculinit\u00e9s opprim\u00e9es : comment les articuler et les combattre ensemble ?<\/li>\n<li class=\"list-programme\"><strong>20h<\/strong><br \/>\nPl\u00e9ni\u00e8re #3\u00a0: Combattre l\u2019imp\u00e9rialisme<\/li>\n<\/ul>\n<\/div>\n<div class=\"w-col w-col-4 w-col-small-4 w-col-tiny-tiny-stack\">\n<ul class=\"w-list-unstyled\">\n<li><img decoding=\"async\" src=\"http:\/\/uploads.webflow.com\/5a9721db54bf8f0001367006\/5ab2a249a2a404177af39475_Image7.png\" width=\"150\" \/><\/li>\n<li class=\"list-programme\"><strong>9h30<br \/>\n<\/strong>Accueil du public<\/li>\n<li class=\"list-programme\"><strong>10h<\/strong><br \/>\nForum #3\u00a0: Vers une nouvelle civilisation\u00a0: d\u00e9passer le paradigme de la Modernit\u00e9.<\/li>\n<li class=\"list-programme\"><strong>14h<\/strong><br \/>\nForum #4\u00a0: Quelles<br \/>\nalliances avec la gauche ?<\/li>\n<li class=\"list-programme\"><strong>16h30<\/strong><br \/>\nPl\u00e9ni\u00e8re de cl\u00f4ture\u00a0: Vers une internationale d\u00e9coloniale\u00a0?<\/li>\n<\/ul>\n<\/div>\n<\/div>\n<\/div>\n<\/section>\n<section id=\"Parrains\" class=\"section-3\">\n<div class=\"w-container\">\n<h1 class=\"heading-2\">En pr\u00e9sence de<\/h1>\n<div class=\"w-dyn-list\">\n<div class=\"w-dyn-items w-row\">\n<div class=\"collection-item w-dyn-item w-col w-col-4\">\n<div class=\"div-block\">\n<ul class=\"w-list-unstyled\">\n<li>\n<div class=\"text-block-2\">Angela Davis<\/div>\n<\/li>\n<li><a class=\"w-inline-block\" href=\"http:\/\/bandungdunord.webflow.io\/parrain\/angela-davis\"><img decoding=\"async\" class=\"image parrain\" src=\"http:\/\/uploads.webflow.com\/5a9721db54bf8f000136700b\/5aad4d1f3164e1f1770349d0_Angela%20Davis.jpg\" width=\"212\" \/><\/a><\/li>\n<\/ul>\n<\/div>\n<\/div>\n<div class=\"collection-item w-dyn-item w-col w-col-4\">\n<div class=\"div-block\">\n<ul class=\"w-list-unstyled\">\n<li>\n<div class=\"text-block-2\">Fred Hampton Jr<\/div>\n<\/li>\n<li><a class=\"w-inline-block\" href=\"http:\/\/bandungdunord.webflow.io\/parrain\/fred-hampton-jr\"><img decoding=\"async\" class=\"image parrain\" src=\"http:\/\/uploads.webflow.com\/5a9721db54bf8f000136700b\/5aad4f45e8d43c757f2ee321_Fred%20Hampton%20Jr..jpg\" width=\"212\" \/><\/a><\/li>\n<\/ul>\n<\/div>\n<\/div>\n<div class=\"collection-item w-dyn-item w-col w-col-4\">\n<div class=\"div-block\">\n<ul class=\"w-list-unstyled\">\n<li>\n<div class=\"text-block-2\">Elie Domota<\/div>\n<\/li>\n<li><a class=\"w-inline-block\" href=\"http:\/\/bandungdunord.webflow.io\/parrain\/elie-domota\"><img decoding=\"async\" class=\"image parrain\" src=\"http:\/\/uploads.webflow.com\/5a9721db54bf8f000136700b\/5aad4fbfaf9783d789236a2d_Elie%20Domota.jpg\" width=\"212\" \/><\/a><\/li>\n<\/ul>\n<\/div>\n<\/div>\n<div class=\"collection-item w-dyn-item w-col w-col-4\">\n<div class=\"div-block\">\n<ul class=\"w-list-unstyled\">\n<li>\n<div class=\"text-block-2\">Ram\u00f3n Grosfoguel<\/div>\n<\/li>\n<li><a class=\"w-inline-block\" href=\"http:\/\/bandungdunord.webflow.io\/parrain\/ramon-grosfoguel\"><img decoding=\"async\" class=\"image parrain\" src=\"http:\/\/uploads.webflow.com\/5a9721db54bf8f000136700b\/5aad50633164e13e01034aa3_Ramon%20Grosfoguel.jpg\" width=\"212\" \/><\/a><\/li>\n<\/ul>\n<\/div>\n<\/div>\n<div class=\"collection-item w-dyn-item w-col w-col-4\">\n<div class=\"div-block\">\n<ul class=\"w-list-unstyled\">\n<li>\n<div class=\"text-block-2\">Muntadhar al-Zaidi<\/div>\n<\/li>\n<li><img decoding=\"async\" class=\"\" src=\"http:\/\/uploads.webflow.com\/5a9721db54bf8f000136700b\/5aad51017fb51154a21f2f93_Muntadhar%20al-Zaidi-p-500.jpeg\" alt=\"http:\/\/uploads.webflow.com\/5a9721db54bf8f000136700b\/5aad51017fb51154a21f2f93_Muntadhar%20al-Zaidi-p-500.jpeg\" width=\"213\" height=\"213\" \/><\/li>\n<\/ul>\n<\/div>\n<\/div>\n<\/div>\n<\/div>\n<\/div>\n<\/section>\n<section id=\"inscription\" class=\"section-3 inscription-en-ligne\">\n<div class=\"container-4 w-container\" style=\"text-align: center;\">\n<h4 class=\"heading-2 inscription\">Pr\u00e9 &#8211; inscription \u00e0 l&rsquo;\u00e9v\u00e9nement<br \/>\n<span class=\"nombre-limit\">(Nombre de places limit\u00e9)<\/span><\/h4>\n<p><a class=\"button-2 inscription2 w-button\" href=\"https:\/\/www.helloasso.com\/associations\/audact\/evenements\/bandung-du-nord\/\" target=\"_blank\" rel=\"noopener\">VEUILLEZ VOUS INSCRIRE ICI<\/a><\/div>\n<\/section>\n","protected":false},"excerpt":{"rendered":"<p>Avec Angela Davis, Aminata Traor\u00e9, Fred Hampton Jr, Mountadhar Al Zaidi et Elie Domota, sous le parrainage de Mumia Abu Jamal et L\u00e9onard Peltier, une conf\u00e9rence internationale, dite Bandung du Nord, accueillera des d\u00e9l\u00e9gations d\u2019activistes issus des immigrations postcoloniales de tous les pays occidentaux, du 4 au 6 mai, \u00e0 la Bourse du Travail de &#8230; <a title=\"1955-2018 : D\u2019un Bandung \u00e0 l\u2019autre l\u2019urgence de faire front.\" class=\"read-more\" href=\"https:\/\/bruxelles-pantheres.be\/?p=3688\" aria-label=\"En savoir plus sur 1955-2018 : D\u2019un Bandung \u00e0 l\u2019autre l\u2019urgence de faire front.\">Lire la suite<\/a><\/p>\n","protected":false},"author":1,"featured_media":3645,"comment_status":"open","ping_status":"open","sticky":false,"template":"","format":"standard","meta":{"footnotes":""},"categories":[1,35,21,22,25,36,42,4,20,7,6,8,18,28,37,39,5],"tags":[334,65,184,333,335,337,336,103],"class_list":["post-3688","post","type-post","status-publish","format-standard","has-post-thumbnail","hentry","category-non-classe","category-amerique-du-sud","category-anti-imperialisme","category-emploi","category-enseignement","category-europe","category-homophobie","category-islamophobie","category-logement","category-negrophobie","category-palestine-moyen-orient","category-prisons","category-resistance-bruxelles","category-racismes","category-romophobie","category-sans-papier","category-violence-policiere","tag-aminata-traore","tag-angela-davis","tag-bandung","tag-elie-domota","tag-fred-hampton-jr","tag-leonard-peltier","tag-mountadhar-al-zaidi","tag-mumia-abu-jamal"],"_links":{"self":[{"href":"https:\/\/bruxelles-pantheres.be\/index.php?rest_route=\/wp\/v2\/posts\/3688","targetHints":{"allow":["GET"]}}],"collection":[{"href":"https:\/\/bruxelles-pantheres.be\/index.php?rest_route=\/wp\/v2\/posts"}],"about":[{"href":"https:\/\/bruxelles-pantheres.be\/index.php?rest_route=\/wp\/v2\/types\/post"}],"author":[{"embeddable":true,"href":"https:\/\/bruxelles-pantheres.be\/index.php?rest_route=\/wp\/v2\/users\/1"}],"replies":[{"embeddable":true,"href":"https:\/\/bruxelles-pantheres.be\/index.php?rest_route=%2Fwp%2Fv2%2Fcomments&post=3688"}],"version-history":[{"count":1,"href":"https:\/\/bruxelles-pantheres.be\/index.php?rest_route=\/wp\/v2\/posts\/3688\/revisions"}],"predecessor-version":[{"id":3690,"href":"https:\/\/bruxelles-pantheres.be\/index.php?rest_route=\/wp\/v2\/posts\/3688\/revisions\/3690"}],"wp:featuredmedia":[{"embeddable":true,"href":"https:\/\/bruxelles-pantheres.be\/index.php?rest_route=\/wp\/v2\/media\/3645"}],"wp:attachment":[{"href":"https:\/\/bruxelles-pantheres.be\/index.php?rest_route=%2Fwp%2Fv2%2Fmedia&parent=3688"}],"wp:term":[{"taxonomy":"category","embeddable":true,"href":"https:\/\/bruxelles-pantheres.be\/index.php?rest_route=%2Fwp%2Fv2%2Fcategories&post=3688"},{"taxonomy":"post_tag","embeddable":true,"href":"https:\/\/bruxelles-pantheres.be\/index.php?rest_route=%2Fwp%2Fv2%2Ftags&post=3688"}],"curies":[{"name":"wp","href":"https:\/\/api.w.org\/{rel}","templated":true}]}}