{"id":3693,"date":"2018-04-30T23:24:18","date_gmt":"2018-04-30T22:24:18","guid":{"rendered":"https:\/\/bruxelles-pantheres.be\/?p=3693"},"modified":"2018-04-30T16:43:28","modified_gmt":"2018-04-30T15:43:28","slug":"bandung-du-nord-vers-une-internationale-decoloniale-entretien-avec-sandew-hira","status":"publish","type":"post","link":"https:\/\/bruxelles-pantheres.be\/?p=3693","title":{"rendered":"Bandung du Nord : vers une Internationale d\u00e9coloniale. Entretien avec Sandew Hira"},"content":{"rendered":"<p><em>Sandew Hira est le coordinateur du r\u00e9seau d\u00e9colonial international (DIN) et le directeur de l\u2019International Institute for Scientific Research (IISR) de La Haye (Pays-Bas). L\u2019IISR est une organisation membre du DIN, qui s\u2019attache \u00e0 mener des recherches autour de la d\u00e9colonisation de l\u2019esprit. Sandew Hira dirige avec Stephen Small et Arzu Merali une collection de livres chez Amrit Publishers\u00a0: \u00ab\u00a0Decolonizing the Mind\u00a0\u00bb.<\/em><!--more--><\/p>\n<p style=\"text-align: center;\"><a href=\"https:\/\/bruxelles-pantheres.be\/wp-content\/uploads\/2018\/04\/30709048_2418807091470686_6702784163239428096_o.jpg\"><img decoding=\"async\" class=\"alignnone size-full wp-image-3689\" src=\"https:\/\/bruxelles-pantheres.be\/wp-content\/uploads\/2018\/04\/30709048_2418807091470686_6702784163239428096_o.jpg\" alt=\"\" width=\"526\" height=\"276\" srcset=\"https:\/\/bruxelles-pantheres.be\/wp-content\/uploads\/2018\/04\/30709048_2418807091470686_6702784163239428096_o.jpg 526w, https:\/\/bruxelles-pantheres.be\/wp-content\/uploads\/2018\/04\/30709048_2418807091470686_6702784163239428096_o-300x157.jpg 300w\" sizes=\"(max-width: 526px) 100vw, 526px\" \/><\/a><\/p>\n<h2>Qu\u2019est-ce que le r\u00e9seau d\u00e9colonial international (DIN)\u00a0?<\/h2>\n<p>Le DIN est un r\u00e9seau international de militants qui travaillent autour de nouvelles philosophies de la lib\u00e9ration, en dehors de la philosophie occidentale des Lumi\u00e8res, comme source d\u2019inspiration de leur militantisme. Au cours des derni\u00e8res d\u00e9cennies, le terme \u00ab d\u00e9colonial \u00bb a \u00e9t\u00e9 utilis\u00e9 par diverses \u00e9coles critiquant les id\u00e9ologies issues des Lumi\u00e8res europ\u00e9ennes. La chute du bloc sovi\u00e9tique a donn\u00e9 un nouvel \u00e9lan au d\u00e9veloppement de nouvelles th\u00e9ories de la lib\u00e9ration, qui vont au-del\u00e0 de la production de savoir occidental.<\/p>\n<p>&nbsp;<\/p>\n<h2>Pourquoi organiser un Bandung du Nord\u00a0?<\/h2>\n<p>La conf\u00e9rence du Bandung du Nord, qui se tiendra en France en 2018, s\u2019inspire de la conf\u00e9rence organis\u00e9e en 1955, dans la ville de Bandung en Indon\u00e9sie, par les dirigeants de pays qui avaient lutt\u00e9 pour leur ind\u00e9pendance politique et \u00e9conomique. Ces dirigeants ne voulaient pas se retrouver \u00e0 devoir choisir entre l\u2019Occident et le bloc sovi\u00e9tique. Ils affirmaient qu\u2019il existait une autre voie pour le monde qui devrait prendre en compte les id\u00e9es qui ont \u00e9t\u00e9 produites par de grandes civilisations en dehors de l\u2019Occident. Cette d\u00e9marche s\u2019inscrit parfaitement dans le concept de la conf\u00e9rence du Bandung de 2018, \u00e0 Paris, o\u00f9 le d\u00e9fi le plus important est de d\u00e9velopper de nouvelles th\u00e9ories et pratiques de la lib\u00e9ration.<\/p>\n<p>Lors de cet \u00e9v\u00e9nement, qui se d\u00e9roulera du 4 au 6 mai prochain, nous avons la chance de recevoir, parmi les intervenants, des personnalit\u00e9s aussi diverses qu\u2019Angela Davis, Fred Hampton Jr., Elie Domota, Muntadhar al-Zaidi, Safa Chebbi, Nordine Saidi, mais \u00e9galement des militants et intellectuels antiracistes fran\u00e7ais comme Houria Bouteldja, Louisa Yousfi ou encore Norman Ajari (le programme complet est t\u00e9l\u00e9chargeable sur le site web de l\u2019\u00e9v\u00e9nement\u00a0: <a href=\"http:\/\/bandungdunord.webflow.io\/#Programme\">http:\/\/bandungdunord.webflow.io\/#Programme<\/a>).<\/p>\n<p>&nbsp;<\/p>\n<h2>Quels th\u00e8mes seront abord\u00e9s lors de cet \u00e9v\u00e9nement\u00a0?<\/h2>\n<p>Il y a quatre questions importantes qui guideront cette conf\u00e9rence\u00a0:<\/p>\n<p>1. D\u00e9terminer o\u00f9 nous en sommes dans l\u2019imagination d\u2019une nouvelle civilisation mondiale qui puisse enfin se lib\u00e9rer de l\u2019h\u00e9ritage du colonialisme. Quelle est notre analyse de l\u2019\u00e9tat actuel du monde et vers quoi celui-ci se dirige-t-il avec la chute des empires coloniaux et la mont\u00e9e d\u2019une nouvelle g\u00e9n\u00e9ration qui critique l\u2019h\u00e9ritage id\u00e9ologique des Lumi\u00e8res.<\/p>\n<p>2. Comment cr\u00e9er un climat d\u2019unit\u00e9 dans la diversit\u00e9, une th\u00e9matique qui \u00e9tait d\u00e9j\u00e0 importante de la conf\u00e9rence de 1955. La question d\u2019avoir des opinions diff\u00e9rentes et \u00eatre tout de m\u00eame capable de travailler ensemble est li\u00e9e \u00e0 la critique du concept d\u2019universalisme selon lequel ce qui vaut pour l\u2019occident vaut pour le monde entier.<\/p>\n<p>3. Comment d\u00e9velopper un concept de solidarit\u00e9 entre les luttes dans le nord global et le sud global qui ne soit pas uniquement bas\u00e9 sur l\u2019int\u00e9r\u00eat mat\u00e9riel, mais \u00e9galement sur les concepts moraux d\u2019humanit\u00e9 et d\u2019amour et comment lier ces diff\u00e9rentes luttes dans ces r\u00e9gions\u2009?<\/p>\n<p>4. Comment b\u00e2tir une internationale d\u00e9coloniale.<\/p>\n<p>&nbsp;<\/p>\n<h2>Comment peut-on aider concr\u00e8tement \u00e0 l\u2019organisation de cette conf\u00e9rence\u00a0?<\/h2>\n<p>Les personnes qui souhaitent contribuer \u00e0 l\u2019organisation de ce projet ambitieux peuvent nous aider financi\u00e8rement par le biais d\u2019une cagnotte en ligne (<a href=\"https:\/\/www.helloasso.com\/associations\/audact\/collectes\/bandung-du-nord\">https:\/\/www.helloasso.com\/associations\/audact\/collectes\/bandung-du-nord<\/a>). L\u2019argent collect\u00e9 servira \u00e0 payer la location de la Bourse du Travail de Saint-Denis, ainsi que les frais logistiques et de s\u00e9curit\u00e9. L\u2019argent restant sera collect\u00e9 gr\u00e2ce au prix d\u2019entr\u00e9e (libre) propos\u00e9 au public qui participera \u00e0 cette conf\u00e9rence, ainsi que par la vente de nourriture et de t-shirts.<\/p>\n<p>Le Bandung du Nord est un \u00e9v\u00e9nement ouvert \u00e0 tous, mais ceux qui ne peuvent s\u2019y rendre peuvent \u00e9galement nous aider en faisant circuler le programme et les diverses informations relatives \u00e0 celui-ci.<\/p>\n<p><a href=\"https:\/\/bruxelles-pantheres.be\/wp-content\/uploads\/2018\/03\/29541800_1991908057490835_7043248961506709550_n.jpg\"><img decoding=\"async\" class=\"size-full wp-image-3646 aligncenter\" src=\"https:\/\/bruxelles-pantheres.be\/wp-content\/uploads\/2018\/03\/29541800_1991908057490835_7043248961506709550_n.jpg\" alt=\"\" width=\"679\" height=\"960\" srcset=\"https:\/\/bruxelles-pantheres.be\/wp-content\/uploads\/2018\/03\/29541800_1991908057490835_7043248961506709550_n.jpg 679w, https:\/\/bruxelles-pantheres.be\/wp-content\/uploads\/2018\/03\/29541800_1991908057490835_7043248961506709550_n-212x300.jpg 212w\" sizes=\"(max-width: 679px) 100vw, 679px\" \/><\/a><a href=\"https:\/\/www.contretemps.eu\/bandung-du-nord-internationale-decoloniale\/\">Source<\/a><\/p>\n","protected":false},"excerpt":{"rendered":"<p>Sandew Hira est le coordinateur du r\u00e9seau d\u00e9colonial international (DIN) et le directeur de l\u2019International Institute for Scientific Research (IISR) de La Haye (Pays-Bas). L\u2019IISR est une organisation membre du DIN, qui s\u2019attache \u00e0 mener des recherches autour de la d\u00e9colonisation de l\u2019esprit. Sandew Hira dirige avec Stephen Small et Arzu Merali une collection de &#8230; <a title=\"Bandung du Nord : vers une Internationale d\u00e9coloniale. Entretien avec Sandew Hira\" class=\"read-more\" href=\"https:\/\/bruxelles-pantheres.be\/?p=3693\" aria-label=\"En savoir plus sur Bandung du Nord : vers une Internationale d\u00e9coloniale. Entretien avec Sandew Hira\">Lire la suite<\/a><\/p>\n","protected":false},"author":1,"featured_media":3645,"comment_status":"open","ping_status":"open","sticky":false,"template":"","format":"standard","meta":{"footnotes":""},"categories":[1,35,21,36,4,7,6,8,18,28,37,39,5],"tags":[65,184,333,335,147,340,338,13,328,341,339],"class_list":["post-3693","post","type-post","status-publish","format-standard","has-post-thumbnail","hentry","category-non-classe","category-amerique-du-sud","category-anti-imperialisme","category-europe","category-islamophobie","category-negrophobie","category-palestine-moyen-orient","category-prisons","category-resistance-bruxelles","category-racismes","category-romophobie","category-sans-papier","category-violence-policiere","tag-angela-davis","tag-bandung","tag-elie-domota","tag-fred-hampton-jr","tag-houria-bouteldja","tag-louisa-yousfi","tag-muntadhar-al-zaidi","tag-nordine-saidi","tag-norman-ajari","tag-reseau-decolonial-international-din","tag-safa-chebbi"],"_links":{"self":[{"href":"https:\/\/bruxelles-pantheres.be\/index.php?rest_route=\/wp\/v2\/posts\/3693","targetHints":{"allow":["GET"]}}],"collection":[{"href":"https:\/\/bruxelles-pantheres.be\/index.php?rest_route=\/wp\/v2\/posts"}],"about":[{"href":"https:\/\/bruxelles-pantheres.be\/index.php?rest_route=\/wp\/v2\/types\/post"}],"author":[{"embeddable":true,"href":"https:\/\/bruxelles-pantheres.be\/index.php?rest_route=\/wp\/v2\/users\/1"}],"replies":[{"embeddable":true,"href":"https:\/\/bruxelles-pantheres.be\/index.php?rest_route=%2Fwp%2Fv2%2Fcomments&post=3693"}],"version-history":[{"count":2,"href":"https:\/\/bruxelles-pantheres.be\/index.php?rest_route=\/wp\/v2\/posts\/3693\/revisions"}],"predecessor-version":[{"id":3695,"href":"https:\/\/bruxelles-pantheres.be\/index.php?rest_route=\/wp\/v2\/posts\/3693\/revisions\/3695"}],"wp:featuredmedia":[{"embeddable":true,"href":"https:\/\/bruxelles-pantheres.be\/index.php?rest_route=\/wp\/v2\/media\/3645"}],"wp:attachment":[{"href":"https:\/\/bruxelles-pantheres.be\/index.php?rest_route=%2Fwp%2Fv2%2Fmedia&parent=3693"}],"wp:term":[{"taxonomy":"category","embeddable":true,"href":"https:\/\/bruxelles-pantheres.be\/index.php?rest_route=%2Fwp%2Fv2%2Fcategories&post=3693"},{"taxonomy":"post_tag","embeddable":true,"href":"https:\/\/bruxelles-pantheres.be\/index.php?rest_route=%2Fwp%2Fv2%2Ftags&post=3693"}],"curies":[{"name":"wp","href":"https:\/\/api.w.org\/{rel}","templated":true}]}}