{"id":370,"date":"2013-05-04T03:25:00","date_gmt":"2013-05-04T02:25:00","guid":{"rendered":"https:\/\/bruxelles-pantheres.be\/?p=370"},"modified":"2013-11-10T03:26:51","modified_gmt":"2013-11-10T02:26:51","slug":"carte-blanche-du-foro-de-la-memoria-de-belgica","status":"publish","type":"post","link":"https:\/\/bruxelles-pantheres.be\/?p=370","title":{"rendered":"Carte blanche du Foro de la Memoria de B\u00e9lgica"},"content":{"rendered":"<header><img decoding=\"async\" alt=\"news_216225_0\" src=\"http:\/\/www.egalite.be\/wp-content\/uploads\/2013\/05\/news_216225_0.jpg\" width=\"512\" height=\"341\" \/><\/header>\n<div>\n<p>&nbsp;<\/p>\n<p data-ft=\"{&quot;type&quot;:1,&quot;tn&quot;:&quot;K&quot;}\">Cette exposition est organis\u00e9e aux Halles St G\u00e9ry pour les raisons expliqu\u00e9es dans cette<strong> carte blanche que la presse belge n\u2019a pas souhait\u00e9 relayer\u2026<\/strong><\/p>\n<p>Carte blanche du Foro de la Memoria de B\u00e9lgica<br \/>\n(ASBL active dans le domaine de la r\u00e9cup\u00e9ration de la m\u00e9moire des victimes du franquisme).<\/p>\n<p>L\u2019 Europe en proie aux vieux d\u00e9mons de son histoire<!--more--><\/p>\n<p>Le 5 f\u00e9vrier 2013, un eurod\u00e9put\u00e9 du Parti Populaire Europ\u00e9en a oppos\u00e9 son veto \u00e0 l\u2019accueil dans l\u2019enceinte du Parlement europ\u00e9en de l\u2019exposition sur les exhumations de fosses communes du franquisme, r\u00e9alis\u00e9e par l\u2019Association pour la r\u00e9cup\u00e9ration de la M\u00e9moire Historique (ARMH) et programm\u00e9e de longue date par un eurod\u00e9put\u00e9 espagnol Ra\u00fal Romeva i Rueda.<\/p>\n<p data-ft=\"{&quot;type&quot;:1,&quot;tn&quot;:&quot;K&quot;}\">\nCe veto est le reflet de la politique n\u00e9gationniste men\u00e9e par le gouvernement du Parti Populaire en Espagne qui a rapidement mis fin aux timides avanc\u00e9es offertes par la Loi de M\u00e9moire Historique vot\u00e9e en d\u00e9cembre 2007 sous le gouvernement socialiste de Jos\u00e9 Luis Rodr\u00edguez Zapatero. Cette attitude n\u00e9gationniste d\u00e9montre que beaucoup de membres du Parti Populaire continuent \u00e0 l\u00e9gitimer les crimes commis durant cette p\u00e9riode sombre de l\u2019histoire europ\u00e9enne.<\/p>\n<p data-ft=\"{&quot;type&quot;:1,&quot;tn&quot;:&quot;K&quot;}\">\nCette posture est aussi celle du Parlement Europ\u00e9en, depuis sa cr\u00e9ation, par rapport \u00e0 sa propre histoire. En effet, le Pr\u00e9sident du Parlement europ\u00e9en a fait une d\u00e9claration en 2006 condamnant le coup d\u2019Etat et la dictature franquiste, malgr\u00e9 les protestations du Parti Populaire espagnol et l\u2019\u00e9loge de Franco prononc\u00e9 par un eurod\u00e9put\u00e9 polonais d\u2019extr\u00eame-droite. Toutefois, \u00e0 ce jour, le Parlement europ\u00e9en n\u2019a toujours pas vot\u00e9 une condamnation reconnaissant la nature fasciste du r\u00e9gime franquiste.<\/p>\n<p data-ft=\"{&quot;type&quot;:1,&quot;tn&quot;:&quot;K&quot;}\">\nCela d\u00e9montre le profond malaise par rapport \u00e0 l\u2019histoire de l\u2019Europe et au r\u00f4le de celle-ci dans la l\u00e9gitimation du r\u00e9gime fasciste mis en place par Franco apr\u00e8s le coup d\u2019Etat du 17 juillet 1936 qui mettait brutalement fin \u00e0 cinq ann\u00e9es d\u2019exp\u00e9riences d\u00e9mocratiques, d\u2019avanc\u00e9es sociales telles que le droit des travailleurs, la d\u00e9mocratisation de la culture, la r\u00e9forme agraire ainsi que des avanc\u00e9es \u00e9thiques telles que le droit de vote des femmes et le mariage civil.<br \/>\nIl nous para\u00eet important de souligner que, d\u00e8s 1946, les Nations Unies d\u00e9clarent que le r\u00e9gime franquiste, \u00ab en raison de son origine, de sa nature, de sa structure et de son comportement g\u00e9n\u00e9ral, est un r\u00e9gime fasciste calqu\u00e9 sur l\u2019Allemagne nazie de Hitler et l\u2019Italie fasciste de Mussolini et institu\u00e9 en grande partie gr\u00e2ce \u00e0 leur aide \u00bb.<br \/>\nSi le 4 novembre 1950, les Nations Unies d\u00e9cident \u00ab d\u2019abroger la recommandation visant \u00e0 emp\u00eacher l\u2019Espagne d\u2019adh\u00e9rer \u00e0 des institutions internationales \u00e9tablies par celles-ci (\u2026) \u00bb, cette abrogation ne porte pas sur l\u2019ensemble de la r\u00e9solution et ne modifie en rien l\u2019analyse de la nature fasciste du r\u00e9gime franquiste.<\/p>\n<p data-ft=\"{&quot;type&quot;:1,&quot;tn&quot;:&quot;K&quot;}\">\nL\u2019exposition \u00ab Exhumation de fosses et r\u00e9cup\u00e9ration de dignit\u00e9 \u00bb est cruciale pour la reconstruction de la m\u00e9moire collective europ\u00e9enne. All\u00e9guer que l\u2019exposition contient des images choquantes est inadmissible. Ce qui est choquant c\u2019est que l\u2019Espagne est, apr\u00e8s le Cambodge, le deuxi\u00e8me pays au monde en nombre de fosses clandestines (2246 r\u00e9pertori\u00e9es en 2012), avec quelque 110.000 personnes disparues. \u00abLa V\u00e9rit\u00e9, la Justice et la R\u00e9paration sont les principes de base du Droit International pour les victimes de ces violations des Droits humains. Ce sont ces principes qui auraient d\u00fb motiver Monsieur Jim Higgins \u00bb (porte-parole du PPE charg\u00e9 de la d\u00e9cision), rappelle l\u2019eurod\u00e9put\u00e9 Romeva.<br \/>\nIl est utile de rappeler que le Comit\u00e9 de Droits de l\u2019Homme des Nations Unies a demand\u00e9 au Gouvernement espagnol, \u00e0 plusieurs reprises, de cr\u00e9er une Commission d\u2019experts ind\u00e9pendants \u00ab charg\u00e9e de r\u00e9tablir la v\u00e9rit\u00e9 historique sur les violations des droits de l\u2019Hommes commises durant la Guerre civile et la Dictature \u00bb et de \u00ab permettre aux familles d\u2019identifier et d\u2019exhumer les corps des victimes \u00bb.<\/p>\n<p data-ft=\"{&quot;type&quot;:1,&quot;tn&quot;:&quot;K&quot;}\">\nCe veto est d\u2019autant plus incompr\u00e9hensible que diverses expositions relatives \u00e0 l\u2019holocauste ont pu \u00eatre organis\u00e9es au sein du Armh Bollullos Par del Condadolement, alors que nous connaissons tous le caract\u00e8re choquant des images qui refl\u00e8tent l\u2019ignominie des actes commis durant cette p\u00e9riode. Par ailleurs, Emilio Silva, pr\u00e9sident de l\u2019ARMH, a introduit un recours aupr\u00e8s du m\u00e9diateur europ\u00e9en.<\/p>\n<p data-ft=\"{&quot;type&quot;:1,&quot;tn&quot;:&quot;K&quot;}\">\nL\u2019Europe doit assumer son propre pass\u00e9 et reconna\u00eetre son r\u00f4le dans le maintien d\u2019une dictature fasciste en son sein durant toutes ces ann\u00e9es.<\/p>\n<p data-ft=\"{&quot;type&quot;:1,&quot;tn&quot;:&quot;K&quot;}\">\nNous, en tant que citoyens europ\u00e9ens, ne pouvons que condamner la d\u00e9cision du Parlement europ\u00e9en qui, malgr\u00e9 ses engagements de 2006, refuse de s\u2019impliquer dans la r\u00e9cup\u00e9ration de la m\u00e9moire historique de l\u2019Espagne et de l\u2019Europe.<\/p>\n<p>Benjamin Bono,<br \/>\nPr\u00e9sident du Foro de la Memoria de B\u00e9lgica<\/p>\n<p><a href=\"http:\/\/www.datecuenta.org\/jornadasarmh\">PROGRAMA DEL STREAMING DE LAS JORNADAS<\/a><\/p>\n<p>ESPA\u00d1OL<\/p>\n<p>7 DE MAYO<\/p>\n<p><b>12-14 horas<\/b>.\u00a0Acto de protesta en la plaza de Luxemburgo. Concentraci\u00f3n\u00a0\u00abContra la impunidad de los cr\u00edmenes franquistas en Espa\u00f1a y el silencio del parlamento europeo\u00bb<\/p>\n<p><strong>17:30- 19:30 horas.<\/strong>\u00a0<em>Mesa Redonda de V\u00edctimas: Una charla moderada en una mesa con varias v\u00edctimas del Franquismo y con un nexo con el nazismo alem\u00e1n como es el familiar de 22 v\u00edctimas del Holocausto, Harry Natowitz. <\/em> Modera \u00c1ngeles Mu\u00f1oz<\/p>\n<p>&#8211; Sofi del Valle<br \/>\n&#8211; Fausto Canales<br \/>\n&#8211; Sol G\u00f3mez Arteaga<br \/>\n&#8211; Harry Natowitz \u00a0(Videoconferencia)<\/p>\n<p><strong>19:30-21:30 horas.<\/strong>\u00a0<em>Acto de inauguraci\u00f3n de la exposici\u00f3n<\/em><\/p>\n<p>&#8211; Raul Romeva (Los Verdes)<br \/>\n&#8211; Francisco Etxeberr\u00eda y Lourdes Herrasti (Aranzadi Zientziak) (Por confirmar)<br \/>\n&#8211; Marco Gonz\u00e1lez (ARMH)<\/p>\n<p><strong><img decoding=\"async\" alt=\"Tentoonstelling-poster\" src=\"http:\/\/www.datecuenta.org\/wp-content\/uploads\/Tentoonstelling-poster1.jpg\" width=\"293\" height=\"400\" \/>8 DE MAYO<\/strong><\/p>\n<p><strong>17:30- 19:30 horas.\u00a0<\/strong>Mesa Redonda de J\u00f3venes Europeos: Una charla moderada en una mesa con varios estudiantes europeos. Se trata de historiadores e investigadores de diferentes puntos de Europa donde sus trabajos se basan en DD.HH y desapariciones en varios puntos de Europa. Todos ellos han estado presentes en los trabajos de recuperaci\u00f3n de la Memoria Hist\u00f3rica y b\u00fasqueda de desaparecidos en Espa\u00f1a.\u00a0Modera Lore Colaert (B\u00e9lgica)<\/p>\n<p>&#8211; Fran\u00e7ois Palierne (Francia)<br \/>\n&#8211; Valentina Dastoli (Italia)<br \/>\n&#8211; Alejandro\u00a0Rodr\u00edguez (Espa\u00f1a)<br \/>\n&#8211; Lee Douglas (USA)<\/p>\n<p>FRAN\u00c7OIS<\/p>\n<p><strong>7 MAI<\/strong><\/p>\n<p><b>12-14 h<\/b>.\u00a0<strong>Manifestation:\u00a0<\/strong>\u00abContre l\u2019impunit\u00e9 des crimes franquistes en Espagne et le silence du Parlement europ\u00e9en\u00bb rassemblement sur la\u00a0 place du Luxembourg. Espagnol-Fran\u00e7ais-Anglais.<\/p>\n<p><strong>17:30- 19:30 horas.<\/strong>\u00a0<strong>Table ronde:\u00a0<\/strong>autour des victimes du franquisme (espagnol).<\/p>\n<p>&#8211; Sofi del Valle<br \/>\n&#8211; Fausto Canales<br \/>\n&#8211; Sol G\u00f3mez Arteaga<br \/>\n&#8211; Harry Natowitz (vid\u00e9o conference)<\/p>\n<p><strong>19:30-21:30 horas.<\/strong>\u00a0<strong><em>Vernissage\u00a0<\/em><\/strong><em>de l\u2019exposition<\/em><\/p>\n<p>8 MAI<\/p>\n<p><strong>17:30- 19:30 horas.\u00a0Table ronde : Le mouvement de la m\u00e9moire historique en Espagne : La lutte pour la justice, la v\u00e9rit\u00e9 et la reconnaissance.\u00a0Il s\u2019agit d\u2019historiens et d\u2019enqu\u00eateurs de\u00a0diff\u00e9rents pays d\u2019Europe o\u00f9 ses travaux sont bas\u00e9s sur DD.HH et sur des disparitions dans diff\u00e9rents points d\u2019Europe.<\/strong><\/p>\n<p>&#8211; Lore Colaert (Belgique)<br \/>\n&#8211; Fran\u00e7ois Palierne (France)<br \/>\n&#8211; Valentina Dastoli (Italie)<br \/>\n&#8211; Alejandro\u00a0Rodr\u00edguez (Espagne)<br \/>\n&#8211; Lee Douglas (USA)<\/p>\n<p>____________<\/p>\n<p><a href=\"http:\/\/www.datecuenta.org\/category\/memoria-historica\" target=\"_blank\">Ver art\u00edculos relacionados en DateCuenta<\/a><\/p>\n<p><a href=\"http:\/\/www.memoriahistorica.org.es\/joomla\/index.php\/component\/content\/article\/1-ultimasnoticias\/721-programa-de-la-exposicion-qexhumando-fosas-recuperando-dignidadesq-en-bruselas\" target=\"_blank\">El programa completo aqu\u00ed (del 7 de mayo al 21 de junio)<\/a><\/p>\n<p><img decoding=\"async\" class=\"alignright\" alt=\"https:\/\/fbcdn-sphotos-h-a.akamaihd.net\/hphotos-ak-prn1\/946986_10200952331988083_929690190_n.jpg\" src=\"https:\/\/fbcdn-sphotos-h-a.akamaihd.net\/hphotos-ak-prn1\/946986_10200952331988083_929690190_n.jpg\" \/><\/p>\n<\/div>\n","protected":false},"excerpt":{"rendered":"<p>&nbsp; Cette exposition est organis\u00e9e aux Halles St G\u00e9ry pour les raisons expliqu\u00e9es dans cette carte blanche que la presse belge n\u2019a pas souhait\u00e9 relayer\u2026 Carte blanche du Foro de la Memoria de B\u00e9lgica (ASBL active dans le domaine de la r\u00e9cup\u00e9ration de la m\u00e9moire des victimes du franquisme). L\u2019 Europe en proie aux vieux &#8230; <a title=\"Carte blanche du Foro de la Memoria de B\u00e9lgica\" class=\"read-more\" href=\"https:\/\/bruxelles-pantheres.be\/?p=370\" aria-label=\"En savoir plus sur Carte blanche du Foro de la Memoria de B\u00e9lgica\">Lire la suite<\/a><\/p>\n","protected":false},"author":1,"featured_media":371,"comment_status":"open","ping_status":"open","sticky":false,"template":"","format":"standard","meta":{"footnotes":""},"categories":[36,28],"tags":[],"class_list":["post-370","post","type-post","status-publish","format-standard","has-post-thumbnail","hentry","category-europe","category-racismes"],"_links":{"self":[{"href":"https:\/\/bruxelles-pantheres.be\/index.php?rest_route=\/wp\/v2\/posts\/370","targetHints":{"allow":["GET"]}}],"collection":[{"href":"https:\/\/bruxelles-pantheres.be\/index.php?rest_route=\/wp\/v2\/posts"}],"about":[{"href":"https:\/\/bruxelles-pantheres.be\/index.php?rest_route=\/wp\/v2\/types\/post"}],"author":[{"embeddable":true,"href":"https:\/\/bruxelles-pantheres.be\/index.php?rest_route=\/wp\/v2\/users\/1"}],"replies":[{"embeddable":true,"href":"https:\/\/bruxelles-pantheres.be\/index.php?rest_route=%2Fwp%2Fv2%2Fcomments&post=370"}],"version-history":[{"count":1,"href":"https:\/\/bruxelles-pantheres.be\/index.php?rest_route=\/wp\/v2\/posts\/370\/revisions"}],"predecessor-version":[{"id":372,"href":"https:\/\/bruxelles-pantheres.be\/index.php?rest_route=\/wp\/v2\/posts\/370\/revisions\/372"}],"wp:featuredmedia":[{"embeddable":true,"href":"https:\/\/bruxelles-pantheres.be\/index.php?rest_route=\/wp\/v2\/media\/371"}],"wp:attachment":[{"href":"https:\/\/bruxelles-pantheres.be\/index.php?rest_route=%2Fwp%2Fv2%2Fmedia&parent=370"}],"wp:term":[{"taxonomy":"category","embeddable":true,"href":"https:\/\/bruxelles-pantheres.be\/index.php?rest_route=%2Fwp%2Fv2%2Fcategories&post=370"},{"taxonomy":"post_tag","embeddable":true,"href":"https:\/\/bruxelles-pantheres.be\/index.php?rest_route=%2Fwp%2Fv2%2Ftags&post=370"}],"curies":[{"name":"wp","href":"https:\/\/api.w.org\/{rel}","templated":true}]}}