{"id":3700,"date":"2018-05-11T13:26:10","date_gmt":"2018-05-11T12:26:10","guid":{"rendered":"https:\/\/bruxelles-pantheres.be\/?p=3700"},"modified":"2018-05-30T22:52:27","modified_gmt":"2018-05-30T21:52:27","slug":"lusinga-ou-notre-responsabilite-decoloniale","status":"publish","type":"post","link":"https:\/\/bruxelles-pantheres.be\/?p=3700","title":{"rendered":"Lusinga ou notre responsabilit\u00e9 d\u00e9coloniale ( Vid\u00e9o )"},"content":{"rendered":"<div class=\"_publicProdFeedInfo__timeRowTitle _5xhk\">\n<p><strong>\u00a0Vid\u00e9o de la Rencontre<\/strong> a<span class=\"_4n-j _3cht fsl\" data-testid=\"event-permalink-details\"><strong>vec le journaliste Michel Bouffioux,<\/strong><\/span><\/p>\n<div class=\"_publicProdFeedInfo__timeRowTitle _5xhk\"><span class=\"_4n-j _3cht fsl\" data-testid=\"event-permalink-details\"><strong>En compagnie de l&rsquo;historien de l&rsquo;Art et Commissaire d&rsquo;expositions, Toma Luntumbue, du journaliste Olivier Mukuna et du repr\u00e9sentant du MRAX, John&rsquo;s Mbulula.<\/strong><\/span><\/div>\n<div>\n<table class=\"uiGrid _51mz\" cellspacing=\"0\" cellpadding=\"0\">\n<tbody>\n<tr class=\"_51mx\">\n<td class=\"_51m- _phw\"><\/td>\n<td class=\"_51m- _51mw\"><\/td>\n<\/tr>\n<\/tbody>\n<\/table>\n<\/div>\n<\/div>\n<p><!--more--><\/p>\n<p><iframe src=\"https:\/\/www.youtube.com\/embed\/QjHFTDKWkX8\" width=\"560\" height=\"315\" frameborder=\"0\" allowfullscreen=\"allowfullscreen\"><\/iframe><\/p>\n<div><a href=\"https:\/\/bruxelles-pantheres.be\/wp-content\/uploads\/2018\/04\/VJR-Lusinga.jpg\"><img decoding=\"async\" class=\"alignnone size-full wp-image-3681\" src=\"https:\/\/bruxelles-pantheres.be\/wp-content\/uploads\/2018\/04\/VJR-Lusinga.jpg\" alt=\"\" width=\"1100\" height=\"715\" srcset=\"https:\/\/bruxelles-pantheres.be\/wp-content\/uploads\/2018\/04\/VJR-Lusinga.jpg 1100w, https:\/\/bruxelles-pantheres.be\/wp-content\/uploads\/2018\/04\/VJR-Lusinga-300x195.jpg 300w, https:\/\/bruxelles-pantheres.be\/wp-content\/uploads\/2018\/04\/VJR-Lusinga-1024x666.jpg 1024w, https:\/\/bruxelles-pantheres.be\/wp-content\/uploads\/2018\/04\/VJR-Lusinga-768x499.jpg 768w\" sizes=\"(max-width: 1100px) 100vw, 1100px\" \/><\/a><\/div>\n<div class=\"_publicProdFeedInfo__timeRowTitle _5xhk\"><strong>Lusinga ou notre responsabilit\u00e9 d\u00e9coloniale<\/strong><\/div>\n<div><\/div>\n<div class=\"_publicProdFeedInfo__timeRowTitle _5xhk\"><span class=\"_4n-j _3cht fsl\" data-testid=\"event-permalink-details\">\u00ab\u00a0Le 4 d\u00e9cembre 1884, le puissant chef congolais Lusinga Iwa Ng&rsquo;ombe eut la t\u00eate coup\u00e9e lors d\u2019une exp\u00e9dition punitive commandit\u00e9e par Emile Storms. Ce militaire belge dirigeait la 4\u00e8me exp\u00e9dition de l\u2019Association Internationale Africaine. Aujourd&rsquo;hui, le cr\u00e2ne de Lusinga repose dans une simple bo\u00eete \u00e0 l&rsquo;Institut Royal des Sciences Naturelles de Belgique&#8230; <\/span><\/div>\n<div><\/div>\n<div class=\"_publicProdFeedInfo__timeRowTitle _5xhk\"><span class=\"_4n-j _3cht fsl\" data-testid=\"event-permalink-details\">Les restes humains de ce chef congolais invitent \u00e0 un travail de m\u00e9moire sur des crimes qui ont \u00e9t\u00e9 commis dans les premiers temps de la colonisation belge. <\/span><\/div>\n<div><\/div>\n<div class=\"_publicProdFeedInfo__timeRowTitle _5xhk\"><span class=\"_4n-j _3cht fsl\" data-testid=\"event-permalink-details\">Ils questionnent aussi notre pr\u00e9sent que nombre de citoyens souhaitent d\u00e9colonial. Peut-on se contenter de cette muette solution de \u00ab stockage \u00bb ? <\/span><\/div>\n<div><\/div>\n<div class=\"_publicProdFeedInfo__timeRowTitle _5xhk\">\n<p><span class=\"_4n-j _3cht fsl\" data-testid=\"event-permalink-details\">Sans envisager notre responsabilit\u00e9, une proc\u00e9dure de restitution, un enseignement de notre pass\u00e9 colonial v\u00e9ritablement sans tabou ? Le journaliste Michel Bouffioux nous d\u00e9clinera sa longue enqu\u00eate afin d&rsquo;exhumer le \u00ab\u00a0butin\u00a0\u00bb de Storms, constitu\u00e9 du cr\u00e2ne de Lusinga et d&rsquo;autres cr\u00e2nes, mais aussi de plusieurs statuettes figurant au sein de collections du Mus\u00e9e Royal de l&rsquo;Afrique Centrale.<\/span><\/p>\n<p><strong>Avec le journaliste Michel Bouffioux, en compagnie de l&rsquo;historien de l&rsquo;Art et Commissaire d&rsquo;expositions, Toma Luntumbue, du journaliste Olivier Mukuna et du repr\u00e9sentant du MRAX, John&rsquo;s Mbulula.<\/strong><\/p>\n<\/div>\n<div>\n<table class=\"uiGrid _51mz\" cellspacing=\"0\" cellpadding=\"0\">\n<tbody>\n<tr class=\"_51mx\">\n<td class=\"_51m- _phw\">\n<div><strong>Lusinga ou notre responsabilit\u00e9 d\u00e9coloniale<\/strong><\/div>\n<div class=\"_publicProdFeedInfo__timeRowTitle _5xhk\"><strong>Vendredi 18 mai \u00e0 19:30 &#8211; 22:00<\/strong><\/div>\n<\/td>\n<td class=\"_51m- _51mw\">\n<div class=\"_4930\">\n<div class=\"_4dpf _phw\">\n<div class=\"_6a\">\n<div class=\"_6a _6b\"><\/div>\n<div class=\"_6a _6b\">\n<div class=\"_xkh\">\n<p><a id=\"u_0_1t\" class=\"_5xhk\" href=\"https:\/\/www.facebook.com\/pianofabriek.culturencentrum\/\" data-hovercard=\"\/ajax\/hovercard\/page.php?id=317665131693049\" data-hovercard-prefer-more-content-show=\"1\">Pianofabriek Citylab<\/a><\/p>\n<div class=\"_5xhp fsm fwn fcg\">Fortstraat 35, 1060 Saint-Gilles<\/div>\n<\/div>\n<\/div>\n<\/div>\n<\/div>\n<\/div>\n<\/td>\n<\/tr>\n<\/tbody>\n<\/table>\n<\/div>\n<div class=\"title\">\n<h5 class=\"post-title\"><strong>L&rsquo;histoire que nous raconte le cr\u00e2ne de Lusinga<\/strong><\/h5>\n<h5 class=\"post-title\"><strong>par Michel Bouffioux<\/strong><\/h5>\n<\/div>\n<div class=\"post\">\n<div class=\"ob-sections\">\n<div class=\"ob-section ob-section-html\">\n<h5><strong>Refusant de se soumettre, un puissant chef tabwa eut la t\u00eate tranch\u00e9e et son cr\u00e2ne fut ramen\u00e9 en Belgique. Il s\u2019y trouve toujours. Conserv\u00e9 par un mus\u00e9e mais \u00e0 l\u2019abri des regards, comme dans une oubliette. \u00a0\u00a0\u00a0<\/strong><\/h5>\n<\/div>\n<div class=\"ob-section ob-section-html\">\n<h5><strong>Une enqu\u00eate publi\u00e9e\u00a0 sur le site sp\u00e9cialement d\u00e9di\u00e9 <a href=\"http:\/\/www.lusingatabwa.com\/\">www.lusingatabwa.com<\/a>, le 22 mars 2018.<\/strong><\/h5>\n<\/div>\n<\/div>\n<\/div>\n","protected":false},"excerpt":{"rendered":"<p>\u00a0Vid\u00e9o de la Rencontre avec le journaliste Michel Bouffioux, En compagnie de l&rsquo;historien de l&rsquo;Art et Commissaire d&rsquo;expositions, Toma Luntumbue, du journaliste Olivier Mukuna et du repr\u00e9sentant du MRAX, John&rsquo;s Mbulula.<\/p>\n","protected":false},"author":1,"featured_media":3681,"comment_status":"open","ping_status":"open","sticky":false,"template":"","format":"video","meta":{"footnotes":""},"categories":[1,21,36,7,18,17],"tags":[80,343,332,331,62,342],"class_list":["post-3700","post","type-post","status-publish","format-video","has-post-thumbnail","hentry","category-non-classe","category-anti-imperialisme","category-europe","category-negrophobie","category-resistance-bruxelles","category-video","tag-congo","tag-johns-mbulula","tag-lusinga","tag-michel-bouffioux","tag-olivier-mukuna","tag-toma-luntumbue","post_format-post-format-video"],"_links":{"self":[{"href":"https:\/\/bruxelles-pantheres.be\/index.php?rest_route=\/wp\/v2\/posts\/3700","targetHints":{"allow":["GET"]}}],"collection":[{"href":"https:\/\/bruxelles-pantheres.be\/index.php?rest_route=\/wp\/v2\/posts"}],"about":[{"href":"https:\/\/bruxelles-pantheres.be\/index.php?rest_route=\/wp\/v2\/types\/post"}],"author":[{"embeddable":true,"href":"https:\/\/bruxelles-pantheres.be\/index.php?rest_route=\/wp\/v2\/users\/1"}],"replies":[{"embeddable":true,"href":"https:\/\/bruxelles-pantheres.be\/index.php?rest_route=%2Fwp%2Fv2%2Fcomments&post=3700"}],"version-history":[{"count":4,"href":"https:\/\/bruxelles-pantheres.be\/index.php?rest_route=\/wp\/v2\/posts\/3700\/revisions"}],"predecessor-version":[{"id":3727,"href":"https:\/\/bruxelles-pantheres.be\/index.php?rest_route=\/wp\/v2\/posts\/3700\/revisions\/3727"}],"wp:featuredmedia":[{"embeddable":true,"href":"https:\/\/bruxelles-pantheres.be\/index.php?rest_route=\/wp\/v2\/media\/3681"}],"wp:attachment":[{"href":"https:\/\/bruxelles-pantheres.be\/index.php?rest_route=%2Fwp%2Fv2%2Fmedia&parent=3700"}],"wp:term":[{"taxonomy":"category","embeddable":true,"href":"https:\/\/bruxelles-pantheres.be\/index.php?rest_route=%2Fwp%2Fv2%2Fcategories&post=3700"},{"taxonomy":"post_tag","embeddable":true,"href":"https:\/\/bruxelles-pantheres.be\/index.php?rest_route=%2Fwp%2Fv2%2Ftags&post=3700"}],"curies":[{"name":"wp","href":"https:\/\/api.w.org\/{rel}","templated":true}]}}