{"id":3706,"date":"2018-05-14T20:24:25","date_gmt":"2018-05-14T19:24:25","guid":{"rendered":"https:\/\/bruxelles-pantheres.be\/?p=3706"},"modified":"2018-05-14T20:24:25","modified_gmt":"2018-05-14T19:24:25","slug":"des-arbres-abattus-le-long-de-la-e313-pour-empecher-les-migrants-de-se-cacher","status":"publish","type":"post","link":"https:\/\/bruxelles-pantheres.be\/?p=3706","title":{"rendered":"Des arbres abattus le long de la E313 \u00ab pour emp\u00eacher les migrants de se cacher \u00bb"},"content":{"rendered":"<div class=\"article-header\">\n<h5>Des arbres abattus le long de la E313 \u00ab\u00a0pour emp\u00eacher les migrants de se cacher\u00a0\u00bb<\/h5>\n<p class=\"article-source\">25 avril 2018 | Auteur : Joyce Azar | Temps de lecture : 1 minute<\/p>\n<\/div>\n<div class=\"article-content\">\n<p>Stup\u00e9faction g\u00e9n\u00e9rale sur Twitter: alors qu\u2019un internaute se plaignait de l\u2019abattage d\u2019arbres le long de l\u2019autoroute, et ce, en pleine saison de reproduction des oiseaux, l\u2019Agence flamande des routes et du trafic (AWV) a justifi\u00e9 la mesure, en indiquant qu\u2019il s\u2019agissait d\u2019une demande de la police et du gouverneur, \u00ab\u00a0pour que les transmigrants ne puissent pas se cacher\u00a0\u00bb. La m\u00e9thode, aussi surprenante soit-elle, n\u2019est en fait pas neuve. Elle avait d\u00e9j\u00e0 \u00e9t\u00e9 appliqu\u00e9e en Wallonie, au niveau de Bierges.<\/p>\n<p>&nbsp;<\/p>\n<\/div>\n<p><!--more--><\/p>\n<figure id=\"attachment_3707\" aria-describedby=\"caption-attachment-3707\" style=\"width: 1238px\" class=\"wp-caption alignnone\"><a href=\"https:\/\/bruxelles-pantheres.be\/wp-content\/uploads\/2018\/05\/0cc089de5bb6c5cfefa3169e54e7483a-1524660450.jpg\"><img decoding=\"async\" class=\"wp-image-3707 size-full\" src=\"https:\/\/bruxelles-pantheres.be\/wp-content\/uploads\/2018\/05\/0cc089de5bb6c5cfefa3169e54e7483a-1524660450.jpg\" alt=\"\" width=\"1248\" height=\"701\" srcset=\"https:\/\/bruxelles-pantheres.be\/wp-content\/uploads\/2018\/05\/0cc089de5bb6c5cfefa3169e54e7483a-1524660450.jpg 1248w, https:\/\/bruxelles-pantheres.be\/wp-content\/uploads\/2018\/05\/0cc089de5bb6c5cfefa3169e54e7483a-1524660450-300x169.jpg 300w, https:\/\/bruxelles-pantheres.be\/wp-content\/uploads\/2018\/05\/0cc089de5bb6c5cfefa3169e54e7483a-1524660450-1024x575.jpg 1024w, https:\/\/bruxelles-pantheres.be\/wp-content\/uploads\/2018\/05\/0cc089de5bb6c5cfefa3169e54e7483a-1524660450-768x431.jpg 768w\" sizes=\"(max-width: 1248px) 100vw, 1248px\" \/><\/a><figcaption id=\"caption-attachment-3707\" class=\"wp-caption-text\">En Flandre, des arbres abattus \u00ab\u00a0pour que les migrants ne puissent pas se cacher\u00a0\u00bb<\/figcaption><\/figure>\n<p>D\u2019apr\u00e8s l\u2019AWV, il existe un accord g\u00e9n\u00e9ral entre le minist\u00e8re de l\u2019Int\u00e9rieur, la police et les gouverneurs de raser au plus vite des parcelles vertes le long des autoroutes lorsqu\u2019on constate que celles-ci sont utilis\u00e9es par des migrants pour s\u2019y retrancher. C\u2019est donc ce qui a \u00e9t\u00e9 fait ces deux derniers jours au niveau de Ranst.<\/p>\n<p>Sur Twitter, un internaute s\u2019\u00e9tait dans un premier temps indign\u00e9 de l\u2019impact \u00e9cologique de cet \u00e9lagage en interpellant le parti Groen, ainsi que les ministres flamands de l\u2019Environnement, Joke Schauvliege (CD&amp;V) et de la Mobilit\u00e9, Ben Weyts (N-VA) : \u00ab\u00a0Ils sont toujours occup\u00e9s \u00e0 \u00e9laguer! Halte \u00e0 l\u2019abattage d\u2019arbre en pleine saison des nids! Il y a tellement \u00e0 faire contre les particules fines, et vous \u00e9laguez les premiers filtres \u00e0 particules le long des autoroutes!\u00a0\u00bb, s\u2019indigne Bart Goudeseune dans son tweet.<\/p>\n<p>La r\u00e9ponse de l\u2019AWV est pour le moins interpellante: \u00ab\u00a0Bonjour Bart, ces travaux d\u2019\u00e9lagage s\u2019inscrivent dans le cadre de la probl\u00e9matique des transmigrants sur les parkings, et sont effectu\u00e9s \u00e0 la demande de la police et du gouverneur, afin que les transmigrants ne puissent pas s\u2019y cacher. Nous veillerons \u00e0 tenir compte de la saison de couvaison lors des taillis \u00e0 venir \u00bb.<\/p>\n<blockquote class=\"twitter-tweet\" data-lang=\"fr\">\n<p dir=\"ltr\" lang=\"nl\">Hierbij hoop\/ deel 2 (gekapt ook gisteren 23\/04) en ze zijn nu nog steeds bezig met het kappen!! <a href=\"https:\/\/twitter.com\/groen?ref_src=twsrc%5Etfw\">@groen<\/a> <a href=\"https:\/\/twitter.com\/BenWeyts?ref_src=twsrc%5Etfw\">@BenWeyts<\/a> <a href=\"https:\/\/twitter.com\/JokeSchauvliege?ref_src=twsrc%5Etfw\">@JokeSchauvliege<\/a> Stop met het kappen van bomen in het broedseizoen! Er is zoveel te doen rond fijnstof en jullie kappen de eerste fijnstoffilters langs autosnelwegen! <a href=\"https:\/\/t.co\/f2dJoqN4I2\">pic.twitter.com\/f2dJoqN4I2<\/a><\/p>\n<p>\u2014 Bart Goudeseune (@BartVeurne) <a href=\"https:\/\/twitter.com\/BartVeurne\/status\/988657970044178432?ref_src=twsrc%5Etfw\">24 avril 2018<\/a><\/p><\/blockquote>\n<p><script async=\"\" src=\"https:\/\/platform.twitter.com\/widgets.js\" charset=\"utf-8\"><\/script><\/p>\n<p><iframe id=\"twitter-widget-0\" class=\"twitter-tweet twitter-tweet-rendered\" title=\"Tweet de Twitter\" width=\"300\" height=\"150\" frameborder=\"0\" scrolling=\"no\" allowfullscreen=\"allowfullscreen\" data-tweet-id=\"988771334988627968\" data-mce-fragment=\"1\"><\/iframe><\/p>\n<blockquote class=\"twitter-tweet\" data-lang=\"fr\">\n<p dir=\"ltr\" lang=\"nl\">Dag Bart, dit zijn snoeiwerken in het kader van transmigratieproblematiek op parkings, op vraag van politie en gouverneur, zodat transmigranten zich hier niet kunnen verstoppen. In de toekomst gaan we dit onderhoud zeker mee opnemen tijdens ons hakhoutbeheer voor het broedseizoen<\/p>\n<p>\u2014 Wegen en Verkeer (@wegenenverkeer) <a href=\"https:\/\/twitter.com\/wegenenverkeer\/status\/988771334988627968?ref_src=twsrc%5Etfw\">24 avril 2018<\/a><\/p><\/blockquote>\n<p><script async=\"\" src=\"https:\/\/platform.twitter.com\/widgets.js\" charset=\"utf-8\"><\/script><\/p>\n<p>La r\u00e9ponse de l\u2019Agence Wegen &amp; Verkeer a suscit\u00e9 de nombreuses r\u00e9actions d\u2019indignation des internautes, aussi bien sur la probl\u00e9matique environnementale de cet \u00e9lagage, que sur la raison de cette mesure.<\/p>\n<h3>En Wallonie aussi<\/h3>\n<p>La mesure, aussi surprenante soit-elle, n\u2019est pas neuve. En Wallonie aussi, des zones vertes ont \u00e9t\u00e9 ras\u00e9es en 2017, au niveau de Bierges, pour emp\u00eacher les migrants de s\u2019y abriter. Pas question de fermer les parkings d\u2019autoroutes la nuit, avait en effet d\u00e9clar\u00e9 le ministre wallon de la Mobilit\u00e9, Carlo Di Antonio.<\/p>\n<p>D\u2019apr\u00e8s <a href=\"https:\/\/www.rtbf.be\/info\/regions\/brabant-wallon\/detail_les-migrants-sur-les-aires-d-autoroute-le-parlement-wallon-se-penche-sur-le-cas-de-bierges?id=9761493\" target=\"_blank\" rel=\"noopener\">le site de la RTBF<\/a>, la formule adopt\u00e9e a \u00e9t\u00e9 la suivante: renforcer l\u2019\u00e9clairage, \u00e9laguer les arbres et \u00e9claircir les arbustes pour que les migrants ne puissent plus se cacher dans les fourr\u00e9es. A Bierges, cela a \u00e9t\u00e9 fait.<\/p>\n<p><a href=\"https:\/\/daardaar.be\/rubriques\/societe\/des-arbres-abattus-le-long-de-la-e313-pour-empecher-les-migrants-de-se-cacher\/\">Source<\/a><\/p>\n","protected":false},"excerpt":{"rendered":"<p>Des arbres abattus le long de la E313 \u00ab\u00a0pour emp\u00eacher les migrants de se cacher\u00a0\u00bb 25 avril 2018 | Auteur : Joyce Azar | Temps de lecture : 1 minute Stup\u00e9faction g\u00e9n\u00e9rale sur Twitter: alors qu\u2019un internaute se plaignait de l\u2019abattage d\u2019arbres le long de l\u2019autoroute, et ce, en pleine saison de reproduction des oiseaux, &#8230; <a title=\"Des arbres abattus le long de la E313 \u00ab pour emp\u00eacher les migrants de se cacher \u00bb\" class=\"read-more\" href=\"https:\/\/bruxelles-pantheres.be\/?p=3706\" aria-label=\"En savoir plus sur Des arbres abattus le long de la E313 \u00ab pour emp\u00eacher les migrants de se cacher \u00bb\">Lire la suite<\/a><\/p>\n","protected":false},"author":1,"featured_media":1755,"comment_status":"open","ping_status":"open","sticky":false,"template":"","format":"standard","meta":{"footnotes":""},"categories":[28,39,5],"tags":[54],"class_list":["post-3706","post","type-post","status-publish","format-standard","has-post-thumbnail","hentry","category-racismes","category-sans-papier","category-violence-policiere","tag-police"],"_links":{"self":[{"href":"https:\/\/bruxelles-pantheres.be\/index.php?rest_route=\/wp\/v2\/posts\/3706","targetHints":{"allow":["GET"]}}],"collection":[{"href":"https:\/\/bruxelles-pantheres.be\/index.php?rest_route=\/wp\/v2\/posts"}],"about":[{"href":"https:\/\/bruxelles-pantheres.be\/index.php?rest_route=\/wp\/v2\/types\/post"}],"author":[{"embeddable":true,"href":"https:\/\/bruxelles-pantheres.be\/index.php?rest_route=\/wp\/v2\/users\/1"}],"replies":[{"embeddable":true,"href":"https:\/\/bruxelles-pantheres.be\/index.php?rest_route=%2Fwp%2Fv2%2Fcomments&post=3706"}],"version-history":[{"count":1,"href":"https:\/\/bruxelles-pantheres.be\/index.php?rest_route=\/wp\/v2\/posts\/3706\/revisions"}],"predecessor-version":[{"id":3708,"href":"https:\/\/bruxelles-pantheres.be\/index.php?rest_route=\/wp\/v2\/posts\/3706\/revisions\/3708"}],"wp:featuredmedia":[{"embeddable":true,"href":"https:\/\/bruxelles-pantheres.be\/index.php?rest_route=\/wp\/v2\/media\/1755"}],"wp:attachment":[{"href":"https:\/\/bruxelles-pantheres.be\/index.php?rest_route=%2Fwp%2Fv2%2Fmedia&parent=3706"}],"wp:term":[{"taxonomy":"category","embeddable":true,"href":"https:\/\/bruxelles-pantheres.be\/index.php?rest_route=%2Fwp%2Fv2%2Fcategories&post=3706"},{"taxonomy":"post_tag","embeddable":true,"href":"https:\/\/bruxelles-pantheres.be\/index.php?rest_route=%2Fwp%2Fv2%2Ftags&post=3706"}],"curies":[{"name":"wp","href":"https:\/\/api.w.org\/{rel}","templated":true}]}}