{"id":3709,"date":"2018-05-14T21:01:25","date_gmt":"2018-05-14T20:01:25","guid":{"rendered":"https:\/\/bruxelles-pantheres.be\/?p=3709"},"modified":"2018-05-14T21:01:25","modified_gmt":"2018-05-14T20:01:25","slug":"rassemblement-stop-the-gaza-massacre","status":"publish","type":"post","link":"https:\/\/bruxelles-pantheres.be\/?p=3709","title":{"rendered":"RASSEMBLEMENT STOP THE GAZA MASSACRE"},"content":{"rendered":"<div>\n<div>\n<div>\n<div>\n<p><b><span style=\"font-size: x-large;\">RASSEMBLEMENT\u00a0<\/span><\/b><b><span style=\"font-size: x-large;\">STOP THE GAZA MASSACRE<\/span><\/b><\/p>\n<div>\n<div>\n<div>\n<div id=\"m_4837165416764078288x_bloop_customfont\">\n<p class=\"m_4837165416764078288x_MsoNormal\" align=\"center\"><b>Mardi 15 mai 2018 \u00e0 18h.<\/b><b><br \/>\n<\/b><b><\/b><\/p>\n<p class=\"m_4837165416764078288x_MsoNormal\" align=\"center\"><b><span style=\"font-size: large;\">Carrefour de l&rsquo;Europe (devant la Gare Centrale)<\/span><\/b><\/p>\n<\/div>\n<\/div>\n<\/div>\n<\/div>\n<\/div>\n<\/div>\n<\/div>\n<\/div>\n<p><!--more--><\/p>\n<div><img decoding=\"async\" class=\"CToWUd a6T aligncenter\" tabindex=\"0\" src=\"https:\/\/mail.google.com\/mail\/u\/0\/?ui=2&amp;ik=908e7d29dd&amp;view=fimg&amp;th=163603018ec4b414&amp;attid=0.0.1&amp;disp=emb&amp;attbid=ANGjdJ9i0ordaAE4S_yIdwAzd7DGyXmwZIHicrM7uu_D-rUBZdJifq8z66DEQj25yAhDFV86Wb3KyNxNm9xjf0ovjuqA-Vyfmk_zTbOC7fYdbDCTW5Nc6K11vTy2a6g&amp;sz=s0-l75-ft&amp;ats=1526327158622&amp;rm=163603018ec4b414&amp;zw&amp;atsh=1\" \/><\/div>\n<div>\n<div class=\"m_4837165416764078288x_AppleOriginalContents\">\n<div>\n<div>\n<div>\n<div>\n<div>\n<div id=\"m_4837165416764078288x_bloop_customfont\">\n<div><\/div>\n<div><\/div>\n<p><span style=\"font-family: Arial;\"> Aujourd&rsquo;hui, 14 mai 2018, nous d\u00e9nombrons au moins 52 Palestinien.ne.s tu\u00e9.e.s et plus de 2000 bless\u00e9.e.s par des tireurs d&rsquo;\u00e9lite isra\u00e9liens dans la bande de Gaza. Un vrai massacre.<br \/>\nPendant ce temps, Isra\u00ebl et les Etats-unis c\u00e9l\u00e8brent le d\u00e9m\u00e9nagement de l&rsquo;ambassade des USA \u00e0 J\u00e9rusalem. Ce faisant, ils d\u00e9nigrent le droit international et humanitaire. En c\u00e9l\u00e9brant la cr\u00e9ation d&rsquo;Isra\u00ebl, ils tentent de faire oublier au monde les 70 ann\u00e9es d&rsquo;occupation, de nettoyage ethnique et les violations quotidiennes v\u00e9cues par tout un peuple.<\/p>\n<p><b>Nous demandons<\/b><br \/>\n&#8211; que la Belgique cesse toute collaboration avec Isra\u00ebl tant que celle-ci ne respecte pas le droit International<br \/>\n&#8211; la fin de l&rsquo;occupation et de la colonisation des territoires palestiniens<br \/>\n&#8211; le respect du statut de J\u00e9rusalem et la condamnation des mesures prises pour modifier le statut de J\u00e9rusalem<br \/>\n&#8211; le respect, la protection et la promotion des droits des r\u00e9fugi\u00e9s palestiniens \u00e0 retourner dans leurs foyers et retrouver leurs biens.<br \/>\n&#8211; la reconnaissance des droits fondamentaux et la pleine \u00e9galit\u00e9 des habitants palestiniens vivant dans les territoires de 1948.<\/p>\n<p><b>Arr\u00eatez le massacre #FreePalestine<\/b><\/span><\/p>\n<p class=\"m_4837165416764078288x_MsoNormal\"><span style=\"font-family: Arial;\"><b> <\/b>Organis\u00e9\u00a0: \u00a0par Intal, Association Belgo-Palestinienne,\u00a0Palestina Solidariteit,\u00a0Communaut\u00e9 palestinienne de Belgique et du Luxembourg,\u00a0Vrede, &#8230;\u00a0<\/span><\/p>\n<\/div>\n<\/div>\n<\/div>\n<\/div>\n<\/div>\n<\/div>\n<\/div>\n<\/div>\n","protected":false},"excerpt":{"rendered":"<p>RASSEMBLEMENT\u00a0STOP THE GAZA MASSACRE Mardi 15 mai 2018 \u00e0 18h. Carrefour de l&rsquo;Europe (devant la Gare Centrale)<\/p>\n","protected":false},"author":1,"featured_media":698,"comment_status":"open","ping_status":"open","sticky":false,"template":"","format":"standard","meta":{"footnotes":""},"categories":[6,18],"tags":[344],"class_list":["post-3709","post","type-post","status-publish","format-standard","has-post-thumbnail","hentry","category-palestine-moyen-orient","category-resistance-bruxelles","tag-nakba"],"_links":{"self":[{"href":"https:\/\/bruxelles-pantheres.be\/index.php?rest_route=\/wp\/v2\/posts\/3709","targetHints":{"allow":["GET"]}}],"collection":[{"href":"https:\/\/bruxelles-pantheres.be\/index.php?rest_route=\/wp\/v2\/posts"}],"about":[{"href":"https:\/\/bruxelles-pantheres.be\/index.php?rest_route=\/wp\/v2\/types\/post"}],"author":[{"embeddable":true,"href":"https:\/\/bruxelles-pantheres.be\/index.php?rest_route=\/wp\/v2\/users\/1"}],"replies":[{"embeddable":true,"href":"https:\/\/bruxelles-pantheres.be\/index.php?rest_route=%2Fwp%2Fv2%2Fcomments&post=3709"}],"version-history":[{"count":1,"href":"https:\/\/bruxelles-pantheres.be\/index.php?rest_route=\/wp\/v2\/posts\/3709\/revisions"}],"predecessor-version":[{"id":3710,"href":"https:\/\/bruxelles-pantheres.be\/index.php?rest_route=\/wp\/v2\/posts\/3709\/revisions\/3710"}],"wp:featuredmedia":[{"embeddable":true,"href":"https:\/\/bruxelles-pantheres.be\/index.php?rest_route=\/wp\/v2\/media\/698"}],"wp:attachment":[{"href":"https:\/\/bruxelles-pantheres.be\/index.php?rest_route=%2Fwp%2Fv2%2Fmedia&parent=3709"}],"wp:term":[{"taxonomy":"category","embeddable":true,"href":"https:\/\/bruxelles-pantheres.be\/index.php?rest_route=%2Fwp%2Fv2%2Fcategories&post=3709"},{"taxonomy":"post_tag","embeddable":true,"href":"https:\/\/bruxelles-pantheres.be\/index.php?rest_route=%2Fwp%2Fv2%2Ftags&post=3709"}],"curies":[{"name":"wp","href":"https:\/\/api.w.org\/{rel}","templated":true}]}}