{"id":3711,"date":"2018-05-16T21:28:43","date_gmt":"2018-05-16T20:28:43","guid":{"rendered":"https:\/\/bruxelles-pantheres.be\/?p=3711"},"modified":"2018-05-22T10:07:08","modified_gmt":"2018-05-22T09:07:08","slug":"presume-coupable-est-la-norme-legale-appliquee-aux-arabes-et-aux-musulmans","status":"publish","type":"post","link":"https:\/\/bruxelles-pantheres.be\/?p=3711","title":{"rendered":"\u00ab Pr\u00e9sum\u00e9 coupable \u00bb est la norme l\u00e9gale appliqu\u00e9e aux Arabes et aux musulmans."},"content":{"rendered":"<p><a href=\"http:\/\/dicocitations.lemonde.fr\/citation_auteur_ajout\/57922.php\"><br \/>\nLa nouvelle pr\u00e9sence des musulmans, ainsi que la visibilit\u00e9 de la tenue vestimentaire des musulmanes portant le foulard, a exacerb\u00e9 les craintes du retour du religieux forc\u00e9ment oppos\u00e9 aux femmes, \u00e0 leur statut et \u00e0 leur autonomie. Si, durant le moyen \u00e2ge, de la renaissance jusqu&rsquo;au XVIII e si\u00e8cle, on avait entretenu l&rsquo;id\u00e9e que l&rsquo;islam et les musulmans avaient un go\u00fbt particulier pour la sensualit\u00e9 et la licence sexuelle, \u00e0 l&rsquo;image de l&rsquo;univers oriental st\u00e9r\u00e9otyp\u00e9 des mille et une nuits, voil\u00e0 que les colonisations et l&rsquo;\u00e9poque postcoloniale nous offrent l&rsquo;image exactement oppos\u00e9 d&rsquo;une religion fruste, rigide, oppos\u00e9 aux corps des femmes et aux plaisirs. Dans les deux s\u00e9quences historiques, on remarquera que l&rsquo;islam est toujours dessin\u00e9 sous les traits de l&rsquo;autre, du diff\u00e9rent, de l&rsquo;antith\u00e8se. L&rsquo;occident chr\u00e9tien conservateur dessine un islam licencieux et permissif ; l&rsquo;occident moderne et libre s&rsquo;offre la caricature d&rsquo;un islam de l&rsquo;interdit et de l&rsquo;oppression sexuelle.<\/a><\/p>\n<p>Mon intime conviction de Tariq Ramadan &#8211;\u00a0<strong>Tariq Ramadan<\/strong><\/p>\n<p>&nbsp;<\/p>\n<p>Voil\u00e0 maintenant plus de cents jours que le Professeur Tariq Ramadan, l&rsquo;un des intellectuels musulmans les plus influents d&rsquo;Europe, est plac\u00e9 en d\u00e9tention provisoire et en isolement \u00e0 la prison de Fleury-M\u00e9rogis, en France, suite aux accusations de viols de deux femmes puis d\u2019une troisi\u00e8me, ce qu&rsquo;il nie totalement depuis le premier jour.<!--more--><\/p>\n<p style=\"text-align: center;\"><a href=\"https:\/\/bruxelles-pantheres.be\/wp-content\/uploads\/2018\/05\/DZSu1M2VoAAaZId.jpg\"><img decoding=\"async\" class=\"alignnone size-full wp-image-3712\" src=\"https:\/\/bruxelles-pantheres.be\/wp-content\/uploads\/2018\/05\/DZSu1M2VoAAaZId.jpg\" alt=\"\" width=\"675\" height=\"960\" srcset=\"https:\/\/bruxelles-pantheres.be\/wp-content\/uploads\/2018\/05\/DZSu1M2VoAAaZId.jpg 675w, https:\/\/bruxelles-pantheres.be\/wp-content\/uploads\/2018\/05\/DZSu1M2VoAAaZId-211x300.jpg 211w\" sizes=\"(max-width: 675px) 100vw, 675px\" \/><\/a><\/p>\n<p>Rappelons que le Professeur Ramadan s\u2019est rendu volontairement en France et aux autorit\u00e9s de police pour faire face aux accusations port\u00e9es contre lui et ensuite se pr\u00e9parer \u00e0 la proc\u00e9dure judiciaire. Les autorit\u00e9s fran\u00e7aises ont pourtant proc\u00e9d\u00e9 \u00e0 son arrestation, ont refus\u00e9 de lui accorder une libert\u00e9 sous caution, l&rsquo;ont plac\u00e9 \u00e0 l&rsquo;isolement et ont limit\u00e9 les visites familiales et l&rsquo;acc\u00e8s \u00e0 des soins m\u00e9dicaux ad\u00e9quats.<\/p>\n<p>Comme l\u2019appuie le Professeur\u00a0Hatem Bazian dans son article \u00ab\u00a0PROFESSOR TARIQ RAMADAN AND FRANCE&rsquo;S ISLAMOPHOBIA\u00a0\u00bb, sur lequel nous nous appuyons,\u00a0le cas du\u00a0Professeur Tariq Ramadan\u00a0mis en isolement dans une prison fran\u00e7aise met en lumi\u00e8re le traitement diff\u00e9renci\u00e9 que les musulmans re\u00e7oivent dans le syst\u00e8me politique des \u00c9tats occidentaux.<\/p>\n<p>Pour le Professeur Hatem Bazian, \u00ab\u00a0Il semble \u00eatre devenu normal que les personnes \u00ab\u00a0per\u00e7ues\u00a0\u00bb comme musulmanes subissent un\u00a0traitement m\u00e9diatique et juridique discriminatoire d\u00e8s le moment o\u00f9 elles sont arr\u00eat\u00e9es et accus\u00e9es, et m\u00eame pendant toute la proc\u00e9dure judiciaire, peu importe que les accusations soient civiles ou criminelles et c&rsquo;est certainement le cas lorsque les accusations sont li\u00e9es au terrorisme.\u00a0\u00bb<a name=\"_ednref1\"><\/a><a href=\"applewebdata:\/\/92273C1D-F04B-4AC4-A046-1A3A7BBBC6C6#_edn1\"><sup>[i]<\/sup><\/a><\/p>\n<p>D\u00e8s l\u2019\u00e9clatement de l\u2019affaire, une d\u00e9ferlante m\u00e9diatique a eu lieu, pronon\u00e7ant sa sentence \u00e0 l\u2019encontre du Professeur Tariq Ramadan sans autre forme de proc\u00e8s. Comme nous le rappelle le journaliste\u00a0Olivier Mukuna \u00e0 propos de cette affaire : \u00ab\u00a0\u00a0Le scandale et la diabolisation font vendre. Et c\u2019est d\u2019une pierre deux coups s\u2019il vise un ennemi id\u00e9ologique, craint ou m\u00e9pris\u00e9 par leurs patrons milliardaires et autres puissants. Autrement dit, nul besoin d\u2019attendre jugement et verdict judiciaires pour d\u00e9noncer le parti-pris anti-Ramadan, islamophobe et raciste, d\u2019au moins 5 m\u00e9dias fran\u00e7ais. \u00bb\u00a0<a name=\"_ednref2\"><\/a><a href=\"applewebdata:\/\/92273C1D-F04B-4AC4-A046-1A3A7BBBC6C6#_edn2\"><sup>[ii]<\/sup><\/a>\u00a0L\u2019analyse de la couverture m\u00e9diatique fran\u00e7aise de l&rsquo;affaire Ramadan par le journaliste Olivier Mukuna met clairement en \u00e9vidence la nature probl\u00e9matique de cette couverture et le caract\u00e8re prompt des journalistes \u00e0 criminaliser et condamner le Professeur Tariq Ramadan avant m\u00eame la fin de l&rsquo;enqu\u00eate et le d\u00e9but des proc\u00e9dures judiciaires.\u00a0\u00a0Aussi, dans le cas du professeur Tariq Ramadan, les accusations permanentes contre lui sont souvent li\u00e9es \u00e0 son grand-p\u00e8re, Hasan Al-Banna, le fondateur du mouvement des Fr\u00e8res musulmans et ce \u00abpedigree\u00bb a jet\u00e9 une ombre impardonnable sur toutes ses implications.<\/p>\n<p>Trop de personnes font le proc\u00e8s d\u2019une autre \u00e0 la place de la Justice. Or, dit le droit, tant qu\u2019une personne n\u2019a pas \u00e9t\u00e9 jug\u00e9e coupable par un tribunal, elle est \u00ab pr\u00e9sum\u00e9e innocente \u00bb. \u00ab Pourquoi cette pr\u00e9somption d\u2019innocence est-elle si importante ? Tout d\u2019abord parce que juger quelqu\u2019un coupable alors que ce n\u2019est peut-\u00eatre pas le cas peut lui faire un tort consid\u00e9rable. S\u2019il est effectivement innocent, le mal est fait. Il n\u2019a pas \u00e9t\u00e9 respect\u00e9, sa famille, ses proches en souffrent, il peut avoir de graves probl\u00e8mes par rapport \u00e0 son travail, son avenir\u00a0\u00bb.<\/p>\n<p>Autre effet : la rumeur publique et\/ou certains journaux ayant pratiquement condamn\u00e9 une personne avant son proc\u00e8s, peuvent influencer la justice, notamment les jur\u00e9s, lors d\u2019un proc\u00e8s d\u2019assises. Donc le jugement pourrait ne plus \u00eatre impartial. \u00bb<a name=\"_ednref3\"><\/a><a href=\"applewebdata:\/\/92273C1D-F04B-4AC4-A046-1A3A7BBBC6C6#_edn3\"><sup>[iii]<\/sup><\/a><\/p>\n<p>Pourtant, comme nous l\u2019avons \u00e9crit pr\u00e9c\u00e9demment : \u00ab A l\u2019heure o\u00f9 l\u2019\u00e9quilibre social d\u00e9j\u00e0 fragile semble menac\u00e9 de partout ; \u00e0 l\u2019heure o\u00f9 l\u2019extr\u00eame droite progresse de fa\u00e7on constante aux quatre coins de l\u2019Europe, alimenter les crispations identitaires et nourrir une certaine forme de vindicte populaire sans preuve se r\u00e9v\u00e8le particuli\u00e8rement irresponsable. Il est aujourd\u2019hui grand temps que cessent ces proc\u00e9d\u00e9s m\u00e9diatiques racialisants qui tendent \u00e0 criminaliser les uns et \u00e0 aussit\u00f4t blanchir les autres. Il est temps que prenne fin le r\u00e8gne de la pr\u00e9somption de culpabilit\u00e9 qui p\u00e8se sur ceux dont la peau reste per\u00e7ue comme n\u2019appartenant pas \u00e0 cette imaginaire couleur de l\u2019innocence. \u00bb\u00a0<a name=\"_ednref4\"><\/a><a href=\"applewebdata:\/\/92273C1D-F04B-4AC4-A046-1A3A7BBBC6C6#_edn4\"><sup>[iv]<\/sup><\/a><\/p>\n<p>Il ne s&rsquo;agit pas ici de se prononcer sur la culpabilit\u00e9 ou la non-culpabilit\u00e9 du Professeur Tariq Ramadan. Ceci, seul un proc\u00e8s \u00e9quitable pourra le d\u00e9terminer. Malheureusement, nombreux sont ceux qui ont d\u00e9j\u00e0 instruit son proc\u00e8s plus vite que l&rsquo;\u00c9tat et m\u00eame rendu leur verdict, tout cela, dans le but d&rsquo;influencer le cours de la proc\u00e9dure et d&#8217;emp\u00eacher la tenue d&rsquo;un proc\u00e8s dans des conditions normales.<\/p>\n<p>Nous d\u00e9non\u00e7ons les nombreuses confusions qui entourent cette affaire, par exemple les affirmations d&rsquo;une grande partie de la sph\u00e8re m\u00e9diatico-politique qui nient totalement ce principe de la pr\u00e9somption d\u2019innocence et les nombreuses violations en mati\u00e8re de proc\u00e9dures judiciaires. Nous d\u00e9non\u00e7ons aussi la complicit\u00e9 de deux personnalit\u00e9s controvers\u00e9es telles que Caroline Fourest et sa compagne qui\u00a0\u00a0auraient instrumentalis\u00e9 les deux premi\u00e8res plaignantes avec la complicit\u00e9 de l\u2019islamo(phobe)logue Gilles Kepel. Sans oublier le n\u00e9grophobe inv\u00e9t\u00e9r\u00e9 d\u2019Alain Soral. Nous d\u00e9non\u00e7ons enfin le traitement judiciaire d\u2019exception r\u00e9serv\u00e9 au Professeur Ramadan.<\/p>\n<p>En effet, dans toutes les affaires de ce type, aucun des inculp\u00e9s n\u2019a \u00e9t\u00e9 mis en d\u00e9tention provisoire et encore moins mis en isolement, avant m\u00eame la tenue d&rsquo;un proc\u00e8s. L&rsquo;affaire de Ramadan est, en outre, entre les mains du Procureur Fran\u00e7ois Molins, sp\u00e9cialis\u00e9 dans les affaires de terrorisme islamiste. On peut y voir le signe que l\u2019affaire outrepasse les accusations de viol.<\/p>\n<p>Alors que les motifs invoqu\u00e9s pour sa d\u00e9tention sont aussi absurdes que \u00ab\u00a0risques de menace sur les plaignantes\u00a0\u00bb, \u00ab\u00a0possibilit\u00e9 de fuite \u00e0 l&rsquo;\u00e9tranger\u00a0\u00bb ou \u00ab\u00a0troubles \u00e0 l&rsquo;ordre public\u00a0\u00bb, la demande de remise en libert\u00e9 sous caution du Professeur Ramadan n&rsquo;a jamais \u00e9t\u00e9 consid\u00e9r\u00e9e, ne serait-ce qu&rsquo;en raison de ses probl\u00e8mes de sant\u00e9. Le Professeur Ramadan souffre depuis 2014 d\u2019une scl\u00e9rose en plaques et d&rsquo;une neuropathie d\u2019origine inconnue. Malgr\u00e9 la remise de certificats m\u00e9dicaux et le fait que 9 m\u00e9decins sp\u00e9cialistes ont attest\u00e9 que Tariq Ramadan est bien atteint d\u2019une scl\u00e9rose en plaques, malgr\u00e9 l\u2019avis du m\u00e9decin-chef de Fleury-M\u00e9rogis, le Docteur Farid Mehareb, qui a d\u00e9clar\u00e9 que son \u00e9tat de sant\u00e9 \u00e9tait incompatible avec son incarc\u00e9ration, il reste enferm\u00e9 dans un milieu o\u00f9 il ne peut \u00eatre soign\u00e9 correctement. Ainsi, sa sant\u00e9 se d\u00e9t\u00e9riore rapidement avec des cons\u00e9quences qui peuvent s\u2019av\u00e9rer irr\u00e9versibles.<\/p>\n<p>Plus que \u00e7a, son \u00e9pouse\u00a0\u00a0et ses enfants se sont vus refuser le droit de lui rendre visite alors que le Professeur Ramadan a pleinement coop\u00e9r\u00e9 avec les autorit\u00e9s judiciaires fran\u00e7aises et s&rsquo;est rendu volontairement au tribunal. Contrairement \u00e0 ce qui a \u00e9t\u00e9 r\u00e9pandu, pr\u00e9cisons quand m\u00eame que le Professeur Ramadan ne poss\u00e8de aucun autre passeport que le passeport suisse. Il a \u00e9t\u00e9 maintenu dans des conditions carc\u00e9rales inadmissibles : aucune visite pendant 45 jours, aucun acc\u00e8s \u00e0 son dossier et \u00e0 son courrier, et dans un isolement total.<\/p>\n<p>Tout cela nous fait penser que l&rsquo;affaire Ramadan est utilis\u00e9e \u00e0 des fins politiques et il est d&rsquo;ores et d\u00e9j\u00e0 certain que les musulmans de France et, plus globalement, de l&rsquo;espace francophone europ\u00e9en en seront certainement affect\u00e9s.<\/p>\n<p>A travers l\u2019affaire Ramadan, la justice fran\u00e7aise n&rsquo;appara\u00eet ni impartiale, ni ind\u00e9pendante mais semble au contraire contribuer au climat actuel d&rsquo;islamophobie. Nous accusons la justice fran\u00e7aise de r\u00e9primer un prisonnier politique, l\u2019avocat de la d\u00e9fense allant m\u00eame jusqu\u2019\u00e0 parler d\u2019affaire d\u2019\u00c9tat. Le cas du Professeur Ramadan se situe au croisement des d\u00e9bats li\u00e9s \u00e0 sa voix et \u00e0 son r\u00f4le dans le domaine de l&rsquo;islam politique plut\u00f4t que sur les questions li\u00e9es \u00e0 l&rsquo;accusation elle-m\u00eame. Ainsi, le Professeur Ramadan n\u2019incarne pas la figure-type du musulman aim\u00e9e du pouvoir. Il a eu l\u2019arrogance de refuser le costume taill\u00e9 sur mesure pour lui par le pouvoir, celui du musulman docile et domestiqu\u00e9.<\/p>\n<p>Il faut dire que le Professeur Ramadan a men\u00e9 de nombreux\u00a0\u00a0combats essentiels et qui nous touchent, que ce soit dans les auditoires des universit\u00e9s mais aussi, et peut-\u00eatre surtout, au niveau des quartiers populaires, au plus pr\u00e8s des \u00ab citoyens mis \u00e0 part \u00bb. C&rsquo;est d&rsquo;ailleurs ce que l&rsquo;\u00c9tat lui reproche surtout, son action politique envers les jeunes g\u00e9n\u00e9rations de musulmans auxquelles il adresse un message des plus importants : la n\u00e9cessit\u00e9 de s\u2019impliquer en tant que \u00ab citoyen \u00e0 part enti\u00e8re \u00bb.<\/p>\n<p>A ce titre, beaucoup de musulmans \u00ab institutionnels \u00bb de Bruxelles et d&rsquo;ailleurs ont vu le Professeur Ramadan\u00a0\u00a0payer de sa personne et de son porte-monnaie pour nombre de nos causes, qu&rsquo;il s&rsquo;agisse de la Palestine, des Rohyngias, contre les guerres, en soutien au Forum Contre l\u2019Islamophobie, et plus r\u00e9cemment encore en faveur des quartiers populaires, en soutien aux collectifs contre les violences polici\u00e8res et \u00e0 la marche de la Dignit\u00e9.<\/p>\n<p>Le Professeur Ramadan n&rsquo;a jamais revendiqu\u00e9 repr\u00e9senter les musulmans en tant qu&rsquo;individu\u00a0; mais de fait les id\u00e9es qu&rsquo;il d\u00e9fend font partie de nos combats et nous repr\u00e9sentent. Par-dessus tout, c\u2019est la dignit\u00e9 qu&rsquo;il a rendue aux musulmans d\u2019Europe qui nous touche. C&rsquo;est en cela qu&rsquo;ind\u00e9pendamment de la proc\u00e9dure contre lui, il est si important d&rsquo;intervenir pour cette lib\u00e9ration provisoire qui lui est refus\u00e9e. Le reste concerne la Justice.<\/p>\n<p>On pourrait facilement imaginer ce qu&rsquo;il serait advenu du Professeur Ramadan s&rsquo;il avait politiquement incarn\u00e9 un r\u00f4le conforme \u00e0 son statut social.\u00a0\u00a0Il aurait pu s&rsquo;installer confortablement dans le fauteuil prestigieux de \u00ab\u00a0repr\u00e9sentant de la communaut\u00e9 musulmane\u00a0\u00bb, fonction que tant de khobzistes convoitent, les exemples \u00e9tant \u00e0 ce titre l\u00e9gion. Mais force est de constater que sa conscience politique l\u2019a emport\u00e9.<\/p>\n<p>En d\u00e9finitive, le cas du\u00a0\u00a0Professeur Ramadan mis en isolement dans une prison fran\u00e7aise met en lumi\u00e8re le traitement diff\u00e9renci\u00e9 que les musulmans re\u00e7oivent dans le syst\u00e8me politique des \u00c9tats occidentaux. Il semble \u00eatre devenu normal que les personnes \u00ab per\u00e7ues \u00bb comme musulmanes subissent un traitement m\u00e9diatique et juridique anormal d\u00e8s lors qu&rsquo;elles sont arr\u00eat\u00e9es et accus\u00e9es, et m\u00eame pendant toute la proc\u00e9dure judiciaire, peu importe que les accusations soient civiles ou criminelles et davantage encore lorsqu\u2019elles sont li\u00e9es au terrorisme. Les musulmans font face \u00e0 ce genre d\u2019agissement dans tous les syst\u00e8mes occidentaux. Ils font face \u00e0 un traitement diff\u00e9renci\u00e9, d&rsquo;abord par le contr\u00f4le d\u2019identit\u00e9 et les fouilles corporelles par la police et ensuite tout au long du processus m\u00e9diatique, politique et judiciaire. \u00ab\u00a0Pr\u00e9sum\u00e9 coupable\u00a0\u00bb est la norme l\u00e9gale appliqu\u00e9e aux Arabes et aux musulmans. A ce titre, l\u2019affaire Ramadan agit comme un r\u00e9v\u00e9lateur.<\/p>\n<p>Le Professeur Tariq Ramadan a le droit de b\u00e9n\u00e9ficier de la pr\u00e9somption d\u2019innocence. Exiger la lib\u00e9ration provisoire de Tariq Ramadan est un acte de justice et de dignit\u00e9 \u00e9l\u00e9mentaire. Ce que l&rsquo;on attend de l&rsquo;\u00c9tat fran\u00e7ais et de son syst\u00e8me judiciaire, c&rsquo;est d&rsquo;adh\u00e9rer \u00e0 la loi et d&rsquo;accorder au professeur Ramadan les m\u00eames droits que ceux qui sont accord\u00e9s aux Blancs. En effet, le processus judiciaire en France et\/ou en Belgique est entach\u00e9 par le traitement diff\u00e9renci\u00e9 accord\u00e9 aux Arabes, aux Noirs, aux pr\u00e9suppos\u00e9s musulmans confront\u00e9s \u00e0 une discrimination syst\u00e9mique, y compris dans le syst\u00e8me judiciaire. Le traitement est similaire \u00e0 celui auquel sont confront\u00e9s les Afro-Am\u00e9ricains aux \u00c9tats-Unis et un racisme enracin\u00e9 datant de la p\u00e9riode coloniale est toujours pr\u00e9sent en France \/ Belgique.<\/p>\n<p>Nous demandons donc en toute urgence que le Professeur Tariq Ramadan puisse b\u00e9n\u00e9ficier d\u2019un traitement digne et de soins lui permettant d\u2019assurer v\u00e9ritablement sa d\u00e9fense et nous consid\u00e9rons qu\u2019\u00e0 ce stade, son maintien en prison ne se justifie en aucune fa\u00e7on.<\/p>\n<p>Ce que nous recherchons, c\u2019est\u00a0\u00a0la justice et l&rsquo;\u00e9galit\u00e9 pour tous, rien de plus et rien de moins.<\/p>\n<p>&nbsp;<\/p>\n<p style=\"text-align: right;\">Nordine Sa\u00efdi<\/p>\n<p style=\"text-align: right;\"><strong>Bruxelles Panth\u00e8res<\/strong><\/p>\n<p style=\"text-align: right;\">16 Mai 2018<\/p>\n<p>&nbsp;<\/p>\n<p><a name=\"_edn1\"><\/a><a href=\"applewebdata:\/\/92273C1D-F04B-4AC4-A046-1A3A7BBBC6C6#_ednref1\"><sup>[i]<\/sup><\/a>\u00a0<a href=\"https:\/\/www.dailysabah.com\/columns\/hatem-bazian\/2018\/04\/16\/professor-tariq-ramadan-and-frances-islamophobia\">https:\/\/www.dailysabah.com\/columns\/hatem-bazian\/2018\/04\/16\/professor-tariq-ramadan-and-frances-islamophobia<\/a><\/p>\n<p><a name=\"_edn2\"><\/a><a href=\"applewebdata:\/\/92273C1D-F04B-4AC4-A046-1A3A7BBBC6C6#_ednref2\"><sup>[ii]<\/sup><\/a>\u00a0<a href=\"https:\/\/bruxelles-pantheres.be\/?p=3425\">https:\/\/bruxelles-pantheres.be\/?p=3425<\/a><\/p>\n<p><a name=\"_edn3\"><\/a><a href=\"applewebdata:\/\/92273C1D-F04B-4AC4-A046-1A3A7BBBC6C6#_ednref3\"><sup>[iii]<\/sup><\/a>\u00a0<a href=\"http:\/\/questions-justice.be\/menu-principal\/l-actualite-commentee\/Archives-2015\/decembre-2015\/Presomption-d-innocence-de-quoi-s-agit-il-Pourquoi-est-il-important-de-la\">http:\/\/questions-justice.be\/menu-principal\/l-actualite-commentee\/Archives-2015\/decembre-2015\/Presomption-d-innocence-de-quoi-s-agit-il-Pourquoi-est-il-important-de-la<\/a><\/p>\n<p><a name=\"_edn4\"><\/a><a href=\"applewebdata:\/\/92273C1D-F04B-4AC4-A046-1A3A7BBBC6C6#_ednref4\"><sup>[iv]<\/sup><\/a>\u00a0<a href=\"https:\/\/bruxelles-pantheres.be\/?p=3312\">https:\/\/bruxelles-pantheres.be\/?p=3312<\/a><\/p>\n","protected":false},"excerpt":{"rendered":"<p>La nouvelle pr\u00e9sence des musulmans, ainsi que la visibilit\u00e9 de la tenue vestimentaire des musulmanes portant le foulard, a exacerb\u00e9 les craintes du retour du religieux forc\u00e9ment oppos\u00e9 aux femmes, \u00e0 leur statut et \u00e0 leur autonomie. Si, durant le moyen \u00e2ge, de la renaissance jusqu&rsquo;au XVIII e si\u00e8cle, on avait entretenu l&rsquo;id\u00e9e que l&rsquo;islam &#8230; <a title=\"\u00ab Pr\u00e9sum\u00e9 coupable \u00bb est la norme l\u00e9gale appliqu\u00e9e aux Arabes et aux musulmans.\" class=\"read-more\" href=\"https:\/\/bruxelles-pantheres.be\/?p=3711\" aria-label=\"En savoir plus sur \u00ab Pr\u00e9sum\u00e9 coupable \u00bb est la norme l\u00e9gale appliqu\u00e9e aux Arabes et aux musulmans.\">Lire la suite<\/a><\/p>\n","protected":false},"author":1,"featured_media":3713,"comment_status":"open","ping_status":"open","sticky":false,"template":"","format":"standard","meta":{"footnotes":""},"categories":[36,4,8,18,28],"tags":[259],"class_list":["post-3711","post","type-post","status-publish","format-standard","has-post-thumbnail","hentry","category-europe","category-islamophobie","category-prisons","category-resistance-bruxelles","category-racismes","tag-tariq-ramadan"],"_links":{"self":[{"href":"https:\/\/bruxelles-pantheres.be\/index.php?rest_route=\/wp\/v2\/posts\/3711","targetHints":{"allow":["GET"]}}],"collection":[{"href":"https:\/\/bruxelles-pantheres.be\/index.php?rest_route=\/wp\/v2\/posts"}],"about":[{"href":"https:\/\/bruxelles-pantheres.be\/index.php?rest_route=\/wp\/v2\/types\/post"}],"author":[{"embeddable":true,"href":"https:\/\/bruxelles-pantheres.be\/index.php?rest_route=\/wp\/v2\/users\/1"}],"replies":[{"embeddable":true,"href":"https:\/\/bruxelles-pantheres.be\/index.php?rest_route=%2Fwp%2Fv2%2Fcomments&post=3711"}],"version-history":[{"count":4,"href":"https:\/\/bruxelles-pantheres.be\/index.php?rest_route=\/wp\/v2\/posts\/3711\/revisions"}],"predecessor-version":[{"id":3735,"href":"https:\/\/bruxelles-pantheres.be\/index.php?rest_route=\/wp\/v2\/posts\/3711\/revisions\/3735"}],"wp:featuredmedia":[{"embeddable":true,"href":"https:\/\/bruxelles-pantheres.be\/index.php?rest_route=\/wp\/v2\/media\/3713"}],"wp:attachment":[{"href":"https:\/\/bruxelles-pantheres.be\/index.php?rest_route=%2Fwp%2Fv2%2Fmedia&parent=3711"}],"wp:term":[{"taxonomy":"category","embeddable":true,"href":"https:\/\/bruxelles-pantheres.be\/index.php?rest_route=%2Fwp%2Fv2%2Fcategories&post=3711"},{"taxonomy":"post_tag","embeddable":true,"href":"https:\/\/bruxelles-pantheres.be\/index.php?rest_route=%2Fwp%2Fv2%2Ftags&post=3711"}],"curies":[{"name":"wp","href":"https:\/\/api.w.org\/{rel}","templated":true}]}}