{"id":3721,"date":"2018-05-19T19:17:49","date_gmt":"2018-05-19T18:17:49","guid":{"rendered":"https:\/\/bruxelles-pantheres.be\/?p=3721"},"modified":"2018-05-19T19:17:49","modified_gmt":"2018-05-19T18:17:49","slug":"mawda-ou-lart-de-lenfumage","status":"publish","type":"post","link":"https:\/\/bruxelles-pantheres.be\/?p=3721","title":{"rendered":"Mawda ou l\u2019art de l\u2019enfumage"},"content":{"rendered":"<p>C&rsquo; est fou comme les s\u00e9ries polici\u00e8res peuvent nous influencer. Elles nous feraient croire, par exemple, que lorsqu\u2019un enfant re\u00e7oit une balle dans le visage, cela se voit tout de suite. Et que si, en plus, il est mort, le m\u00e9decin l\u00e9giste n\u2019a pas besoin d\u2019une autopsie pour faire le lien entre les deux. On a tout faux. Apparemment, c\u2019est tr\u00e8s compliqu\u00e9 d\u2019essayer de comprendre pourquoi, comment la petite Mawda est morte dans la nuit de mercredi \u00e0 jeudi lors d\u2019une course poursuite entre une camionnette remplie de migrants et 15 voitures de police lanc\u00e9es \u00e0 ses trousses. Tellement compliqu\u00e9 que d\u2019heure en heure, les versions changent du tout au tout. C\u2019est normal, dit le Procureur du Roi de Tournai, <em>\u00ab\u00a0il \u00a0faisait noir\u00a0\u00bb<\/em> au moment des faits. \u00a0Noir comme lorsqu\u2019on enfume l\u2019opinion publique car, avec la mort de Mawda, c\u2019est bien \u00e0 une remarquable op\u00e9ration d\u2019enfumage m\u00e9diatique que l\u2019on assiste.<!--more--><\/p>\n<p><a href=\"https:\/\/bruxelles-pantheres.be\/wp-content\/uploads\/2018\/05\/32739771_445221869251566_5001889793043333120_n.jpg\"><img decoding=\"async\" class=\"alignnone size-full wp-image-3722\" src=\"https:\/\/bruxelles-pantheres.be\/wp-content\/uploads\/2018\/05\/32739771_445221869251566_5001889793043333120_n.jpg\" alt=\"\" width=\"960\" height=\"592\" srcset=\"https:\/\/bruxelles-pantheres.be\/wp-content\/uploads\/2018\/05\/32739771_445221869251566_5001889793043333120_n.jpg 960w, https:\/\/bruxelles-pantheres.be\/wp-content\/uploads\/2018\/05\/32739771_445221869251566_5001889793043333120_n-300x185.jpg 300w, https:\/\/bruxelles-pantheres.be\/wp-content\/uploads\/2018\/05\/32739771_445221869251566_5001889793043333120_n-768x474.jpg 768w\" sizes=\"(max-width: 960px) 100vw, 960px\" \/><\/a><\/p>\n<p>Rappelez-vous les journaux t\u00e9l\u00e9vis\u00e9s du jeudi soir. L\u2019information, c\u2019est qu\u2019une une fillette de deux ans est morte, certes, mais surtout que <em>\u00ab\u00a0les policiers sont hors de cause\u00a0\u00bb<\/em>. Il y a eu un tir de policiers vers la camionnette o\u00f9 se trouvait la petite fille, bien s\u00fbr mais on ne savait pas comment elle \u00e9tait morte. \u00a0Une balle dans la joue, reconna\u00eetra le Procureur du Roi de Tournai le lendemain. La joue, c\u2019est la t\u00eate. Dire qu\u2019un enfant a \u00e9t\u00e9 abattu d\u2019une balle dans la t\u00eate, c\u2019est un peu \u00ab\u00a0trash\u00a0\u00bb sans doute. Et d\u2019o\u00f9 vient cette balle\u00a0? Toujours selon le Parquet, pas n\u00e9cessairement des policiers qui ont tir\u00e9 sur la voiture et ses occupants. C\u2019est une \u00ab\u00a0balle perdue\u00a0\u00bb, les balles \u00e7a va, \u00e7a vient. Tiens et si on laissait sous-entendre que les migrants auraient tu\u00e9 la fillette en ripostant, sur eux-m\u00eames en quelque sorte\u00a0? On ose\u00a0? Oui. Le Parquet dit ne pas \u00ab\u00a0exclure\u00a0\u00bb que le tir mortel ait \u00e9t\u00e9 commis par des policiers. Ne pas exclure, c\u2019est laisser sous-entendre que d\u2019autres auraient pu tirer.<\/p>\n<p>On continue\u00a0? Jeudi soir, la camionnette avait forc\u00e9 un barrage policier. C\u2019\u00e9tait de la l\u00e9gitime d\u00e9fense, quoi. \u00a0Finalement, ce n\u2019est pas tout \u00e0 fait la bonne version des faits. \u00a0La voiture avait \u00e9t\u00e9 bloqu\u00e9e sur un parking par un camion et puis des \u00ab\u00a0tirs policiers\u00a0\u00bb sont intervenus. Pourquoi\u00a0? Pas de r\u00e9ponse pour le moment. Ce n\u2019est pas fini\u00a0: jeudi encore, les policiers auraient aper\u00e7u des enfants par les fen\u00eatres du v\u00e9hicule. De quoi se montrer plus prudent donc\u00a0? Vous n\u2019y pensez pas\u00a0! Les m\u00e9chants passeurs font \u00e7a pour emp\u00eacher les gentils policiers d\u2019intervenir. Le JT de RTL a m\u00eame os\u00e9 affirmer que les migrants s\u2019\u00e9taient servi des enfants comme de boucliers humains. Les migrants sont des terroristes qui sacrifient leurs enfants, c\u2019est bien connu. Vingt-quatre heures plus tard, il appara\u00eet que les vitres \u00e9taient teint\u00e9es de noir rendant impossible l\u2019identification des occupants. Et pour rappel, c\u2019\u00e9tait la nuit comme le note notre Sherlock tournaisien. Donc personne n\u2019a vu personne. On tire et puis on voit. On voit un enfant de deux ans qui a re\u00e7u une balle dans le visage mais on ne comprend pas comment il a bien pu mourir.<\/p>\n<p>Enfumage judiciaire, m\u00e9diatique. Enfumage politique ensuite. Pour le ministre de l\u2019Int\u00e9rieur, Jan Jambon, pas besoin d\u2019enqu\u00eate. Les coupables, c\u2019est les passeurs. Pour lui, la police n\u2019a commis aucune erreur. Il est fort, Jambon. Les policiers tirent sur les occupants d\u2019une voiture sans qu\u2019il soit av\u00e9r\u00e9 qu\u2019il y ait eu l\u00e9gitime d\u00e9fense mais le ministre les disculpe d\u2019office. Alors aujourd\u2019hui certains font la comparaison avec l\u2019affaire Semira Adamu, il y a 20 ans. A l\u2019\u00e9poque, le ministre de l\u2019Int\u00e9rieur Louis Tobback avait aussi soutenu ses policiers avant d\u2019\u00eatre contraint de d\u00e9missionner. Jambon doit-il faire de m\u00eame\u00a0? Pour le moment, c\u2019est encore de l\u2019enfumage de rapprocher les deux \u00e9v\u00e9nements car l\u2019enqu\u00eate n\u2019est pas termin\u00e9e. Peut-\u00eatre, les policiers ignoraient-ils qu\u2019ils poursuivaient des migrants\u00a0? Peut-\u00eatre ont-ils \u00e9t\u00e9 juste emport\u00e9s par l\u2019excitation de la chasse, toutes sir\u00e8nes hurlantes\u00a0? Le probl\u00e8me, c\u2019est que l\u2019on puisse soup\u00e7onner, que s\u2019ils savaient la voiture occup\u00e9e par 30 migrants, ils auraient agi de la m\u00eame mani\u00e8re. Avec cette l\u00e9gitimit\u00e9 que donnent les propos habituellement hostiles aux migrants de leur ministre de tutelle. Le probl\u00e8me, c\u2019est que si l\u2019enqu\u00eate devait d\u00e9terminer la responsabilit\u00e9 de policiers dans le meurtre d\u2019un enfant, on est quasi certain que cette responsabilit\u00e9 sera d\u2019embl\u00e9e rejet\u00e9e par le ministre sur les migrants et les passeurs. Le probl\u00e8me, c\u2019est que l\u2019on sait que dans ce gouvernement, on ne d\u00e9missionne pas m\u00eame quand on livre des r\u00e9fugi\u00e9s soudanais \u00e0 ceux qui les torturent. Porter atteinte aux droits fondamentaux des migrants n\u2019est pas consid\u00e9r\u00e9 comme une faute politique. Au contraire, ce serait m\u00eame un troph\u00e9e \u00e9lectoral. Et sur ce point au moins, les choses sont malheureusement tr\u00e8s claires.<\/p>\n<p>Martine Vandemeulebroucke<\/p>\n<p><a href=\"https:\/\/martinevdmb.wordpress.com\/2018\/05\/19\/mawda-ou-lart-de-lenfumage\/\">Source<\/a><\/p>\n","protected":false},"excerpt":{"rendered":"<p>C&rsquo; est fou comme les s\u00e9ries polici\u00e8res peuvent nous influencer. Elles nous feraient croire, par exemple, que lorsqu\u2019un enfant re\u00e7oit une balle dans le visage, cela se voit tout de suite. Et que si, en plus, il est mort, le m\u00e9decin l\u00e9giste n\u2019a pas besoin d\u2019une autopsie pour faire le lien entre les deux. On &#8230; <a title=\"Mawda ou l\u2019art de l\u2019enfumage\" class=\"read-more\" href=\"https:\/\/bruxelles-pantheres.be\/?p=3721\" aria-label=\"En savoir plus sur Mawda ou l\u2019art de l\u2019enfumage\">Lire la suite<\/a><\/p>\n","protected":false},"author":1,"featured_media":3723,"comment_status":"open","ping_status":"open","sticky":false,"template":"","format":"standard","meta":{"footnotes":""},"categories":[36,28,39,5],"tags":[31,346],"class_list":["post-3721","post","type-post","status-publish","format-standard","has-post-thumbnail","hentry","category-europe","category-racismes","category-sans-papier","category-violence-policiere","tag-belgique","tag-mawda"],"_links":{"self":[{"href":"https:\/\/bruxelles-pantheres.be\/index.php?rest_route=\/wp\/v2\/posts\/3721","targetHints":{"allow":["GET"]}}],"collection":[{"href":"https:\/\/bruxelles-pantheres.be\/index.php?rest_route=\/wp\/v2\/posts"}],"about":[{"href":"https:\/\/bruxelles-pantheres.be\/index.php?rest_route=\/wp\/v2\/types\/post"}],"author":[{"embeddable":true,"href":"https:\/\/bruxelles-pantheres.be\/index.php?rest_route=\/wp\/v2\/users\/1"}],"replies":[{"embeddable":true,"href":"https:\/\/bruxelles-pantheres.be\/index.php?rest_route=%2Fwp%2Fv2%2Fcomments&post=3721"}],"version-history":[{"count":1,"href":"https:\/\/bruxelles-pantheres.be\/index.php?rest_route=\/wp\/v2\/posts\/3721\/revisions"}],"predecessor-version":[{"id":3724,"href":"https:\/\/bruxelles-pantheres.be\/index.php?rest_route=\/wp\/v2\/posts\/3721\/revisions\/3724"}],"wp:featuredmedia":[{"embeddable":true,"href":"https:\/\/bruxelles-pantheres.be\/index.php?rest_route=\/wp\/v2\/media\/3723"}],"wp:attachment":[{"href":"https:\/\/bruxelles-pantheres.be\/index.php?rest_route=%2Fwp%2Fv2%2Fmedia&parent=3721"}],"wp:term":[{"taxonomy":"category","embeddable":true,"href":"https:\/\/bruxelles-pantheres.be\/index.php?rest_route=%2Fwp%2Fv2%2Fcategories&post=3721"},{"taxonomy":"post_tag","embeddable":true,"href":"https:\/\/bruxelles-pantheres.be\/index.php?rest_route=%2Fwp%2Fv2%2Ftags&post=3721"}],"curies":[{"name":"wp","href":"https:\/\/api.w.org\/{rel}","templated":true}]}}