{"id":3728,"date":"2018-05-22T09:59:48","date_gmt":"2018-05-22T08:59:48","guid":{"rendered":"https:\/\/bruxelles-pantheres.be\/?p=3728"},"modified":"2018-06-08T22:45:34","modified_gmt":"2018-06-08T21:45:34","slug":"pour-la-regularisation-des-sans-papiers","status":"publish","type":"post","link":"https:\/\/bruxelles-pantheres.be\/?p=3728","title":{"rendered":"Une seule solution, la r\u00e9gularisation de tous les sans-papiers."},"content":{"rendered":"<blockquote>\n<h6>\u00ab Dans le mouvement migratoire que nous vivons depuis 2015, c\u2019est dans les villes et au niveau des villes que se pose la question de l\u2019accueil ou du non-accueil. Mais qui est \u00ab la ville \u00bb ? Est-ce la mairie ? Les habitants ? \u00bb<\/h6>\n<h6>Entre accueil et rejet : Ce que les villes font aux migrants Le passager clandestin \/ Biblioth\u00e8que des fronti\u00e8res, Lyon 2018<\/h6>\n<\/blockquote>\n<p>&nbsp;<\/p>\n<p>Un \u00e9lan de solidarit\u00e9 sans pr\u00e9c\u00e9dent a vu le jour au Parc Maximilien o\u00f9 l\u2019aide humanitaire et le respect de la dignit\u00e9 humaine semble \u00eatre les lignes directrices du mouvement.<\/p>\n<p>Chaque soir, ce sont des centaines d\u2019exil\u00e9s qui attendent Gare du Nord \u00e0 Bruxelles qu\u2019un des nombreux \u00ab chauffeurs \u00bb les conduisent dans une des nombreuses familles d\u2019\u00ab h\u00e9bergeurs \u00bb \u00e0 Bruxelles ou ailleurs. Se met ainsi en place une longue cha\u00eene de solidarit\u00e9 citoyenne qui force l\u2019admiration.<\/p>\n<p>Ces exil\u00e9s ont travers\u00e9 d\u00e9serts, mers, fronti\u00e8res, camps&#8230; Ils ont \u00e9t\u00e9 d\u00e9shumanis\u00e9s, maltrait\u00e9s, parfois m\u00eame tortur\u00e9s. Ils sont sur la route depuis plusieurs ann\u00e9es.<\/p>\n<p>Certains sont partis enfants et certains le sont encore&#8230;<\/p>\n<p>En arrivant dans des familles d\u2019h\u00e9bergement, pour la plupart, c&rsquo;est la premi\u00e8re fois depuis trop longtemps qu&rsquo;ils peuvent tout simplement dormir en se sentant en s\u00e9curit\u00e9.<\/p>\n<p>Toutes ces familles qui accueillent ces personnes exil\u00e9es, manifestent de la solidarit\u00e9 envers elles et semblent vouloir construire le monde de demain.<\/p>\n<p><!--more--><\/p>\n<figure id=\"attachment_3729\" aria-describedby=\"caption-attachment-3729\" style=\"width: 950px\" class=\"wp-caption alignnone\"><a href=\"https:\/\/bruxelles-pantheres.be\/wp-content\/uploads\/2018\/05\/33045694_1796180223773251_7678369642175266816_n.jpg\"><img decoding=\"async\" class=\"wp-image-3729 size-full\" src=\"https:\/\/bruxelles-pantheres.be\/wp-content\/uploads\/2018\/05\/33045694_1796180223773251_7678369642175266816_n.jpg\" alt=\"\" width=\"960\" height=\"482\" srcset=\"https:\/\/bruxelles-pantheres.be\/wp-content\/uploads\/2018\/05\/33045694_1796180223773251_7678369642175266816_n.jpg 960w, https:\/\/bruxelles-pantheres.be\/wp-content\/uploads\/2018\/05\/33045694_1796180223773251_7678369642175266816_n-300x151.jpg 300w, https:\/\/bruxelles-pantheres.be\/wp-content\/uploads\/2018\/05\/33045694_1796180223773251_7678369642175266816_n-768x386.jpg 768w\" sizes=\"(max-width: 960px) 100vw, 960px\" \/><\/a><figcaption id=\"caption-attachment-3729\" class=\"wp-caption-text\">Ce jeudi 17 mai 2018, Mawda Shawri, une petite fille n\u00e9e en Allemagne de parents qui fuyaient le Kurdistan irakien pour rejoindre l\u2019Angleterre, a \u00e9t\u00e9 tu\u00e9e par la police belge. L\u2019enfant a re\u00e7u une balle dans la t\u00eate apr\u00e8s que la police ait ouvert le feu sur une camionnette transportant des migrants pr\u00e8s de Mons. Ce crime est la cons\u00e9quence de la r\u00e9pression des migrants \u00ab sans-papiers \u00bb organis\u00e9e par le gouvernement qui force les personnes qui fuient la guerre, la pauvret\u00e9 et la r\u00e9pression \u00e0 devoir prendre toujours plus de risques pour \u00e9chapper aux forces de l\u2019ordre et ainsi esp\u00e9rer construire un avenir de l\u2019autre c\u00f4t\u00e9 de la Manche.<\/figcaption><\/figure>\n<p>Ces exil\u00e9s ont risqu\u00e9 leur vie \u00e0 cause des politiques des pays occidentaux qui ont pill\u00e9, esclavagis\u00e9, colonis\u00e9, les pays d\u2019o\u00f9 proviennent les migrants mais aussi \u00e0 cause des politiques n\u00e9ocoloniales de guerres et d\u2019ajustements structurels qui continuent \u00e0 d\u00e9truire et \u00e0 d\u00e9stabiliser les soci\u00e9t\u00e9s extra-europ\u00e9ennes. Cette Europe a contribu\u00e9 et continue \u00e0 contribuer ainsi \u00e0 la gen\u00e8se de cette mis\u00e8re que ces jeunes Africains, Syriens, Afghans, Irakiens, \u2026 fuient.<\/p>\n<p>En d\u00e9truisant depuis les ann\u00e9es 1990 le droit d\u2019asile et en criminalisant les migrants \u00ab sans-papiers \u00bb, c\u2019est cette m\u00eame Europe qui rend les routes de l\u2019exil p\u00e9rilleuses et ses fronti\u00e8res imp\u00e9n\u00e9trable, alors que des milliers d\u2019Africains p\u00e9rissent en M\u00e9diterran\u00e9e, dans le d\u00e9sert, ou en d\u00e9tention.<\/p>\n<p>Ces enfants, femmes et hommes qui se retrouvent aujourd\u2019hui au Parc Maximilien ont entrepris un long et dangereux voyage pour une vie meilleure plus s\u00fbre et plus digne, comme tout \u00eatre humain peut la d\u00e9sirer.<\/p>\n<p>Tous leurs t\u00e9moignages convergent : fatigue, stress, harc\u00e8lement policier, \u2026<\/p>\n<p>Ils ne croient plus qu\u2019en la \u00ab chance \u00bb, ce qui veut dire en r\u00e9alit\u00e9 \u00ab sans l\u2019aide de Dieu c\u2019est impossible \u00bb.<\/p>\n<p>Cette situation ne peut, ne doit plus durer ! Elle est inhumaine, indigne, et criminelle. Or, l\u2019\u00c9tat ne fait rien pour r\u00e9pondre aux besoins pratiques de ces migrants.<\/p>\n<p>Au contraire, le contexte est qu\u2019aujourd\u2019hui, la r\u00e9pression polici\u00e8re sur les migrants est in\u00e9gal\u00e9e et que les lois rendent de plus en plus difficiles les pratiques de soutien avec les migrants sur cet enjeu politique, y compris quand la motivation des familles accueillantes est humanitaire.<\/p>\n<p>La solidarit\u00e9 doit se multiplier et doit prendre des formes diversifi\u00e9es.<\/p>\n<p>Si notre objectif prioritaire est de leur permettre de dormir en s\u00e9curit\u00e9 sous un toit, il nous faut \u00e9galement protester contre la politique migratoire meurtri\u00e8re du gouvernement belge et n\u00e9gocier une r\u00e9gularisation g\u00e9n\u00e9rale.<\/p>\n<p>Il nous faut comprendre et r\u00e9sister \u00e0 ce qui se joue dans les politiques de fermeture des fronti\u00e8res.<\/p>\n<p>La Belgique n\u2019envisage pas de renoncer \u00e0 financer Frontex afin qu\u2019elles continuent de bloquer les migrants, et donc \u00e0 \u00eatre complice des violences dont sont victimes les migrants.<\/p>\n<p>A court terme, l\u2019abandon du r\u00e8glement de Dublin doit \u00eatre une des revendications majeures.<\/p>\n<p>Les exil\u00e9s sont pratiquement tous \u00ab\u00a0dublin\u00e9s\u00a0\u00bb, selon cette proc\u00e9dure qui veut que le premier lieu o\u00f9 une personne d\u00e9pose ses empreintes soit celui o\u00f9 elle est expuls\u00e9e.<\/p>\n<p>A moyen terme, c&rsquo;est-\u00e0-dire pour les \u00e9lections communales, nous sommes en force de revendiquer des mesures concr\u00e8tes \u00e0 nos futurs \u00e9lus. Par exemple, que\u00a0:<\/p>\n<ul>\n<li>La police locale refuse de soutenir les politiques de d\u00e9portation mises en place au niveau f\u00e9d\u00e9ral des personnes \u00ab sans-papiers \u00bb en n\u2019ex\u00e9cutant plus aucun ordre de quitter le territoire (OQT).<\/li>\n<li>La police fournira pour tout contr\u00f4le d\u2019identit\u00e9 un r\u00e9c\u00e9piss\u00e9 justifiant cette proc\u00e9dure qui doit rester exceptionnelle.<\/li>\n<\/ul>\n<p>Aussi, sur le plus long terme, Il nous faut \u00e9galement revendiquer pour les \u00e9lections de 2019\u00a0:<\/p>\n<p>&#8211;\u00a0\u00a0\u00a0\u00a0\u00a0\u00a0\u00a0\u00a0\u00a0 la r\u00e9gularisation de tous les sans-papiers,<\/p>\n<p>&#8211;\u00a0\u00a0\u00a0\u00a0\u00a0\u00a0\u00a0\u00a0\u00a0 la fermeture des centres ferm\u00e9s,<\/p>\n<p>&#8211;\u00a0\u00a0\u00a0\u00a0\u00a0\u00a0\u00a0\u00a0\u00a0 la libert\u00e9 de circulation,<\/p>\n<p>&#8211;\u00a0\u00a0\u00a0\u00a0\u00a0\u00a0\u00a0\u00a0\u00a0 l\u2019arr\u00eat des expulsions,<\/p>\n<p>&#8211;\u00a0\u00a0\u00a0\u00a0\u00a0\u00a0\u00a0\u00a0\u00a0 l\u2019arr\u00eat de la criminalisation des sans-papiers,<\/p>\n<p>&#8211;\u00a0\u00a0\u00a0\u00a0\u00a0\u00a0\u00a0\u00a0\u00a0 le respect des droits fondamentaux comme l\u2019acc\u00e8s aux soins m\u00e9dicaux et \u00e0 l\u2019\u00e9ducation,<\/p>\n<p>&#8211;\u00a0\u00a0\u00a0\u00a0\u00a0\u00a0\u00a0\u00a0\u00a0 le respect et l\u2019application des droits de l\u2019enfant,<\/p>\n<p>&#8211;\u00a0\u00a0\u00a0\u00a0\u00a0\u00a0\u00a0\u00a0\u00a0 l\u2019instauration d\u2019un droit nouveau de la circulation et de l\u2019installation des personnes qui prennent en compte la r\u00e9alit\u00e9 du monde dans lequel nous vivons.<\/p>\n<p>Rappelons-nous que, les deux derni\u00e8res campagnes de r\u00e9gularisation ont r\u00e9gularis\u00e9 quelques 125.000 personnes, apr\u00e8s examen de leur demande individuelle et sur base de crit\u00e8res pr\u00e9cis.<\/p>\n<p>La r\u00e9gularisation d\u2019\u00e9trangers en situation irr\u00e9guli\u00e8re n\u2019est pas une pratique isol\u00e9e de la Belgique. Quasiment tous les \u00c9tats europ\u00e9ens y ont recours, m\u00eame s\u2019ils ne le d\u00e9clarent pas express\u00e9ment. En r\u00e9alit\u00e9, dans une \u00e9conomie capitaliste n\u00e9o-lib\u00e9rale, la r\u00e9gularisation p\u00e9riodique par l\u2019\u00c9tat de migrants \u00ab sans-papiers \u00bb est un dispositif de gestion de la population et du march\u00e9 du travail.<\/p>\n<p>Le discours politique actuel est triste et d\u00e9cevant. Il s\u2019agit d\u2019un grand pas en arri\u00e8re au niveau des droits des personnes et plus encore des exil\u00e9s. Mais en m\u00eame temps, nous n\u2019avons jamais vu une telle mobilisation citoyenne.<\/p>\n<p>En politique, tout n\u2019est que rapport de force et de pouvoir. Si nous avons la volont\u00e9 politique ce qui nous semble impossible aujourd\u2019hui peut se r\u00e9aliser d\u00e8s 2019.<\/p>\n<p>L\u2019\u00c9tat d\u2019urgence \/ d&rsquo;exception banalise la fermeture des fronti\u00e8res. Le plan Canal lui banalise les contr\u00f4les au faci\u00e8s, le fichage g\u00e9n\u00e9ralis\u00e9, les perquisitions, la d\u00e9ch\u00e9ance de nationalit\u00e9.<\/p>\n<p>Il est temps, plus que jamais, de nous mobiliser contres toutes ces mesures et d&rsquo;organiser une large mobilisation anti-guerre, anti-raciste, de solidarit\u00e9 avec les r\u00e9fugi\u00e9s et d\u00e9coloniale.<\/p>\n<p style=\"text-align: right;\">Nordine Sa\u00efdi<br \/>\nBruxelles Panth\u00e8res<\/p>\n<h5>Pour Mawda demain ( Mercredi 23 Mai ) \u00e0 22h devant le Palais de Justice pour une veill\u00e9e aux flambeaux.<br \/>\nSolidairement,<br \/>\nBruxelles Panth\u00e8res<br \/>\n&#8212;&#8212;&#8212;&#8212;&#8212;&#8212;&#8212;&#8212;&#8212;&#8212;<wbr><\/wbr>&#8212;&#8212;&#8212;&#8212;&#8212;&#8212;&#8212;&#8212;&#8212;&#8212;<wbr><\/wbr>&#8212;&#8212;&#8212;&#8212;&#8212;&#8212;&#8212;&#8212;&#8212;&#8212;<wbr><\/wbr>&#8212;&#8212;&#8212;&#8212;&#8212;&#8211;<br \/>\nMAWDA : 10 JOURS DE DEUIL NATIONAL ! &#8211; JUSTICE et V\u00c9RIT\u00c9<\/h5>\n<h5>Mawda avait deux ans, elle est n\u00e9e en Allemagne. Ce 18 mai elle a \u00e9t\u00e9 tu\u00e9e d\u2019une balle dans la t\u00eate dans les bras de son p\u00e8re sur une aire d\u2019autoroute de la E42 \u00e0 l\u2019issue d\u2019une course poursuite avec la police. Le meurtre de Mawda a \u00e9t\u00e9 rendu possible par la politique d\u2019immigration de l\u2019Europe appliqu\u00e9e par le gouvernement Michel. Et c\u2019est la m\u00eame politique, et l\u2019id\u00e9ologie naus\u00e9abonde qui la sous-tend qui, il y a 20 ans, avait rendu possible le meurtre de Semira Adamu.<\/h5>\n<p>Mawda ne portera jamais de v\u00eatements dont la taille est plus grande que 104 cm. En signe de deuil et de protestation, la coordination Semira Adamu invite toutes les habitantes les habitants de Belgique et au-del\u00e0 de ses fronti\u00e8res, \u00e0 attacher un v\u00eatement d\u2019enfant \u00e0 leur fen\u00eatre, sur les places et aux entr\u00e9es de leurs villes et de leurs villages, de le photographier et de poster cette photo sur les r\u00e9seaux sociaux ou d\u2019en faire leur photo de profil.<\/p>\n<p>Rendez-vous ce mercredi 23 mai \u00e0 17h30 place Poelart, pour y d\u00e9poser un v\u00eatement d\u2019enfant et nous recueillir.<\/p>\n<p>Nous reviendrons ce mercredi soir \u00e0 22h au Palais de Justice pour une veill\u00e9e aux flambeaux.<\/p>\n<p>La coordination Semira Adamu 2018<br \/>\n<a href=\"mailto:info@semiraadamu2018.be\" target=\"_blank\" rel=\"noopener\">info@semiraadamu2018.be<\/a><\/p>\n<p><a href=\"https:\/\/bruxelles-pantheres.be\/wp-content\/uploads\/2018\/05\/33076838_10215913892826378_5524595701037662208_n.jpg\"><img decoding=\"async\" class=\"alignnone size-full wp-image-3738\" src=\"https:\/\/bruxelles-pantheres.be\/wp-content\/uploads\/2018\/05\/33076838_10215913892826378_5524595701037662208_n.jpg\" alt=\"\" width=\"960\" height=\"678\" srcset=\"https:\/\/bruxelles-pantheres.be\/wp-content\/uploads\/2018\/05\/33076838_10215913892826378_5524595701037662208_n.jpg 960w, https:\/\/bruxelles-pantheres.be\/wp-content\/uploads\/2018\/05\/33076838_10215913892826378_5524595701037662208_n-300x212.jpg 300w, https:\/\/bruxelles-pantheres.be\/wp-content\/uploads\/2018\/05\/33076838_10215913892826378_5524595701037662208_n-768x542.jpg 768w\" sizes=\"(max-width: 960px) 100vw, 960px\" \/><\/a><\/p>\n","protected":false},"excerpt":{"rendered":"<p>\u00ab Dans le mouvement migratoire que nous vivons depuis 2015, c\u2019est dans les villes et au niveau des villes que se pose la question de l\u2019accueil ou du non-accueil. Mais qui est \u00ab la ville \u00bb ? Est-ce la mairie ? Les habitants ? \u00bb Entre accueil et rejet : Ce que les villes font &#8230; <a title=\"Une seule solution, la r\u00e9gularisation de tous les sans-papiers.\" class=\"read-more\" href=\"https:\/\/bruxelles-pantheres.be\/?p=3728\" aria-label=\"En savoir plus sur Une seule solution, la r\u00e9gularisation de tous les sans-papiers.\">Lire la suite<\/a><\/p>\n","protected":false},"author":1,"featured_media":3002,"comment_status":"open","ping_status":"open","sticky":false,"template":"","format":"standard","meta":{"footnotes":""},"categories":[1,35,21,24,36,4,7,8,18,28,37,39,5],"tags":[31,14,13,15],"class_list":["post-3728","post","type-post","status-publish","format-standard","has-post-thumbnail","hentry","category-non-classe","category-amerique-du-sud","category-anti-imperialisme","category-belgique-maroc","category-europe","category-islamophobie","category-negrophobie","category-prisons","category-resistance-bruxelles","category-racismes","category-romophobie","category-sans-papier","category-violence-policiere","tag-belgique","tag-bruxelles","tag-nordine-saidi","tag-resistance"],"_links":{"self":[{"href":"https:\/\/bruxelles-pantheres.be\/index.php?rest_route=\/wp\/v2\/posts\/3728","targetHints":{"allow":["GET"]}}],"collection":[{"href":"https:\/\/bruxelles-pantheres.be\/index.php?rest_route=\/wp\/v2\/posts"}],"about":[{"href":"https:\/\/bruxelles-pantheres.be\/index.php?rest_route=\/wp\/v2\/types\/post"}],"author":[{"embeddable":true,"href":"https:\/\/bruxelles-pantheres.be\/index.php?rest_route=\/wp\/v2\/users\/1"}],"replies":[{"embeddable":true,"href":"https:\/\/bruxelles-pantheres.be\/index.php?rest_route=%2Fwp%2Fv2%2Fcomments&post=3728"}],"version-history":[{"count":10,"href":"https:\/\/bruxelles-pantheres.be\/index.php?rest_route=\/wp\/v2\/posts\/3728\/revisions"}],"predecessor-version":[{"id":3820,"href":"https:\/\/bruxelles-pantheres.be\/index.php?rest_route=\/wp\/v2\/posts\/3728\/revisions\/3820"}],"wp:featuredmedia":[{"embeddable":true,"href":"https:\/\/bruxelles-pantheres.be\/index.php?rest_route=\/wp\/v2\/media\/3002"}],"wp:attachment":[{"href":"https:\/\/bruxelles-pantheres.be\/index.php?rest_route=%2Fwp%2Fv2%2Fmedia&parent=3728"}],"wp:term":[{"taxonomy":"category","embeddable":true,"href":"https:\/\/bruxelles-pantheres.be\/index.php?rest_route=%2Fwp%2Fv2%2Fcategories&post=3728"},{"taxonomy":"post_tag","embeddable":true,"href":"https:\/\/bruxelles-pantheres.be\/index.php?rest_route=%2Fwp%2Fv2%2Ftags&post=3728"}],"curies":[{"name":"wp","href":"https:\/\/api.w.org\/{rel}","templated":true}]}}