{"id":3756,"date":"2018-05-30T22:27:25","date_gmt":"2018-05-30T21:27:25","guid":{"rendered":"https:\/\/bruxelles-pantheres.be\/?p=3756"},"modified":"2018-05-30T22:27:25","modified_gmt":"2018-05-30T21:27:25","slug":"les-accusatrices-de-tariq-ramadan-vont-elles-se-transformer-en-accusees","status":"publish","type":"post","link":"https:\/\/bruxelles-pantheres.be\/?p=3756","title":{"rendered":"Les accusatrices de Tariq Ramadan vont-elles se transformer en accus\u00e9es ?"},"content":{"rendered":"<div class=\"field field-name-source field-type-ds field-label-hidden\">\n<div class=\"field-items\">\n<div class=\"field-item even\">\n<div class=\"field field-name-field-lien field-type-link-field field-label-hidden\">\n<div class=\"field-items\">\n<div class=\"field-item even\">Lundi, 28 Mai, 2018 &#8211; 21:20<\/div>\n<\/div>\n<\/div>\n<\/div>\n<\/div>\n<\/div>\n<div class=\"field field-name-field-intro field-type-text-long field-label-hidden\">\n<div class=\"field-items\">\n<div class=\"field-item even\">\n<p>Ce dossier regroupe un ensemble de faits sur les plaignantes accusant Tariq Ramadan de viol. De nombreuses enqu\u00eates \u00e0 charge ont \u00e9t\u00e9 faites dans la presse. La justice et les m\u00e9dias ne peuvent respirer qu\u2019avec deux poumons. Nous r\u00e9tablissons ici la balance. Enqu\u00eate.<\/p>\n<\/div>\n<\/div>\n<\/div>\n<div class=\"field field-name-field-texte field-type-text-long field-label-hidden\">\n<div class=\"field-items\">\n<div class=\"field-item even\">\n<p>Les \u00e9l\u00e9ments d\u2019incoh\u00e9rences et de zones d\u2019ombre sur les profils, les actes et les contacts de chacune doivent \u00eatre pris en compte et relev\u00e9s pour pouvoir s\u2019interroger sur cette affaire. La majorit\u00e9 des m\u00e9dias fran\u00e7ais se sont occup\u00e9s de la culpabilit\u00e9 m\u00e9diatique de Tariq Ramadan et peu concernant les plaignantes. Nous retranscrivons ici tous les faits \u00e9num\u00e9r\u00e9s par les m\u00e9dias mais aussi par les plaignantes elles-m\u00eames.<\/p>\n<\/div>\n<\/div>\n<\/div>\n<p><!--more--><\/p>\n<p>&nbsp;<\/p>\n<p><b>Paule-Emma A. &#8211; \u00ab\u00a0Christelle\u00a0\u00bb\u00a0<\/b><\/p>\n<p><b>\u00a0<\/b>Une militante d\u2019extr\u00eame droite affirmant avoir \u00e9t\u00e9 viol\u00e9e par Tariq Ramadan, a pourtant \u00e9mis des incoh\u00e9rences lors de ses interrogatoires aupr\u00e8s des enqu\u00eateurs, dont une description de la chambre d\u2019h\u00f4tel voisine \u00e0 celle o\u00f9 elle se trouvait au moment du viol rapport\u00e9 et o\u00f9 elle y d\u00e9crivait un couple en train de se disputer, or\u00a0l\u2019enqu\u00eate confirmera que les chambres voisines \u00e9taient vides ce jour-l\u00e0. Des contradictions \u00e9galement dans les dates des faits qu\u2019elle reproche, justifiant \u00e0 la juge:<i> \u00ab Je buvais du rhum \u00e0 ce moment, je vous le dis franco, donc il ne faut pas me demander des dates \u00bb.<\/i><\/p>\n<p>L\u2019analyse des emails de l\u2019accusatrice va \u00e9galement divulguer des relations troublantes avec l\u2019une des principales d\u00e9tracteurs de Tariq Ramadan, en y d\u00e9crivant <i>\u00ab\u00a0avoir subi des pressions en 2010 des renseignements g\u00e9n\u00e9raux\u00a0\u00bb, \u00ab\u00a0que ses comptes bancaires ont \u00e9t\u00e9 bloqu\u00e9<\/i><i>s car Caroline Fourest lui aurait envoy\u00e9 les Renseignements G\u00e9n\u00e9raux pour porter plainte contre TR\u00a0\u00bb<\/i> et donc par obligation financi\u00e8re avoir \u00e9t\u00e9 \u00ab\u00a0forc\u00e9e\u00a0\u00bb de d\u00e9poser plainte.<\/p>\n<p>Dans ces m\u00eames emails les enqu\u00eateurs d\u00e9couvriront un message citant\u00a0: \u00ab\u00a0<i>que le pr\u00e9sident de la R\u00e9publique est pr\u00eat \u00e0 lui payer le meilleur avocat de France pour d\u00e9poser plainte contre Monsieur Ramadan, puisque le pr\u00e9sident veut le chasser. (\u2026<\/i>)\u00a0\u00bb<\/p>\n<p>D\u2019autre part, Paul-Emma sur les r\u00e9seaux sociaux insiste beaucoup sur son statut d\u2019handicap\u00e9e et dit, je cite \u00ab\u00a0Il<i> risque 20 <\/i><i>ans de prison car je suis handicap\u00e9e certifi\u00e9 par la Mdph\u00a0<\/i>\u00bb or les documents m\u00e9dicaux r\u00e9cup\u00e9r\u00e9s par les services de police ne font \u00e9tat que d\u2019une \u00ab\u00a0suspicion\u00a0\u00bb de MST et d\u2019une crise d\u2019h\u00e9morro\u00efdes.\u00a0Selon son dossier m\u00e9dical, elle souffrirait d\u2019une algodystrophie \u00e0 la cheville, une maladie osseuse qui n\u2019a \u00e9t\u00e9 diagnostiqu\u00e9e qu\u2019un an plus tard, en novembre 2010 par le docteur Sautier. Paule-Emma A. a pourtant assur\u00e9 dans le cadre de l\u2019enqu\u00eate que celle-ci lui aurait \u00e9t\u00e9 \u00ab\u00a0diagnostiqu\u00e9e avec certitude en 2009.\u00a0\u00bb<\/p>\n<p>Autre point int\u00e9ressant, Paul Emma sur les r\u00e9seaux sociaux notamment sur sa TL, ferm\u00e9e depuis le passage de Ma\u00eetre E. Marsigny sur Europe 1, est souvent tr\u00e8s agressive envers les musulmans et l\u2019islam et twitte des propos \u00e0 teneur sexuelle. Nous citons ici mot pour mot : \u00ab\u00a0<i>La quequette \u00e0 ton gourou<\/i>\u00a0\u00bb et \u00ab\u00a0<i>Le zizi \u00e0 ton gourou\u00a0<\/i>\u00bb avec un lien renvoyant au blog du Paparazzi Elfassi ayant mis en ligne des photos de penis. \u00a0Et \u00ab\u00a0<i>J\u2019aime la culture\/gastronomie\/mode\/art\/artisanat fran\u00e7ais, l\u2019histoire etc\u2026 ET SURTOUT \u00e7a ne change en rien l\u2019endroit o\u00f9 \u00e9tait le PENNNNIS de RAMADANNNNN ce jour d\u2019OCTOBRE 2009 !<\/i>\u00a0\u00bb.<\/p>\n<div class=\"media media-align-left media-image format-100-pcent\"><img decoding=\"async\" class=\"preview\" src=\"https:\/\/static.mediapart.fr\/etmagine\/default\/files\/2018\/05\/28\/screen-shot-2018-05-28-at-12-17-59.png?width=345&amp;height=415&amp;width_format=pixel&amp;height_format=pixel\" alt=\"screen-shot-2018-05-28-at-12-17-59\" \/><\/div>\n<p>&nbsp;<\/p>\n<p>&nbsp;<\/p>\n<div class=\"media media-align-left media-image format-100-pcent\"><img decoding=\"async\" class=\"preview\" src=\"https:\/\/static.mediapart.fr\/etmagine\/default\/files\/2018\/05\/28\/screen-shot-2018-05-28-at-12-14-44.png?width=347&amp;height=268&amp;width_format=pixel&amp;height_format=pixel\" alt=\"screen-shot-2018-05-28-at-12-14-44\" \/><\/div>\n<p>&nbsp;<\/p>\n<p><b>Henda Ayari, d\u00e9crite par ses propres t\u00e9moins comme mythomane.<\/b><\/p>\n<p>Henda Ayari qui accuse Tariq Ramadan de viol avec violence survenu, selon elle le 31 mars 2012, continuera \u00e0 contacter Tariq Ramadan \u00e0 plusieurs reprises en lui envoyant notamment des messages \u00e0 caract\u00e8re sexuel : <i>\u00ab\u00a0Je sais que tu ne seras jamais amoureux de moi mais bient\u00f4t tu seras entre mes cuisses\u00a0\u00bb, o\u00f9 encore,\u00ab\u00a0<\/i>\u00ab\u00a0<i>Bon je te propose un week-end complet. Tu m\u2019invites dans un h\u00f4tel sympa. Si possible avec grande baignoire. On va kiffer tout le week-end<\/i>.\u00a0\u00bb<\/p>\n<p>Elle d\u00e9clare \u00e9galement aux enqu\u00eateurs\u00a0:<i>\u00ab J&rsquo;avais le sentiment de ne pas avoir \u00e9t\u00e9 \u00e0 la hauteur lors de notre premi\u00e8re rencontre. Je voulais garder le lien avec M. Ramadan, mais je ne sais pas pourquoi ! (&#8230;) Je reconnais que j&rsquo;\u00e9tais un peu instable psychologiquement \u00e0 cette \u00e9poque. Je n&rsquo;\u00e9tais pas au mieux \u00bb.<\/i><\/p>\n<p>Dans le dossier d\u2019enqu\u00eate consult\u00e9 par Le Point, on y d\u00e9couvre \u00e9galement le t\u00e9moignage d\u2019une amie de Henda Ayari, Malica, qui l\u2019aurait h\u00e9berg\u00e9e le weekend o\u00f9 les faits se seraient d\u00e9roul\u00e9s et d\u00e9clarant\u00a0: <i>\u00ab [Henda Ayari] semblait dans son \u00e9tat normal, \u00e9panouie\u00a0\u00bb,<\/i> <i>\u00ab\u00a0Elle ne m&rsquo;a jamais dit qu&rsquo;elle avait \u00e9t\u00e9 violent\u00e9e par M. Ramadan ni agress\u00e9e sexuellement. Elle n&rsquo;avait pas de trace suspecte lorsque je l&rsquo;ai vue le lendemain de sa rencontre avec lui. Si elle m&rsquo;avait dit qu&rsquo;il s&rsquo;\u00e9tait pass\u00e9 quoi que ce soit ou si j&rsquo;avais constat\u00e9 quoi que ce soit, j&rsquo;aurais r\u00e9agi \u00bb.<\/i><\/p>\n<p>Selon l\u2019avocat de la d\u00e9fense, Me Marsigny, Henda Ayari aurait menti lors de l\u2019enqu\u00eate, se trompant sur la date \u00e0 laquelle le viol aurait eu lieu et indique que ses propres t\u00e9moins l\u2019auraient d\u00e9crite comme mythomane.<\/p>\n<p>Sur les r\u00e9seaux sociaux et notamment sur twitter, Henda Ayari engage des propos confus sur le rejet de l\u2019islam et des associations se rapprochant de discours de l\u2019extr\u00eame droite, comme : <i>\u00ab Ce que vous avez du mal \u00e0 comprendre c&rsquo;est que le voile est devenu le porte-drapeau des islamistes un sorte de barom\u00e8tre qui permet de donner une id\u00e9e pr\u00e9cise du taux de propagation de leur doctrine sectaire qu&rsquo;on appelle islam politique ou encore islamisme&#8230;\u00bb.<\/i><\/p>\n<p>Entre juin et ao\u00fbt 2014, donc apr\u00e8s le viol pr\u00e9sum\u00e9, nous apprenons dans les m\u00e9dias qu\u2019elle aurait envoy\u00e9 plus de 200 messages \u00e0 Tariq Ramadan alors que sa d\u00e9fense avait affirm\u00e9 qu\u2019elle aurait coup\u00e9 les ponts avec lui en 2013. \u00a0Consult\u00e9s par le Parisien, il n&rsquo;est jamais question pr\u00e9cis\u00e9ment du viol et des agressions dont Henda Ayari dit avoir \u00e9t\u00e9 victime dans ces messages.\u00a0Au cours d&rsquo;un \u00e9change, elle \u00e9crit n\u00e9anmoins qu&rsquo;\u00e0 l&rsquo;\u00e9poque des faits d\u00e9nonc\u00e9s, des <i>\u00abparasites ext\u00e9rieurs\u00bb <\/i>lui ont demand\u00e9 de t\u00e9moigner contre Tariq Ramadan, un texto vers\u00e9 au dossier citant : <i>\u00ab \u00c0 l&rsquo;\u00e9poque, je n\u2019\u00e9tais pas bien et instable psychologiquement \u00e0 cause de mes blessures du pass\u00e9. Je regrette mon comportement et surtout d&rsquo;avoir \u00e9t\u00e9 influenc\u00e9e par des parasites ext\u00e9rieurs contre toi malgr\u00e9 tout. Je ne pourrai jamais t&rsquo;oublier et j&rsquo;ai de l&rsquo;affection et de la bienveillance pour toi et je sais que toi aussi \u00bb.<\/i><\/p>\n<p>Enfin d&rsquo;apr\u00e8s l\u2019AFP : <i>\u00ab\u00a0Un fonctionnaire asserment\u00e9 a produit une attestation dans laquelle il accuse Henda Ayari de l&rsquo;avoir menac\u00e9 d&rsquo;une plainte pour viol, apr\u00e8s avoir repouss\u00e9 ses avances. Il dit avoir rencontr\u00e9 Henda Ayari en mars 2013, alors qu&rsquo;elle cherchait \u00e0 obtenir des conseils juridiques dans le cadre de probl\u00e8mes professionnels. Quelques jours apr\u00e8s, elle voulait me revoir, me disant avoir besoin de \u00ab\u00a0r\u00e9confort\u00a0\u00bb. J&rsquo;ai indiqu\u00e9 \u00eatre mari\u00e9, elle insistait, je refusais ses avances\u00bb, <\/i>dit ce t\u00e9moin dans son attestation. <i>\u00ab Elle m&rsquo;a menac\u00e9 de porter plainte pour viol si je n&rsquo;acceptais pas une relation sexuelle avec elle, me harcelant des jours durant \u00bb.<\/i><\/p>\n<p>Toutes ces pi\u00e8ces sont vers\u00e9es au dossier auquel Henda Ayari aura \u00e0 r\u00e9pondre face aux enqu\u00eateurs mais aussi dans le cadre des plaintes en diffamation d\u00e9pos\u00e9es par Tariq Ramadan contre Henda Ayari.<\/p>\n<p><b>Des contacts avec des opposants de Tariq Ramadan avant de porter plainte<\/b><\/p>\n<p>Les 2 plaignantes, Henda Ayari et Paule Emma (Christelle) se connaissaient malgr\u00e9 avoir affirm\u00e9 le contraire aux enqu\u00eateurs. Elles n\u2019ont eu aucun contact pendant 6mois (6 mai 2017 au 6 Novembre 2017) avant la premi\u00e8re plainte de Henda Ayari. Mais, toujours d&rsquo;apr\u00e8s le proc\u00e8s verbal,\u00a0l&rsquo;enqu\u00eate a montr\u00e9 qu&rsquo;elles s&rsquo;\u00e9taient parl\u00e9 plusieurs ann\u00e9es auparavant. Elles ont donc tout deux mentit lors des premi\u00e9res auditions \u00e0 ce sujet. On observe cependant \u00a0dans les relev\u00e9s t\u00e9l\u00e9phoniques (selon le proc\u00e8s-verbal) plus d\u2019une centaine de communications pour chacune d\u2019elle vers Fiametta Venner, la compagne de Caroline Fourest qui avouera avoir utilis\u00e9 cette ligne et un quatri\u00e8me num\u00e9ro appartenant \u00e0 la pr\u00e9sentatrice de beur FM.<\/p>\n<p>Caroline Fourest et un autre d\u00e9tracteur de Tariq Ramadan, Antoine Sfeir, auraient mis en contact Paule Emma et le juge Michel Debacq, ex-patron de la section antiterroriste du Parquet de Paris et actuellement avocat g\u00e9n\u00e9ral \u00e0 la Cour de Cassation. Selon les d\u00e9clarations de Michel Debacq au\u00a0<i>JDD<\/i>, \u00ab\u00a0<i>ce rendez-vous avait \u00e9t\u00e9 provoqu\u00e9 \u00e0 l\u2019initiative d\u2019un de ses amis politologue<\/i>\u00ab\u00a0. Michel Debacq\u00a0dit avoir \u00ab\u00a0<i>vivement pousser<\/i>\u00a0\u00bb la future accusatrice \u00e0 porter plainte. Pour information, Michel Debacq est un magistrat proche de la politique et du parti socialiste de 2012 dont fait partie \u00e0 cette \u00e9poque Manuel Valls (ami de Caroline Fourest).<\/p>\n<p>Selon l\u2019AFP les enqu\u00eates sur l\u2019affaire auraient d\u00e9montr\u00e9 que les 2 plaignantes Henda Hayari et Paule Emma auraient \u00e9t\u00e9 en contact avec plusieurs d\u00e9tracteurs de Tariq Ramadan.<\/p>\n<p><b>Un vocabulaire particulier et des annonces de plaintes avant qu\u2019elles ne soient <\/b><b>d\u00e9pos\u00e9es<\/b><\/p>\n<p><i>\u00a0<\/i>Lors de l\u2019acc\u00e8s au dossier, Le Point avait mis en lumi\u00e8re des pi\u00e8ces importantes du dossier. Notamment, la mise en relation de Paule Emma avec Caroline Fourest\u00a0:<\/p>\n<p>Quatre jours apr\u00e8s les faits d\u00e9clar\u00e9s par Paule Emma en octobre 2009, une certaine Denise est rencontr\u00e9e sur un blog belge contre Tariq Ramadan et va inciter Paule Emma \u00e0 contacter Caroline Fourest. On y aper\u00e7oit alors un langage particulier dans leurs \u00e9changes\u00a0:<i> \u00ab Pour d\u00e9clarer la guerre \u00e0 cet homme, [il faut] \u00eatre plus de trois personnes \u00bb <\/i>ou encore d\u00e9tenir <i>\u00abun plan imparable \u00bb <\/i>contre Tariq Ramadan.Si l\u2019objectif est de r\u00e9clamer une justice pour des actes de viols subis, le langage utilis\u00e9 lors de ces \u00e9changes s\u2019apparente plus \u00e0 la volont\u00e9 de nuire s\u2019\u00e9cartant d\u2019une plainte pour viol.<\/p>\n<p><b>\u00a0<\/b>D\u2019autre part, deux plaintes ont \u00e9t\u00e9 annonc\u00e9es sur les r\u00e9seaux sociaux avant d\u2019\u00eatre d\u00e9pos\u00e9es et relay\u00e9es par les medias. Celle de la suissesse par Paul-Emma et celle de Mounia par Jean-Claude Elfassi.<\/p>\n<p>Pour Mounia, Jean-Claude Elfassi twitte \u00e0 un soutien de Tariq Ramadan, environs 48h avant le d\u00e9p\u00f4t de plainte \u00a0: <i>\u00ab\u00a0Patiente encore quelques jours, je vais mettre tout\u00a0le monde d\u2019accord sur le cas @TariqRamadan (\u2026)\u00a0\u00bb<\/i> et le jour de la plainte <i>\u00ab\u00a0Tu vois qu\u2019il faut \u00eatre patiente quand je dis, je fais (\u2026)\u00bb <\/i>Et encore<i> \u00ab\u00a0Ma parole a de l\u2019impact puisque toute la presse reprend mon info ou devrais-je dire vole mes infos.\u00a0\u00bb<\/i><\/p>\n<div class=\"media media-align-left media-image format-100-pcent\"><i><img decoding=\"async\" class=\"preview\" src=\"https:\/\/static.mediapart.fr\/etmagine\/default\/files\/2018\/05\/28\/screen-shot-2018-05-28-at-12-41-06.png?width=343&amp;height=365&amp;width_format=pixel&amp;height_format=pixel\" alt=\"screen-shot-2018-05-28-at-12-41-06\" \/><\/i><\/div>\n<p>Rappelons que Jean-Claude Elfassi est sous le joug de plusieurs plaintes pour diffamation et calomnie notamment certaines dans le cadre du dossier Tariq Ramadan.<\/p>\n<p>Pour la plainte de Suisse, Paul-Emma twitte, la veille du d\u00e9p\u00f4t de plainte\u00a0: <i>\u201dmais mais vous \u00eates fou ou quoi ? Fallait pas l\u2019\u00e9nerver, non pas elle\u2026au secours ! Pourquoi, vous avez racont\u00e9 des salades sur elle, etc? Non pas elle\u2026\u201d \u201ctic tac tic tac<\/i><i>J<\/i><i>\u2026le compte \u00e0 rebours est lanc\u00e9\u2026fallait mieux t\u2019entourer GROS ! \u00a0#GameOverMan surprises \u00e0 venir\u201d<\/i>.<\/p>\n<div class=\"media media-align-left media-image format-100-pcent\"><img decoding=\"async\" class=\"preview\" src=\"https:\/\/static.mediapart.fr\/etmagine\/default\/files\/2018\/05\/28\/screen-shot-2018-05-28-at-12-33-01.png?width=348&amp;height=239&amp;width_format=pixel&amp;height_format=pixel\" alt=\"screen-shot-2018-05-28-at-12-33-01\" \/><\/div>\n<p>&nbsp;<\/p>\n<p>&nbsp;<\/p>\n<p><i>\u201cGame over\u201d, \u201cMettre tout le monde d\u2019accord\u201d, \u201cma parole a de l\u2019impact\u201d, \u201cQuand je dis je fais\u201d\u2026 <\/i>des champs lexicaux plus que curieux que nous ne commenterons pas. Aux lecteurs de lire et de se faire leur avis.<\/p>\n<p><b>Mounia &#8211; \u00ab\u00a0Marie\u00a0\u00bb: Argent, mensonges, chantages et menaces.<\/b><\/p>\n<p>La 3eme plaignante Mounia (Marie) aurait, selon les d\u00e9clarations de son fr\u00e8re Mohamed, mont\u00e9 cette affaire sans scrupule pour un gain financier. Son fr\u00e8re, Mohamed R. l\u2019interrogea sur ses motivations \u00e0 porter plainte contre Tariq Ramadan ce \u00e0 quoi elle r\u00e9pondit\u00a0: <i>\u00abPour l\u2019argent, voyons!\u00bb<\/i><\/p>\n<p>Dans une conversation par message que Mohamed fournit aux enqu\u00eateurs, on y aper\u00e7oit qu\u2019une aide financi\u00e8re, inconnue \u00e0 ce jour, lui aurait \u00e9t\u00e9 fournie pour porter plainte contre Tariq Ramadan: <i>\u00ab j\u2019ai per\u00e7u une certaine somme d\u2019argent pour affronter cette bataille<\/i>.\u00bb, d\u00e9crit-elle dans la conversation.<\/p>\n<p>Nous prenons compte de certains \u00e9l\u00e9ments descriptifs sur le dossier et sur d\u2019anciennes affaires :<\/p>\n<ul>\n<li>un message important de sa propre s\u0153ur\u00a0adress\u00e9 \u00e0 Tariq Ramadan en 2014 sur LinkedIn : <i>\u00ab\u00a0Comme elle l\u2019a fait avec DSK (elle a vendu son histoire au journaliste pour 8 000 euros), elle fera la m\u00eame chose pour vous. Elle me la dit. \u00bb<\/i><\/li>\n<li>les incoh\u00e9rences et <i>\u00ab\u00a0une cr\u00e9dibilit\u00e9 sujette \u00e0 caution\u00a0\u00bb <\/i>selon la justice pour l\u2019affaire du Carlton o\u00f9 les juges avaient per\u00e7u les mensonges dans ses d\u00e9clarations\u00a0: <i>\u00ab \u00c0 quel moment dites-vous la v\u00e9rit\u00e9 ?\u00a0 \u00bb<\/i>, lui avait demand\u00e9 l\u2019un des juges lors du proc\u00e8s.<\/li>\n<\/ul>\n<ul>\n<li>son appartenance pass\u00e9e \u00e0 une organisation d\u2019escroquerie financi\u00e8re dans les assurances \u00e0 Lille dont les pr\u00e9judices s\u2019\u00e9levaient \u00e0 plus de 100 000 euros.<\/li>\n<\/ul>\n<p>A cela s\u2019ajoutent des menaces directement prof\u00e9r\u00e9es par Mounia et Jean Claude Elfassi contre Mohamed, sa compagne et leur fille sur Internet et par Whatsapp par Mounia\u00a0: <i>\u00abComme tu m\u2019as fait on te fera, et l\u00e0 tu verras comment \u00e7a fait mal quand on touche aux enfants\u00bb.<\/i><\/p>\n<p>L\u2019avocate de Mohamed d\u00e9nonce\u00a0que son client subit les r\u00e9percussions de vouloir mettre <i>\u00ab en lumi\u00e8re l\u2019app\u00e2t du gain de la plaignante compte tenu de la notori\u00e9t\u00e9 du mis en cause \u00bb.<\/i><\/p>\n<p>De nombreuses interrogations se propagent lorsque l\u2019on se penche sur le profil de la plaignante Mounia, de ses messages agressifs sur les r\u00e9seaux sociaux (Twitter) envers son fr\u00e8re et les d\u00e9fenseurs de Tariq Ramadan mais aussi de son rapport \u00e0 l\u2019argent dans cette affaire.<\/p>\n<p><b>Une enqu\u00eate en cours<\/b><\/p>\n<p>Observant ces fils entrecrois\u00e9s partant des relations avec les opposants de Tariq Ramadan aux incoh\u00e9rences des accusatrices, de sc\u00e8nes sur les r\u00e9seaux sociaux \u00e0 la cr\u00e9ation de faux comptes et aveux de mensonges, cette affaire est loin d\u2019une simple accusation de viol en raison des personnes concern\u00e9es.<\/p>\n<p>Malgr\u00e9 tout cela, la justice a le devoir de prendre en compte tous les \u00e9l\u00e9ments factuels du dossier d\u2019enqu\u00eates et en toute impartialit\u00e9. Jusqu&rsquo;\u00e0 pr\u00e9sent, le d\u00e9roulement des proc\u00e9dures nous appara\u00eet \u00e0 nous, citoyens, questionnable tant concernant les d\u00e9cisions prises que sur les conditions de d\u00e9tention abusive et du non-respect de la pr\u00e9somption d\u2019innocence de Tariq Ramadan.<\/p>\n<p>Kevin Allagapen<\/p>\n<p><strong>Lire sur le m\u00eame sujet le texte de Bruxelles Panth\u00e8res :<\/strong><\/p>\n<h5 class=\"entry-title\"><a href=\"https:\/\/bruxelles-pantheres.be\/?p=3711\" rel=\"bookmark\">\u00ab Pr\u00e9sum\u00e9 coupable \u00bb est la norme l\u00e9gale appliqu\u00e9e aux Arabes et aux musulmans.<\/a><\/h5>\n<h4 style=\"text-align: center;\"><strong>Appel \u00e0 l&rsquo;action!<\/strong><\/h4>\n<p>UN PARFAIT EXEMPLE DE CENSURE PAR MEDIAPART!<\/p>\n<p>Apr\u00e8s tous ces d\u00e9bats sur la libert\u00e9 de la presse en France, Mediapart censure l\u00e2chement l\u2019article d\u2019un contributeur qui met en \u00e9vidence les mensonges des plaignantes dans l\u2019affaire Tariq Ramadan au lendemain m\u00eame de sa publication.<\/p>\n<p>La justification donn\u00e9e ? \u00ab On est un h\u00e9bergeur de votre blog, on n\u2019est pas la justice \u00bb<\/p>\n<p>Pendant des mois, les m\u00e9dias, y compris Mediapart, ont publi\u00e9 des articles \u00e0 charge qui contiennent des mensonges et des \u00e9l\u00e9ments tronqu\u00e9s au sujet de l&rsquo;affaire.<\/p>\n<p>Des mensonges qui ont \u00e9t\u00e9 d\u00e9nonc\u00e9s \u00e0 plusieurs reprises mais qui n\u2019ont jamais \u00e9t\u00e9 supprim\u00e9s par ces m\u00eames agences de presse.<\/p>\n<p>Par contre, lorsqu\u2019un article d\u00e9nonce les mensonges et les contradictions des plaignantes, Mediapart ne se prive pas de le censurer.<\/p>\n<p>APPEL \u00c0 L&rsquo;ACTION<\/p>\n<p>Si vous souhaitez r\u00e9agir \u00e0 cette censure, exprimez votre m\u00e9contentement sur le site de Mediapart : <a href=\"https:\/\/www.mediapart.fr\/contact\" target=\"_blank\" rel=\"noopener\" data-pass-thru=\"true\">https:\/\/www.mediapart.fr\/contact<\/a><\/p>\n<p>*******************<\/p>\n<p style=\"text-align: center;\"><a href=\"https:\/\/bruxelles-pantheres.be\/wp-content\/uploads\/2018\/05\/DZSu1M2VoAAaZId.jpg\"><img decoding=\"async\" class=\"alignnone size-full wp-image-3712\" src=\"https:\/\/bruxelles-pantheres.be\/wp-content\/uploads\/2018\/05\/DZSu1M2VoAAaZId.jpg\" alt=\"\" width=\"675\" height=\"960\" srcset=\"https:\/\/bruxelles-pantheres.be\/wp-content\/uploads\/2018\/05\/DZSu1M2VoAAaZId.jpg 675w, https:\/\/bruxelles-pantheres.be\/wp-content\/uploads\/2018\/05\/DZSu1M2VoAAaZId-211x300.jpg 211w\" sizes=\"(max-width: 675px) 100vw, 675px\" \/><\/a><\/p>\n","protected":false},"excerpt":{"rendered":"<p>Lundi, 28 Mai, 2018 &#8211; 21:20 Ce dossier regroupe un ensemble de faits sur les plaignantes accusant Tariq Ramadan de viol. De nombreuses enqu\u00eates \u00e0 charge ont \u00e9t\u00e9 faites dans la presse. La justice et les m\u00e9dias ne peuvent respirer qu\u2019avec deux poumons. Nous r\u00e9tablissons ici la balance. Enqu\u00eate. Les \u00e9l\u00e9ments d\u2019incoh\u00e9rences et de zones &#8230; <a title=\"Les accusatrices de Tariq Ramadan vont-elles se transformer en accus\u00e9es ?\" class=\"read-more\" href=\"https:\/\/bruxelles-pantheres.be\/?p=3756\" aria-label=\"En savoir plus sur Les accusatrices de Tariq Ramadan vont-elles se transformer en accus\u00e9es ?\">Lire la suite<\/a><\/p>\n","protected":false},"author":1,"featured_media":3713,"comment_status":"open","ping_status":"open","sticky":false,"template":"","format":"standard","meta":{"footnotes":""},"categories":[36,4,8,18,28],"tags":[259],"class_list":["post-3756","post","type-post","status-publish","format-standard","has-post-thumbnail","hentry","category-europe","category-islamophobie","category-prisons","category-resistance-bruxelles","category-racismes","tag-tariq-ramadan"],"_links":{"self":[{"href":"https:\/\/bruxelles-pantheres.be\/index.php?rest_route=\/wp\/v2\/posts\/3756","targetHints":{"allow":["GET"]}}],"collection":[{"href":"https:\/\/bruxelles-pantheres.be\/index.php?rest_route=\/wp\/v2\/posts"}],"about":[{"href":"https:\/\/bruxelles-pantheres.be\/index.php?rest_route=\/wp\/v2\/types\/post"}],"author":[{"embeddable":true,"href":"https:\/\/bruxelles-pantheres.be\/index.php?rest_route=\/wp\/v2\/users\/1"}],"replies":[{"embeddable":true,"href":"https:\/\/bruxelles-pantheres.be\/index.php?rest_route=%2Fwp%2Fv2%2Fcomments&post=3756"}],"version-history":[{"count":1,"href":"https:\/\/bruxelles-pantheres.be\/index.php?rest_route=\/wp\/v2\/posts\/3756\/revisions"}],"predecessor-version":[{"id":3757,"href":"https:\/\/bruxelles-pantheres.be\/index.php?rest_route=\/wp\/v2\/posts\/3756\/revisions\/3757"}],"wp:featuredmedia":[{"embeddable":true,"href":"https:\/\/bruxelles-pantheres.be\/index.php?rest_route=\/wp\/v2\/media\/3713"}],"wp:attachment":[{"href":"https:\/\/bruxelles-pantheres.be\/index.php?rest_route=%2Fwp%2Fv2%2Fmedia&parent=3756"}],"wp:term":[{"taxonomy":"category","embeddable":true,"href":"https:\/\/bruxelles-pantheres.be\/index.php?rest_route=%2Fwp%2Fv2%2Fcategories&post=3756"},{"taxonomy":"post_tag","embeddable":true,"href":"https:\/\/bruxelles-pantheres.be\/index.php?rest_route=%2Fwp%2Fv2%2Ftags&post=3756"}],"curies":[{"name":"wp","href":"https:\/\/api.w.org\/{rel}","templated":true}]}}