{"id":380,"date":"2013-05-03T03:34:07","date_gmt":"2013-05-03T02:34:07","guid":{"rendered":"https:\/\/bruxelles-pantheres.be\/?p=380"},"modified":"2013-11-10T03:38:27","modified_gmt":"2013-11-10T02:38:27","slug":"manifestation-a-bruxelles-contre-le-genocide-des-rohingyas-en-birmanie","status":"publish","type":"post","link":"https:\/\/bruxelles-pantheres.be\/?p=380","title":{"rendered":"Manifestation \u00e0 Bruxelles contre le g\u00e9nocide des Rohingyas en Birmanie"},"content":{"rendered":"<table width=\"604\" cellspacing=\"0\" align=\"center\">\n<tbody>\n<tr>\n<td>\n<h3><a href=\"https:\/\/bruxelles-pantheres.be\/wp-content\/uploads\/2013\/11\/397912_157047047798332_797250230_n.jpg\"><img decoding=\"async\" class=\"alignnone size-full wp-image-381\" alt=\"397912_157047047798332_797250230_n\" src=\"https:\/\/bruxelles-pantheres.be\/wp-content\/uploads\/2013\/11\/397912_157047047798332_797250230_n.jpg\" width=\"900\" height=\"598\" srcset=\"https:\/\/bruxelles-pantheres.be\/wp-content\/uploads\/2013\/11\/397912_157047047798332_797250230_n.jpg 960w, https:\/\/bruxelles-pantheres.be\/wp-content\/uploads\/2013\/11\/397912_157047047798332_797250230_n-300x199.jpg 300w, https:\/\/bruxelles-pantheres.be\/wp-content\/uploads\/2013\/11\/397912_157047047798332_797250230_n-768x510.jpg 768w\" sizes=\"(max-width: 900px) 100vw, 900px\" \/><\/a><\/h3>\n<h3>Manifestation \u00e0 Bruxelles contre le g\u00e9nocide des Rohingyas en Birmanie \u2013 03\/05\/2013<\/h3>\n<\/td>\n<\/tr>\n<tr>\n<td><b>Bruxelles<\/b> -A l\u2019appel du collectif \u00ab\u00a0Halte au massacre en Birmanie\u00a0\u00bb, plus d\u2019une centaine de personnes se sont rassembl\u00e9es, vendredi apr\u00e8s-midi, devant l\u2019ambassade de Birmanie, \u00e0 Schaerbeek, pour d\u00e9noncer la \u00ab\u00a0campagne de nettoyage ethnique\u00a0\u00bb dont sont victimes les Rohingyas, une minorit\u00e9 musulmane de l\u2019Etat d\u2019Arakan, \u00e0 l\u2019ouest de la Birmanie.<!--more-->Apatrides depuis 1982, les Rohingyas sont consid\u00e9r\u00e9s par l\u2019ONU comme l\u2019une des minorit\u00e9s les plus pers\u00e9cut\u00e9es de la plan\u00e8te. Human Rights Watch a accus\u00e9 l\u2019Etat birman, en avril, d\u2019entreprendre une \u00ab\u00a0campagne de nettoyage ethnique\u00a0\u00bb. Le Haut-commissariat des Nations unies pour les r\u00e9fugi\u00e9s a estim\u00e9 leur population en Birmanie \u00e0 800.000. Plus de 125.000 personnes ont fui les vagues de violences de 2012 pour vivre dans des camps de r\u00e9fugi\u00e9s.\u00a0\u00bbSolidarit\u00e9 avec les peuples opprim\u00e9s du monde entier! \u00a0\u00bb En criant de tels slogans, les manifestants refusent d\u2019attiser toute haine entre religions, qualifiant les pers\u00e9cuteurs de \u00ab\u00a0groupes bouddhistes extr\u00e9mistes et nationalistes prot\u00e9g\u00e9s par l\u2019\u00c9tat birman\u00a0\u00bb. \u00ab\u00a0Nous avons \u00e9crit \u00e0 l\u2019ambassadeur et au ministre des Affaires \u00e9trang\u00e8res Didier Reynders\u00a0\u00bb, avance Nordine Sa\u00efdi, porte-parole du parti Egalit\u00e9. \u00ab\u00a0Nous nous indignons que l\u2019Union europ\u00e9enne ait lev\u00e9 les sanctions contre la Birmanie, le 22 avril, en plein massacre.\u00a0\u00bb Il esp\u00e8re que la population non musulmane belge va \u00e9galement s\u2019\u00e9mouvoir et rejoindre les actions.Une nouvelle manifestation \u00e0 port\u00e9e europ\u00e9enne est en cours de planification. Une militante du collectif fera part de ses observations sur place en juin.<\/td>\n<\/tr>\n<tr>\n<td height=\"4\"><\/td>\n<\/tr>\n<tr>\n<td>(Belga)<strong>Dans la <em>Presse internationale<\/em>.<br \/>\n<\/strong><br \/>\n<a href=\"http:\/\/www.worldbulletin.net\/?aType=haber&amp;ArticleID=108115\" target=\"_blank\">http:\/\/www.worldbulletin.net\/?<wbr \/>aType=haber&amp;ArticleID=108115<\/a><\/p>\n<p><a href=\"http:\/\/www.dunyabulteni.net\/?aType=haber&amp;ArticleID=258431\" target=\"_blank\">http:\/\/www.dunyabulteni.net\/?<wbr \/>aType=haber&amp;ArticleID=258431<\/a><\/p>\n<p><a href=\"http:\/\/www.memleket.com.tr\/myanmardaki-siddet-olaylari-brukselde-myanmarda-muslumanlari-hedef-alan-siddet-o-189949h.htm\" target=\"_blank\">http:\/\/www.memleket.com.tr\/<wbr \/>myanmardaki-siddet-olaylari-<wbr \/>brukselde-myanmarda-<wbr \/>muslumanlari-hedef-alan-<wbr \/>siddet-o-189949h.htm<\/a><\/p>\n<p><a href=\"http:\/\/www.haber10.com\/haber\/369373\/\" target=\"_blank\">http:\/\/www.haber10.com\/haber\/<wbr \/>369373\/<\/a><\/p>\n<p>&nbsp;<\/td>\n<\/tr>\n<\/tbody>\n<\/table>\n<p>A l\u2019intention de Monsieur\u00a0 Didier Reynders<\/p>\n<p>Vice-Premier Ministre et <em>Ministre des Affaires \u00e9trang\u00e8res<\/em>, du Commerce ext\u00e9rieur et des Affaires europ\u00e9ennes.<\/p>\n<p>Rue des Petits Carmes 15 \u00e0 1000 Bruxelles<\/p>\n<p>Bruxelles, le 03 Mai 2013,<\/p>\n<p>Monsieur le Ministre,<br \/>\nNous, Collectif Halte Au Massacre En Birmanie (HAMEB) et le parti \u00c9GALIT\u00c9, voulons ici vous faire part de notre indignation suite \u00e0 la mesure adopt\u00e9e le lundi 22 avril 2013 par les Ministres des Affaires \u00c9trang\u00e8res de l\u2019Union Europ\u00e9enne, dans le cadre de la normalisation des relations \u00e9conomiques et diplomatiques de l\u2019Union avec la Birmanie sur fond de \u00ab\u00a0g\u00e9nocide cach\u00e9\u00a0\u00bb de certaines minorit\u00e9s ethniques du pays.<br \/>\nLes violences que nous d\u00e9non\u00e7ons, ainsi que les discriminations, ne datent pas d\u2019hier.<br \/>\nPr\u00e9cisons tout d\u2019abord que les Rohingyas ne sont malheureusement pas la seule ethnie victime de discriminations en Birmanie.<br \/>\nD\u2019autres ethnies, comme les Chins et les Kachins, chr\u00e9tiens, ou encore les Kamars, musulmans, subissent eux aussi des brimades et des menaces, parfois m\u00eame des violences, pour l\u2019unique raison que leur foi est diff\u00e9rente, dans une Birmanie dont le pr\u00e9sident, M. Thein Sein, n\u2019a jamais cach\u00e9 sa volont\u00e9 de faire du pays un Etat exclusivement bouddhiste, sans que cela semble choquer le moins du monde la communaut\u00e9 internationale.<br \/>\nLe cas des Rohingyas est n\u00e9anmoins exceptionnel, pour la violence et la politique de discrimination syst\u00e9matique et de violence continue men\u00e9e \u00e0 leur encontre par les autorit\u00e9s du pays depuis des d\u00e9cennies.<\/p>\n<p>D\u00e8s 1982, la junte birmane a fait voter une loi qui a d\u00e9chu les Rohingyas, jusqu\u2019alors citoyens Birmans de plein droit, de leur nationalit\u00e9. De fait, leurs cartes nationales d\u2019identit\u00e9 leur ont alors \u00e9t\u00e9 retir\u00e9es, cartes d\u2019identit\u00e9 auxquelles le Gouvernement Birman a substitu\u00e9 de simples titres de s\u00e9jour temporaires. Depuis, la quasi-totalit\u00e9 de leurs droits en tant que citoyens leur ont \u00e9t\u00e9 retir\u00e9s.<\/p>\n<p>La loi Birmane interdit aujourd\u2019hui \u00e0 tout citoyen d\u2019acheter un produit dans un magasin d\u00e9tenu par un commer\u00e7ant Rohingya, d\u2019acheter une maison ou un terrain \u00e0 un membre de cette communaut\u00e9. L\u2019acc\u00e8s-m\u00eame au mariage leur est restreint de mani\u00e8re drastique, l\u00e0 encore par d\u00e9cret l\u00e9gal, ainsi que le droit \u00e0 enfanter.<br \/>\nA l\u2019heure o\u00f9 j\u2019\u00e9cris ces lignes, des dizaines de milliers de Rohingyas de Birmanie sont parqu\u00e9s dans des camps, encercl\u00e9s par des militaires, dont ils n\u2019obtiennent qu\u2019exceptionnellement le droit de sortir.<br \/>\nLes chiffres font \u00e9tat de plus de 130 000 personnes d\u00e9plac\u00e9es, soit entre 15 et 20% de la population Rohingya de Birmanie.<br \/>\nNon content de restreindre ainsi leur libert\u00e9 de circulation, le Gouvernement Birman va jusqu\u2019\u00e0 leur interdire l\u2019acc\u00e8s \u00e0 l\u2019alimentation, et les maintient dans des conditions de vie et d\u2019hygi\u00e8ne abominables. L\u2019acc\u00e8s-m\u00eame des organisations humanitaires internationales \u00e0 cette communaut\u00e9 pourtant en situation de grave crise humanitaire, est syst\u00e9matiquement refus\u00e9 par les autorit\u00e9s locales.<br \/>\nIl est \u00e9galement av\u00e9r\u00e9 que des leaders communautaires, des responsables politiques locaux et des moines bouddhistes ont encourag\u00e9 et organis\u00e9 des attaques meurtri\u00e8res contre des Rohingyas, sous le l\u2019\u0153il bienveillant de la police et des forces arm\u00e9es birmanes.<br \/>\nDes exactions r\u00e9guli\u00e8res et r\u00e9p\u00e9t\u00e9es sont commises \u00e0 leur encontre, tels que des viols, des lynchages, des ex\u00e9cutions sommaires, ou encore la mise \u00e0 sac de leurs habitations et villages. Ce n\u2019est donc pas pour rien que l\u2019ONU elle-m\u00eame d\u00e9crit la communaut\u00e9 Rohingya comme \u00ab l\u2019une des plus pers\u00e9cut\u00e9es au monde ! \u00bb.<br \/>\nD\u00e8s le d\u00e9but des violences, en juin 2012, nous d\u00e9noncions avec d\u2019autres les massacres dont est victime cette communaut\u00e9.<\/p>\n<p>La v\u00e9rit\u00e9 \u00e9clate aujourd\u2019hui.<br \/>\nLes m\u00e9dias europ\u00e9ens diffusent enfin l\u2019information (LCI, BBC, the Guardian..), relayant les preuves du massacre et de la complicit\u00e9 des autorit\u00e9s birmanes (images satellites, vid\u00e9os..). Tous d\u00e9noncent d\u2019intol\u00e9rables atteintes aux Droits de l\u2019Homme.<br \/>\nDans un rapport accablant publi\u00e9 le 22 avril dernier, la tr\u00e8s cr\u00e9dible Organisation Non Gouvernementale Human Rights Watchelle-m\u00eame stipule que \u00ab le gouvernement birman s\u2019est livr\u00e9 \u00e0 une campagne de nettoyage ethnique contre les Rohingyas \u00bb, et accuse l\u2019\u00c9tat bouddhiste de refuser l\u2019aide humanitaire et d\u2019imposer des restrictions de libert\u00e9 de circulation \u00e0 la minorit\u00e9 Rohingya.<br \/>\nD\u00e9plac\u00e9s de force dans des camps de fortune, les Rohingyas se voient \u00ab refuser l\u2019acc\u00e8s \u00e0 l\u2019aide humanitaire \u00bb, selon les propres mots de Phil Robertson, directeur adjoint de la division Asie de l\u2019Organisation.<br \/>\nCette situation dramatique nous a \u00e9t\u00e9 confirm\u00e9e point par point par la repr\u00e9sentante sur place du collectif Halte Au Massacre En Birmanie, Mouna Derouich.<br \/>\nLe rapport d\u2019Human Rights Watch fait par ailleurs \u00e9tat d\u2019au moins 211 morts dans ces violences, mais ce bilan est de toute \u00e9vidence largement sous-\u00e9valu\u00e9, l\u2019acc\u00e8s aux Rohingyas pour des observateurs ind\u00e9pendants \u00e9tant rendu quasiment impossible par les autorit\u00e9s Birmanes, ce qui interdit malheureusement tout recensement cr\u00e9dible des victimes \u00e0 d\u00e9plorer.<br \/>\nA ce sujet, HRW \u00e9voque l\u2019existence de quatre charniers permettant aux forces de s\u00e9curit\u00e9 de dissimuler les preuves de leurs crimes. Meurtres, pers\u00e9cutions, expulsions et d\u00e9placements forc\u00e9s de population n\u2019ont jamais cess\u00e9 depuis le mois de juin dernier.<br \/>\nPour couronner le tout, \u00e0 l\u2019heure o\u00f9 j\u2019\u00e9cris ces mots, se d\u00e9veloppe dans le pays un mouvement incitant explicitement \u00e0 la haine des musulmans.<br \/>\nCe mouvement d\u2019extr\u00e9mistes bouddhistes, symbolis\u00e9 par les chiffres \u20189 6 9\u2019, use des moyens les plus sinistres pour que s\u2019intensifie encore la discrimination et les violences \u00e0 l\u2019\u00e9gard des Rohingyas : Des croix sont peintes sur les murs leurs maisons et leurs commerces, afin de les identifier et de les livrer \u00e0 la vindicte populaire.<br \/>\nTout ceci n\u2019est-il pas sans rappeler des heures bien sombres de notre propre pays, M. Le ministre ?<\/p>\n<p>C\u2019est pourquoi, \u00e0 son humble niveau, le collectif Halte Au Massacre En Birmanie et le parti \u00c9GALIT\u00c9, tiennent par ma voix \u00e0 se joindre au cri d\u2019alerte pouss\u00e9 par Human Rights Watch : \u00ab\u00a0Une crise humanitaire totalement pr\u00e9visible et \u00e9vitable risque de se produire dans quelques semaines seulement.\u00a0\u00bb<br \/>\nM. le Ministre, vous ne pouvez ignorer la gravit\u00e9 de la situation sur place, peut \u00eatre m\u00eame avez vu lu la lettre ouverte du 11 avril dernier, conjointement sign\u00e9e par la F\u00e9d\u00e9ration Internationale des ligues des Droits de l\u2019Homme (FIDH), le Secours catholique France, CCFD-Terre Solidaire, Altsean-Burma et Info Birmanie.<br \/>\nCette lettre rappelait les garanties exig\u00e9es par l\u2019Union Europ\u00e9enne avant d\u2019envisager une lev\u00e9e des sanctions \u00e0 l\u2019\u00e9gard de l\u2019Etat Birman : \u00ab L\u2019UE attend toujours la lib\u00e9ration sans condition des autres prisonniers politiques et la lev\u00e9e de toutes les restrictions impos\u00e9es \u00e0 ceux qui ont d\u00e9j\u00e0 \u00e9t\u00e9 lib\u00e9r\u00e9s. Elle esp\u00e8re que le conflit prendra fin, que l\u2019acc\u00e8s \u00e0 l\u2019aide humanitaire s\u2019am\u00e9liorera consid\u00e9rablement, en particulier pour ceux qui sont victimes du conflit dans l\u2019\u00c9tat de Kachin et le long de la fronti\u00e8re orientale et, en outre, que le statut des Rohingyas sera examin\u00e9 et que leurs conditions de vie seront am\u00e9lior\u00e9es\u00bb<br \/>\nForce est de constater qu\u2019aucune de ces conditions n\u2019a \u00e9t\u00e9 respect\u00e9e, rendant d\u2019autant plus incompr\u00e9hensible cette d\u00e9cision de lever les sanctions \u00e9conomiques sur le pays.<br \/>\nLes r\u00e9sultats ne s\u2019en sont d\u2019ailleurs pas fait attendre : Selon la chaine nationale d\u2019information Belge RTBF, \u00ab une mosqu\u00e9e et des magasins aux alentours ont \u00e9t\u00e9 attaqu\u00e9s \u00bb \u00e0 Oakkan, \u00e0 environ 100 km au nord de Rangoun.<br \/>\nDans ce contexte, nous, Collectif Halte Au Massacre En Birmanie et le parti \u00c9GALIT\u00c9, voulons ici vous crier notre indignation devant la lev\u00e9e des sanctions \u00e9conomiques visant la Birmanie, le 22 avril dernier, alors-m\u00eame que les Rohingyas continuent de subir les atrocit\u00e9s les plus s\u00e9v\u00e8res, et que de toute \u00e9vidence, il est \u00e0 craindre que nous soyons aujourd\u2019hui \u00e0 la veille d\u2019une intensification des violences, voire \u00e0 l\u2019extermination pure et simple d\u2019un peuple.<\/p>\n<p>Que devons-nous d\u00e9duire de cette lev\u00e9e des sanctions \u00e0 l\u2019\u00e9gard de cet \u00c9tat criminel ?<br \/>\nS\u2019agit-il l\u00e0 d\u2019un feu vert au Gouvernement Birman pour qu\u2019il se sente autoris\u00e9 \u00e0 intensifier la r\u00e9pression contre un peuple innocent ?<br \/>\nComment pensez-vous que, suite \u00e0 une telle escalade de violences depuis pr\u00e8s d\u2019un an, cette lev\u00e9e des sanctions sera interpr\u00e9t\u00e9e par les autorit\u00e9s birmanes ?<br \/>\nComment le peuple Rohingya, ce peuple que l\u2019on affame, que l\u2019on prive de soins et que l\u2019on massacre, doit-il comprendre cette d\u00e9cision ?<br \/>\nL\u2019indiff\u00e9rence de la communaut\u00e9 internationale, de nos gouvernants, devant cette ignoble r\u00e9pression, est-elle sans bornes ?<\/p>\n<p>Monsieur le Ministre, nous en appelons \u00e0 la compassion et \u00e0 l\u2019humanit\u00e9 qui r\u00e9sident en chacun de nous.<br \/>\nLa communaut\u00e9 internationale ne doit pas, ne peut pas rester insensible et inactive pendant que des innocents se font exterminer.<br \/>\nMonsieur le Ministre nous vous demandons d\u2019agir, dans les plus brefs d\u00e9lais, et d\u2019user du pouvoir que vous a donn\u00e9 le peuple afin de pr\u00e9venir un massacre imminent.<br \/>\nEnfin, nous vous demandons, Monsieur le Ministre, d\u2019exprimer de fa\u00e7on ferme et audible, la position de l\u2019 \u00c9tat belge concernant la situation des Rohingyas de Birmanie.<br \/>\nEn esp\u00e9rant recevoir une r\u00e9ponse aussi rapide et efficace que possible face \u00e0 ce drame qui s\u2019annonce, je vous prie d\u2019agr\u00e9er, Monsieur le Ministre, l\u2019expression de mes plus sinc\u00e8res salutations.<\/p>\n<p>Nordine Sa\u00efdi<br \/>\nPorte parole d\u2019 EGALITE<\/p>\n<p>Collectif Halte Au Massacre En Birmanie | HAMEB<\/p>\n<p><strong>Lire aussi :<\/strong><\/p>\n<address>L\u2019appel au <a title=\"Permanent Link to Rassemblement contre les massacres racistes en Birmanie (Myanmar)\" href=\"http:\/\/www.egalite.be\/?p=5845\" rel=\"bookmark\">Rassemblement contre les massacres racistes en Birmanie (Myanmar)<\/a><\/address>\n<address><a title=\"Permanent Link to Birmanie : des ONG d\u00e9noncent la lev\u00e9e des sanctions par l\u2019Europe\" href=\"http:\/\/www.egalite.be\/?p=5914\" rel=\"bookmark\">Birmanie : des ONG d\u00e9noncent la lev\u00e9e des sanctions par l\u2019Europe<\/a><\/address>\n<address><a title=\"Permanent Link to Il faut mettre fin au \u00ab nettoyage ethnique \u00bb dont sont victimes les musulmans rohingyas\" href=\"http:\/\/www.egalite.be\/?p=5885\" rel=\"bookmark\">Il faut mettre fin au \u00ab nettoyage ethnique \u00bb dont sont victimes les musulmans rohingyas<\/a><\/address>\n<address><a title=\"Permanent Link to Birmanie, un pays a deux visages\" href=\"http:\/\/www.egalite.be\/?p=5787\" rel=\"bookmark\">Birmanie, un pays a deux visages<\/a><\/address>\n","protected":false},"excerpt":{"rendered":"<p>Manifestation \u00e0 Bruxelles contre le g\u00e9nocide des Rohingyas en Birmanie \u2013 03\/05\/2013 Bruxelles -A l\u2019appel du collectif \u00ab\u00a0Halte au massacre en Birmanie\u00a0\u00bb, plus d\u2019une centaine de personnes se sont rassembl\u00e9es, vendredi apr\u00e8s-midi, devant l\u2019ambassade de Birmanie, \u00e0 Schaerbeek, pour d\u00e9noncer la \u00ab\u00a0campagne de nettoyage ethnique\u00a0\u00bb dont sont victimes les Rohingyas, une minorit\u00e9 musulmane de l\u2019Etat &#8230; <a title=\"Manifestation \u00e0 Bruxelles contre le g\u00e9nocide des Rohingyas en Birmanie\" class=\"read-more\" href=\"https:\/\/bruxelles-pantheres.be\/?p=380\" aria-label=\"En savoir plus sur Manifestation \u00e0 Bruxelles contre le g\u00e9nocide des Rohingyas en Birmanie\">Lire la suite<\/a><\/p>\n","protected":false},"author":1,"featured_media":382,"comment_status":"open","ping_status":"open","sticky":false,"template":"","format":"standard","meta":{"footnotes":""},"categories":[21,4,18,28],"tags":[],"class_list":["post-380","post","type-post","status-publish","format-standard","has-post-thumbnail","hentry","category-anti-imperialisme","category-islamophobie","category-resistance-bruxelles","category-racismes"],"_links":{"self":[{"href":"https:\/\/bruxelles-pantheres.be\/index.php?rest_route=\/wp\/v2\/posts\/380","targetHints":{"allow":["GET"]}}],"collection":[{"href":"https:\/\/bruxelles-pantheres.be\/index.php?rest_route=\/wp\/v2\/posts"}],"about":[{"href":"https:\/\/bruxelles-pantheres.be\/index.php?rest_route=\/wp\/v2\/types\/post"}],"author":[{"embeddable":true,"href":"https:\/\/bruxelles-pantheres.be\/index.php?rest_route=\/wp\/v2\/users\/1"}],"replies":[{"embeddable":true,"href":"https:\/\/bruxelles-pantheres.be\/index.php?rest_route=%2Fwp%2Fv2%2Fcomments&post=380"}],"version-history":[{"count":1,"href":"https:\/\/bruxelles-pantheres.be\/index.php?rest_route=\/wp\/v2\/posts\/380\/revisions"}],"predecessor-version":[{"id":383,"href":"https:\/\/bruxelles-pantheres.be\/index.php?rest_route=\/wp\/v2\/posts\/380\/revisions\/383"}],"wp:featuredmedia":[{"embeddable":true,"href":"https:\/\/bruxelles-pantheres.be\/index.php?rest_route=\/wp\/v2\/media\/382"}],"wp:attachment":[{"href":"https:\/\/bruxelles-pantheres.be\/index.php?rest_route=%2Fwp%2Fv2%2Fmedia&parent=380"}],"wp:term":[{"taxonomy":"category","embeddable":true,"href":"https:\/\/bruxelles-pantheres.be\/index.php?rest_route=%2Fwp%2Fv2%2Fcategories&post=380"},{"taxonomy":"post_tag","embeddable":true,"href":"https:\/\/bruxelles-pantheres.be\/index.php?rest_route=%2Fwp%2Fv2%2Ftags&post=380"}],"curies":[{"name":"wp","href":"https:\/\/api.w.org\/{rel}","templated":true}]}}