{"id":3808,"date":"2018-06-14T08:35:23","date_gmt":"2018-06-14T07:35:23","guid":{"rendered":"https:\/\/bruxelles-pantheres.be\/?p=3808"},"modified":"2018-06-07T20:15:19","modified_gmt":"2018-06-07T19:15:19","slug":"le-football-espace-de-luttes","status":"publish","type":"post","link":"https:\/\/bruxelles-pantheres.be\/?p=3808","title":{"rendered":"Le football, espace de luttes !"},"content":{"rendered":"<p>Le football est parfois m\u00e9pris\u00e9 par des gens de gauche car il serait un divertissement pour les travailleurs, au sens premier \u00e0 savoir les distraire de leurs int\u00e9r\u00eats de classe. Il est vrai aussi que le capital s\u2019est empar\u00e9 de fa\u00e7on prodigieuse de ce sport populaire pour accumuler des profits, en user de fa\u00e7on diplomatique (le Qatar \u00e0 travers le Paris Saint-Germain) ou faire de la propagande personnelle (Silvio Berlusconi, pr\u00e9sident de l\u2019AC Milan jusqu\u2019en 2017). Il est \u00e9galement vrai que beaucoup de jeunes, sans conscience de classe, sont fascin\u00e9s par un sport ultram\u00e9diatis\u00e9 qui entretient l\u2019illusion d\u2019un argent facile. \u00c0 cet \u00e9gard, des discussions avec des \u00e9l\u00e8ves sont r\u00e9v\u00e9latrices\u00a0: certains ne peuvent comprendre l\u2019attachement \u00e0 certains clubs d\u00e9sormais moins r\u00e9put\u00e9s par rapport aux grosses machines \u00e0 fric qui ach\u00e8tent \u00e0 tour de bras des joueurs, de la force de travail, \u00e0 coup de millions. Des jeunes sont plus attach\u00e9s \u00e0 la vedette et moins au club. Pourtant, le club, c\u2019est l\u2019identit\u00e9 d\u2019un collectif. Aussi, s\u2019il est n\u00e9cessaire de critiquer le football-business et le football professionnel voire de vouloir le limiter et demander aux puissants clubs de contribuer davantage financi\u00e8rement, il ne faudrait pas rejeter le football. En effet, au-del\u00e0 de l\u2019aspect financier, le football et le stade sont des enjeux de classe et de luttes sociales. Pour le comprendre, il faut parfois retourner aux origines des clubs.<!--more--><\/p>\n<p>Au cours de l\u2019Histoire, et aux quatre coins du monde, le football a \u00e9t\u00e9 le creuset de nombre de r\u00e9sistances \u00e0 l\u2019ordre \u00e9tabli, qu\u2019il soit patronal, colonial, dictatorial, patriarcal ou tout cela \u00e0 la fois. Il a \u00e9galement permis de faire \u00e9merger de nouvelles fa\u00e7ons de lutter, de se divertir, de communiquer \u2013 bref, d\u2019exister.<a href=\"#_ftn1\" name=\"_ftnref1\">[1]<\/a><\/p>\n<p>Sport bourgeois, \u00e0 l\u2019origine, le football a \u00e9t\u00e9 propos\u00e9 par le patronat \u00e0 ses ouvriers pour les canaliser, les contr\u00f4ler\u00a0: de nombreux clubs ont ainsi des origines d\u2019entreprise. \u00c0 titre d\u2019exemple, on peut citer l\u2019AS Saint-\u00c9tienne, autrefois Amicale des Employ\u00e9s de la Soci\u00e9t\u00e9 des Magasins Casino fond\u00e9 par le groupe du m\u00eame nom en 1919.<a href=\"#_ftn2\" name=\"_ftnref2\">[2]<\/a> De nombreux clubs japonais ou sud-cor\u00e9ens portent encore des noms d\u2019entreprise (Ex\u00a0: Mitsubishi Mizushima FC). <a href=\"https:\/\/bruxelles-pantheres.be\/wp-content\/uploads\/2018\/06\/SmnsnqZa.jpg\"><img decoding=\"async\" class=\"wp-image-3809 alignleft\" src=\"https:\/\/bruxelles-pantheres.be\/wp-content\/uploads\/2018\/06\/SmnsnqZa.jpg\" alt=\"\" width=\"277\" height=\"277\" srcset=\"https:\/\/bruxelles-pantheres.be\/wp-content\/uploads\/2018\/06\/SmnsnqZa.jpg 512w, https:\/\/bruxelles-pantheres.be\/wp-content\/uploads\/2018\/06\/SmnsnqZa-300x300.jpg 300w, https:\/\/bruxelles-pantheres.be\/wp-content\/uploads\/2018\/06\/SmnsnqZa-150x150.jpg 150w\" sizes=\"(max-width: 277px) 100vw, 277px\" \/><\/a>Le cas d\u2019un club congolais est peut-\u00eatre encore plus int\u00e9ressant pour montrer la fonction politico-sociale du club\u00a0: le Tout Puissant Mazembe de Lumumbashi a \u00e9t\u00e9 fond\u00e9 par des missionnaires b\u00e9n\u00e9dictins avant d\u2019\u00eatre repris par l\u2019entreprise de pneus d\u2019Englebert<a href=\"#_ftn3\" name=\"_ftnref3\">[3]<\/a> dont le nom est encore pr\u00e9sent sur le blason du club. Aujourd\u2019hui, le pr\u00e9sident du TP Mazembe est le potentat local katangais corrompu Mo\u00efse Katumbi.<\/p>\n<p>Nous \u00a0\u00a0\u00a0\u00a0\u00a0\u00a0\u00a0 le voyons, l\u2019\u00c9glise organisait \u00e9galement le contr\u00f4le social \u00e0 travers le football. Pourtant, le football, dans sa composante collective, a permis \u00e0 des ouvriers de se donner une identit\u00e9, une identit\u00e9 de classe et de progressivement s\u2019\u00e9manciper de la tutelle patronale et cl\u00e9ricale pour exercer leur sport.<\/p>\n<p>Le football conquiert rapidement les classes populaires. Diffus\u00e9 par un patronat britannique particuli\u00e8rement paternaliste, qui voyait dans ce sport un moyen d\u2019enseigner \u00e0 la <em>working class<\/em> le respect de l\u2019autorit\u00e9 et la division du travail, le foot se r\u00e9pand comme une tra\u00een\u00e9e de poudre. Ce faisant, il s\u2019affranchit de la tutelle patronale\u00a0: con\u00e7u par les capitaines d\u2019industrie comme un moyen de contr\u00f4ler leurs ouvriers et de les d\u00e9tourner des luttes sociales, le ballon rond contribue aussi \u00e0 l\u2019\u00e9mergence d\u2019une solide conscience de classe. [\u2026] Si la naissance des premi\u00e8res comp\u00e9titions et des clubs professionnels s\u2019effectue sous l\u2019\u00e9gide des entrepreneurs industriels, l\u2019\u00e9quipe de football locale renforce chez les travailleurs le sentiment de fiert\u00e9 et d\u2019appartenance \u00e0 un m\u00eame quartier et <em>in fine<\/em> \u00e0 une m\u00eame communaut\u00e9 ouvri\u00e8re.<a href=\"#_ftn4\" name=\"_ftnref4\">[4]<\/a><\/p>\n<p>C\u2019est ainsi que dans de nombreuses villes, des clubs ouvriers ou des clubs la\u00efcs sont venus concurrencer les clubs des classes dominantes. Et cela \u00e0 toutes les \u00e9chelles\u00a0: ainsi \u00e0 Bruges, le cercle est traditionnellement catholique tandis que le club est celui des la\u00efcs. Jean-Pierre Michiels me rappelait aussi qu\u2019\u00e0 un \u00e9chelon plus local, Roux Sport \u00e9tait li\u00e9 \u00e0 la Maison du Peuple tandis que l\u2019AFC Roux \u00e9tait li\u00e9 \u00e0 l\u2019\u00c9glise. Toujours \u00e0 Charleroi, anciennement l\u2019Olympic \u00e9tait plus populaire que le bourgeois Sporting. En Espagne, citons entre autres le derby s\u00e9villan entre le B\u00e9tis et le FC S\u00e9ville qui est le reflet d\u2019une opposition sociologique\u00a0: le premier est davantage soutenu par les classes populaires tandis que le second est celui des <em>Se\u00f1oritos<\/em>. On peut \u00e9galement se souvenir que des grands clubs europ\u00e9ens ont \u00e9t\u00e9 fond\u00e9s par des ouvriers, comme ceux de la Woolwich Arsenal Armament Factory qui fond\u00e8rent le club londonien d\u2019Arsenal. Des clubs qui portent le nom de l\u2019entreprise des ouvriers qui ont fond\u00e9 le club, cela s\u2019observe aussi aux Pays-Bas avec le PSV Eindhoven, c\u2019est-\u00e0-dire Philips Sport Vereniging &#8211; Philips \u00e9tant toujours le principal bailleur de fonds. Les employ\u00e9s de Philips fond\u00e8rent donc un club en 1913 pour f\u00eater le centenaire de la d\u00e9faite de Napol\u00e9on et donc de la nouvelle ind\u00e9pendance des Pays-Bas du Premier Empire fran\u00e7ais.<a href=\"#_ftn5\" name=\"_ftnref5\">[5]<\/a><\/p>\n<p>Revenons en Belgique o\u00f9 des clubs affirment clairement leurs racines ouvri\u00e8res comme THOR Waterschei (devenu KRC Genk apr\u00e8s la fusion avec Winterslag). Thor n\u2019a en effet ici rien \u00e0 voir avec le dieu scandinave. Il s\u2019agit en fait d\u2019un acronyme de ce club fond\u00e9 par des ouvriers mineurs en 1919\u00a0: Tot Herstellen Onze Rechten, soit \u00ab\u00a0jusqu\u2019\u00e0 la r\u00e9habilitation de nos droits\u00a0\u00bb.<a href=\"#_ftn6\" name=\"_ftnref6\">[6]<\/a> Le club de Genk a encore une forte implantation locale qui se ressent dans les tribunes. La direction du Racing est consciente que la tradition de la majeure partie de ses supporters est ouvri\u00e8re. C\u2019est pourquoi apr\u00e8s la fermeture de Ford Genk, elle a baiss\u00e9 fortement les prix des abonnements<a href=\"#_ftn7\" name=\"_ftnref7\">[7]<\/a>. Plusieurs clubs affichent clairement leur origine comme le Scunthorpe United ou encore le Shaktar Donetsk, Shaktar signifiant mineur tout comme g\u00f3rnik en polonais qu\u2019on retrouve dans G\u00f3rnik Zabzre, multiple champion de Pologne. La fiert\u00e9 ouvri\u00e8re et mini\u00e8re, on la retrouve aussi plus pr\u00e8s de chez nous quand les supporters du Racing Club de Lens chantent \u00ab\u00a0Les Corons\u00a0\u00bb de Pierre Bachelet\u00a0: une exp\u00e9rience qui donne des frissons et qu\u2019on peut \u00e9couter facilement sur internet \u00e0 d\u00e9faut d\u2019\u00eatre dans le stade.<\/p>\n<p><a href=\"https:\/\/bruxelles-pantheres.be\/wp-content\/uploads\/2018\/06\/2daf7c1147374b1df1ba23824ce0f4d7.png\"><img decoding=\"async\" class=\"wp-image-3810 alignright\" src=\"https:\/\/bruxelles-pantheres.be\/wp-content\/uploads\/2018\/06\/2daf7c1147374b1df1ba23824ce0f4d7.png\" alt=\"\" width=\"281\" height=\"247\" srcset=\"https:\/\/bruxelles-pantheres.be\/wp-content\/uploads\/2018\/06\/2daf7c1147374b1df1ba23824ce0f4d7.png 1165w, https:\/\/bruxelles-pantheres.be\/wp-content\/uploads\/2018\/06\/2daf7c1147374b1df1ba23824ce0f4d7-300x264.png 300w, https:\/\/bruxelles-pantheres.be\/wp-content\/uploads\/2018\/06\/2daf7c1147374b1df1ba23824ce0f4d7-1024x900.png 1024w, https:\/\/bruxelles-pantheres.be\/wp-content\/uploads\/2018\/06\/2daf7c1147374b1df1ba23824ce0f4d7-768x675.png 768w\" sizes=\"(max-width: 281px) 100vw, 281px\" \/><\/a><\/p>\n<p>Dans le nord-est de l\u2019Angleterre, Sunderland A.F.C est d\u00e9crit comme un \u00ab\u00a0labour club\u00a0\u00bb et ses supporters sont plut\u00f4t ancr\u00e9s \u00e0 gauche et chantent encore dans les tribunes \u00ab\u00a0the Red Flag\u00a0\u00bb, le Drapeau Rouge, hymne du Labour Party.<a href=\"#_ftn8\" name=\"_ftnref8\">[8]<\/a><\/p>\n<p>D\u2019autres clubs encore poss\u00e8dent \u00e9galement des noms qui ont une r\u00e9f\u00e9rence r\u00e9publicaine ou socialiste. \u00c0 Figueira da Foz, au Portugal, le club de football a \u00e9t\u00e9 fond\u00e9 un 1<sup>er<\/sup> mai et porte encore dans son nom la trace de ses racines ouvri\u00e8res\u00a0: l\u2019Associa\u00e7\u00e3o Naval 1<sup>o<\/sup> de maio. Du c\u00f4t\u00e9 d\u2019Anvers, le Germinal Ekeren, aujourd\u2019hui disparu, \u00e9voque dans son nom le mois du calendrier r\u00e9publicain et symbole du mouvement socialiste. Le club a d\u2019ailleurs particip\u00e9 aux championnats de la f\u00e9d\u00e9ration de football socialiste.<a href=\"#_ftn9\" name=\"_ftnref9\">[9]<\/a> Dans l\u2019autre camp, les associations catholiques ont continu\u00e9 \u00e0 exister\u00a0: dans les ann\u00e9es 60, l\u2019entente de Hekelgem (Eendracht Hekelgem) s\u2019affiliait \u00e0 la Vlaamsche Katholiek Sportverbond.<a href=\"#_ftn10\" name=\"_ftnref10\">[10]<\/a><\/p>\n<p>Une f\u00e9d\u00e9ration ouvri\u00e8re de football a \u00e9galement exist\u00e9 dont a fait partie le Rayo Vallecano, club de la banlieue de Madrid<a href=\"#_ftn11\" name=\"_ftnref11\">[11]<\/a>. \u00c0 l\u2019instar des sports ouvriers qui concurren\u00e7aient les Jeux Olympiques visant la chasse aux records, l\u2019individualisme, le Rayo Vallecano avait pour ambition l\u2019\u00e9mancipation physique et morale dans une r\u00e9gion o\u00f9 est arriv\u00e9 l\u2019exode rural et o\u00f9 ont \u00e9t\u00e9 fond\u00e9s les premiers mouvements syndicaux de la capitale espagnole.<a href=\"#_ftn12\" name=\"_ftnref12\">[12]<\/a> Cette tradition de gauche antifasciste, dans ce club qui se consid\u00e8re comme le vrai club ouvrier de la capitale, existe encore comme en t\u00e9moigne en 2017 la pression exerc\u00e9e par les supporters pour emp\u00eacher le transfert d\u2019un joueur ukrainien aux accointances n\u00e9onazies.<a href=\"#_ftn13\" name=\"_ftnref13\">[13]<\/a><\/p>\n<p><a href=\"https:\/\/bruxelles-pantheres.be\/wp-content\/uploads\/2018\/06\/1660718-gf.jpg\"><img decoding=\"async\" class=\"size-full wp-image-3811 alignleft\" src=\"https:\/\/bruxelles-pantheres.be\/wp-content\/uploads\/2018\/06\/1660718-gf.jpg\" alt=\"\" width=\"345\" height=\"548\" srcset=\"https:\/\/bruxelles-pantheres.be\/wp-content\/uploads\/2018\/06\/1660718-gf.jpg 345w, https:\/\/bruxelles-pantheres.be\/wp-content\/uploads\/2018\/06\/1660718-gf-189x300.jpg 189w\" sizes=\"(max-width: 345px) 100vw, 345px\" \/><\/a>Cela prouve que les stades et le football sont l\u2019enjeu de luttes, notamment antifascistes. On se souviendra de Mathias Sindelar, grand joueur autrichien tr\u00e8s talentueux et tr\u00e8s populaire des ann\u00e9es 30 qui a refus\u00e9 de jouer pour la s\u00e9lection nazie et dont l\u2019histoire a \u00e9t\u00e9 retrac\u00e9e \u00a0dans une bande dessin\u00e9e\u00a0: c\u2019est le symbole d\u2019une Autriche libre qui est assassin\u00e9. Lors de l\u2019Anschluss qui devait \u00eatre une f\u00eate populaire de r\u00e9unification pour l\u2019Allemagne nazie, les autorit\u00e9s ont organis\u00e9 un dernier match de \u00ab\u00a0gala\u00a0\u00bb entre l\u2019Allemagne et l\u2019Autriche o\u00f9 Sindelar a humili\u00e9 l\u2019occupant. Le joueur a ensuite refus\u00e9 de porter le maillot nazi. Il mourut en 1939 dans des circonstances tr\u00e8s louches. <a href=\"#_ftn14\" name=\"_ftnref14\">[14]<\/a><\/p>\n<p>Des n\u00e9onazis ont conquis les espaces que sont les stades. Le championnat de Gr\u00e8ce est connu pour l\u2019hooliganisme qui est le reflet des tensions sociales. Dans son documentaire sur Aube Dor\u00e9e, Ang\u00e9lique Kourounis montre l\u2019infiltration du parti d\u2019extr\u00eame-droite dans tous les pans de la soci\u00e9t\u00e9, de l\u2019alimentaire \u00e0 la culture. Le football n\u2019est pas en reste, le jeune leader d\u2019Aube dor\u00e9e fr\u00e9quente aussi les stades. En Gr\u00e8ce les clubs refl\u00e8tent une tradition. \u00c0 Ath\u00e8nes par exemple, le Panathinaikos (de la r\u00e9gion d\u2019Ath\u00e8nes) est l\u2019ennemi jur\u00e9 de l\u2019Olympiakos<a href=\"#_ftn15\" name=\"_ftnref15\">[15]<\/a> dont le pr\u00e9sident Marin\u00e1kis, riche armateur, est proche d\u2019Aube Dor\u00e9e<a href=\"#_ftn16\" name=\"_ftnref16\">[16]<\/a>. Le premier est un club plut\u00f4t bourgeois mais antifasciste (notamment la tribune \u00ab\u00a0Gate 13\u00a0\u00bb) tandis que le second est le club du port du Pir\u00e9e au caract\u00e8re plus prol\u00e9taire de dockers qui sont \u00e9galement connus pour leur proximit\u00e9 avec l\u2019extr\u00eame-droite. Les affrontements sont fr\u00e9quents et les morts ne sont pas rares. Le troisi\u00e8me grand club de la capitale grecque, l\u2019AEK, sur lequel je reviendrai, a connu des d\u00e9boires financiers\u00a0: surendettement, salaires impay\u00e9s\u2026<\/p>\n<p><a href=\"https:\/\/bruxelles-pantheres.be\/wp-content\/uploads\/2018\/06\/antifa13.jpg\"><img decoding=\"async\" class=\"size-full wp-image-3812 alignright\" src=\"https:\/\/bruxelles-pantheres.be\/wp-content\/uploads\/2018\/06\/antifa13.jpg\" alt=\"\" width=\"320\" height=\"320\" srcset=\"https:\/\/bruxelles-pantheres.be\/wp-content\/uploads\/2018\/06\/antifa13.jpg 320w, https:\/\/bruxelles-pantheres.be\/wp-content\/uploads\/2018\/06\/antifa13-300x300.jpg 300w, https:\/\/bruxelles-pantheres.be\/wp-content\/uploads\/2018\/06\/antifa13-150x150.jpg 150w\" sizes=\"(max-width: 320px) 100vw, 320px\" \/><\/a>L\u2019\u00e9quipe, comme le raconte SoFooT, perd ses meilleurs joueurs \u00e0 la fin de la saison 2012 et doit composer avec des jeunes inexp\u00e9riment\u00e9s qui ont des salaires de mis\u00e8re. On se rend alors compte des fractures sociales quand, l\u2019entra\u00eeneur d\u2019alors, a d\u00fb r\u00e9instaurer un petit-d\u00e9jeuner avant l\u2019entra\u00eenement car beaucoup \u00e9taient affam\u00e9s.<a href=\"#_ftn17\" name=\"_ftnref17\">[17]<\/a> Des joueurs ne pouvaient venir de loin car ils n\u2019avaient pas les moyens de payer le p\u00e9age. La pr\u00e9carit\u00e9 \u00e9tait totale et sans conscientisation, sans lutte progressiste, on est arriv\u00e9 le 16 mars 2013 \u00e0 ce geste r\u00e9v\u00e9lateur\u00a0: Giorgos Katidis f\u00eate son but par un salut nazi.<a href=\"#_ftn18\" name=\"_ftnref18\">[18]<\/a> Le joueur a \u00e9t\u00e9 banni \u00e0 vie mais au-del\u00e0 de la responsabilit\u00e9 individuelle du geste tr\u00e8s grave qu\u2019il a fait, nous devons nous interroger sur les origines de ce geste.<\/p>\n<p>Le lien entre dockers, racisme et extr\u00eame-droite et hooliganisme, nous le retrouvons aussi \u00e0 Anvers\u00a0: les clubs de l\u2019Antwerp et du Beerschot sont connus pour leurs cris racistes envers des joueurs africains. L\u2019Antwerp est aussi un club de dockers. L\u00e0 nous pouvons voir que le football, c\u2019est aussi un combat politique\u00a0: le parti communiste avait une forte section parmi les dockers. Le recul et puis la disparition du parti les a pouss\u00e9s vers l\u2019extr\u00eame-droite m\u00eame si les dockers gardent une grande conscience sociale comme en t\u00e9moigne leur participation muscl\u00e9e lors des manifestations nationales, notamment en 2014.<\/p>\n<p>Club des dockers, c\u2019est aussi le cas du Feyenoord Rotterdam, club ouvrier de la seconde ville du Pays connu \u00e9galement pour son hooliganisme et son antis\u00e9mitisme, notamment envers le club bourgeois de la capitale\u00a0: l\u2019Ajax Amsterdam. Nous pouvons regarder ces messages racistes des prol\u00e9taires avec un m\u00e9pris de classe, ou\u00a0 nous pouvons nous dire que notre r\u00f4le de militants est celui de la conscientisation et que tout n\u2019est jamais d\u00e9finitivement acquis. Les supporters du Standard illustrent assez bien cette situation\u00a0: les ultras infernos sont devenus un groupe antifa alors que les supporters li\u00e9geois ont longtemps \u00e9t\u00e9 hooligans. Symboliquement, il est int\u00e9ressant de voir que de nombreux portraits et drapeaux du Che sont pr\u00e9sents dans les trav\u00e9es de Sclessin. Ces supporters participent \u00e0 la conscientisation\u00a0: ils sont all\u00e9s \u00e0 des manifestations de soutien aux sans-papier et \u00e9taient encore pr\u00e9sents lors de la derni\u00e8re mobilisation de veille contre l\u2019extr\u00eame-droite place Saint-Lambert.<\/p>\n<p>D\u2019autres clubs incarnent l\u2019antifascisme et la r\u00e9sistance au nazisme et au fascisme\u00a0: on peut penser au club de Sankt-Pauli dans la banlieue d\u2019Hambourg ou plus symboliquement au FC Barcelone. Aujourd\u2019hui devenu une v\u00e9ritable entreprise commerciale, le club catalan a longtemps \u00e9t\u00e9 le club des r\u00e9publicains et de la r\u00e9sistance catalane au franquisme, r\u00e9gime qui soutenait le club monarchiste de la Capitale, le Real Madrid. En ex-Yougoslavie, les derbys entre les deux clubs de Belgrade sont chauds mais le Partizan et l\u2019\u00c9toile Rouge, tous deux fond\u00e9s en 1945 (parfois sur les restes de clubs pr\u00e9c\u00e9dents) sont issus de la r\u00e9sistance yougoslave. Le premier porte le nom de l\u2019arm\u00e9e populaire de Yougoslavie tandis que le deuxi\u00e8me \u00e9tait au d\u00e9part le club de la jeunesse antifasciste.<\/p>\n<figure id=\"attachment_3814\" aria-describedby=\"caption-attachment-3814\" style=\"width: 1160px\" class=\"wp-caption alignnone\"><a href=\"https:\/\/bruxelles-pantheres.be\/wp-content\/uploads\/2018\/06\/pale4-1170x658.jpg\"><img decoding=\"async\" class=\"wp-image-3814 size-full\" src=\"https:\/\/bruxelles-pantheres.be\/wp-content\/uploads\/2018\/06\/pale4-1170x658.jpg\" alt=\"\" width=\"1170\" height=\"658\" srcset=\"https:\/\/bruxelles-pantheres.be\/wp-content\/uploads\/2018\/06\/pale4-1170x658.jpg 1170w, https:\/\/bruxelles-pantheres.be\/wp-content\/uploads\/2018\/06\/pale4-1170x658-300x169.jpg 300w, https:\/\/bruxelles-pantheres.be\/wp-content\/uploads\/2018\/06\/pale4-1170x658-1024x576.jpg 1024w, https:\/\/bruxelles-pantheres.be\/wp-content\/uploads\/2018\/06\/pale4-1170x658-768x432.jpg 768w\" sizes=\"(max-width: 1170px) 100vw, 1170px\" \/><\/a><figcaption id=\"caption-attachment-3814\" class=\"wp-caption-text\">Britain Football Soccer &#8211; Celtic v Hapoel Beer-Sheva &#8211; UEFA Champions League Qualifying Play-Off First Leg &#8211; Celtic Park &#8211; 17\/8\/16<br \/>Fans hold up Palestine flags<\/p>\n<p><\/figcaption><\/figure>\n<p>La m\u00e9connaissance de l\u2019histoire du football peut parfois porter pr\u00e9judice \u00e0 des militants de gauche qui relaient des actions politiques li\u00e9es \u00e0 ce sport. C\u2019est ainsi que lors de crimes commis par Isra\u00ebl sur des Palestiniens, des camarades ont partag\u00e9 sur les r\u00e9seaux sociaux des vid\u00e9os des d\u00e9monstrations de solidarit\u00e9 de supporters envers la Palestine, notamment au Celtic Park (Celtic Glasgow) en \u00c9cosse, club toujours fid\u00e8le \u00e0 la cause palestinienne, mais aussi des images de tribune de la Lazio de Rome. Or, ce ne sont pas les m\u00eames motivations qui poussaient les supporters romains\u00a0: le club de la Lazio est aujourd\u2019hui r\u00e9put\u00e9 d\u2019extr\u00eame-droite et leur engouement envers la Palestine d\u00e9notait surtout un antis\u00e9mitisme. On se rappellera aussi du geste du joueur de la Lazio Paolo di Cano qui avait c\u00e9l\u00e9br\u00e9 un but en faisant un salut romain fasciste, assumant totalement la port\u00e9e de son acte\u00a0! Nous noterons par contre que le football est un moment collectif qui permet \u00e0 la Centrale g\u00e9n\u00e9rale de la FGTB Namur d\u2019organiser un tournoi de football le 26 mai prochain avec Esperanza Palestina, en faveur des travailleurs palestiniens.<a href=\"#_ftn19\" name=\"_ftnref19\">[19]<\/a> Les jeunes FGTB ont aussi lanc\u00e9 avec d\u2019autres organisations leur tournoi de football antiraciste qui en 2017 en \u00e9tait \u00e0 sa deuxi\u00e8me \u00e9dition.<\/p>\n<figure id=\"attachment_3813\" aria-describedby=\"caption-attachment-3813\" style=\"width: 648px\" class=\"wp-caption aligncenter\"><a href=\"https:\/\/bruxelles-pantheres.be\/wp-content\/uploads\/2018\/06\/b1e9fad8db71606d9678360589c44fd0.jpg\"><img decoding=\"async\" class=\"wp-image-3813 size-full\" src=\"https:\/\/bruxelles-pantheres.be\/wp-content\/uploads\/2018\/06\/b1e9fad8db71606d9678360589c44fd0.jpg\" alt=\"\" width=\"658\" height=\"396\" srcset=\"https:\/\/bruxelles-pantheres.be\/wp-content\/uploads\/2018\/06\/b1e9fad8db71606d9678360589c44fd0.jpg 658w, https:\/\/bruxelles-pantheres.be\/wp-content\/uploads\/2018\/06\/b1e9fad8db71606d9678360589c44fd0-300x181.jpg 300w\" sizes=\"(max-width: 658px) 100vw, 658px\" \/><\/a><figcaption id=\"caption-attachment-3813\" class=\"wp-caption-text\">Tribune du Panathinaikos en Gr\u00e8ce<\/figcaption><\/figure>\n<p>Tous ne s\u2019en rappellent pas mais le football a \u00e9galement permis \u00e0 des immigr\u00e9s de se structurer. Les Italiens ne sont pas les derniers dans le monde entier\u00a0: en effet, on peut noter au moins \u00e0 Varsovie, le Polonia Warszawa, et de l\u2019autre c\u00f4t\u00e9 de l\u2019Atlantique Boca Juniors de Buenos Aires fond\u00e9 l\u00e0 aussi par des immigr\u00e9s g\u00e9nois. Le rival historique de Boca, River Plate, a \u00e9t\u00e9 fond\u00e9 dans le m\u00eame quartier populaire de la Boca. Il a ensuite d\u00e9m\u00e9nag\u00e9 \u00e0 N\u00fa\u00f1ez, quartier plus hupp\u00e9. Les supporters de River Plate ont chang\u00e9 sociologiquement et sont surnomm\u00e9s \u00ab\u00a0los millionarios\u00a0\u00bb<a href=\"#_ftn20\" name=\"_ftnref20\">[20]<\/a> par ceux de Boca Juniors. \u00c0 l\u2019identit\u00e9 d\u2019immigr\u00e9s, s\u2019est donc jointe une identit\u00e9 de classe. Le Br\u00e9sil a aussi connu une immigration italienne et allemande, surtout dans le sud. Dans l\u2019\u00c9tat de Rio Grande do Sul, certains de ces immigr\u00e9s fond\u00e8rent le Gr\u00eamio qui refusait des joueurs m\u00e9tisses et de couleur. En r\u00e9action fut cr\u00e9\u00e9 en 1909, soit 6 ans apr\u00e8s le Gr\u00eamio, l\u2019Internacional dont le nom explique bien l\u2019intention\u00a0: \u00eatre ouvert \u00e0 tous quelle que soit l\u2019origine. L\u2019internacional porte le surnom de \u00ab O\u00a0Clube do Povo\u00a0\u00bb<a href=\"#_ftn21\" name=\"_ftnref21\">[21]<\/a>, titre que s\u2019attribue aussi Vila Nova de Goi\u00e1s, \u00ab\u00a0time do povo\u00a0\u00bb<a href=\"#_ftn22\" name=\"_ftnref22\">[22]<\/a>.<\/p>\n<p>Les immigr\u00e9s espagnols qui avaient fui la dictature de Franco \u00e0 Li\u00e8ge se structur\u00e8rent aussi dans les Garcia Lorca et d\u2019autres clubs progressistes. \u00c0 Herstal, au centre Miguel Hernandez, on pouvait trouver cette affiche d\u2019un tournoi de football de clubs fond\u00e9s par les immigr\u00e9s.<\/p>\n<p>En Gr\u00e8ce, de nombreux clubs sont issus de r\u00e9fugi\u00e9s&#8230; grecs qui fuyaient le nettoyage ethnique en Asie Mineure organis\u00e9 par les Turcs. On retrouve ainsi le K de Constantinople dans plusieurs grands clubs comme l\u2019AEK Ath\u00e8nes ou le PAOK Salonique. Il y eut aussi des r\u00e9fugi\u00e9s grecs anatoliens en Cr\u00e8te qui fond\u00e8rent l\u2019Ergotelis. L\u2019identit\u00e9, l\u2019origine \u00e0 travers le football \u00e9taient et sont encore des enjeux politiques. La Dictature des Colonels d\u00e9fendait une puret\u00e9 ethnique grecque et ne voulait pas que ce soit le club des r\u00e9fugi\u00e9s qui domin\u00e2t footballistiquement et donc symboliquement la Cr\u00e8te. Le r\u00e9gime des colonels chercha par la loi \u00e0 renforcer l\u2019autre club de l\u2019\u00efle, l\u2019OFI Cr\u00e8te jug\u00e9 \u00ab\u00a0pur grec\u00a0\u00bb, en l\u2019autorisant \u00e0 recruter gratuitement les meilleurs joueurs de l\u2019Ergotelis.<a href=\"#_ftn23\" name=\"_ftnref23\">[23]<\/a><\/p>\n<p>Il apparait clairement que le football est un moyen de propagande, au service de dictatures. Peu se souviennent du parcours de la Cor\u00e9e du Nord \u00e0 la Coupe du monde 66, si ce n\u2019est certains camarades comme Jean-Pierre Michiels\u00a0: les Nord-Cor\u00e9ens avaient atteint les quarts-de finale, battus finalement par le Portugal. Encore moins de gens savent que cette image de r\u00e9ussite \u00e9tait un coup dur pour la politique \u00e9tasunienne en Cor\u00e9e du Sud. Le chef de la CIA cor\u00e9enne, Kim Hyung-Wook mit alors en place en f\u00e9vrier 1967 un club de football (qui fit long feu), Yangzee, pour am\u00e9liorer le niveau de football en Cor\u00e9e du Sud.<a href=\"#_ftn24\" name=\"_ftnref24\">[24]<\/a><\/p>\n<p>Dans l\u2019autre sens, le football a permis de s\u2019opposer \u00e0 des dictatures. Nous avons d\u00e9j\u00e0 parl\u00e9 de Sindelar en Autriche. Vladimir Caller me rappelait que l\u2019URSS n\u2019\u00e9tait pas en reste lorsqu\u2019elle boycotta son match de barrage de qualification pour la coupe du monde face au Chili en 1973, refusant que son \u00e9quipe jou\u00e2t dans le stade national de Santiago que Pinochet avait transform\u00e9 en lieu d\u2019ex\u00e9cution et de torture.<a href=\"#_ftn25\" name=\"_ftnref25\">[25]<\/a> La torture et l\u2019ex\u00e9cution, c\u2019est le sort que subirent des joueurs du Dynamo Kiev (dont le club avait \u00e9t\u00e9 d\u00e9mantel\u00e9 par les nazis) qui avaient gagn\u00e9 deux matchs contre l\u2019\u00e9quipe de la Luftwaffe.<a href=\"#_ftn26\" name=\"_ftnref26\">[26]<\/a><\/p>\n<p><a href=\"https:\/\/bruxelles-pantheres.be\/wp-content\/uploads\/2018\/06\/memoria08-030.jpg\"><img decoding=\"async\" class=\"size-full wp-image-3816 alignright\" src=\"https:\/\/bruxelles-pantheres.be\/wp-content\/uploads\/2018\/06\/memoria08-030.jpg\" alt=\"\" width=\"548\" height=\"420\" srcset=\"https:\/\/bruxelles-pantheres.be\/wp-content\/uploads\/2018\/06\/memoria08-030.jpg 548w, https:\/\/bruxelles-pantheres.be\/wp-content\/uploads\/2018\/06\/memoria08-030-300x230.jpg 300w\" sizes=\"(max-width: 548px) 100vw, 548px\" \/><\/a>Il y aurait encore beaucoup \u00e0 raconter sur le football. On peut encore penser aux joueurs alg\u00e9riens de l\u2019Olympique de Marseille qui s\u2019\u00e9taient engag\u00e9s avec le FLN pour soutenir les luttes de leur pays\u00a0: ils \u00e9taient avec d\u2019autres, membres de la s\u00e9lection du Front de Lib\u00e9ration National Alg\u00e9rien de football qui avait pour but de faire connaitre la cause alg\u00e9rienne dans le monde.<\/p>\n<p>Beaucoup diront que ces histoires sont celles du pass\u00e9, que dans beaucoup de clubs, les classes se m\u00e9langent. Souvent m\u00eame, les classes populaires sont rel\u00e9gu\u00e9es dans les bars ou devant leur t\u00e9l\u00e9vision en raison des prix exorbitants demand\u00e9s pour les abonnements. Cela est vrai, mais il ne tient qu\u2019\u00e0 nous de reconqu\u00e9rir les stades pour ne pas qu\u2019ils soient abandonn\u00e9s \u00e0 la bourgeoisie ou \u00e0 la haine de l\u2019extr\u00eame-droite.<\/p>\n<p>Le football reste un moyen d\u2019\u00e9mancipation, un espace de lutte contre les dictatures et un lieu o\u00f9 on peut r\u00e9inventer la d\u00e9mocratie\u2026 comme le firent les joueurs du Corinthians S\u00e3o Paulo, sous la dictature militaire\u00a0: ils prenaient toutes les d\u00e9cisions collectivement pour tous les aspects li\u00e9s au club, impliquant les autres salari\u00e9s.<a href=\"#_ftn27\" name=\"_ftnref27\">[27]<\/a> Parmi les leaders du mouvement, on se rappellera de S\u00f3crates, qui mena aussi la campagne \u00ab\u00a0diretas j\u00e1\u00a0\u00bb appelant aux premi\u00e8res \u00e9lections qui mirent fin \u00e0 la dictature au Br\u00e9sil<a href=\"#_ftn28\" name=\"_ftnref28\">[28]<\/a>.<\/p>\n<p style=\"text-align: right;\">Julien Hannotte<br \/>\nMai 2018<\/p>\n<p><a href=\"http:\/\/www.acjj.be\/le-football-espace-de-luttes\/\">Source<\/a><\/p>\n<p><a href=\"#_ftnref1\" name=\"_ftn1\">[1]<\/a> Correia (Micka\u00ebl), <em>Une histoire populaire du football<\/em>. Paris, \u00c9ditions La d\u00e9couverte, coll. \u00ab\u00a0cahiers libres\u00a0\u00bb, 2018, p. 9.<\/p>\n<p><a href=\"#_ftnref2\" name=\"_ftn2\">[2]<\/a> https:\/\/fr.wikipedia.org\/wiki\/Association_sportive_de_Saint-\u00c9tienne#Gen\u00e8se_du_club_(1919-1933)<\/p>\n<p><a href=\"#_ftnref3\" name=\"_ftn3\">[3]<\/a> https:\/\/fr.wikipedia.org\/wiki\/Tout_Puissant_Mazembe#Histoire<\/p>\n<p><a href=\"#_ftnref4\" name=\"_ftn4\">[4]<\/a> Correia (Micka\u00ebl), <em>Une histoire populaire du football<\/em>. Paris, \u00c9ditions La d\u00e9couverte, coll. \u00ab\u00a0cahiers libres\u00a0\u00bb, 2018, p. 8.<\/p>\n<p><a href=\"#_ftnref5\" name=\"_ftn5\">[5]<\/a> https:\/\/fr.wikipedia.org\/wiki\/PSV_Eindhoven#Histoire<\/p>\n<p><a href=\"#_ftnref6\" name=\"_ftn6\">[6]<\/a> https:\/\/fr.wikipedia.org\/wiki\/K_Waterschei_SV_THOR_Genk<\/p>\n<p><a href=\"#_ftnref7\" name=\"_ftn7\">[7]<\/a> https:\/\/www.hln.be\/sport\/voetbal\/belgisch-voetbal\/racing-genk\/abonnementsprijzen-genk-zakken-met-30-mogelijk-zelfs-met-de-helft~ae55b00e\/<\/p>\n<p><a href=\"#_ftnref8\" name=\"_ftn8\">[8]<\/a> https:\/\/en.wikipedia.org\/wiki\/Sunderland_A.F.C.#Supporters_and_rivalries<\/p>\n<p><a href=\"#_ftnref9\" name=\"_ftn9\">[9]<\/a> https:\/\/fr.wikipedia.org\/wiki\/K_Beerschot_Antwerpen_Club<\/p>\n<p><a href=\"#_ftnref10\" name=\"_ftn10\">[10]<\/a> https:\/\/fr.wikipedia.org\/wiki\/Football_Club_Eendracht_Hekelgem<\/p>\n<p><a href=\"#_ftnref11\" name=\"_ftn11\">[11]<\/a> https:\/\/fr.wikipedia.org\/wiki\/Rayo_Vallecano_de_Madrid#Histoire<\/p>\n<p><a href=\"#_ftnref12\" name=\"_ftn12\">[12]<\/a> https:\/\/pt.wikipedia.org\/wiki\/Rayo_Vallecano_de_Madrid#Clube_politicamente_engajado<\/p>\n<p><a href=\"#_ftnref13\" name=\"_ftn13\">[13]<\/a> http:\/\/trivela.uol.com.br\/acusado-de-neonazista-ucraniano-dura-apenas-15-horas-no-rayo-vallecano-apos-protestos-da-torcida\/<\/p>\n<p><a href=\"#_ftnref14\" name=\"_ftn14\">[14]<\/a> https:\/\/fr.wikipedia.org\/wiki\/Matthias_Sindelar<\/p>\n<p><a href=\"#_ftnref15\" name=\"_ftn15\">[15]<\/a> https:\/\/fr.wikipedia.org\/wiki\/Derby_des_\u00e9ternels_ennemis<\/p>\n<p><a href=\"#_ftnref16\" name=\"_ftn16\">[16]<\/a> http:\/\/www.sofoot.com\/panathinaikos-la-gate-13-fermee-a-double-tour-216822.html<\/p>\n<p><a href=\"#_ftnref17\" name=\"_ftn17\">[17]<\/a> http:\/\/www.sofoot.com\/l-aek-athenes-ne-repond-plus-168924.html<\/p>\n<p><a href=\"#_ftnref18\" name=\"_ftn18\">[18]<\/a> https:\/\/www.huffingtonpost.fr\/2013\/03\/17\/salut-nazi-football-grece-aek-giorgos-katidis_n_2895774.html<\/p>\n<p><a href=\"#_ftnref19\" name=\"_ftn19\">[19]<\/a> http:\/\/www.accg.be\/fr\/actualite\/tournoi-de-football-esperanza-palestina<\/p>\n<p><a href=\"#_ftnref20\" name=\"_ftn20\">[20]<\/a> https:\/\/fr.wikipedia.org\/wiki\/Club_Atl%C3%A9tico_Boca_Juniors#Culture_populaire<\/p>\n<p><a href=\"#_ftnref21\" name=\"_ftn21\">[21]<\/a> https:\/\/fr.wikipedia.org\/wiki\/Sport_Club_Internacional<\/p>\n<p><a href=\"#_ftnref22\" name=\"_ftn22\">[22]<\/a> https:\/\/pt.m.wikipedia.org\/wiki\/Vila_Nova_Futebol_Clube<\/p>\n<p><a href=\"#_ftnref23\" name=\"_ftn23\">[23]<\/a> https:\/\/fr.wikipedia.org\/wiki\/PAE_Ergotelis_H%C3%A9raklion<\/p>\n<p><a href=\"#_ftnref24\" name=\"_ftn24\">[24]<\/a> https:\/\/fr.wikipedia.org\/wiki\/Yangzee_Football_Club<\/p>\n<p><a href=\"#_ftnref25\" name=\"_ftn25\">[25]<\/a> https:\/\/fr.wikipedia.org\/wiki\/Match_de_football_Chili_%E2%80%93_URSS_(1973)<\/p>\n<p><a href=\"#_ftnref26\" name=\"_ftn26\">[26]<\/a> http:\/\/www.sofoot.com\/il-etait-une-fois-le-9-aout-1942-a-kiev-227301.html<\/p>\n<p><a href=\"#_ftnref27\" name=\"_ftn27\">[27]<\/a> https:\/\/fr.wikipedia.org\/wiki\/D\u00e9mocratie_corinthiane<\/p>\n<p><a href=\"#_ftnref28\" name=\"_ftn28\">[28]<\/a> https:\/\/fr.wikipedia.org\/wiki\/Diretas_J\u00e1<\/p>\n<p>&nbsp;<\/p>\n","protected":false},"excerpt":{"rendered":"<p>Le football est parfois m\u00e9pris\u00e9 par des gens de gauche car il serait un divertissement pour les travailleurs, au sens premier \u00e0 savoir les distraire de leurs int\u00e9r\u00eats de classe. Il est vrai aussi que le capital s\u2019est empar\u00e9 de fa\u00e7on prodigieuse de ce sport populaire pour accumuler des profits, en user de fa\u00e7on diplomatique &#8230; <a title=\"Le football, espace de luttes !\" class=\"read-more\" href=\"https:\/\/bruxelles-pantheres.be\/?p=3808\" aria-label=\"En savoir plus sur Le football, espace de luttes !\">Lire la suite<\/a><\/p>\n","protected":false},"author":1,"featured_media":3818,"comment_status":"open","ping_status":"open","sticky":false,"template":"","format":"standard","meta":{"footnotes":""},"categories":[1,35,21,36,6,18,28],"tags":[368,369,15],"class_list":["post-3808","post","type-post","status-publish","format-standard","has-post-thumbnail","hentry","category-non-classe","category-amerique-du-sud","category-anti-imperialisme","category-europe","category-palestine-moyen-orient","category-resistance-bruxelles","category-racismes","tag-football","tag-julien-hannotte","tag-resistance"],"_links":{"self":[{"href":"https:\/\/bruxelles-pantheres.be\/index.php?rest_route=\/wp\/v2\/posts\/3808","targetHints":{"allow":["GET"]}}],"collection":[{"href":"https:\/\/bruxelles-pantheres.be\/index.php?rest_route=\/wp\/v2\/posts"}],"about":[{"href":"https:\/\/bruxelles-pantheres.be\/index.php?rest_route=\/wp\/v2\/types\/post"}],"author":[{"embeddable":true,"href":"https:\/\/bruxelles-pantheres.be\/index.php?rest_route=\/wp\/v2\/users\/1"}],"replies":[{"embeddable":true,"href":"https:\/\/bruxelles-pantheres.be\/index.php?rest_route=%2Fwp%2Fv2%2Fcomments&post=3808"}],"version-history":[{"count":3,"href":"https:\/\/bruxelles-pantheres.be\/index.php?rest_route=\/wp\/v2\/posts\/3808\/revisions"}],"predecessor-version":[{"id":3819,"href":"https:\/\/bruxelles-pantheres.be\/index.php?rest_route=\/wp\/v2\/posts\/3808\/revisions\/3819"}],"wp:featuredmedia":[{"embeddable":true,"href":"https:\/\/bruxelles-pantheres.be\/index.php?rest_route=\/wp\/v2\/media\/3818"}],"wp:attachment":[{"href":"https:\/\/bruxelles-pantheres.be\/index.php?rest_route=%2Fwp%2Fv2%2Fmedia&parent=3808"}],"wp:term":[{"taxonomy":"category","embeddable":true,"href":"https:\/\/bruxelles-pantheres.be\/index.php?rest_route=%2Fwp%2Fv2%2Fcategories&post=3808"},{"taxonomy":"post_tag","embeddable":true,"href":"https:\/\/bruxelles-pantheres.be\/index.php?rest_route=%2Fwp%2Fv2%2Ftags&post=3808"}],"curies":[{"name":"wp","href":"https:\/\/api.w.org\/{rel}","templated":true}]}}