{"id":3824,"date":"2018-06-14T10:59:12","date_gmt":"2018-06-14T09:59:12","guid":{"rendered":"https:\/\/bruxelles-pantheres.be\/?p=3824"},"modified":"2018-06-14T10:59:12","modified_gmt":"2018-06-14T09:59:12","slug":"une-procedure-juste-pour-tariq-ramadan","status":"publish","type":"post","link":"https:\/\/bruxelles-pantheres.be\/?p=3824","title":{"rendered":"Une proc\u00e9dure juste pour Tariq Ramadan"},"content":{"rendered":"<div class=\"headline\">\n<h5><strong>JOURNALISTES, POLITICIENS ET CHERCHEURS EXPRIMENT LEUR INDIGNATION QUANT AU TRAITEMENT INJUSTE R\u00c9SERV\u00c9\u00a0\u00c0 TARIQ RAMADAN PAR LES AUTORIT\u00c9S JUDICIAIRES FRAN\u00c7AISES<\/strong><\/h5>\n<\/div>\n<div id=\"content\">\n<div id=\"intro\" class=\"intro\">\n<div class=\"content\">\n<p>(14 juin 2018) &#8211; Tariq Ramadan, intellectuel et professeur respect\u00e9 de l&rsquo;universit\u00e9 d&rsquo;Oxford, a \u00e9t\u00e9 plac\u00e9 en d\u00e9tention provisoire dans une prison fran\u00e7aise et priv\u00e9 de libert\u00e9 sous caution suite \u00e0 des all\u00e9gations de viol qu&rsquo;il nie avec v\u00e9h\u00e9mence.<\/p>\n<p>Incarc\u00e9r\u00e9 depuis plus de quatre mois, Tariq Ramadan s&rsquo;est vu refuser un traitement m\u00e9dical appropri\u00e9 d\u2019une affection m\u00e9dicale ant\u00e9rieure grave et s&rsquo;est vu refuser l&rsquo;acc\u00e8s \u00e0 son dossier judiciaire complet.<\/p>\n<p>Les magistrats fran\u00e7ais semblent ignorer les diagnostics de neuf m\u00e9decins stipulant que le professeur Ramadan souffre d\u2019une scl\u00e9rose en plaques, y compris l\u2019avis de l&rsquo;autorit\u00e9 m\u00e9dicale en chef de la prison qui a confirm\u00e9 que son \u00e9tat de sant\u00e9 n&rsquo;\u00e9tait pas compatible avec le maintien en incarc\u00e9ration.<\/p>\n<p>En r\u00e9ponse, un appel international \u00e9mis par des journalistes, des politiciens, des universitaires et des chercheurs qui s&rsquo;expriment dans une lettre ouverte. Parmi les signataires : l&rsquo;auteure anglaise Karen Armstrong; le philosophe canadien Charles Taylor; le cin\u00e9aste britannique Ken Loach; Dr Amina Wadud de Berkeley; le journaliste britannique Peter Oborne; le professeur John Esposito de l&rsquo;universit\u00e9 de Georgetown et l\u2019universitaire Hamza Yusuf.<\/p>\n<p>\u00ab\u00a0Nous souhaitons rappeler au pays qui a affirm\u00e9 l&rsquo;inali\u00e9nabilit\u00e9 des droits de l&rsquo;Homme et l&rsquo;\u00e9galit\u00e9; l&rsquo;importance de respecter les principes qui garantissent l&rsquo;int\u00e9grit\u00e9 de la justice fran\u00e7aise telle que la pr\u00e9somption d&rsquo;innocence.\u00a0\u00bb<\/p>\n<p>La lettre exprime \u00e9galement une profonde inqui\u00e9tude quant au traitement inhumain inflig\u00e9 \u00e0 Tariq Ramadan par la justice fran\u00e7aise.<\/p>\n<p>Les signataires concluent par: \u00ab\u00a0Nous demandons \u00e0 nos amis fran\u00e7ais: fallait-il en arriver l\u00e0?!\u00a0\u00bb<\/p>\n<\/div>\n<\/div>\n<\/div>\n<p><!--more--><\/p>\n<p>Pour les interviews avec les m\u00e9dias:\u00a0<u><a href=\"mailto:freetariqramadan@gmail.com\">freetariqramadan@gmail.com<\/a><\/u><\/p>\n<p>Le groupe pour le droit \u00e0 une proc\u00e9dure \u00e9quitable pour Tariq Ramadan (DPETR), est une nouvelle coalition internationale qui appelle au strict respect des normes et des proc\u00e9dures judiciaires dans l\u2019affaire Tariq Ramadan<\/p>\n<p>**********<\/p>\n<p><strong>Voir la lettre compl\u00e8te et les signataires ci-dessous:<\/strong><\/p>\n<p>&nbsp;<\/p>\n<p><strong>LETTRE OUVERTE: UN APPEL INTERNATIONAL POUR UNE PROC\u00c9DURE \u00c9QUITABLE POUR TARIQ RAMADAN<\/strong><\/p>\n<p>Un appel international pour exiger une proc\u00e9dure \u00e9quitable pour Tariq Ramadan. Apr\u00e8s quatre mois de d\u00e9tention provisoire, la derni\u00e8re demande pour une remise en libert\u00e9 sous caution de Tariq Ramadan a de nouveau \u00e9t\u00e9 refus\u00e9e.<\/p>\n<p>En tant que personnalit\u00e9s, chercheurs et politiciens du monde entier, nous \u00e9crivons pour exiger une proc\u00e9dure \u00e9quitable pour le professeur Tariq Ramadan, incarc\u00e9r\u00e9 depuis le 2 f\u00e9vrier dans une prison fran\u00e7aise.<\/p>\n<p>Ce n&rsquo;est pas \u00e0 nous de juger de la culpabilit\u00e9 ou de l&rsquo;innocence du professeur Ramadan. Nous reconnaissons pleinement les droits des plaignantes, \u00e0 ce que leur cause soit entendue sans pr\u00e9judice ou atteinte \u00e0 leur honneur. Mais nous souhaitons rappeler au pays qui a affirm\u00e9 l&rsquo;inali\u00e9nabilit\u00e9 des droits de l&rsquo;Homme et l&rsquo;\u00e9galit\u00e9; l&rsquo;importance du respect des principes qui garantissent l&rsquo;int\u00e9grit\u00e9 de la justice fran\u00e7aise.<\/p>\n<p>Ainsi, nous posons la question: Pourquoi M. Ramadan a-t-il \u00e9t\u00e9 priv\u00e9 de libert\u00e9 sous caution lors de l&rsquo;enqu\u00eate pr\u00e9liminaire? Ceci bien qu&rsquo;il se soit rendu volontairement \u00e0 l&rsquo;interrogatoire et ait donn\u00e9 toutes les garanties requises?<\/p>\n<p>Mr. Ramadan a-t-il b\u00e9n\u00e9fici\u00e9 de l&rsquo;\u00e9galit\u00e9 de traitement tant appr\u00e9ci\u00e9e par la France, alors que des personnalit\u00e9s politiques de haut rang accus\u00e9es de faits similaires continuent de b\u00e9n\u00e9ficier de leur libert\u00e9 de mouvement?<\/p>\n<p>Existe-t-il une forme de justice pour les musulmans en France et une autre pour tous les autres?<\/p>\n<p>Qu\u2019est-ce qui justifie sa mise en isolement, les droits limit\u00e9s de visites familiales, le refus d\u2019acc\u00e8s \u00e0 son dossier judiciaire\u00a0et donc aux moyens n\u00e9cessaires pour pr\u00e9parer sa d\u00e9fense?<\/p>\n<p>Les magistrats peuvent-ils permettre les fuites d\u2019informations de mani\u00e8re s\u00e9lective en toute impunit\u00e9? Est-ce une habitude en France que des personnalit\u00e9s politiques de haut rang d\u00e9nigrent publiquement une personne en attente de proc\u00e8s?<\/p>\n<p>En bref, nous posons respectueusement la question: Mr Ramadan b\u00e9n\u00e9ficie-t-il d&rsquo;une proc\u00e9dure judiciaire juste et \u00e9quitable, dans laquelle il est pr\u00e9sum\u00e9 innocent jusqu&rsquo;\u00e0 preuve du contraire?<\/p>\n<p>Nous demandons donc l\u2019application et le respect d\u2019une justice \u00e9galitaire et impartiale.<\/p>\n<p>Nous tenons \u00e9galement \u00e0 faire part de notre profonde pr\u00e9occupation pour la dignit\u00e9 et le traitement humain de tous les prisonniers.<\/p>\n<p>Les magistrats fran\u00e7ais semblent ignorer les diagnostics de neuf m\u00e9decins qui stipulent que Mr. Ramadan souffre d\u2019une scl\u00e9rose en plaques, y compris l\u2019avis de l&rsquo;autorit\u00e9 m\u00e9dicale en chef de la prison qui a confirm\u00e9 que son \u00e9tat de sant\u00e9 n&rsquo;\u00e9tait pas compatible avec le maintien en d\u00e9tention.<\/p>\n<p>Alors que M. Ramadan souffre de scl\u00e9rose en plaques et de complications neurologiques, il ne b\u00e9n\u00e9ficie toujours pas d\u2019un traitement m\u00e9dical appropri\u00e9.<\/p>\n<p>Nous comprenons que la d\u00e9fense a fait appel \u00e0 la Cour europ\u00e9enne des droits de l&rsquo;homme face aux souffrances inflig\u00e9es au professeur par la justice fran\u00e7aise.<\/p>\n<p>Nous demandons \u00e0 nos amis fran\u00e7ais: doit- on en arriver l\u00e0?!<\/p>\n<p>Nous, signataires de cette lettre, soutenons l&rsquo;engagement de la France pour le respect des valeurs de <em>libert\u00e9, \u00e9galit\u00e9 et fraternit\u00e9<\/em> menac\u00e9es aujourd&rsquo;hui dans le monde.<\/p>\n<p>Nous esp\u00e9rons que votre r\u00e9ponse \u00e0 notre appel prouvera que ces valeurs sont bien respect\u00e9es.<\/p>\n<p><strong>Signataires<\/strong><\/p>\n<p>Prof Farid Hafez , Salzburg, Austria<br \/>\nDr Malika Hamidi, Brussels, Belgium<br \/>\nDr Yacob Mahi, Brussels, Belgium<br \/>\nNordine Sa\u00efdi, Brussels, Belgium<br \/>\nDr Ahmet Alibasic, Sarajevo, Bosnia and Herzegovina<br \/>\nDr Francirosy Campos Barbosa, Sao Paulo, Brazil<br \/>\nDr Nadia Abu-Zahra, Ottawa, Canada<br \/>\nCharles Taylor, Montreal, Canada<br \/>\nThomas Woodley, Montreal Canada<br \/>\nHouria Bouteldja, Paris, France<br \/>\nIsmahane Chouder, Paris, France<br \/>\nDr Sonya Dayan- Herzbrun, Paris, France<br \/>\nCatherine Samary, Paris, France<br \/>\nDr Hans-Christian G\u00fcnther, Freiburg, Germany<br \/>\nProfessor Dr Anwar Alam, New Delhi, India<br \/>\nDr Javad Kashani, Tehran, Iran<br \/>\nProfessor Mohammad Marandi, Tehran, Iran<br \/>\nProfessor Abdulkarim Soroush, Iran<br \/>\nDr Mohammed Hashas, Rome, Italy<br \/>\nHamza Piccardo, Italy<br \/>\nDr Mohammad Abdur Rahman Siddiqi, Tokyo, Japan<br \/>\nDr Ahmad Sukkar, Beirut, Lebanon<br \/>\nTengku Ahmad Hazri, Kuala Lumpur, Malaysia<br \/>\nAnwar Ibrahim, Malaysia<br \/>\nWan Azizah binti Wan Ismail, Malaysia<br \/>\nProfessor Dr Mohammad Hashim Kamali, Kuala Lumpur, Malaysia<br \/>\nDr Ahmad Farouk Musa, Kuala Lumpur, Malaysia<br \/>\nDr Chandra Muzaffar, Kuala Lumpur, Malaysia<br \/>\nDr Paul Aarts, Amsterdam, The Netherlands<br \/>\nAlexander Fluegel, The Hague, The Netherlands<br \/>\nDr Ellen van de Bovenkamp, Leiden, The Netherlands<br \/>\nDr Hamid Aminoddin Barra, Marawi City, The Philippines<br \/>\nDr Mutaz Al Khatib, Doha, Qatar<br \/>\nDr Mawahib Bakr, Doha, Qatar<br \/>\nDr Mohammed Ghaly, Doha, Qatar<br \/>\nProfessor Ray Jureidini, Doha, Qatar<br \/>\nProfessor Emad El-Din Shahin, Doha, Qatar<br \/>\nProfessor Farid Esack, Johannesburg, South Africa<br \/>\nDr Quraysha Ismail Sooliman, Pretoria, South Africa<br \/>\nJacques Neirynck, Switzerland<br \/>\nDr Sami Al- Arian, Istanbul, Turkey<br \/>\nProfessor Dr Arshin Adib-Moghaddam, London, UK<br \/>\nDr Shabbir Akhtar, Oxford, UK<br \/>\nDr Nadje Al-Ali, London, UK<br \/>\nDr Arif Anis, London, UK<br \/>\nDr Walter Armbrust, Oxford, UK<br \/>\nKaren Armstrong, London, UK<br \/>\nProfessor Masooda Bano, Oxford, UK<br \/>\nDr Fanny Bauer-Motti, London, UK<br \/>\nProfessor Stephen Chan, London, UK<br \/>\nDr Stephanie Cronin, Oxford, UK<br \/>\nProfessor Robert Gombrich, Oxford, UK<br \/>\nDr Bilal Hassam, Leeds, UK<br \/>\nKen Loach, UK<br \/>\nProfessor Kalypso Nicolaidis, Oxford, UK<br \/>\nProfessor J\u00f8rgen S. Nielsen, Birmingham, UK<br \/>\nDr Homa Katouzian, Oxford, UK<br \/>\nTanya Cariina Newbury-Smith, Exeter, UK<br \/>\nDr Ziba Mir-Hosseini, Cambridge, UK<br \/>\nProfessor Tariq Modood, Bristol, UK<br \/>\nProfessor Ian Neary, Oxford, UK<br \/>\nPeter Oborne, London, UK<br \/>\nProfessor Eugene Rogan, Oxford, UK<br \/>\nDr Behar Sadriu, London, UK<br \/>\nOmar Salha, London, UK<br \/>\nProfessor Salman Sayyid, Leeds, UK<br \/>\nDr Mustapha Sheikh, Leeds, UK<br \/>\nProfessor Avi Shlaim, Oxford, UK<br \/>\nProfessor Jan Zielonka, Oxford, UK<br \/>\nDr Khaled Abu-El Fadl, Los Angeles, California, USA<br \/>\nProfessor Asma Afsaruddin, Bloomington, Indiana, USA<br \/>\nDr Ilham AlMahamid, Albany, New York, USA<br \/>\nIjaz Arif, Roseville, California, USA<br \/>\nAbbas Barzegar, Atlanta, Georgia, USA<br \/>\nDr Hatem Bazian, Berkeley, California, USA<br \/>\nDr Jonathan Brown, Washington DC, USA<br \/>\nDr Zahid Bukhari, Frederick, Maryland, USA<br \/>\nDr Charles Butterworth, Maryland, USA<br \/>\nSalah Eddin Elbakri, Oakland, USA<br \/>\nProfessor John Esposito, Washington DC, USA<br \/>\nDr James H. Faghmous, Stanford, USA<br \/>\nProfessor Marianne Farina, Berkeley, California, USA<br \/>\nDr Alain Gabon, Virginia, USA<br \/>\nProfessor Todd Green, Iowa, USA<br \/>\nDr Ramon Grosfoguel, Berkeley, California, USA<br \/>\nDr Abdullah bin Hamid Ali, California, USA<br \/>\nDr Nader Hashemi, Denver, USA<br \/>\nDr Altaf Husain, Washington, USA<br \/>\nHussein Khatib, Minnesota, USA<br \/>\nDalia Mogahed, Washington, USA<br \/>\nDr Aasim Padela, Chicago, USA<br \/>\nMuslema Purmul, California, USA<br \/>\nDr Yasir Qadhi, Memphis, TN, USA<br \/>\nProfessor Robert Shedinger, Iowa, USA<br \/>\nDr Ahmad Sheikh, Cape Girardeau, Missouri, USA<br \/>\nDr Amina Wadud, Berkeley, California, USA<br \/>\nHamza Yusuf, Berkeley, California, USA<\/p>\n<p><a href=\"https:\/\/bruxelles-pantheres.be\/wp-content\/uploads\/2018\/06\/Banner-EN-1170.png\"><img decoding=\"async\" class=\"alignnone size-full wp-image-3825\" src=\"https:\/\/bruxelles-pantheres.be\/wp-content\/uploads\/2018\/06\/Banner-EN-1170.png\" alt=\"\" width=\"1170\" height=\"396\" srcset=\"https:\/\/bruxelles-pantheres.be\/wp-content\/uploads\/2018\/06\/Banner-EN-1170.png 1170w, https:\/\/bruxelles-pantheres.be\/wp-content\/uploads\/2018\/06\/Banner-EN-1170-300x102.png 300w, https:\/\/bruxelles-pantheres.be\/wp-content\/uploads\/2018\/06\/Banner-EN-1170-1024x347.png 1024w, https:\/\/bruxelles-pantheres.be\/wp-content\/uploads\/2018\/06\/Banner-EN-1170-768x260.png 768w\" sizes=\"(max-width: 1170px) 100vw, 1170px\" \/><\/a><\/p>\n<div class=\"headline\">\n<h4><strong>OUTRAGE AT TARIQ RAMADAN\u2019S UNJUST TREATMENT<\/strong><\/h4>\n<\/div>\n<div id=\"content\">\n<div id=\"intro\" class=\"intro\">\n<div class=\"content\">\n<h5><strong>JOURNALISTS, ACADEMICS, FILMMAKERS EXPRESS OUTRAGE AT TARIQ RAMADAN\u2019S UNJUST TREATMENT BY FRENCH JUDICIARY<\/strong><\/h5>\n<p>(June 14, 2018) \u2013 Respected Oxford University Professor and public intellectual Tariq Ramadan has been held in preventative detention in a French prison and denied bail following allegations of rape to which he vehemently denies.<\/p>\n<p>Incarcerated for over four months, Tariq Ramadan was denied appropriate treatment for a serious pre-existing medical condition and denied access to his full legal file.<\/p>\n<p>French magistrates appeared to ignore the diagnoses of nine physicians that Professor Ramadan suffers from Multiple Sclerosis, including the chief prison medical authority, who confirmed that his state of health is not compatible with continued incarceration.<\/p>\n<p>In response, a worldwide appeal of journalists, politicians, scholars and academics are speaking out in an\u00a0open letter. Signatories include English author Karen Armstrong, Canadian philosopher Charles Taylor, UK filmmaker Ken Loach, Dr Amina Wadud from Berkeley, UK journalist Peter Oborne, Professor John Esposito from Georgetown University, scholar Hamza Yusuf, among many others.<\/p>\n<p>\u201cWe wish to remind the country that affirmed the inalienability of human rights and equality, the importance of respecting principles that ensure the integrity of French justice.\u201d<\/p>\n<p>The letter also expresses deep concern with the inhuman treatment that Tariq Ramadan has been subject to at the hands of French justice.<\/p>\n<p>The signatories conclude by asking, \u201cWe ask our French friends: should it truly come to this?<\/p>\n<p>-End-<\/p>\n<p>Defenders of Due Process for Tariq Ramadan (DDPTR), an international coalition, calling for full respect of judicial norms and established procedures in the Tariq Ramadan case.<\/p>\n<p>For media interviews:\u00a0<u><a href=\"mailto:freetariqramadan@gmail.com\">freetariqramadan@gmail.com<\/a><\/u><\/p>\n<p>See the full letter and signatories below:<\/p>\n<p>&nbsp;<\/p>\n<p><strong>OPEN LETTER: <\/strong><strong>A WORLDWIDE APPEAL FOR DUE PROCESS FOR TARIQ RAMADAN<\/strong><\/p>\n<p>A Worldwide Appeal for Due Process for Tariq Ramadan. After four months of pre-trial detention, Tariq Ramadan\u2019s last appeal for bail has again been denied.<\/p>\n<p>As scholars and politicians from around the world, we write to demand due process for Professor Tariq Ramadan, incarcerated since February 2nd in a French prison.<\/p>\n<p>It is not for us to judge Tariq Ramadan\u2019s guilt or innocence. We fully recognize the rights of the plaintiffs to have their case heard without prejudice and without injury to their honour. But we wish to remind the country that has affirmed the inalienability of human rights and equality of the importance of respect for the principles that ensure the integrity of French justice.<\/p>\n<p>We ask: Why has Mr. Ramadan been denied bail at the preliminary investigative stage although he willingly came for questioning and has given all required guarantees?<\/p>\n<p>Has Mr. Ramadan been granted the equal treatment so prized by France when high-ranking political figures accused of similar offenses continue to enjoy full freedom of movement?<\/p>\n<p>Is there one form of justice for Muslims in France and another for everyone else?<\/p>\n<p>What justifies solitary confinement, limited family visitation rights, the denial of access to his case file and thus to the necessary means of preparing his defense?<\/p>\n<p>Can prosecutors selectively leak information with impunity? Is it standard procedure in France for high-ranking political figures to publicly denigrate someone awaiting a trial?<\/p>\n<p>In short, we respectfully ask, has Mr. Ramadan benefitted from a fair and equitable legal process, one in which he is presumed innocent until proven guilty?<\/p>\n<p>These are straightforward questions of equal justice. To them we add deep concern for the dignity and humane treatment of all prisoners.<\/p>\n<p>French magistrates have appeared to ignore the diagnoses of nine physicians that Mr. Ramadan suffers from multiple sclerosis, including the chief prison medical authority, who confirmed that his state of health is not compatible with continued incarceration.<\/p>\n<p>Even though Mr. Ramadan suffers from multiple sclerosis and further neurological complications, proper medical treatment has not been provided.<\/p>\n<p>We understand that the defense has appealed to the European Court of Human Rights against undue suffering he has undergone at the hands of the French justice.<\/p>\n<p>We ask our French friends: should it truly come to this?<\/p>\n<p>We, the signatories of this letter, endorse France\u2019s commitment to uphold the values of <em>libert\u00e9<\/em>, <em>\u00e9galit\u00e9<\/em> <em>et fraternit\u00e9 <\/em>threatened today around the world.<\/p>\n<p>We trust that your response to our appeal will prove these sentiments to be well placed.<\/p>\n<p><strong>Signatories:<\/strong><\/p>\n<p>Prof Farid Hafez , Salzburg, Austria<br \/>\nDr Malika Hamidi, Brussels, Belgium<br \/>\nDr Yacob Mahi, Brussels, Belgium<br \/>\nNordine Sa\u00efdi, Brussels, Belgium<br \/>\nDr Ahmet Alibasic, Sarajevo, Bosnia and Herzegovina<br \/>\nDr Francirosy Campos Barbosa, Sao Paulo, Brazil<br \/>\nDr Nadia Abu-Zahra, Ottawa, Canada<br \/>\nCharles Taylor, Montreal, Canada<br \/>\nThomas Woodley, Montreal Canada<br \/>\nHouria Bouteldja, Paris, France<br \/>\nIsmahane Chouder, Paris, France<br \/>\nDr Sonya Dayan- Herzbrun, Paris, France<br \/>\nCatherine Samary, Paris, France<br \/>\nDr Hans-Christian G\u00fcnther, Freiburg, Germany<br \/>\nProfessor Dr Anwar Alam, New Delhi, India<br \/>\nDr Javad Kashani, Tehran, Iran<br \/>\nProfessor Mohammad Marandi, Tehran, Iran<br \/>\nProfessor Abdulkarim Soroush, Iran<br \/>\nDr Mohammed Hashas, Rome, Italy<br \/>\nHamza Piccardo, Italy<br \/>\nDr Mohammad Abdur Rahman Siddiqi, Tokyo, Japan<br \/>\nDr Ahmad Sukkar, Beirut, Lebanon<br \/>\nTengku Ahmad Hazri, Kuala Lumpur, Malaysia<br \/>\nAnwar Ibrahim, Malaysia<br \/>\nWan Azizah binti Wan Ismail, Malaysia<br \/>\nProfessor Dr Mohammad Hashim Kamali, Kuala Lumpur, Malaysia<br \/>\nDr Ahmad Farouk Musa, Kuala Lumpur, Malaysia<br \/>\nDr Chandra Muzaffar, Kuala Lumpur, Malaysia<br \/>\nDr Paul Aarts, Amsterdam, The Netherlands<br \/>\nAlexander Fluegel, The Hague, The Netherlands<br \/>\nDr Ellen van de Bovenkamp, Leiden, The Netherlands<br \/>\nDr Hamid Aminoddin Barra, Marawi City, The Philippines<br \/>\nDr Mutaz Al Khatib, Doha, Qatar<br \/>\nDr Mawahib Bakr, Doha, Qatar<br \/>\nDr Mohammed Ghaly, Doha, Qatar<br \/>\nProfessor Ray Jureidini, Doha, Qatar<br \/>\nProfessor Emad El-Din Shahin, Doha, Qatar<br \/>\nProfessor Farid Esack, Johannesburg, South Africa<br \/>\nDr Quraysha Ismail Sooliman, Pretoria, South Africa<br \/>\nJacques Neirynck, Switzerland<br \/>\nDr Sami Al- Arian, Istanbul, Turkey<br \/>\nProfessor Dr Arshin Adib-Moghaddam, London, UK<br \/>\nDr Shabbir Akhtar, Oxford, UK<br \/>\nDr Nadje Al-Ali, London, UK<br \/>\nDr Arif Anis, London, UK<br \/>\nDr Walter Armbrust, Oxford, UK<br \/>\nKaren Armstrong, London, UK<br \/>\nProfessor Masooda Bano, Oxford, UK<br \/>\nDr Fanny Bauer-Motti, London, UK<br \/>\nProfessor Stephen Chan, London, UK<br \/>\nDr Stephanie Cronin, Oxford, UK<br \/>\nProfessor Robert Gombrich, Oxford, UK<br \/>\nDr Bilal Hassam, Leeds, UK<br \/>\nKen Loach, UK<br \/>\nProfessor Kalypso Nicolaidis, Oxford, UK<br \/>\nProfessor J\u00f8rgen S. Nielsen, Birmingham, UK<br \/>\nDr Homa Katouzian, Oxford, UK<br \/>\nTanya Cariina Newbury-Smith, Exeter, UK<br \/>\nDr Ziba Mir-Hosseini, Cambridge, UK<br \/>\nProfessor Tariq Modood, Bristol, UK<br \/>\nProfessor Ian Neary, Oxford, UK<br \/>\nPeter Oborne, London, UK<br \/>\nProfessor Eugene Rogan, Oxford, UK<br \/>\nDr Behar Sadriu, London, UK<br \/>\nOmar Salha, London, UK<br \/>\nProfessor Salman Sayyid, Leeds, UK<br \/>\nDr Mustapha Sheikh, Leeds, UK<br \/>\nProfessor Avi Shlaim, Oxford, UK<br \/>\nProfessor Jan Zielonka, Oxford, UK<br \/>\nDr Khaled Abu-El Fadl, Los Angeles, California, USA<br \/>\nProfessor Asma Afsaruddin, Bloomington, Indiana, USA<br \/>\nDr Ilham AlMahamid, Albany, New York, USA<br \/>\nIjaz Arif, Roseville, California, USA<br \/>\nAbbas Barzegar, Atlanta, Georgia, USA<br \/>\nDr Hatem Bazian, Berkeley, California, USA<br \/>\nDr Jonathan Brown, Washington DC, USA<br \/>\nDr Zahid Bukhari, Frederick, Maryland, USA<br \/>\nDr Charles Butterworth, Maryland, USA<br \/>\nSalah Eddin Elbakri, Oakland, USA<br \/>\nProfessor John Esposito, Washington DC, USA<br \/>\nDr James H. Faghmous, Stanford, USA<br \/>\nProfessor Marianne Farina, Berkeley, California, USA<br \/>\nDr Alain Gabon, Virginia, USA<br \/>\nProfessor Todd Green, Iowa, USA<br \/>\nDr Ramon Grosfoguel, Berkeley, California, USA<br \/>\nDr Abdullah bin Hamid Ali, California, USA<br \/>\nDr Nader Hashemi, Denver, USA<br \/>\nDr Altaf Husain, Washington, USA<br \/>\nHussein Khatib, Minnesota, USA<br \/>\nDalia Mogahed, Washington, USA<br \/>\nDr Aasim Padela, Chicago, USA<br \/>\nMuslema Purmul, California, USA<br \/>\nDr Yasir Qadhi, Memphis, TN, USA<br \/>\nProfessor Robert Shedinger, Iowa, USA<br \/>\nDr Ahmad Sheikh, Cape Girardeau, Missouri, USA<br \/>\nDr Amina Wadud, Berkeley, California, USA<br \/>\nHamza Yusuf, Berkeley, California, USA<\/p>\n<\/div>\n<\/div>\n<\/div>\n","protected":false},"excerpt":{"rendered":"<p>JOURNALISTES, POLITICIENS ET CHERCHEURS EXPRIMENT LEUR INDIGNATION QUANT AU TRAITEMENT INJUSTE R\u00c9SERV\u00c9\u00a0\u00c0 TARIQ RAMADAN PAR LES AUTORIT\u00c9S JUDICIAIRES FRAN\u00c7AISES (14 juin 2018) &#8211; Tariq Ramadan, intellectuel et professeur respect\u00e9 de l&rsquo;universit\u00e9 d&rsquo;Oxford, a \u00e9t\u00e9 plac\u00e9 en d\u00e9tention provisoire dans une prison fran\u00e7aise et priv\u00e9 de libert\u00e9 sous caution suite \u00e0 des all\u00e9gations de viol qu&rsquo;il &#8230; <a title=\"Une proc\u00e9dure juste pour Tariq Ramadan\" class=\"read-more\" href=\"https:\/\/bruxelles-pantheres.be\/?p=3824\" aria-label=\"En savoir plus sur Une proc\u00e9dure juste pour Tariq Ramadan\">Lire la suite<\/a><\/p>\n","protected":false},"author":1,"featured_media":3826,"comment_status":"open","ping_status":"open","sticky":false,"template":"","format":"standard","meta":{"footnotes":""},"categories":[4,18,28],"tags":[259],"class_list":["post-3824","post","type-post","status-publish","format-standard","has-post-thumbnail","hentry","category-islamophobie","category-resistance-bruxelles","category-racismes","tag-tariq-ramadan"],"_links":{"self":[{"href":"https:\/\/bruxelles-pantheres.be\/index.php?rest_route=\/wp\/v2\/posts\/3824","targetHints":{"allow":["GET"]}}],"collection":[{"href":"https:\/\/bruxelles-pantheres.be\/index.php?rest_route=\/wp\/v2\/posts"}],"about":[{"href":"https:\/\/bruxelles-pantheres.be\/index.php?rest_route=\/wp\/v2\/types\/post"}],"author":[{"embeddable":true,"href":"https:\/\/bruxelles-pantheres.be\/index.php?rest_route=\/wp\/v2\/users\/1"}],"replies":[{"embeddable":true,"href":"https:\/\/bruxelles-pantheres.be\/index.php?rest_route=%2Fwp%2Fv2%2Fcomments&post=3824"}],"version-history":[{"count":1,"href":"https:\/\/bruxelles-pantheres.be\/index.php?rest_route=\/wp\/v2\/posts\/3824\/revisions"}],"predecessor-version":[{"id":3827,"href":"https:\/\/bruxelles-pantheres.be\/index.php?rest_route=\/wp\/v2\/posts\/3824\/revisions\/3827"}],"wp:featuredmedia":[{"embeddable":true,"href":"https:\/\/bruxelles-pantheres.be\/index.php?rest_route=\/wp\/v2\/media\/3826"}],"wp:attachment":[{"href":"https:\/\/bruxelles-pantheres.be\/index.php?rest_route=%2Fwp%2Fv2%2Fmedia&parent=3824"}],"wp:term":[{"taxonomy":"category","embeddable":true,"href":"https:\/\/bruxelles-pantheres.be\/index.php?rest_route=%2Fwp%2Fv2%2Fcategories&post=3824"},{"taxonomy":"post_tag","embeddable":true,"href":"https:\/\/bruxelles-pantheres.be\/index.php?rest_route=%2Fwp%2Fv2%2Ftags&post=3824"}],"curies":[{"name":"wp","href":"https:\/\/api.w.org\/{rel}","templated":true}]}}