{"id":3843,"date":"2018-09-02T13:38:07","date_gmt":"2018-09-02T12:38:07","guid":{"rendered":"https:\/\/bruxelles-pantheres.be\/?p=3843"},"modified":"2018-09-01T13:49:29","modified_gmt":"2018-09-01T12:49:29","slug":"remanences-de-la-colonalite-au-coeur-des-processus-de-restitution-des-restes-humains","status":"publish","type":"post","link":"https:\/\/bruxelles-pantheres.be\/?p=3843","title":{"rendered":"R\u00e9manences de la colonalit\u00e9 au c\u0153ur des processus de restitution des \u00ab restes humains \u00bb"},"content":{"rendered":"<div class=\"_39k5 _5s6c\">\n<div>\n<p class=\"_2cuy _50a1 _2vxa\"><span class=\"_4yxp\">Des H\u00e9r\u00e9ros et Namas \u00e0 Lusinga <\/span>(Allemagne-Namibie, Belgique-Congo)<\/p>\n<div class=\"_2cuy _3dgx _2vxa\">La restitution des \u00ab restes humains \u00bb et des biens culturels pill\u00e9s durant la p\u00e9riode coloniale s\u2019inscrit dans le cadre des \u00ab <span class=\"_4yxp\">dettes morales et mat\u00e9rielles dues aux peuples africains<\/span> \u00bb (Proclamation d\u2019Abuja, 1993), c\u2019est-\u00e0-dire dans le cadre d\u2019une <span class=\"_4yxp\">politique de la r\u00e9paration<\/span>. En effet, les revendications de <span class=\"_4yxp\">restitution<\/span> formulent un tort subi par la colonisation qui \u00ab (\u2026) <span class=\"_4yxp\">se manifeste douloureusement dans les vies mises \u00e0 mal des Africains d\u2019aujourd\u2019hui (\u2026), dans les \u00e9conomies mises \u00e0 mal du monde africain <\/span>\u00bb (Proclamation d\u2019Abuja). D\u00e8s lors, la question de la <span class=\"_4yxp\">restitution<\/span> des biens spoli\u00e9s, des tr\u00e9sors traditionnels et des \u00ab restes humains \u00bb est ins\u00e9parable de la question du versement int\u00e9gral d\u2019indemnit\u00e9s sous la forme de transfert de capitaux et d\u2019annulation de dettes.<\/div>\n<div><\/div>\n<\/div>\n<\/div>\n<div><\/div>\n<div class=\"_39k5 _5s6c\">\n<div>\n<div class=\"_2cuy _3dgx _2vxa\">La restitution d\u2019ossements de H\u00e9r\u00e9ros et de Namas de l\u2019Allemange \u00e0 la Namibie si elle offre un pr\u00e9c\u00e9dant qui pourrait faire jurisprudence \u2013 au vu du <span class=\"_4yxp\">statut quo ante <\/span>tel qu\u2019il se pose en Belgique (cf. article de Michel Bouffioux) \u2013 pose le probl\u00e8me de la d\u00e9sarticulation des enjeux de restitution et de r\u00e9paration. Les ossements avaient \u00e9t\u00e9 envoy\u00e9s en Allemagne pour des exp\u00e9riences scientifiques \u00e0 caract\u00e8re racial, apr\u00e8s le g\u00e9nocide de dizaines de milliers d&rsquo;H\u00e9r\u00e9ros et Namas au d\u00e9but du XXe si\u00e8cle. La plupart des d\u00e9pouilles provenaient de la collection anthropologique de la clinique universitaire berlinoise de la Charit\u00e9.<\/div>\n<\/div>\n<\/div>\n<p><!--more--><\/p>\n<div class=\"_39k5 _5s6c\">\n<div>\n<div style=\"text-align: center;\"><a href=\"https:\/\/bruxelles-pantheres.be\/wp-content\/uploads\/2018\/09\/40498228_2219056028330547_3856479567761899520_n.jpg\"><img decoding=\"async\" class=\"alignnone size-full wp-image-3845\" src=\"https:\/\/bruxelles-pantheres.be\/wp-content\/uploads\/2018\/09\/40498228_2219056028330547_3856479567761899520_n.jpg\" alt=\"\" width=\"800\" height=\"494\" srcset=\"https:\/\/bruxelles-pantheres.be\/wp-content\/uploads\/2018\/09\/40498228_2219056028330547_3856479567761899520_n.jpg 800w, https:\/\/bruxelles-pantheres.be\/wp-content\/uploads\/2018\/09\/40498228_2219056028330547_3856479567761899520_n-300x185.jpg 300w, https:\/\/bruxelles-pantheres.be\/wp-content\/uploads\/2018\/09\/40498228_2219056028330547_3856479567761899520_n-768x474.jpg 768w\" sizes=\"(max-width: 800px) 100vw, 800px\" \/><\/a><\/div>\n<div class=\"_2cuy _3dgx _2vxa\">La c\u00e9r\u00e9monie est pourtant critiqu\u00e9e par les repr\u00e9sentants de ces deux communaut\u00e9s. L\u2019alliance \u00ab V\u00f6lkermord verj\u00e4hrt nicht \u00bb (<span class=\"_4yxp\">un g\u00e9nocide ne se prescrit pas<\/span>) a donc annonc\u00e9 des manifestations \u00e0 Berlin et Leipzig. En effet, Berlin refuse de payer des r\u00e9parations financi\u00e8res et met en avant les centaines de millions d&rsquo;euros d&rsquo;aide au d\u00e9veloppement vers\u00e9s \u00e0 la Namibie depuis son ind\u00e9pendance de l&rsquo;Afrique du Sud en 1990. Fin juillet, l\u2019\u00c9tat allemand a plaid\u00e9 \u00e0 New York l\u2019annulation d\u2019une proc\u00e9dure judiciaire lanc\u00e9e par les tribus Namas et H\u00e9r\u00e9ros. <span class=\"_4yxp\">\u00abLes restitutions ne sont pas la fin, ce n\u2019est que le d\u00e9but\u00bb,<\/span> disait mercredi le militant h\u00e9r\u00e9ro Israel Kaunatjike. Par ailleurs, les repr\u00e9sentants des associations des victimes H\u00e9r\u00e9ros et Namas n\u2019ont pas \u00e9t\u00e9 convi\u00e9 \u00e0 la messe comm\u00e9morative qui a lieu ce mercredi \u00e0 Berlin. Se pose ici le probl\u00e8me de la restitution comme action symbolique et morale lorsqu\u2019elle est pens\u00e9e sous le seul prisme de la relation d\u2019\u00c9tats coloniaux \u00e0 \u00c9tats anciennement colonis\u00e9s. En effet, l\u2019argument officiel des gouvernements des deux pays est que les deux ethnies seraient \u00e9galement repr\u00e9sent\u00e9es dans la d\u00e9l\u00e9gation officielle namibienne. Il s\u2019agit en r\u00e9alit\u00e9 d\u2019un d\u00e9ni des victimes et des violences historiques. En outre, les H\u00e9r\u00e9ros et Namas critiquent le fait que cette c\u00e9r\u00e9monie se soit pass\u00e9e dans une \u00e9glise : \u00ab <span class=\"_4yxp\">Ces \u00eatres humains, dont les ossements ont \u00e9t\u00e9 amen\u00e9s ici, n\u2019\u00e9taient pas chr\u00e9tiens. Ils ont \u00e9t\u00e9 assassin\u00e9s et l\u2019\u00c9glise \u00e9tait impliqu\u00e9e \u00bb.<\/span><\/div>\n<\/div>\n<\/div>\n<div><\/div>\n<div><\/div>\n<div><\/div>\n<div class=\"_39k5 _5s6c\">\n<div>\n<div class=\"_2cuy _3dgx _2vxa\">Les critiques formul\u00e9es par les militants h\u00e9r\u00e9ros et namas indiquent assez clairement les continuit\u00e9s et les cons\u00e9quences post-coloniales de cette absence de relation \u00e9pist\u00e9mique issue de la colonisation, c\u2019est-\u00e0-dire la profonde asym\u00e9trie qui balafre le processus de restitution lorsqu\u2019il est mis en \u0153uvre comme une action symbolique et morale. Le processus de restitution ne peut se faire sous la seule intention de la mauvaise conscience majoritaire, les anciens colons n\u2019ont pas \u00e0 d\u00e9finir eux-m\u00eame les crit\u00e8res et les exigences de la r\u00e9paration. Disons que ce qui se passe aujourd\u2019hui en Allemagne et en France peut nous aider \u00e0 nous rappeler que la restitution advient comme l\u2019effet d\u2019un long combat qui se m\u00e8ne contre le droit des vainqueurs et contre l\u2019oubli. Les critiques formul\u00e9es par les H\u00e9r\u00e9ros et Namas nous invitent \u00e0 sortir de l\u2019entre-glose de l\u2019occident avec lui-m\u00eame. C\u2019est d\u2019une importance vitale au moment o\u00f9 se pose en Belgique la question de la restitution du cr\u00e2ne de Lusinga.<\/div>\n<\/div>\n<\/div>\n<div><\/div>\n<div>\n<div class=\"_2yud clearfix\">\n<div class=\"_ohe lfloat\">\n<div class=\"_2yuf img _8o _8r\"><\/div>\n<\/div>\n<div class=\"\">\n<div class=\"_42ef _8u\">\n<div class=\"_3uhg\"><a class=\"_2yug\" href=\"https:\/\/www.facebook.com\/jimmy.picard.180\" target=\"_blank\" rel=\"noopener\">Martin Vander Elst<\/a><span class=\"_4_mg\">\u00b7<\/span><a class=\"uiLinkSubtle\" href=\"https:\/\/www.facebook.com\/notes\/martin-vander-elst\/r%C3%A9manences-de-la-colonalit%C3%A9-au-c%C5%93ur-des-processus-de-restitution-des-restes-huma\/2219055978330552\/\">Samedi 1 septembre 2018<\/a><a id=\"u_5w_0\" class=\"uiStreamPrivacy inlineBlock fbStreamPrivacy fbPrivacyAudienceIndicator\" role=\"button\" href=\"https:\/\/www.facebook.com\/notes\/martin-vander-elst\/r%C3%A9manences-de-la-colonalit%C3%A9-au-c%C5%93ur-des-processus-de-restitution-des-restes-huma\/2219055978330552\/#\" aria-label=\"Ouvert \u00e0\u00a0: Public\" data-hover=\"tooltip\" data-tooltip-content=\"Ouvert \u00e0\u00a0: Public\"><i class=\"lock img sp_X-SMygDoXi1 sx_d91cde\"><\/i><\/a><\/div>\n<\/div>\n<\/div>\n<\/div>\n<\/div>\n","protected":false},"excerpt":{"rendered":"<p>Des H\u00e9r\u00e9ros et Namas \u00e0 Lusinga (Allemagne-Namibie, Belgique-Congo) La restitution des \u00ab restes humains \u00bb et des biens culturels pill\u00e9s durant la p\u00e9riode coloniale s\u2019inscrit dans le cadre des \u00ab dettes morales et mat\u00e9rielles dues aux peuples africains \u00bb (Proclamation d\u2019Abuja, 1993), c\u2019est-\u00e0-dire dans le cadre d\u2019une politique de la r\u00e9paration. En effet, les revendications &#8230; <a title=\"R\u00e9manences de la colonalit\u00e9 au c\u0153ur des processus de restitution des \u00ab restes humains \u00bb\" class=\"read-more\" href=\"https:\/\/bruxelles-pantheres.be\/?p=3843\" aria-label=\"En savoir plus sur R\u00e9manences de la colonalit\u00e9 au c\u0153ur des processus de restitution des \u00ab restes humains \u00bb\">Lire la suite<\/a><\/p>\n","protected":false},"author":1,"featured_media":3681,"comment_status":"open","ping_status":"open","sticky":false,"template":"","format":"standard","meta":{"footnotes":""},"categories":[1,21,36,7,18,28],"tags":[196,31,80,373,332,306,374,200],"class_list":["post-3843","post","type-post","status-publish","format-standard","has-post-thumbnail","hentry","category-non-classe","category-anti-imperialisme","category-europe","category-negrophobie","category-resistance-bruxelles","category-racismes","tag-allemagne","tag-belgique","tag-congo","tag-hereros","tag-lusinga","tag-martin-vander-elst","tag-namas","tag-namibie"],"_links":{"self":[{"href":"https:\/\/bruxelles-pantheres.be\/index.php?rest_route=\/wp\/v2\/posts\/3843","targetHints":{"allow":["GET"]}}],"collection":[{"href":"https:\/\/bruxelles-pantheres.be\/index.php?rest_route=\/wp\/v2\/posts"}],"about":[{"href":"https:\/\/bruxelles-pantheres.be\/index.php?rest_route=\/wp\/v2\/types\/post"}],"author":[{"embeddable":true,"href":"https:\/\/bruxelles-pantheres.be\/index.php?rest_route=\/wp\/v2\/users\/1"}],"replies":[{"embeddable":true,"href":"https:\/\/bruxelles-pantheres.be\/index.php?rest_route=%2Fwp%2Fv2%2Fcomments&post=3843"}],"version-history":[{"count":5,"href":"https:\/\/bruxelles-pantheres.be\/index.php?rest_route=\/wp\/v2\/posts\/3843\/revisions"}],"predecessor-version":[{"id":3849,"href":"https:\/\/bruxelles-pantheres.be\/index.php?rest_route=\/wp\/v2\/posts\/3843\/revisions\/3849"}],"wp:featuredmedia":[{"embeddable":true,"href":"https:\/\/bruxelles-pantheres.be\/index.php?rest_route=\/wp\/v2\/media\/3681"}],"wp:attachment":[{"href":"https:\/\/bruxelles-pantheres.be\/index.php?rest_route=%2Fwp%2Fv2%2Fmedia&parent=3843"}],"wp:term":[{"taxonomy":"category","embeddable":true,"href":"https:\/\/bruxelles-pantheres.be\/index.php?rest_route=%2Fwp%2Fv2%2Fcategories&post=3843"},{"taxonomy":"post_tag","embeddable":true,"href":"https:\/\/bruxelles-pantheres.be\/index.php?rest_route=%2Fwp%2Fv2%2Ftags&post=3843"}],"curies":[{"name":"wp","href":"https:\/\/api.w.org\/{rel}","templated":true}]}}