{"id":3851,"date":"2018-09-13T20:52:41","date_gmt":"2018-09-13T19:52:41","guid":{"rendered":"https:\/\/bruxelles-pantheres.be\/?p=3851"},"modified":"2018-09-13T21:14:01","modified_gmt":"2018-09-13T20:14:01","slug":"agenda-des-commemoration-semiraadamu2018-a-diffuser-largement","status":"publish","type":"post","link":"https:\/\/bruxelles-pantheres.be\/?p=3851","title":{"rendered":"Agenda des Comm\u00e9moration SemiraAdamu2018 (A diffuser largement)"},"content":{"rendered":"<p>Ce mois sera consacr\u00e9 aux comm\u00e9morations des 20 ans du meurtre de Semira Adamu. Expo, d\u00e9bats, concerts, rencontres, th\u00e9\u00e2tre, projections, manifestations, s\u00e9minaires, actions &#8230;<\/p>\n<p>A l&rsquo;heure o\u00f9 la Belgique enferme des familles, o\u00f9 s&rsquo;annonce l&rsquo;\u00e9vacuation forc\u00e9e du Parc Maximilien, la cr\u00e9ation au 127 bis d&rsquo;un \u00ab\u00a0centre administratif national pour la transmigration, la transformation du Petit Ch\u00e2teau en \u00ab\u00a0centre d&rsquo;enregistrement\u00a0\u00bb ( l&rsquo;Echo, 5 sept), o\u00f9 les personnes sans-papiers d\u00e9sesp\u00e8rent d&rsquo;obtenir une r\u00e9gularisation et o\u00f9 les morts s&rsquo;accumulent devant et dans nos fronti\u00e8res, nous sommes persuad\u00e9s que les revendications de l&rsquo;appel \u00ab\u00a0Semira Adamu 2018\u00a0\u00bb sont<br \/>\nplus que n\u00e9cessaires.<\/p>\n<p>Pour ceux qui ne l&rsquo;ont pas encore fait, n&rsquo;h\u00e9sitez pas \u00e0 signer cet appel<br \/>\nvia le site internet <a href=\"http:\/\/www.semiraadamu2018.be\" target=\"_blank\" rel=\"noopener noreferrer\" data-saferedirecturl=\"https:\/\/www.google.com\/url?q=http:\/\/www.semiraadamu2018.be&amp;source=gmail&amp;ust=1536950192606000&amp;usg=AFQjCNE8YhTnR4_cQ5Clcd-KB7-Snn9New\">www.semiraadamu2018.be<\/a><!--more--><\/p>\n<p>&nbsp;<\/p>\n<p><img decoding=\"async\" class=\"CToWUd a6T aligncenter\" tabindex=\"0\" src=\"https:\/\/mail.google.com\/mail\/u\/0?ui=2&amp;ik=908e7d29dd&amp;attid=0.1.0.1.1&amp;permmsgid=msg-f:1611488463946001074&amp;th=165d28384d242ab2&amp;view=fimg&amp;sz=s0-l75-ft&amp;attbid=ANGjdJ_BgtOo4CUpF78DkR9_iLv_KxR5TKnyZFc1UNdtGNhCrvnjnJx9AyiyTZYMm47gs66GmXHgCX6ueZchZ4Y8neWUELdbrqLb2MV4aCam_mtZbYMLfOgOZfvcfKg&amp;disp=emb\" alt=\"\" width=\"186\" height=\"143\" data-image-whitelisted=\"\" \/><\/p>\n<p><em>Ce mois-ci, le 6, s&rsquo;ouvre le proc\u00e8s de onze personnes, la plupart ayant subi la d\u00e9tention pr\u00e9ventive, inculp\u00e9es pour traite d&rsquo;\u00eatre humain apr\u00e8s avoir aid\u00e9 ou h\u00e9berg\u00e9 des personnes dites sans papiers \u00e0 Bruxelles. Ce mois-ci, le gouvernement inaugure une nouvelle prison pour familles \u00e9trang\u00e8res avec leurs enfants. Et ce mois-ci, dans un contexte de radicalisation violente des politiques migratoires, nous comm\u00e9morons les 20 ans de la mort de S\u00e9mira Adamu.<\/em><\/p>\n<p>S\u00e9mira \u00e9tait une jeune nig\u00e9rianne de 20 ans qui cherchait refuge \u00e0 Bruxelles o\u00f9 elle a \u00e9t\u00e9 incarc\u00e9r\u00e9e en centre ferm\u00e9 puis \u00e9touff\u00e9e avec un coussin par des policiers belges, tandis qu&rsquo;elle tentait de r\u00e9sister \u00e0 une \u00e9ni\u00e8me expulsion forc\u00e9e \u00e0 l&rsquo;a\u00e9roport de Zaventem. Un grand mouvement d&rsquo;indignation et de mobilisation provoqua l&rsquo;inculpation des policiers et la d\u00e9mission du ministre de l&rsquo;Int\u00e9rieur de l&rsquo;\u00e9poque.<\/p>\n<p>Une vaste programmation est organis\u00e9e \u00e0 cette occasion dans de nombreux lieux de Bruxelles tout au long du mois. Le Steki y participe. Tout est repris sur <a href=\"http:\/\/semiraadamu2018.be\/\" target=\"_blank\" rel=\"noopener\" data-saferedirecturl=\"https:\/\/www.google.com\/url?q=http:\/\/semiraadamu2018.be\/&amp;source=gmail&amp;ust=1536954384438000&amp;usg=AFQjCNF4AJTxbmQ-4tl9MDQmsawTDPPkxg\">le site de la Coordination S\u00e9mira Adamu<\/a>.<\/p>\n<p><strong>SLAM, CONTES, REPAS, RENCONTRES, FILM&#8230;<\/strong><\/p>\n<p>Dans le cadre de la <a href=\"https:\/\/www.semiraadamu2018.be\/\" target=\"_blank\" rel=\"noopener\" data-saferedirecturl=\"https:\/\/www.google.com\/url?q=https:\/\/www.semiraadamu2018.be\/&amp;source=gmail&amp;ust=1536950183160000&amp;usg=AFQjCNEJaXISpVjcmBko0hJ54oQV6keGyA\">comm\u00e9moration des 20 ans de la mort de S\u00e9mira Adamu<\/a>, le Steki d\u00e9borde sur la place d&rsquo;en face, la \u00ab\u00a0place des deux bancs\u00a0\u00bb, lors d&rsquo;une soir\u00e9e o\u00f9 La Vielle Chechette, le Medex et Urban Cin\u00e9ma mettront aussi la main \u00e0 la pate. L&rsquo;un des volets du Steki accueillera la fresque de <a href=\"https:\/\/www.dake25.com\/\" target=\"_blank\" rel=\"noopener\" data-saferedirecturl=\"https:\/\/www.google.com\/url?q=https:\/\/www.dake25.com\/&amp;source=gmail&amp;ust=1536950183160000&amp;usg=AFQjCNGdi9B6_l3yU24NyYVkRcer9bQ6dw\">Dake<\/a>, et celui de la <a href=\"https:\/\/chechette.be\/\" target=\"_blank\" rel=\"noopener\" data-saferedirecturl=\"https:\/\/www.google.com\/url?q=https:\/\/chechette.be\/&amp;source=gmail&amp;ust=1536950183160000&amp;usg=AFQjCNGBNeA5PZ19W1M4YCkAKiRF63xjlw\">Vieille Chechette<\/a> la fresque de <a href=\"http:\/\/www.lerart.com\/\" target=\"_blank\" rel=\"noopener\" data-saferedirecturl=\"https:\/\/www.google.com\/url?q=http:\/\/www.lerart.com\/&amp;source=gmail&amp;ust=1536950183160000&amp;usg=AFQjCNFRKpYYsjtrJ-_HUktRJzx4nVmzZg\">Ler<\/a>, tandis que le <a href=\"http:\/\/www.medexmuseum.com\/\" target=\"_blank\" rel=\"noopener\" data-saferedirecturl=\"https:\/\/www.google.com\/url?q=http:\/\/www.medexmuseum.com\/&amp;source=gmail&amp;ust=1536950183160000&amp;usg=AFQjCNGJ2nwd1xP8NUkh8V7EYBtD8Tmlow\">Medex<\/a> organise une soir\u00e9e autour du Nigeria (pays et nationalit\u00e9 de S\u00e9mira) et que <a href=\"https:\/\/www.facebook.com\/events\/2168723786678983\/\" target=\"_blank\" rel=\"noopener\" data-saferedirecturl=\"https:\/\/www.google.com\/url?q=https:\/\/www.facebook.com\/events\/2168723786678983\/&amp;source=gmail&amp;ust=1536950183160000&amp;usg=AFQjCNHUUsSCzTRFo0SVW0pXlW86FVqGfA\">Urban Cin\u00e9ma<\/a> installe un grand \u00e9cran sur la place o\u00f9 il projettera, parmis d&rsquo;autres courts-m\u00e9trages bruxellois de leur choix, un film r\u00e9alis\u00e9 pendant l&rsquo;intense mouvement politique qui a suivi la mort de S\u00e9mira en 1998.<\/p>\n<table width=\"793\">\n<tbody>\n<tr>\n<td><strong>\u00a0\u00a0\u00a0\u00a0\u00a0\u00a0\u00a0\u00a0\u00a0\u00a0\u00a0\u00a0\u00a0\u00a0\u00a0\u00a0\u00a0\u00a0\u00a0\u00a0\u00a0\u00a0\u00a0\u00a0\u00a0\u00a0\u00a0\u00a0\u00a0\u00a0\u00a0\u00a0\u00a0\u00a0\u00a0\u00a0\u00a0\u00a0\u00a0\u00a0\u00a0\u00a0\u00a0\u00a0\u00a0\u00a0\u00a0\u00a0\u00a0\u00a0\u00a0\u00a0\u00a0\u00a0\u00a0\u00a0\u00a0\u00a0\u00a0\u00a0\u00a0\u00a0 INAUGURATION DE LA FRESQUE EN M\u00c9MOIRE \u00c0 SEMIRA ADAMU &amp; Mawda <\/strong><\/td>\n<\/tr>\n<\/tbody>\n<\/table>\n<table width=\"793\">\n<tbody>\n<tr>\n<td>\u00a0\u00a0\u00a0\u00a0\u00a0<img decoding=\"async\" class=\"CToWUd a6T\" tabindex=\"0\" src=\"https:\/\/mail.google.com\/mail\/u\/0?ui=2&amp;ik=908e7d29dd&amp;attid=0.1.0.1.2&amp;permmsgid=msg-f:1611488463946001074&amp;th=165d28384d242ab2&amp;view=fimg&amp;sz=s0-l75-ft&amp;attbid=ANGjdJ-k3w_-6kIl3ojP_BraKw2363y8s_7Hz_vpiKEApzJmp_9CYvmmPNKmS_kRavbXIDGBqY3Hk0SNymqsW0sE_g1GeXPUa39BYsM_GRNV9OXXNxL-WZehDEf94m0&amp;disp=emb\" alt=\"\" width=\"260\" height=\"242\" data-image-whitelisted=\"\" \/><\/td>\n<td><strong>11h &#8211; 18h<\/strong> &gt; <em>Steki &amp; Chechette<\/em> &gt; R\u00e9alisation des fresques.<br \/>\n<strong>16h &#8211; 18h<\/strong> &gt; <em>Place &gt;<\/em> Micro ouvert, avec une \u00e9quipe de slameuses et des rappeurs de Club Durruti.<strong>18h &gt;<\/strong> <em>Medex &gt;<\/em> expo, repas nig\u00e9rian et contes.<br \/>\n<strong>19h30 &gt;<\/strong> <em>Steki<\/em> &gt; Casse-cro\u00fbte &amp; accueil d&rsquo;auteurs et dessinateurs de la revue <a href=\"http:\/\/www.64page.com\/2018\/09\/11\/le-64_page-13-est-arrive\/\" target=\"_blank\" rel=\"noopener\" data-saferedirecturl=\"https:\/\/www.google.com\/url?q=http:\/\/www.64page.com\/2018\/09\/11\/le-64_page-13-est-arrive\/&amp;source=gmail&amp;ust=1536950183160000&amp;usg=AFQjCNFCVb6pJ_z6KEfBFOssWYEN5GSpxg\">64pages<\/a>, C\u00e9cile Bertrand et Remedium, qui ont contribu\u00e9 au livret consacr\u00e9 \u00e0 S\u00e9mira Adamu.<\/p>\n<p><strong>21h &gt;<\/strong><em> Place &gt;<\/em> Projections de Courts-m\u00e9trages par Urban Cinema<br \/>\n<strong>23h &#8211; 02h &gt;<\/strong> <em>Medex &gt;<\/em> Dancefloor afrobeat nigerian 70&rsquo;s, par dj Mukambo et Le Grand M\u00e9chant Loop.<\/td>\n<\/tr>\n<\/tbody>\n<\/table>\n<p>Nous vous invitons \u00e0 prendre connaissance de toutes les infos sur\u00a0<a href=\"https:\/\/l.facebook.com\/l.php?u=https%3A%2F%2Fwww.semiraadamu2018.be%2F&amp;h=AT3nyQNBmCKTT2RQNnOANt7uR8e1XDmeoShC-qgetJ0Lpee3KoeXz4KVM69R3oCMLWysZGoat_2tRDxCSvpjax8dKRZ4Cz9GEwN3bkPOS8Re-H1XQ2pMOqdQP9JyCdrSIF9JYn5rxTmwCpozgIiIAXiOUe487UaUGNfXjBEMTZSh13CfYAfwMj71CIlxlq9G_F3qQuCXIrkyjkRdeFQOXICsjJL6wEqMsM7o1zAE65Lpwu_jEFZu-43wZQvs6jykY8a5OHol6xVjhHgmw2Armkv6LB5AFRKMVHSEs_ihOKxSaTwQseA9ctOr7je_mOMty7qS2E99LikkQh9iDfSixcVFtD22Eqv96Y5LWyzDkyFC_dsde7zlfJw\" target=\"_blank\" rel=\"noopener nofollow\" data-saferedirecturl=\"https:\/\/www.google.com\/url?q=https:\/\/l.facebook.com\/l.php?u%3Dhttps%253A%252F%252Fwww.semiraadamu2018.be%252F%26h%3DAT3nyQNBmCKTT2RQNnOANt7uR8e1XDmeoShC-qgetJ0Lpee3KoeXz4KVM69R3oCMLWysZGoat_2tRDxCSvpjax8dKRZ4Cz9GEwN3bkPOS8Re-H1XQ2pMOqdQP9JyCdrSIF9JYn5rxTmwCpozgIiIAXiOUe487UaUGNfXjBEMTZSh13CfYAfwMj71CIlxlq9G_F3qQuCXIrkyjkRdeFQOXICsjJL6wEqMsM7o1zAE65Lpwu_jEFZu-43wZQvs6jykY8a5OHol6xVjhHgmw2Armkv6LB5AFRKMVHSEs_ihOKxSaTwQseA9ctOr7je_mOMty7qS2E99LikkQh9iDfSixcVFtD22Eqv96Y5LWyzDkyFC_dsde7zlfJw&amp;source=gmail&amp;ust=1536953974163000&amp;usg=AFQjCNHLH2foVuYRe6REv3A-L1nAj0Xdmw\">https:\/\/www.<wbr><\/wbr>semiraadamu2018.be\/<\/a><\/p>\n<ul>\n<li>Du 19 au 26 septembre: Expo: \u00ab\u00a0Zaventem: Op\u00e9ration D\u00e9tention\u00a0\u00bb:\u00a0<a class=\"m_4373504990667881052gmail-profileLink\" href=\"https:\/\/www.facebook.com\/events\/370079846861492\/?acontext=%7B%22source%22%3A22%2C%22action_history%22%3A%22%5B%7B%5C%22surface%5C%22%3A%5C%22timeline%5C%22%2C%5C%22mechanism%5C%22%3A%5C%22surface%5C%22%2C%5C%22extra_data%5C%22%3A%5B%5D%7D%5D%22%2C%22has_source%22%3Atrue%7D&amp;source=22&amp;action_history=%5B%7B%22surface%22%3A%22timeline%22%2C%22mechanism%22%3A%22surface%22%2C%22extra_data%22%3A%5B%5D%7D%5D&amp;has_source=1&amp;fref=mentions&amp;__xts__%5B0%5D=68.ARAFxKgfFtw6Gdp4_CvV7MZ0CxzXcLWeOC8X5xidJg8EexEbkT_x593A1bFEV9wwqktgfTVU5_oqIHpD3GpjMWNc6vPTuzEV3ZKbidRs-sfoNBGffiXX5PLyukjCTiin3bE-MbM&amp;__tn__=K-R\" target=\"_blank\" rel=\"noopener\" data-saferedirecturl=\"https:\/\/www.google.com\/url?q=https:\/\/www.facebook.com\/events\/370079846861492\/?acontext%3D%257B%2522source%2522%253A22%252C%2522action_history%2522%253A%2522%255B%257B%255C%2522surface%255C%2522%253A%255C%2522timeline%255C%2522%252C%255C%2522mechanism%255C%2522%253A%255C%2522surface%255C%2522%252C%255C%2522extra_data%255C%2522%253A%255B%255D%257D%255D%2522%252C%2522has_source%2522%253Atrue%257D%26source%3D22%26action_history%3D%255B%257B%2522surface%2522%253A%2522timeline%2522%252C%2522mechanism%2522%253A%2522surface%2522%252C%2522extra_data%2522%253A%255B%255D%257D%255D%26has_source%3D1%26fref%3Dmentions%26__xts__%255B0%255D%3D68.ARAFxKgfFtw6Gdp4_CvV7MZ0CxzXcLWeOC8X5xidJg8EexEbkT_x593A1bFEV9wwqktgfTVU5_oqIHpD3GpjMWNc6vPTuzEV3ZKbidRs-sfoNBGffiXX5PLyukjCTiin3bE-MbM%26__tn__%3DK-R&amp;source=gmail&amp;ust=1536953974163000&amp;usg=AFQjCNFPddSFi6uVOZaI7x9NLRdogmiM1g\">https:\/\/www.<wbr><\/wbr>facebook.com\/events\/<wbr><\/wbr>370079846861492\/<\/a><\/li>\n<li>20 Septembre: s\u00e9minaire\/d\u00e9bat: \u00ab\u00a0L&rsquo;assassinat de Semira Adamu au prisme de l&rsquo;intersectionnalit\u00e9 et du racisme structurel\u00a0\u00bb.\u00a0<a class=\"m_4373504990667881052gmail-profileLink\" href=\"https:\/\/www.facebook.com\/events\/1786870224728964\/?acontext=%7B%22source%22%3A22%2C%22action_history%22%3A%22%5B%7B%5C%22surface%5C%22%3A%5C%22timeline%5C%22%2C%5C%22mechanism%5C%22%3A%5C%22surface%5C%22%2C%5C%22extra_data%5C%22%3A%5B%5D%7D%5D%22%2C%22has_source%22%3Atrue%7D&amp;source=22&amp;action_history=%5B%7B%22surface%22%3A%22timeline%22%2C%22mechanism%22%3A%22surface%22%2C%22extra_data%22%3A%5B%5D%7D%5D&amp;has_source=1&amp;fref=mentions&amp;__xts__%5B0%5D=68.ARAFxKgfFtw6Gdp4_CvV7MZ0CxzXcLWeOC8X5xidJg8EexEbkT_x593A1bFEV9wwqktgfTVU5_oqIHpD3GpjMWNc6vPTuzEV3ZKbidRs-sfoNBGffiXX5PLyukjCTiin3bE-MbM&amp;__tn__=K-R\" target=\"_blank\" rel=\"noopener\" data-saferedirecturl=\"https:\/\/www.google.com\/url?q=https:\/\/www.facebook.com\/events\/1786870224728964\/?acontext%3D%257B%2522source%2522%253A22%252C%2522action_history%2522%253A%2522%255B%257B%255C%2522surface%255C%2522%253A%255C%2522timeline%255C%2522%252C%255C%2522mechanism%255C%2522%253A%255C%2522surface%255C%2522%252C%255C%2522extra_data%255C%2522%253A%255B%255D%257D%255D%2522%252C%2522has_source%2522%253Atrue%257D%26source%3D22%26action_history%3D%255B%257B%2522surface%2522%253A%2522timeline%2522%252C%2522mechanism%2522%253A%2522surface%2522%252C%2522extra_data%2522%253A%255B%255D%257D%255D%26has_source%3D1%26fref%3Dmentions%26__xts__%255B0%255D%3D68.ARAFxKgfFtw6Gdp4_CvV7MZ0CxzXcLWeOC8X5xidJg8EexEbkT_x593A1bFEV9wwqktgfTVU5_oqIHpD3GpjMWNc6vPTuzEV3ZKbidRs-sfoNBGffiXX5PLyukjCTiin3bE-MbM%26__tn__%3DK-R&amp;source=gmail&amp;ust=1536953974163000&amp;usg=AFQjCNEAliDO3khe2QO1Tcojxg8vvxFKbg\">https:\/\/www.<wbr><\/wbr>facebook.com\/events\/<wbr><\/wbr>1786870224728964\/<\/a><\/li>\n<li>21 septembre: Th\u00e9\u00e2tre et lectures: \u00ab\u00a0Les Sans!\u00a0\u00bb.\u00a0<a class=\"m_4373504990667881052gmail-profileLink\" href=\"https:\/\/www.facebook.com\/events\/516270138822501\/?acontext=%7B%22source%22%3A22%2C%22action_history%22%3A%22%5B%7B%5C%22surface%5C%22%3A%5C%22timeline%5C%22%2C%5C%22mechanism%5C%22%3A%5C%22surface%5C%22%2C%5C%22extra_data%5C%22%3A%5B%5D%7D%5D%22%2C%22has_source%22%3Atrue%7D&amp;source=22&amp;action_history=%5B%7B%22surface%22%3A%22timeline%22%2C%22mechanism%22%3A%22surface%22%2C%22extra_data%22%3A%5B%5D%7D%5D&amp;has_source=1&amp;fref=mentions&amp;__xts__%5B0%5D=68.ARAFxKgfFtw6Gdp4_CvV7MZ0CxzXcLWeOC8X5xidJg8EexEbkT_x593A1bFEV9wwqktgfTVU5_oqIHpD3GpjMWNc6vPTuzEV3ZKbidRs-sfoNBGffiXX5PLyukjCTiin3bE-MbM&amp;__tn__=K-R\" target=\"_blank\" rel=\"noopener\" data-saferedirecturl=\"https:\/\/www.google.com\/url?q=https:\/\/www.facebook.com\/events\/516270138822501\/?acontext%3D%257B%2522source%2522%253A22%252C%2522action_history%2522%253A%2522%255B%257B%255C%2522surface%255C%2522%253A%255C%2522timeline%255C%2522%252C%255C%2522mechanism%255C%2522%253A%255C%2522surface%255C%2522%252C%255C%2522extra_data%255C%2522%253A%255B%255D%257D%255D%2522%252C%2522has_source%2522%253Atrue%257D%26source%3D22%26action_history%3D%255B%257B%2522surface%2522%253A%2522timeline%2522%252C%2522mechanism%2522%253A%2522surface%2522%252C%2522extra_data%2522%253A%255B%255D%257D%255D%26has_source%3D1%26fref%3Dmentions%26__xts__%255B0%255D%3D68.ARAFxKgfFtw6Gdp4_CvV7MZ0CxzXcLWeOC8X5xidJg8EexEbkT_x593A1bFEV9wwqktgfTVU5_oqIHpD3GpjMWNc6vPTuzEV3ZKbidRs-sfoNBGffiXX5PLyukjCTiin3bE-MbM%26__tn__%3DK-R&amp;source=gmail&amp;ust=1536953974164000&amp;usg=AFQjCNHrVsKszpSf-BGLU1jc61F3Ka5PgQ\">https:\/\/www.facebook.<wbr><\/wbr>com\/events\/516270138822501\/<\/a><\/li>\n<li>22 septembre: s\u00e9minaires\/d\u00e9bats: \u00ab\u00a01998-2018: \u00e9volutions des politiques anti-migratoires et des r\u00e9sistances\u00a0\u00bb.\u00a0<a class=\"m_4373504990667881052gmail-profileLink\" href=\"https:\/\/www.facebook.com\/events\/374147759785002\/?acontext=%7B%22source%22%3A22%2C%22action_history%22%3A%22%5B%7B%5C%22surface%5C%22%3A%5C%22timeline%5C%22%2C%5C%22mechanism%5C%22%3A%5C%22surface%5C%22%2C%5C%22extra_data%5C%22%3A%5B%5D%7D%5D%22%2C%22has_source%22%3Atrue%7D&amp;source=22&amp;action_history=%5B%7B%22surface%22%3A%22timeline%22%2C%22mechanism%22%3A%22surface%22%2C%22extra_data%22%3A%5B%5D%7D%5D&amp;has_source=1&amp;fref=mentions&amp;__xts__%5B0%5D=68.ARAFxKgfFtw6Gdp4_CvV7MZ0CxzXcLWeOC8X5xidJg8EexEbkT_x593A1bFEV9wwqktgfTVU5_oqIHpD3GpjMWNc6vPTuzEV3ZKbidRs-sfoNBGffiXX5PLyukjCTiin3bE-MbM&amp;__tn__=K-R\" target=\"_blank\" rel=\"noopener\" data-saferedirecturl=\"https:\/\/www.google.com\/url?q=https:\/\/www.facebook.com\/events\/374147759785002\/?acontext%3D%257B%2522source%2522%253A22%252C%2522action_history%2522%253A%2522%255B%257B%255C%2522surface%255C%2522%253A%255C%2522timeline%255C%2522%252C%255C%2522mechanism%255C%2522%253A%255C%2522surface%255C%2522%252C%255C%2522extra_data%255C%2522%253A%255B%255D%257D%255D%2522%252C%2522has_source%2522%253Atrue%257D%26source%3D22%26action_history%3D%255B%257B%2522surface%2522%253A%2522timeline%2522%252C%2522mechanism%2522%253A%2522surface%2522%252C%2522extra_data%2522%253A%255B%255D%257D%255D%26has_source%3D1%26fref%3Dmentions%26__xts__%255B0%255D%3D68.ARAFxKgfFtw6Gdp4_CvV7MZ0CxzXcLWeOC8X5xidJg8EexEbkT_x593A1bFEV9wwqktgfTVU5_oqIHpD3GpjMWNc6vPTuzEV3ZKbidRs-sfoNBGffiXX5PLyukjCTiin3bE-MbM%26__tn__%3DK-R&amp;source=gmail&amp;ust=1536953974164000&amp;usg=AFQjCNG9-I0ZQMqZ3-VFf7YYzTVGvszpgw\">https:\/\/www.<wbr><\/wbr>facebook.com\/events\/<wbr><\/wbr>374147759785002\/<\/a><\/li>\n<li>22 septembre: Atelier: \u00ab\u00a0Ecriture, voix et \u00e9coute radiophonique\u00a0\u00bb.\u00a0<a class=\"m_4373504990667881052gmail-profileLink\" href=\"https:\/\/www.facebook.com\/events\/2138494573058411\/?acontext=%7B%22source%22%3A22%2C%22action_history%22%3A%22%5B%7B%5C%22surface%5C%22%3A%5C%22timeline%5C%22%2C%5C%22mechanism%5C%22%3A%5C%22surface%5C%22%2C%5C%22extra_data%5C%22%3A%5B%5D%7D%5D%22%2C%22has_source%22%3Atrue%7D&amp;source=22&amp;action_history=%5B%7B%22surface%22%3A%22timeline%22%2C%22mechanism%22%3A%22surface%22%2C%22extra_data%22%3A%5B%5D%7D%5D&amp;has_source=1&amp;fref=mentions&amp;__xts__%5B0%5D=68.ARAFxKgfFtw6Gdp4_CvV7MZ0CxzXcLWeOC8X5xidJg8EexEbkT_x593A1bFEV9wwqktgfTVU5_oqIHpD3GpjMWNc6vPTuzEV3ZKbidRs-sfoNBGffiXX5PLyukjCTiin3bE-MbM&amp;__tn__=K-R\" target=\"_blank\" rel=\"noopener\" data-saferedirecturl=\"https:\/\/www.google.com\/url?q=https:\/\/www.facebook.com\/events\/2138494573058411\/?acontext%3D%257B%2522source%2522%253A22%252C%2522action_history%2522%253A%2522%255B%257B%255C%2522surface%255C%2522%253A%255C%2522timeline%255C%2522%252C%255C%2522mechanism%255C%2522%253A%255C%2522surface%255C%2522%252C%255C%2522extra_data%255C%2522%253A%255B%255D%257D%255D%2522%252C%2522has_source%2522%253Atrue%257D%26source%3D22%26action_history%3D%255B%257B%2522surface%2522%253A%2522timeline%2522%252C%2522mechanism%2522%253A%2522surface%2522%252C%2522extra_data%2522%253A%255B%255D%257D%255D%26has_source%3D1%26fref%3Dmentions%26__xts__%255B0%255D%3D68.ARAFxKgfFtw6Gdp4_CvV7MZ0CxzXcLWeOC8X5xidJg8EexEbkT_x593A1bFEV9wwqktgfTVU5_oqIHpD3GpjMWNc6vPTuzEV3ZKbidRs-sfoNBGffiXX5PLyukjCTiin3bE-MbM%26__tn__%3DK-R&amp;source=gmail&amp;ust=1536953974164000&amp;usg=AFQjCNE0TQIBXBcJq0b8E4Wt6CxUUBnsrg\">https:\/\/www.<wbr><\/wbr>facebook.com\/events\/<wbr><\/wbr>2138494573058411\/<\/a><\/li>\n<li>22 septembre: Concerts au Parc Maxilien.\u00a0<a class=\"m_4373504990667881052gmail-profileLink\" href=\"https:\/\/www.facebook.com\/events\/1807634442647300\/?acontext=%7B%22source%22%3A22%2C%22action_history%22%3A%22%5B%7B%5C%22surface%5C%22%3A%5C%22timeline%5C%22%2C%5C%22mechanism%5C%22%3A%5C%22surface%5C%22%2C%5C%22extra_data%5C%22%3A%5B%5D%7D%5D%22%2C%22has_source%22%3Atrue%7D&amp;source=22&amp;action_history=%5B%7B%22surface%22%3A%22timeline%22%2C%22mechanism%22%3A%22surface%22%2C%22extra_data%22%3A%5B%5D%7D%5D&amp;has_source=1&amp;fref=mentions&amp;__xts__%5B0%5D=68.ARAFxKgfFtw6Gdp4_CvV7MZ0CxzXcLWeOC8X5xidJg8EexEbkT_x593A1bFEV9wwqktgfTVU5_oqIHpD3GpjMWNc6vPTuzEV3ZKbidRs-sfoNBGffiXX5PLyukjCTiin3bE-MbM&amp;__tn__=K-R\" target=\"_blank\" rel=\"noopener\" data-saferedirecturl=\"https:\/\/www.google.com\/url?q=https:\/\/www.facebook.com\/events\/1807634442647300\/?acontext%3D%257B%2522source%2522%253A22%252C%2522action_history%2522%253A%2522%255B%257B%255C%2522surface%255C%2522%253A%255C%2522timeline%255C%2522%252C%255C%2522mechanism%255C%2522%253A%255C%2522surface%255C%2522%252C%255C%2522extra_data%255C%2522%253A%255B%255D%257D%255D%2522%252C%2522has_source%2522%253Atrue%257D%26source%3D22%26action_history%3D%255B%257B%2522surface%2522%253A%2522timeline%2522%252C%2522mechanism%2522%253A%2522surface%2522%252C%2522extra_data%2522%253A%255B%255D%257D%255D%26has_source%3D1%26fref%3Dmentions%26__xts__%255B0%255D%3D68.ARAFxKgfFtw6Gdp4_CvV7MZ0CxzXcLWeOC8X5xidJg8EexEbkT_x593A1bFEV9wwqktgfTVU5_oqIHpD3GpjMWNc6vPTuzEV3ZKbidRs-sfoNBGffiXX5PLyukjCTiin3bE-MbM%26__tn__%3DK-R&amp;source=gmail&amp;ust=1536953974164000&amp;usg=AFQjCNGuBY2i2kiowPMpPsTdUsWEm54gJg\">https:\/\/www.<wbr><\/wbr>facebook.com\/events\/<wbr><\/wbr>1807634442647300\/<\/a><\/li>\n<li>23 septembre: Manifestation: \u00ab\u00a0Rassemblement au 127 bis\u00a0\u00bb.\u00a0<a class=\"m_4373504990667881052gmail-profileLink\" href=\"https:\/\/www.facebook.com\/events\/219248562087594\/?acontext=%7B%22source%22%3A22%2C%22action_history%22%3A%22%5B%7B%5C%22surface%5C%22%3A%5C%22timeline%5C%22%2C%5C%22mechanism%5C%22%3A%5C%22surface%5C%22%2C%5C%22extra_data%5C%22%3A%5B%5D%7D%5D%22%2C%22has_source%22%3Atrue%7D&amp;source=22&amp;action_history=%5B%7B%22surface%22%3A%22timeline%22%2C%22mechanism%22%3A%22surface%22%2C%22extra_data%22%3A%5B%5D%7D%5D&amp;has_source=1&amp;fref=mentions&amp;__xts__%5B0%5D=68.ARAFxKgfFtw6Gdp4_CvV7MZ0CxzXcLWeOC8X5xidJg8EexEbkT_x593A1bFEV9wwqktgfTVU5_oqIHpD3GpjMWNc6vPTuzEV3ZKbidRs-sfoNBGffiXX5PLyukjCTiin3bE-MbM&amp;__tn__=K-R\" target=\"_blank\" rel=\"noopener\" data-saferedirecturl=\"https:\/\/www.google.com\/url?q=https:\/\/www.facebook.com\/events\/219248562087594\/?acontext%3D%257B%2522source%2522%253A22%252C%2522action_history%2522%253A%2522%255B%257B%255C%2522surface%255C%2522%253A%255C%2522timeline%255C%2522%252C%255C%2522mechanism%255C%2522%253A%255C%2522surface%255C%2522%252C%255C%2522extra_data%255C%2522%253A%255B%255D%257D%255D%2522%252C%2522has_source%2522%253Atrue%257D%26source%3D22%26action_history%3D%255B%257B%2522surface%2522%253A%2522timeline%2522%252C%2522mechanism%2522%253A%2522surface%2522%252C%2522extra_data%2522%253A%255B%255D%257D%255D%26has_source%3D1%26fref%3Dmentions%26__xts__%255B0%255D%3D68.ARAFxKgfFtw6Gdp4_CvV7MZ0CxzXcLWeOC8X5xidJg8EexEbkT_x593A1bFEV9wwqktgfTVU5_oqIHpD3GpjMWNc6vPTuzEV3ZKbidRs-sfoNBGffiXX5PLyukjCTiin3bE-MbM%26__tn__%3DK-R&amp;source=gmail&amp;ust=1536953974164000&amp;usg=AFQjCNGhMYk-DVAEIdl_duXLjV8-xCjlpQ\">https:\/\/www.facebook.<wbr><\/wbr>com\/events\/219248562087594\/<\/a><\/li>\n<li>23 septembre: Projections : \u00ab\u00a0A l&rsquo;usage des vivants\u00a0\u00bb et \u00a0\u00bb Br\u00fble la mer\u00a0\u00bb.\u00a0<a class=\"m_4373504990667881052gmail-profileLink\" href=\"https:\/\/www.facebook.com\/events\/213010632902592\/?acontext=%7B%22source%22%3A22%2C%22action_history%22%3A%22%5B%7B%5C%22surface%5C%22%3A%5C%22timeline%5C%22%2C%5C%22mechanism%5C%22%3A%5C%22surface%5C%22%2C%5C%22extra_data%5C%22%3A%5B%5D%7D%5D%22%2C%22has_source%22%3Atrue%7D&amp;source=22&amp;action_history=%5B%7B%22surface%22%3A%22timeline%22%2C%22mechanism%22%3A%22surface%22%2C%22extra_data%22%3A%5B%5D%7D%5D&amp;has_source=1&amp;fref=mentions&amp;__xts__%5B0%5D=68.ARAFxKgfFtw6Gdp4_CvV7MZ0CxzXcLWeOC8X5xidJg8EexEbkT_x593A1bFEV9wwqktgfTVU5_oqIHpD3GpjMWNc6vPTuzEV3ZKbidRs-sfoNBGffiXX5PLyukjCTiin3bE-MbM&amp;__tn__=K-R\" target=\"_blank\" rel=\"noopener\" data-saferedirecturl=\"https:\/\/www.google.com\/url?q=https:\/\/www.facebook.com\/events\/213010632902592\/?acontext%3D%257B%2522source%2522%253A22%252C%2522action_history%2522%253A%2522%255B%257B%255C%2522surface%255C%2522%253A%255C%2522timeline%255C%2522%252C%255C%2522mechanism%255C%2522%253A%255C%2522surface%255C%2522%252C%255C%2522extra_data%255C%2522%253A%255B%255D%257D%255D%2522%252C%2522has_source%2522%253Atrue%257D%26source%3D22%26action_history%3D%255B%257B%2522surface%2522%253A%2522timeline%2522%252C%2522mechanism%2522%253A%2522surface%2522%252C%2522extra_data%2522%253A%255B%255D%257D%255D%26has_source%3D1%26fref%3Dmentions%26__xts__%255B0%255D%3D68.ARAFxKgfFtw6Gdp4_CvV7MZ0CxzXcLWeOC8X5xidJg8EexEbkT_x593A1bFEV9wwqktgfTVU5_oqIHpD3GpjMWNc6vPTuzEV3ZKbidRs-sfoNBGffiXX5PLyukjCTiin3bE-MbM%26__tn__%3DK-R&amp;source=gmail&amp;ust=1536953974164000&amp;usg=AFQjCNEAkLKMHIQ9PiGhzEm7S20CRKRObw\">https:\/\/www.facebook.<wbr><\/wbr>com\/events\/213010632902592\/<\/a><\/li>\n<li>26 septembre: Rencontre: \u00ab\u00a0Centre ferm\u00e9?\u00a0\u00bb\u00a0<a class=\"m_4373504990667881052gmail-profileLink\" href=\"https:\/\/www.facebook.com\/events\/1863986180290404\/?acontext=%7B%22source%22%3A22%2C%22action_history%22%3A%22%5B%7B%5C%22surface%5C%22%3A%5C%22timeline%5C%22%2C%5C%22mechanism%5C%22%3A%5C%22surface%5C%22%2C%5C%22extra_data%5C%22%3A%5B%5D%7D%5D%22%2C%22has_source%22%3Atrue%7D&amp;source=22&amp;action_history=%5B%7B%22surface%22%3A%22timeline%22%2C%22mechanism%22%3A%22surface%22%2C%22extra_data%22%3A%5B%5D%7D%5D&amp;has_source=1&amp;fref=mentions&amp;__xts__%5B0%5D=68.ARAFxKgfFtw6Gdp4_CvV7MZ0CxzXcLWeOC8X5xidJg8EexEbkT_x593A1bFEV9wwqktgfTVU5_oqIHpD3GpjMWNc6vPTuzEV3ZKbidRs-sfoNBGffiXX5PLyukjCTiin3bE-MbM&amp;__tn__=K-R\" target=\"_blank\" rel=\"noopener\" data-saferedirecturl=\"https:\/\/www.google.com\/url?q=https:\/\/www.facebook.com\/events\/1863986180290404\/?acontext%3D%257B%2522source%2522%253A22%252C%2522action_history%2522%253A%2522%255B%257B%255C%2522surface%255C%2522%253A%255C%2522timeline%255C%2522%252C%255C%2522mechanism%255C%2522%253A%255C%2522surface%255C%2522%252C%255C%2522extra_data%255C%2522%253A%255B%255D%257D%255D%2522%252C%2522has_source%2522%253Atrue%257D%26source%3D22%26action_history%3D%255B%257B%2522surface%2522%253A%2522timeline%2522%252C%2522mechanism%2522%253A%2522surface%2522%252C%2522extra_data%2522%253A%255B%255D%257D%255D%26has_source%3D1%26fref%3Dmentions%26__xts__%255B0%255D%3D68.ARAFxKgfFtw6Gdp4_CvV7MZ0CxzXcLWeOC8X5xidJg8EexEbkT_x593A1bFEV9wwqktgfTVU5_oqIHpD3GpjMWNc6vPTuzEV3ZKbidRs-sfoNBGffiXX5PLyukjCTiin3bE-MbM%26__tn__%3DK-R&amp;source=gmail&amp;ust=1536953974164000&amp;usg=AFQjCNET-w884bLQObEBHSIoAozsSb5ljA\">https:\/\/www.facebook.<wbr><\/wbr>com\/events\/1863986180290404\/<\/a><\/li>\n<li>27 septembre: Soir\u00e9e Slam: \u00ab\u00a0Mots en lutte\u00a0\u00bb.\u00a0<a class=\"m_4373504990667881052gmail-profileLink\" href=\"https:\/\/www.facebook.com\/events\/313067492762573\/?acontext=%7B%22source%22%3A22%2C%22action_history%22%3A%22%5B%7B%5C%22surface%5C%22%3A%5C%22timeline%5C%22%2C%5C%22mechanism%5C%22%3A%5C%22surface%5C%22%2C%5C%22extra_data%5C%22%3A%5B%5D%7D%5D%22%2C%22has_source%22%3Atrue%7D&amp;source=22&amp;action_history=%5B%7B%22surface%22%3A%22timeline%22%2C%22mechanism%22%3A%22surface%22%2C%22extra_data%22%3A%5B%5D%7D%5D&amp;has_source=1&amp;fref=mentions&amp;__xts__%5B0%5D=68.ARAFxKgfFtw6Gdp4_CvV7MZ0CxzXcLWeOC8X5xidJg8EexEbkT_x593A1bFEV9wwqktgfTVU5_oqIHpD3GpjMWNc6vPTuzEV3ZKbidRs-sfoNBGffiXX5PLyukjCTiin3bE-MbM&amp;__tn__=K-R\" target=\"_blank\" rel=\"noopener\" data-saferedirecturl=\"https:\/\/www.google.com\/url?q=https:\/\/www.facebook.com\/events\/313067492762573\/?acontext%3D%257B%2522source%2522%253A22%252C%2522action_history%2522%253A%2522%255B%257B%255C%2522surface%255C%2522%253A%255C%2522timeline%255C%2522%252C%255C%2522mechanism%255C%2522%253A%255C%2522surface%255C%2522%252C%255C%2522extra_data%255C%2522%253A%255B%255D%257D%255D%2522%252C%2522has_source%2522%253Atrue%257D%26source%3D22%26action_history%3D%255B%257B%2522surface%2522%253A%2522timeline%2522%252C%2522mechanism%2522%253A%2522surface%2522%252C%2522extra_data%2522%253A%255B%255D%257D%255D%26has_source%3D1%26fref%3Dmentions%26__xts__%255B0%255D%3D68.ARAFxKgfFtw6Gdp4_CvV7MZ0CxzXcLWeOC8X5xidJg8EexEbkT_x593A1bFEV9wwqktgfTVU5_oqIHpD3GpjMWNc6vPTuzEV3ZKbidRs-sfoNBGffiXX5PLyukjCTiin3bE-MbM%26__tn__%3DK-R&amp;source=gmail&amp;ust=1536953974165000&amp;usg=AFQjCNHQSA0uZZ-qDPTF0gmGzuul9oZIiA\">https:\/\/www.facebook.<wbr><\/wbr>com\/events\/313067492762573\/<\/a><\/li>\n<li>13 octobre: Assembl\u00e9e populaire: \u00ab\u00a0Et la suite? Assemblons-nous!\u00a0\u00bb.\u00a0<a class=\"m_4373504990667881052gmail-profileLink\" href=\"https:\/\/www.facebook.com\/events\/376319089573213\/?acontext=%7B%22source%22%3A22%2C%22action_history%22%3A%22%5B%7B%5C%22surface%5C%22%3A%5C%22timeline%5C%22%2C%5C%22mechanism%5C%22%3A%5C%22surface%5C%22%2C%5C%22extra_data%5C%22%3A%5B%5D%7D%5D%22%2C%22has_source%22%3Atrue%7D&amp;source=22&amp;action_history=%5B%7B%22surface%22%3A%22timeline%22%2C%22mechanism%22%3A%22surface%22%2C%22extra_data%22%3A%5B%5D%7D%5D&amp;has_source=1&amp;fref=mentions&amp;__xts__%5B0%5D=68.ARAFxKgfFtw6Gdp4_CvV7MZ0CxzXcLWeOC8X5xidJg8EexEbkT_x593A1bFEV9wwqktgfTVU5_oqIHpD3GpjMWNc6vPTuzEV3ZKbidRs-sfoNBGffiXX5PLyukjCTiin3bE-MbM&amp;__tn__=K-R\" target=\"_blank\" rel=\"noopener\" data-saferedirecturl=\"https:\/\/www.google.com\/url?q=https:\/\/www.facebook.com\/events\/376319089573213\/?acontext%3D%257B%2522source%2522%253A22%252C%2522action_history%2522%253A%2522%255B%257B%255C%2522surface%255C%2522%253A%255C%2522timeline%255C%2522%252C%255C%2522mechanism%255C%2522%253A%255C%2522surface%255C%2522%252C%255C%2522extra_data%255C%2522%253A%255B%255D%257D%255D%2522%252C%2522has_source%2522%253Atrue%257D%26source%3D22%26action_history%3D%255B%257B%2522surface%2522%253A%2522timeline%2522%252C%2522mechanism%2522%253A%2522surface%2522%252C%2522extra_data%2522%253A%255B%255D%257D%255D%26has_source%3D1%26fref%3Dmentions%26__xts__%255B0%255D%3D68.ARAFxKgfFtw6Gdp4_CvV7MZ0CxzXcLWeOC8X5xidJg8EexEbkT_x593A1bFEV9wwqktgfTVU5_oqIHpD3GpjMWNc6vPTuzEV3ZKbidRs-sfoNBGffiXX5PLyukjCTiin3bE-MbM%26__tn__%3DK-R&amp;source=gmail&amp;ust=1536953974165000&amp;usg=AFQjCNGbD0gypTbq_szV6ueRQY7lUk9gIw\">https:\/\/<wbr><\/wbr>www.facebook.com\/events\/<wbr><\/wbr>376319089573213\/<\/a><\/li>\n<\/ul>\n<p>Ils ont tu\u00e9 une femme, mais pas son combat.<br \/>\n1998-2018: papiers pour tous et toutes!<\/p>\n<p><a href=\"https:\/\/bruxelles-pantheres.be\/wp-content\/uploads\/2018\/05\/dessin_SemiraAdamu1998_010trame.jpg\"><img decoding=\"async\" class=\"size-full wp-image-3704 aligncenter\" src=\"https:\/\/bruxelles-pantheres.be\/wp-content\/uploads\/2018\/05\/dessin_SemiraAdamu1998_010trame.jpg\" alt=\"\" width=\"700\" height=\"920\" srcset=\"https:\/\/bruxelles-pantheres.be\/wp-content\/uploads\/2018\/05\/dessin_SemiraAdamu1998_010trame.jpg 700w, https:\/\/bruxelles-pantheres.be\/wp-content\/uploads\/2018\/05\/dessin_SemiraAdamu1998_010trame-228x300.jpg 228w\" sizes=\"(max-width: 700px) 100vw, 700px\" \/><\/a><a href=\"https:\/\/bruxelles-pantheres.be\/wp-content\/uploads\/2018\/05\/33045694_1796180223773251_7678369642175266816_n.jpg\"><img decoding=\"async\" class=\"size-full wp-image-3729 aligncenter\" src=\"https:\/\/bruxelles-pantheres.be\/wp-content\/uploads\/2018\/05\/33045694_1796180223773251_7678369642175266816_n.jpg\" alt=\"\" width=\"960\" height=\"482\" srcset=\"https:\/\/bruxelles-pantheres.be\/wp-content\/uploads\/2018\/05\/33045694_1796180223773251_7678369642175266816_n.jpg 960w, https:\/\/bruxelles-pantheres.be\/wp-content\/uploads\/2018\/05\/33045694_1796180223773251_7678369642175266816_n-300x151.jpg 300w, https:\/\/bruxelles-pantheres.be\/wp-content\/uploads\/2018\/05\/33045694_1796180223773251_7678369642175266816_n-768x386.jpg 768w\" sizes=\"(max-width: 960px) 100vw, 960px\" \/><\/a><\/p>\n","protected":false},"excerpt":{"rendered":"<p>Ce mois sera consacr\u00e9 aux comm\u00e9morations des 20 ans du meurtre de Semira Adamu. Expo, d\u00e9bats, concerts, rencontres, th\u00e9\u00e2tre, projections, manifestations, s\u00e9minaires, actions &#8230; A l&rsquo;heure o\u00f9 la Belgique enferme des familles, o\u00f9 s&rsquo;annonce l&rsquo;\u00e9vacuation forc\u00e9e du Parc Maximilien, la cr\u00e9ation au 127 bis d&rsquo;un \u00ab\u00a0centre administratif national pour la transmigration, la transformation du Petit &#8230; <a title=\"Agenda des Comm\u00e9moration SemiraAdamu2018 (A diffuser largement)\" class=\"read-more\" href=\"https:\/\/bruxelles-pantheres.be\/?p=3851\" aria-label=\"En savoir plus sur Agenda des Comm\u00e9moration SemiraAdamu2018 (A diffuser largement)\">Lire la suite<\/a><\/p>\n","protected":false},"author":1,"featured_media":3703,"comment_status":"open","ping_status":"open","sticky":false,"template":"","format":"standard","meta":{"footnotes":""},"categories":[36,7,8,18,28,37,39,5],"tags":[346,245],"class_list":["post-3851","post","type-post","status-publish","format-standard","has-post-thumbnail","hentry","category-europe","category-negrophobie","category-prisons","category-resistance-bruxelles","category-racismes","category-romophobie","category-sans-papier","category-violence-policiere","tag-mawda","tag-semira-adamu"],"_links":{"self":[{"href":"https:\/\/bruxelles-pantheres.be\/index.php?rest_route=\/wp\/v2\/posts\/3851","targetHints":{"allow":["GET"]}}],"collection":[{"href":"https:\/\/bruxelles-pantheres.be\/index.php?rest_route=\/wp\/v2\/posts"}],"about":[{"href":"https:\/\/bruxelles-pantheres.be\/index.php?rest_route=\/wp\/v2\/types\/post"}],"author":[{"embeddable":true,"href":"https:\/\/bruxelles-pantheres.be\/index.php?rest_route=\/wp\/v2\/users\/1"}],"replies":[{"embeddable":true,"href":"https:\/\/bruxelles-pantheres.be\/index.php?rest_route=%2Fwp%2Fv2%2Fcomments&post=3851"}],"version-history":[{"count":2,"href":"https:\/\/bruxelles-pantheres.be\/index.php?rest_route=\/wp\/v2\/posts\/3851\/revisions"}],"predecessor-version":[{"id":3853,"href":"https:\/\/bruxelles-pantheres.be\/index.php?rest_route=\/wp\/v2\/posts\/3851\/revisions\/3853"}],"wp:featuredmedia":[{"embeddable":true,"href":"https:\/\/bruxelles-pantheres.be\/index.php?rest_route=\/wp\/v2\/media\/3703"}],"wp:attachment":[{"href":"https:\/\/bruxelles-pantheres.be\/index.php?rest_route=%2Fwp%2Fv2%2Fmedia&parent=3851"}],"wp:term":[{"taxonomy":"category","embeddable":true,"href":"https:\/\/bruxelles-pantheres.be\/index.php?rest_route=%2Fwp%2Fv2%2Fcategories&post=3851"},{"taxonomy":"post_tag","embeddable":true,"href":"https:\/\/bruxelles-pantheres.be\/index.php?rest_route=%2Fwp%2Fv2%2Ftags&post=3851"}],"curies":[{"name":"wp","href":"https:\/\/api.w.org\/{rel}","templated":true}]}}