{"id":3854,"date":"2018-09-13T21:23:43","date_gmt":"2018-09-13T20:23:43","guid":{"rendered":"https:\/\/bruxelles-pantheres.be\/?p=3854"},"modified":"2018-09-13T21:37:59","modified_gmt":"2018-09-13T20:37:59","slug":"mon-exclusion-comme-enseignant-dans-les-prisons-une-peine-a-perpetuite","status":"publish","type":"post","link":"https:\/\/bruxelles-pantheres.be\/?p=3854","title":{"rendered":"Mon exclusion comme enseignant dans les prisons : une peine \u00e0 perp\u00e9tuit\u00e9 ?"},"content":{"rendered":"<h3>\u00a0Lettre ouverte au ministre de la Justice, Koen Geens<\/h3>\n<figure id=\"attachment_2657\" aria-describedby=\"caption-attachment-2657\" style=\"width: 4310px\" class=\"wp-caption alignnone\"><a href=\"https:\/\/bruxelles-pantheres.be\/wp-content\/uploads\/2015\/12\/FSCN7760.jpg\"><img decoding=\"async\" class=\"size-full wp-image-2657\" src=\"https:\/\/bruxelles-pantheres.be\/wp-content\/uploads\/2015\/12\/FSCN7760.jpg\" alt=\"\" width=\"4320\" height=\"3240\" \/><\/a><figcaption id=\"caption-attachment-2657\" class=\"wp-caption-text\">Luk Vervaet<\/figcaption><\/figure>\n<p>Bruxelles 12 septembre 2018<\/p>\n<p>Monsieur le ministre,<\/p>\n<p>Je vous \u00e9cris \u00e0 l\u2019occasion de la rentr\u00e9e scolaire. C\u2019est aussi une ann\u00e9e d\u2019\u00e9lections qui s\u2019annonce. Mais encore une ann\u00e9e de nouveaux d\u00e9bats sur la prison de Haren et la politique p\u00e9nale \u00e0 mener dans le futur.<\/p>\n<p>Ce mois de septembre 2018, cela fera dix ans que je ne peux pas reprendre mon travail en tant qu\u2019enseignant dans les prisons belges. Ni rendre visite \u00e0 un d\u00e9tenu dans aucune prison. Un interdit professionnel impos\u00e9 en 2008 et maintenu jusqu\u2019\u00e0 ce jour, en d\u00e9pit des d\u00e9cisions de justice. Par cette lettre, je vous demande de lever ce bannissement ill\u00e9gal.<\/p>\n<p>Un rappel des faits.<!--more--><\/p>\n<p>Permettez-moi de vous rappeler ce qui s\u2019est pass\u00e9 il y a dix ans.<\/p>\n<p>Le 3 ao\u00fbt 2008, la direction g\u00e9n\u00e9rale des \u00e9tablissements p\u00e9nitentiaires m\u2019a interdit l\u2019acc\u00e8s \u00e0 toutes les prisons de Belgique. Pour des \u00ab\u00a0raisons de s\u00e9curit\u00e9\u00a0\u00bb. \u00c0 l\u2019\u00e9poque je ne pouvais pas prendre connaissance de ces \u00ab raisons \u00bb car il s\u2019agissait, selon la direction des prisons, de la \u00ab<em> s\u00e9curit\u00e9 nationale, de la d\u00e9fense nationale et de l\u2019ordre public <\/em>\u00bb. Rien moins que \u00e7a. Mes avocats eux-m\u00eames n\u2019ont pas eu acc\u00e8s \u00e0 mon dossier personnel. Il y aurait de quoi rire si je n\u2019avais pas perdu mon travail, tout comme la possibilit\u00e9 de visiter des d\u00e9tenus.<\/p>\n<p>Un de vos pr\u00e9d\u00e9cesseurs et membre de votre parti, Stefaan De Clerck, a choisi de couvrir cet interdit professionnel devant la commission de la Justice du Parlement. Le 6 octobre 2009, il d\u00e9clarait en r\u00e9ponse \u00e0 une interpellation de la d\u00e9put\u00e9e Ecolo Zo\u00e9 Genot : \u00ab <em>La d\u00e9cision de l\u2019interdiction d\u2019acc\u00e8s est une d\u00e9cision bien pes\u00e9e qui a fait l\u2019objet d\u2019un examen approfondi de l\u2019ensemble du dossier. Une telle mesure est exceptionnelle et n\u2019est prise que sur base de raisons s\u00e9rieuses. L\u2019exclusion pour raisons de s\u00e9curit\u00e9 est prise sur base d\u2019une appr\u00e9ciation du dossier global de la personne et ces raisons suffisent en soi pour justifier une exclusion<\/em> \u00bb. Une d\u00e9claration digne d\u2019un \u00c9tat policier.<\/p>\n<p>Vous connaissez certainement l\u2019\u00e9ditorialiste Rik van Cauwelaert, qui commentait dans le magazine Knack : \u00ab<em> L\u2019interdit professionnel contre Luk Vervaet, exprim\u00e9 sur base d\u2019\u00e9l\u00e9ments tenus secrets, revient \u00e0 un r\u00e8glement de compte en bonne et due forme et au vol du travail d\u2019un homme qui n\u2019a pas cach\u00e9 ces derni\u00e8res ann\u00e9es les conditions inhumaines qu\u2019il constatait dans les prisons belges\u2026 Seuls des \u00c9tats voyous se retranchent encore derri\u00e8re la raison d\u2019\u00c9tat pour imposer le silence \u00e0 ceux qui pensent autrement<\/em> \u00bb.<\/p>\n<p>Je ne suis pas exclu \u00e0 cause de mon travail professionnel. Ce travail \u00e9tait irr\u00e9prochable. Il s\u2019agissait d\u2019un rapport sur mes activit\u00e9s politiques, r\u00e9dig\u00e9 par la S\u00fbret\u00e9 d\u2019\u00c9tat<a href=\"#_ftn1\" name=\"_ftnref1\">[1]<\/a>. En bref, ce rapport disait que je suis un militant de gauche, qui fr\u00e9quente des personnes engag\u00e9es politiquement, issues de l\u2019immigration. Qui est pro-palestinien. Qui s\u2019oppose \u00e0 la l\u00e9gislation antiterroriste, en soulignant mon r\u00f4le dans la d\u00e9fense de Bahar Kimyong\u00fcr et mon opposition au traitement et \u00e0 l\u2019extradition de Nizar Trabelsi.<\/p>\n<div id='gallery-1' class='gallery galleryid-3854 gallery-columns-3 gallery-size-medium'><figure class='gallery-item'>\n\t\t\t<div class='gallery-icon portrait'>\n\t\t\t\t<a href='https:\/\/bruxelles-pantheres.be\/?attachment_id=3572#main'><img decoding=\"async\" width=\"225\" height=\"300\" src=\"https:\/\/bruxelles-pantheres.be\/wp-content\/uploads\/2018\/02\/TrabelsiextradC3A99-225x300.jpg\" class=\"attachment-medium size-medium\" alt=\"\" srcset=\"https:\/\/bruxelles-pantheres.be\/wp-content\/uploads\/2018\/02\/TrabelsiextradC3A99-225x300.jpg 225w, https:\/\/bruxelles-pantheres.be\/wp-content\/uploads\/2018\/02\/TrabelsiextradC3A99.jpg 240w\" sizes=\"(max-width: 225px) 100vw, 225px\" \/><\/a>\n\t\t\t<\/div><\/figure><figure class='gallery-item'>\n\t\t\t<div class='gallery-icon portrait'>\n\t\t\t\t<a href='https:\/\/bruxelles-pantheres.be\/?attachment_id=3573#main'><img decoding=\"async\" width=\"132\" height=\"167\" src=\"https:\/\/bruxelles-pantheres.be\/wp-content\/uploads\/2018\/02\/nizartrabelsi3october2013StaffordVirginia.jpg\" class=\"attachment-medium size-medium\" alt=\"\" \/><\/a>\n\t\t\t<\/div><\/figure><figure class='gallery-item'>\n\t\t\t<div class='gallery-icon portrait'>\n\t\t\t\t<a href='https:\/\/bruxelles-pantheres.be\/?attachment_id=3571#main'><img decoding=\"async\" width=\"225\" height=\"300\" src=\"https:\/\/bruxelles-pantheres.be\/wp-content\/uploads\/2018\/02\/Trabelsiavecenfantsbandeau-225x300.jpg\" class=\"attachment-medium size-medium\" alt=\"\" srcset=\"https:\/\/bruxelles-pantheres.be\/wp-content\/uploads\/2018\/02\/Trabelsiavecenfantsbandeau-225x300.jpg 225w, https:\/\/bruxelles-pantheres.be\/wp-content\/uploads\/2018\/02\/Trabelsiavecenfantsbandeau.jpg 240w\" sizes=\"(max-width: 225px) 100vw, 225px\" \/><\/a>\n\t\t\t<\/div><\/figure>\n\t\t<\/div>\n\n<p>&nbsp;<\/p>\n<p>Avec mes avocats, nous avons commenc\u00e9 une longue bataille devant les tribunaux pour faire annuler mon exclusion. Par deux fois, un tribunal en r\u00e9f\u00e9r\u00e9, condamnant les raisons s\u00e9cr\u00e8tes de mon exclusion, a \u00e9mis une injonction pour qu\u2019un entretien entre les autorit\u00e9s p\u00e9nitentiaires et moi soit organis\u00e9. J\u2019ai entrepris les d\u00e9marches pour obtenir cet entretien, j\u2019ai m\u00eame \u00e9crit une lettre ouverte \u00e0 Stefaan De Clerck pour le lui demander<a href=\"#_ftn2\" name=\"_ftnref2\"><sup>[2]<\/sup><\/a>. Pas de r\u00e9ponse.<\/p>\n<p>Le 22 juin 2011, le Conseil d\u2019\u00c9tat a annul\u00e9 mon exclusion<a href=\"#_ftn3\" name=\"_ftnref3\">[3]<\/a>. Mais \u00e0 nouveau, rien n\u2019a chang\u00e9, les mesures d\u2019exclusion ont \u00e9t\u00e9 maintenues.<\/p>\n<p>Monsieur le ministre, je ne vais pas r\u00e9pondre au fichage politique par la s\u00fbret\u00e9 de l\u2019\u00c9tat, je l\u2019ai d\u00e9j\u00e0 fait \u00e0 plusieurs reprises. J\u2019aimerais seulement vous soumettre deux r\u00e9flexions.<\/p>\n<p>La premi\u00e8re concerne le droit. Jamais, ni au moment de mon exclusion, ni au cours des dix ann\u00e9es suivantes, les services de police ou de la justice ne m\u2019ont accus\u00e9 ou inculp\u00e9 de quoi que ce soit. Jamais. Seules mes opinions d\u00e9rangent. Ne restent que la suspicion, le \u00ab\u00a0profil\u00a0\u00bb. Mais peut-on bannir quelqu\u2019un sur base de la suspicion\u00a0? O\u00f9 sont l\u2019\u00c9tat de droit, la libert\u00e9 d\u2019expression, les droits de l\u2019homme, les droits de la d\u00e9fense, le respect de d\u00e9cisions de justice, tous ces principes sacr\u00e9s dont on se vante et qu\u2019on exporte dans le monde entier\u00a0? Est-il normal que la direction des prisons ne donne pas suite \u00e0 une d\u00e9cision du Conseil d\u2019\u00c9tat d\u00e9clarant mon exclusion ill\u00e9gale\u00a0? Apr\u00e8s dix ans, n\u2019est-il pas temps de lever mon ban professionnel, d\u2019arr\u00eater des pratiques \u00e0 la Guantanamo o\u00f9 on peut garder en d\u00e9tention quelqu\u2019un qui n\u2019a \u00e9t\u00e9 ni inculp\u00e9 ni condamn\u00e9\u00a0?<\/p>\n<p><strong>Schild &amp; Vrienden et moi<\/strong><\/p>\n<p>Ma deuxi\u00e8me r\u00e9flexion part du contraste flagrant entre le travail acharn\u00e9 de la s\u00fbret\u00e9 de l\u2019\u00c9tat qui a abouti \u00e0 mon exclusion et l\u2019absence totale de ce service dans l\u2019affaire Schild en Vrienden. Pour que la v\u00e9rit\u00e9 \u00e9clate, il a fallu le travail d\u2019investigation de quelques journalistes pr\u00e9occup\u00e9s par l\u2019extr\u00eame droite.<\/p>\n<p>Il y aurait donc deux poids deux mesures dans ce pays au sein des services de police. Comme partout en Europe. J\u2019ai d\u00e9j\u00e0 soulev\u00e9 cette question lors des massacres commis par Anders B. Breivik ou le NSU de B\u00e9ate Zsch\u00e4pe en Allemagne ou d\u2019autres groupes fascistes. Pendant que l\u2019extr\u00eame droite fasciste s\u2019arme, la police et les services secrets traquent les r\u00e9fugi\u00e9s, les activistes qui les h\u00e9bergent, des militants \u00e9cologistes, des personnes issues de l\u2019immigration, souvent musulmanes, des d\u00e9mocrates qui se dressent contre les l\u00e9gislations liberticides et les d\u00e9rives antiterroristes.<\/p>\n<p>Ainsi, je peux lire dans De Standaard\u00a0: \u00ab\u00a0<em>Dans le rapport le plus r\u00e9cent sur la lutte antiterroriste d\u2019Europol, il n\u2019y a aucune mention de Schild &amp; Vrienden<\/em>\u00a0\u00bb<a href=\"#_ftn4\" name=\"_ftnref4\">[4]<\/a>. Le leader de Schild &amp; Vrienden rencontre le premier ministre Viktor Orban\u00a0? Des membres de Schild &amp; Vrienden suivent une formation \u00e0 manipuler des armes\u00a0? Aucun probl\u00e8me pour la S\u00fbret\u00e9 de l\u2019\u00c9tat. \u00ab\u00a0Schild &amp; Vrienden\u00a0\u00bb, \u00e9crit le journal, \u00ab <em>n&rsquo;\u00e9tait pas consid\u00e9r\u00e9 comme un risque direct pour la s\u00e9curit\u00e9 publique\u2026 M\u00eame aujourd&rsquo;hui, il n&rsquo;y a pas d&rsquo;\u00e9l\u00e9ments pour cela. C&rsquo;est pourquoi l&rsquo;enqu\u00eate sur l&rsquo;organisation est men\u00e9e par le parquet de Gand et non par le parquet f\u00e9d\u00e9ral\u00a0<\/em>\u00bb.\u00a0Dans un interview \u00e0 la t\u00e9l\u00e9vision, vous avez couvert cette politique en d\u00e9clarant, je cite\u00a0: \u00ab\u00a0<em>Si vous regardez cette organisation de l\u2019ext\u00e9rieur, il n\u2019est pas \u00e9vident qu\u2019une telle organisation constituerait une menace pour la s\u00e9curit\u00e9 publique. Quelqu&rsquo;un qui obtient 2 500 voix au conseil \u00e9tudiant de Gand, vous ne vous en m\u00e9fiez pas imm\u00e9diatement<\/em>\u00a0\u00bb<a href=\"#_ftn5\" name=\"_ftnref5\">[5]<\/a>. Ici, pas question de profil. Pas question de suspicion. Il suffit qu\u2019un fasciste obtienne 2500 voix au conseil \u00e9tudiant pour que notre justice et nos services de police d\u00e9tournent le regard.<\/p>\n<p>Quant \u00e0 l\u2019infiltration des militants de l\u2019extr\u00eame droite dans les institutions et les partis, comme le candidat Thomas Maes sur une liste \u00e9lectorale de votre parti, l\u00e0 aussi vous \u00eates bien tendre\u00a0: \u00ab J<em>e pense qu&rsquo;il est normal que tous les partis politiques aient \u00e0 un moment ou un autre \u00e0 faire avec un membre d\u2019un mouvement de jeunesse tr\u00e8s large\u2026<\/em>\u00a0\u00bb. Tout comme le recteur de l\u2019universit\u00e9 catholique de Leuven qui a d\u00e9j\u00e0 annonc\u00e9 que le leader de Schild &amp; Vrienden, exclu de l\u2019universit\u00e9 de Gand, m\u00e9ritait une deuxi\u00e8me chance\u2026\u00a0: \u00ab\u00a0<em>Je ne veux pas fermer la porte a priori pour cet homme. En excluant par d\u00e9finition des opinions aberrantes, l\u2019universit\u00e9 se placerait hors de son r\u00f4le soci\u00e9tal, a d\u00e9clar\u00e9 le recteur.\u00a0<\/em>\u00bb<a href=\"#_ftn6\" name=\"_ftnref6\">[6]<\/a><\/p>\n<p>D\u2019o\u00f9 ma question\u00a0: accepteriez-vous que je travaille en tant qu\u2019enseignant, tout en ayant, non pas une opinion aberrante, mais une parole contraire \u00e0 celle des autorit\u00e9s\u00a0? Car vous auriez la garantie\u00a0que, contrairement \u00e0 l\u2019extr\u00eame droite qui nie et qui ment, j\u2019assume mes positions et mes actions. N\u2019est-ce pas la base d\u2019une vraie communication et d\u2019une v\u00e9ritable transparence\u00a0?<\/p>\n<p>Je ne veux pas terminer cette lettre sans aborder les illusions que j\u2019ai eues \u00e0 votre encontre. Vous savez, par le pass\u00e9, je me suis habitu\u00e9 \u00e0 la non-communication et au refus de dialoguer de la part du minist\u00e8re de la Justice. Au point o\u00f9 je ne me faisais plus d\u2019illusions sur les \u00ab\u00a0signaux positifs\u00a0\u00bb venant d\u2019en haut. Je l\u2019admets\u00a0: vous m\u2019aviez presque fait changer d\u2019avis. Un ancien gardien de la prison de Saint-Gilles avec qui je suis toujours en contact, m\u2019a dit qu\u2019il vous connaissait et que vous \u00e9tiez diff\u00e9rent de vos pr\u00e9d\u00e9cesseurs. Qu\u2019avec vous, mon exclusion en tant qu\u2019enseignant dans les prisons pourrait se r\u00e9gler. Je l\u2019ai \u00e9cout\u00e9, sans plus.<\/p>\n<p>Plus tard, quand une journaliste de Humo m\u2019a dit que vous accepteriez de d\u00e9battre avec moi sur la nouvelle prison de Haren, j\u2019ai d\u2019abord \u00e9t\u00e9 tr\u00e8s \u00e9tonn\u00e9. Je me disais que votre style de communication, qui impressionnait les journalistes, n\u2019\u00e9tait peut-\u00eatre pas une fa\u00e7ade politicienne. En octobre 2013, quand vous \u00eates devenu ministre des Finances, ces journalistes avaient d\u00e9crit votre style de communication comme \u00ab\u00a0<em>ouvert, direct, doux, gentil, spontan\u00e9, authentique&#8230;<\/em>\u00a0\u00bb <a href=\"#_ftn7\" name=\"_ftnref7\">[7]<\/a>. Deux ans plus tard, ministre de la Justice, vous avez particip\u00e9 \u00e0 un petit film de promotion pour une communication claire. Radio 1<a href=\"#_ftn8\" name=\"_ftnref8\">[8]<\/a> vous a d\u00e9cern\u00e9 le label \u00ab\u00a0<em>Heerlijk Helder<\/em>\u00a0\u00bb (Agr\u00e9ablement Clair), je cite, \u00ab\u00a0<em>non parce que votre d\u00e9partement excelle dans la communication claire, mais parce que vous-m\u00eame parlez un langage clair<\/em>.\u00bb<a href=\"#_ftn9\" name=\"_ftnref9\">[9]<\/a><\/p>\n<p>Alors oui, j\u2019y ai cru un moment. Il y avait l\u2019espoir que vous, en tant que professeur \u00e0 l\u2019universit\u00e9, avocat, Master of Laws \u00e0 l\u2019universit\u00e9 de Harvard, alliez mettre fin \u00e0 ce refus syst\u00e9matique de communiquer que j\u2019ai v\u00e9cu de la part de vos pr\u00e9d\u00e9cesseurs.<\/p>\n<p>&nbsp;<\/p>\n<p>Jusqu\u2019au moment o\u00f9 vous et moi avions rendez-vous avec une journaliste de Humo, le lundi 29 juin 2015, \u00e0 17 heures, \u00e0 votre cabinet au minist\u00e8re de la Justice. Ce rendez-vous \u00e9tait fix\u00e9, refix\u00e9 et confirm\u00e9 dix jours avant. Mais le lundi matin, vous avez fait t\u00e9l\u00e9phoner par vos collaborateurs \u00e0 la journaliste pour lui dire que \u00ab\u00a0<em>Monsieur Vervaet n\u2019\u00e9tait pas le bienvenu\u00a0<\/em>\u00bb. \u00ab\u00a0<em>Qu\u2019il ne devait pas se pr\u00e9senter avec elle au cabinet<\/em>\u00a0\u00bb. \u00ab\u00a0<em>Que l\u2019interview aurait lieu sans lui\u00a0<\/em>\u00bb.<\/p>\n<p>Je me demande comment \u00e7a se passe dans vos bureaux. Avez-vous tenu un briefing, t\u00f4t matin, sur votre programme du jour, pendant lequel un collaborateur vous a transmis une note de la s\u00fbret\u00e9 de l\u2019\u00c9tat sur \u00ab\u00a0mon profil\u00a0\u00bb, vous d\u00e9conseillant d\u2019entrer en d\u00e9bat avec moi ?<\/p>\n<p>L\u2019article dans Humo a finalement paru le 7 juillet 2015 sous forme d\u2019un interview qui n\u2019en \u00e9tait pas un\u00a0: avec vous, Hans Claus, directeur de prison, et moi-m\u00eame. L\u2019interview se trouve toujours sur votre site. Dans l\u2019introduction, il est dit qu\u2019aucun des trois interview\u00e9s ne voulait s\u2019asseoir \u00e0 la table avec les deux autres. En ce qui me concerne, j\u2019y \u00e9tais parfaitement pr\u00eat. Dans l\u2019article vous justifiez votre refus : \u00ab\u00a0<em>l\u2019affaire de Vervaet est une affaire sensible\u00a0<\/em>\u00bb. Monsieur le Ministre, que signifie \u00ab\u00a0sensible\u00a0\u00bb\u00a0? Vous auriez simplement pu dire que l\u2019interview porterait uniquement sur la prison de Haren et non sur mon exclusion, affaire dite sensible\u00a0? Hans Claus dit clairement qu\u2019il acceptait un interview \u00e0 trois, mais, dit-il, \u00ab\u00a0<em>l&rsquo;administrateur g\u00e9n\u00e9ral des prisons Meurisse ne veut pas que je rencontre Vervaet\u00a0<\/em>\u00bb. Avez-vous compris que tout ce show pour refuser une b\u00eate interview, d\u2019abord accept\u00e9e, est tout simplement ridicule\u00a0?<\/p>\n<p>Tout s\u2019explique dans cet interview sur Haren. Vous ne vous \u00eates jamais distanci\u00e9 des pratiques du pass\u00e9, depuis votre arriv\u00e9e \u00e0 la t\u00eate de la Justice. Dans l\u2019interview, vous dites vouloir agir dans \u00ab\u00a0la continuit\u00e9\u00a0\u00bb, \u00eatre \u00ab\u00a0loyal\u00a0\u00bb par rapport \u00e0 vos pr\u00e9d\u00e9cesseurs. Lesquels\u00a0? En quinze ans de temps, nous avons eu droit \u00e0 sept ministres de la Justice ! \u00c7a fait une moyenne de deux ans de service par ministre. De 2000 \u00e0 2015, se sont succ\u00e9d\u00e9 Marc Verwilghen (VLD), Laurette Onkelinx (PS), Jo Vandeurzen (CD&amp;V), Stefaan De Clerck (CD&amp;V), Annemie Turtelboom (Open VLD), Maggie De Block (Open VLD) et vous.<\/p>\n<p>Pour d\u00e9fendre votre d\u00e9cision de maintenir et d\u2019imposer la construction de la m\u00e9ga-prison \u00e0 Haren, vous dites\u00a0: \u00ab\u00a0<em>J\u2019agis dans la continuit\u00e9&#8230;<\/em>\u00a0\u00bb. De quelle continuit\u00e9 parlez-vous\u00a0? De la loi Dupont qui devait fixer les droits des d\u00e9tenus, un travail commenc\u00e9 \u00e0 la demande de Stefaan De Clerck en 1995, vot\u00e9e en 2005 et toujours pas mise en application\u00a0? Des d\u00e9lires de votre pr\u00e9d\u00e9cesseur Madame Turtelboom\u00a0? De la note de Stefaan De Clerck en 1995, qui nous promettait moins de prisons, pour apr\u00e8s devenir un d\u00e9fenseur du Masterplan pour la construction des nouvelles prisons\u00a0? La vraie continuit\u00e9 se trouve dans l\u2019appareil de l\u2019\u00c9tat, le seul \u00e0 r\u00e9sister \u00e0 tous les changements issus des \u00e9lections. Cette machine continue son chemin en r\u00e9duisant progressivement son r\u00f4le social, en augmentant les in\u00e9galit\u00e9s et en durcissant la punition des pauvres, par l\u2019incarc\u00e9ration, l\u2019expulsion et la construction de plus de prisons.<\/p>\n<p>Au moment o\u00f9 j\u2019\u00e9cris ces lignes, les deux experts qui travaillent depuis trois ans sur la r\u00e9daction du nouveau code p\u00e9nal d\u00e9missionnent\u00a0! Le juge Damien Vandermeersch, avocat-g\u00e9n\u00e9ral de la Cour de cassation et professeur de droit p\u00e9nal de l&rsquo;UCL et de Saint-Louis, et Jo\u00eblle Rozie, professeure \u00e0 l&rsquo;Universit\u00e9 d&rsquo;Anvers, protestent ainsi contre cette continuit\u00e9\u00a0: \u00ab<em>\u00a0Le gouvernement Michel a introduit des modifications \u00e0 leur projet, en contradiction avec les principes de base \u00e9tablis par eux. En clair, les autorit\u00e9s replacent la prison comme \u00ab\u00a0figure centrale\u00a0\u00bb du code p\u00e9nal\u00a0\u00bb,<\/em> peut-on lire dans la presse.<a href=\"#_ftn10\" name=\"_ftnref10\">[10]<\/a><\/p>\n<p>En conclusion, Monsieur le ministre, je r\u00e9it\u00e8re ma demande d\u2019un entretien pour obtenir la lev\u00e9e de mon interdit professionnel avant la fin de votre mandat.<\/p>\n<p>Avec toute ma consid\u00e9ration,<\/p>\n<p>Luk Vervaet<\/p>\n<p>&nbsp;<\/p>\n<p><a href=\"#_ftnref1\" name=\"_ftn1\">[1]<\/a> <a href=\"http:\/\/www.lesoir.be\/archive\/recup\/la-surete-a-redige-son-c4_t-20100531-00XJ00.html\">http:\/\/www.lesoir.be\/archive\/recup\/la-surete-a-redige-son-c4_t-20100531-00XJ00.html<\/a><\/p>\n<p><a href=\"#_ftnref2\" name=\"_ftn2\">[2]<\/a><a href=\"http:\/\/www.dewereldmorgen.be\/artikels\/2010\/08\/30\/ontslagen-gevangenisleraar-richt-open-brief-aan-justitieminister-de-clerck\">http:\/\/www.dewereldmorgen.be\/artikels\/2010\/08\/30\/ontslagen-gevangenisleraar-richt-open-brief-aan-justitieminister-de-clerck<\/a> \/ <a href=\"http:\/\/www.legrandsoir.info\/Lettre-ouverte-au-ministre-de-la-justice-belge-Stefaan-De-Clerck-a-l-occasion-de-la-rentree-scolaire.html\">http:\/\/www.legrandsoir.info\/Lettre-ouverte-au-ministre-de-la-justice-belge-Stefaan-De-Clerck-a-l-occasion-de-la-rentree-scolaire.html<\/a><\/p>\n<p><a href=\"#_ftnref3\" name=\"_ftn3\">[3]<\/a><a href=\"http:\/\/www.rtbf.be\/info\/belgique\/detail_luc-vervaet-pourra-peut-etre-a-nouveau-enseigner-dans-les-prisons?id=6416583\">http:\/\/www.rtbf.be\/info\/belgique\/detail_luc-vervaet-pourra-peut-etre-a-nouveau-enseigner-dans-les-prisons?id=6416583<\/a><\/p>\n<p><a href=\"#_ftnref4\" name=\"_ftn4\">[4]<\/a> <a href=\"http:\/\/www.standaard.be\/cnt\/dmf20180907_03715821\">http:\/\/www.standaard.be\/cnt\/dmf20180907_03715821<\/a><\/p>\n<p><a href=\"#_ftnref5\" name=\"_ftn5\">[5]<\/a> <a href=\"https:\/\/www.vrt.be\/vrtnws\/nl\/2018\/09\/07\/geens\/\">https:\/\/www.vrt.be\/vrtnws\/nl\/2018\/09\/07\/geens\/<\/a><\/p>\n<p><a href=\"#_ftnref6\" name=\"_ftn6\">[6]<\/a> <a href=\"http:\/\/www.standaard.be\/cnt\/dmf20180907_03714236\">http:\/\/www.standaard.be\/cnt\/dmf20180907_03714236<\/a><\/p>\n<p><a href=\"#_ftnref7\" name=\"_ftn7\">[7]<\/a><a href=\"http:\/\/www.koengeens.be\/news\/2013\/10\/09\/doorgelicht-geens-communiceert-als-geen-ander\">http:\/\/www.koengeens.be\/news\/2013\/10\/09\/doorgelicht-geens-communiceert-als-geen-ander<\/a><\/p>\n<p><a href=\"#_ftnref8\" name=\"_ftn8\">[8]<\/a> Radio premi\u00e8re en n\u00e9erlandais<\/p>\n<p><a href=\"#_ftnref9\" name=\"_ftn9\">[9]<\/a><a href=\"http:\/\/www.bureauklaretaal.be\/nieuws\/heerlijk-helder-label-voor-minister-van-justitie-koen-geens\">http:\/\/www.bureauklaretaal.be\/nieuws\/heerlijk-helder-label-voor-minister-van-justitie-koen-geens<\/a><\/p>\n<p><a href=\"#_ftnref10\" name=\"_ftn10\">[10]<\/a> <a href=\"https:\/\/www.levif.be\/actualite\/belgique\/reforme-du-code-penal-mon-oeil\/article-opinion-889183.html\">https:\/\/www.levif.be\/actualite\/belgique\/reforme-du-code-penal-mon-oeil\/article-opinion-889183.html<\/a><\/p>\n<p><a href=\"http:\/\/lukvervaet.blogspot.com\/2018\/09\/mon-exclusion-comme-enseignant-dans-les.html?spref=gp\">Source<\/a><\/p>\n","protected":false},"excerpt":{"rendered":"<p>\u00a0Lettre ouverte au ministre de la Justice, Koen Geens Bruxelles 12 septembre 2018 Monsieur le ministre, Je vous \u00e9cris \u00e0 l\u2019occasion de la rentr\u00e9e scolaire. C\u2019est aussi une ann\u00e9e d\u2019\u00e9lections qui s\u2019annonce. Mais encore une ann\u00e9e de nouveaux d\u00e9bats sur la prison de Haren et la politique p\u00e9nale \u00e0 mener dans le futur. Ce mois &#8230; <a title=\"Mon exclusion comme enseignant dans les prisons : une peine \u00e0 perp\u00e9tuit\u00e9 ?\" class=\"read-more\" href=\"https:\/\/bruxelles-pantheres.be\/?p=3854\" aria-label=\"En savoir plus sur Mon exclusion comme enseignant dans les prisons : une peine \u00e0 perp\u00e9tuit\u00e9 ?\">Lire la suite<\/a><\/p>\n","protected":false},"author":1,"featured_media":867,"comment_status":"open","ping_status":"open","sticky":false,"template":"","format":"standard","meta":{"footnotes":""},"categories":[25,36,18],"tags":[205],"class_list":["post-3854","post","type-post","status-publish","format-standard","has-post-thumbnail","hentry","category-enseignement","category-europe","category-resistance-bruxelles","tag-luk-vervaet"],"_links":{"self":[{"href":"https:\/\/bruxelles-pantheres.be\/index.php?rest_route=\/wp\/v2\/posts\/3854","targetHints":{"allow":["GET"]}}],"collection":[{"href":"https:\/\/bruxelles-pantheres.be\/index.php?rest_route=\/wp\/v2\/posts"}],"about":[{"href":"https:\/\/bruxelles-pantheres.be\/index.php?rest_route=\/wp\/v2\/types\/post"}],"author":[{"embeddable":true,"href":"https:\/\/bruxelles-pantheres.be\/index.php?rest_route=\/wp\/v2\/users\/1"}],"replies":[{"embeddable":true,"href":"https:\/\/bruxelles-pantheres.be\/index.php?rest_route=%2Fwp%2Fv2%2Fcomments&post=3854"}],"version-history":[{"count":1,"href":"https:\/\/bruxelles-pantheres.be\/index.php?rest_route=\/wp\/v2\/posts\/3854\/revisions"}],"predecessor-version":[{"id":3855,"href":"https:\/\/bruxelles-pantheres.be\/index.php?rest_route=\/wp\/v2\/posts\/3854\/revisions\/3855"}],"wp:featuredmedia":[{"embeddable":true,"href":"https:\/\/bruxelles-pantheres.be\/index.php?rest_route=\/wp\/v2\/media\/867"}],"wp:attachment":[{"href":"https:\/\/bruxelles-pantheres.be\/index.php?rest_route=%2Fwp%2Fv2%2Fmedia&parent=3854"}],"wp:term":[{"taxonomy":"category","embeddable":true,"href":"https:\/\/bruxelles-pantheres.be\/index.php?rest_route=%2Fwp%2Fv2%2Fcategories&post=3854"},{"taxonomy":"post_tag","embeddable":true,"href":"https:\/\/bruxelles-pantheres.be\/index.php?rest_route=%2Fwp%2Fv2%2Ftags&post=3854"}],"curies":[{"name":"wp","href":"https:\/\/api.w.org\/{rel}","templated":true}]}}