{"id":3856,"date":"2018-09-17T20:06:43","date_gmt":"2018-09-17T19:06:43","guid":{"rendered":"https:\/\/bruxelles-pantheres.be\/?p=3856"},"modified":"2018-09-17T21:43:26","modified_gmt":"2018-09-17T20:43:26","slug":"pourquoi-annuler-la-sortie-des-negres-a-deux-acren","status":"publish","type":"post","link":"https:\/\/bruxelles-pantheres.be\/?p=3856","title":{"rendered":"Pourquoi annuler la \u00ab\u00a0sortie des n\u00e8gres\u00a0\u00bb \u00e0 Deux-Acren?"},"content":{"rendered":"<p>Le porte-parole du groupe \u00ab\u00a0Les Bruxelles Panth\u00e8res\u00a0\u00bb \u00e9tait l&rsquo;invit\u00e9 de Christophe Giltay, dans le RTLInfo 18h sur Bel RTL. Il explique pourquoi il a r\u00e9clam\u00e9 l&rsquo;annulation de la \u00ab\u00a0sortie des n\u00e8gres\u00a0\u00bb \u00e0 la Ducasse de Deux-Acren.<!--more--><\/p>\n<div id=\"body-detail\" class=\"w-content-details-article-body\">\n<div style=\"width: 668px; height: 374px;\"><script async=\"async\" type=\"text\/javascript\" src=\"\/\/www.rtl.be\/videos\/player\/vp_embed.js\" videoid=\"681772\"><\/script><\/div>\n<h5>Le d\u00e9fil\u00e9 du groupe folklorique des \u00ab\u00a0n\u00e8gres\u00a0\u00bb, organis\u00e9 lors de la ducasse des Culants de Deux-Acren, dans l&rsquo;entit\u00e9 de Lessines, a \u00e9t\u00e9 retir\u00e9 du programme. Une d\u00e9cision des organisateurs qui fait suite aux plaintes du collectif Bruxelles Panth\u00e8res. Le groupe engag\u00e9 contre les in\u00e9galit\u00e9s raciales a d\u00e9nonc\u00e9 le caract\u00e8re raciste et dangereux de ce d\u00e9fil\u00e9.<\/h5>\n<p>Pol\u00e9mique autour de la \u00ab\u00a0sortie des n\u00e8gres\u00a0\u00bb, un cort\u00e8ge folklorique qui fait partie de la ducasse de deux acres depuis les ann\u00e9es 80. Bruxelles panth\u00e8re, une association de d\u00e9fense des minorit\u00e9s visibles a menac\u00e9 de perturber la manifestation. R\u00e9sultat: les organisateurs ont d\u00e9cid\u00e9 de l&rsquo;annuler, au grand regret des participants.<\/p>\n<p>Invit\u00e9s sur le plateau de Bel RTL, les deux camps se sont exprim\u00e9s. D&rsquo;un c\u00f4t\u00e9,\u00a0Mouhad Reghif, porte-parole et membre de Bruxelles Panth\u00e8re, a pr\u00e9cis\u00e9 les motivations du collectif. De l&rsquo;autre,\u00a0Jacques Haegeman, secr\u00e9taire de la soci\u00e9t\u00e9 qui organise ce d\u00e9fil\u00e9, a d\u00e9fendu les traditions de ce cort\u00e8ge folklorique.<\/p>\n<p><strong>\u00ab\u00a0C&rsquo;est un peu notre carnaval\u00a0\u00bb<\/strong><\/p>\n<p><em>\u00ab\u00a0Je ne vois pas de personne raciste chez nous. Le cort\u00e8ge que l\u2019on fait, existe depuis 1981. Tout le village y participe. C&rsquo;est un peu notre carnaval\u00a0\u00bb<\/em>, argumente le secr\u00e9taire. Selon lui, les moyens utilis\u00e9s par le collectif Bruxelles\u00a0Panth\u00e8res, sont largement critiquables. Pour rappel, c&rsquo;est via une lettre envoy\u00e9e au bourgmestre de la ville que l&rsquo;association s&rsquo;est insurg\u00e9e contre la manifestation.<\/p>\n<p>\u00ab\u00a0Si la cause est noble, la mani\u00e8re dont ces gens nous attaquent n\u2019est pas aussi d\u00e9mocratique et pacifiste qu\u2019ils le disent. Dans la lettre, ils disaient &lsquo;si vous ne prenez pas la mesure, nous viendrons sur place et nous essayerons de faire stopper cette manif par tous les moyens&rsquo; Je m\u2019insurge contre cette fa\u00e7on de proc\u00e9der\u00a0\u00bb, s&rsquo;exclame\u00a0Jacques Haegeman.<\/p>\n<p><strong>\u00ab\u00a0Je ne pense pas qu\u2019on\u00a0puisse\u00a0utiliser la peau des Noirs comme un costume\u00a0\u00bb<\/strong><br \/>\n<strong><em><br \/>\n<\/em><\/strong>Pour\u00a0Mouhad Reghif, il n&rsquo;\u00e9tait pourtant pas question de menaces. Le porte-parole du collectif souligne une mauvaise communication. <em>\u00ab\u00a0On n\u2019a pas de juriste, ni de communicant. On a peut-\u00eatre fait une petite faute, il manquait la mention &lsquo;dans le cadre de loi&rsquo;. Evidemment, il n&rsquo;y a pas de violence\u00a0\u00bb<\/em>, assure-t-il. Selon lui, il n&rsquo;est pas acceptable qu&rsquo;une telle tradition perdure:\u00a0\u00bb<em>Je ne pense pas qu\u2019on puisse utiliser la peau des Noirs comme un costume. Ce n&rsquo;est pas Spiderman ou Captain America\u00a0\u00bb<\/em>.<\/p>\n<p><a href=\"https:\/\/www.rtl.be\/info\/regions\/hainaut\/-evidemment-il-n-y-a-pas-de-violence-le-collectif-qui-reclame-l-annulation-de-la-sortie-des-negres-de-deux-acren-ne-parle-pas-de-menaces-1059289.aspx\">Source<\/a><\/p>\n<h4>Lessines: la sortie du \u00abgroupe des N\u00e8gres\u00bb n\u2019aura pas lieu gr\u00e2ce \u00e0 la lettre d\u2019un groupe antiraciste<\/h4>\n<div class=\"gr-article-header\">\n<div class=\"lead gr-article-teaser\">\n<p>Le bourgmestre a d\u00e9cid\u00e9 d\u2019annuler l\u2019\u00e9v\u00e9nement apr\u00e8s avoir re\u00e7u un e lettre de la part du groupe antiraciste Bruxelles Panth\u00e8res. Le groupe y d\u00e9nonce l\u2019utilisation du blackface, pratique raciste, lors de cet f\u00eate folklorique.<\/p>\n<\/div>\n<\/div>\n<div class=\"gr-media gr-media-image gr-main-media\">\n<div class=\"thumbnail embed-responsive embed-responsive-16by9\">\n<p><img decoding=\"async\" class=\"embed-responsive-item gr-content-image gr-main-image img-responsive\" src=\"http:\/\/www.lesoir.be\/sites\/default\/files\/dpistyles_v2\/ena_16_9_extra_big\/2018\/09\/14\/node_178314\/24053081\/public\/2018\/09\/14\/B9716919491Z.1_20180914100437_000+GIHC1HHHV.1-0.jpg?itok=SVxFoNU0\" alt=\"D.R\" data-width=\"\" data-height=\"\" \/><\/p>\n<div class=\"gr-caption\">D.R<\/div>\n<\/div>\n<\/div>\n<div class=\"gr-article-content\">\n<p><span class=\"drop-cap\">L<\/span>e groupe antiraciste Bruxelles Panth\u00e8res a fait parvenir une lettre au bourgmestre de la commune des Deux-Acren, entit\u00e9 de Lessines, pour demander l\u2019interdiction de la sortie du \u00ab\u00a0groupe des N\u00e8gres\u00a0\u00bb. Bruxelles Panth\u00e8res d\u00e9nonce, dans sa lettre, le recours au blackface lors de ce d\u00e9fil\u00e9.<\/p>\n<p>\u00ab\u00a0 <em>Sur des photos de la \u00ab\u00a0kermesse des Culants\u00a0\u00bb, on peut y voir des hommes au maquillage noir portant des colliers d\u2019os, le tour des l\u00e8vres maquill\u00e9 en rouge. Que des blancs se d\u00e9guisent en noirs ainsi dans la ville n\u2019est pas une pratique qui fait honneur \u00e0 votre ville. Cette pratique raciste enseigne depuis cinquante ans aux enfants que les noirs sont des sauvages<\/em> \u00a0\u00bb, \u00e9crit le comit\u00e9 antiraciste dans sa lettre, publi\u00e9e par la <a href=\"https:\/\/www.rtbf.be\/info\/regions\/detail_deux-acren-le-groupe-des-negres-ne-sortira-pas-a-la-ducasse-des-culants-par-crainte-de-debordements?id=10018807\">RTBF<\/a>.<\/p>\n<p>Le bourgmestre a pris la d\u00e9cision d\u2019annuler la sotie du \u00ab\u00a0groupe des N\u00e8gres\u00a0\u00bb, alors que le groupe antiraciste menace de d\u00e9bordements. \u00ab\u00a0 <em>Pour \u00e9viter tout risque de d\u00e9bordement que vous ne souhaitez certainement pas, je vous demande l\u2019annulation de l\u2019\u00e9v\u00e9nement intitul\u00e9 \u00ab\u00a0la sortie des N\u00e8gres\u00a0\u00bb (\u2026) Dans le cas contraire, nous serons oblig\u00e9s de venir \u00e0 Lessines nous-m\u00eame afin de sensibiliser les habitants et les participants des pratiques racistes du Blackface<\/em> \u00a0\u00bb.<\/p>\n<p>Interrog\u00e9 par la RTBF, le bourgmestre de Lessines se dit d\u00e9\u00e7u. \u00ab\u00a0 <em>Je pr\u00f4ne naturellement la d\u00e9fense de nos traditions, de notre culture et de notre folklore, et tout \u00e7a, dans un esprit de tol\u00e9rance<\/em> \u00a0\u00bb, a-t-il d\u00e9clar\u00e9.<\/p>\n<p><a href=\"http:\/\/www.lesoir.be\/178314\/article\/2018-09-14\/lessines-la-sortie-du-groupe-des-negres-naura-pas-lieu-grace-la-lettre-dun\">Source<\/a><\/p>\n<h4 class=\"rtbf-article-main__title col-xs-12 col-md-8 www-col-full-width\"><a href=\"https:\/\/www.rtbf.be\/info\/regions\/detail_deux-acren-le-groupe-des-negres-ne-sortira-pas-a-la-ducasse-des-culants-par-crainte-de-debordements?id=10018807\">Deux-Acren: le \u00ab\u00a0groupe des N\u00e8gres\u00a0\u00bb ne sortira pas \u00e0 la ducasse des Culants, par crainte de d\u00e9bordements<\/a><\/h4>\n<h2 class=\"rtbf-paragraph__title\"><a href=\"http:\/\/&lt;a class=&quot;embedly-card&quot; data-card-via=&quot;https:\/\/www.rtbf.be\/info\/regions\/detail_deux-acren-le-groupe-des-negres-ne-sortira-pas-a-la-ducasse-des-culants-par-crainte-de-debordements?id=10018807&quot; href=&quot;https:\/\/ds1.static.rtbf.be\/uploader\/pdf\/f\/2\/6\/rtbfinfo_c9f7c94d901480a722e866390693eb4f.pdf&quot;&gt;null&lt;\/a&gt;&lt;script async src=&quot;\/\/cdn.embedly.com\/widgets\/platform.js&quot; charset=&quot;UTF-8&quot;&gt;&lt;\/script&gt;\">La lettre de Bruxelles Panth\u00e8res<\/a><\/h2>\n<p>La lettre, envoy\u00e9e le 9 septembre dernier, pr\u00e9cise :<\/p>\n<blockquote><p><em>(&#8230;) pour \u00e9viter tout risque de d\u00e9bordement que vous ne souhaitez certainement pas, je vous demande l&rsquo;annulation de l\u2019\u00e9v\u00e9nement intitul\u00e9 &lsquo;La sortie des N\u00e8gres&rsquo;, qui doit se tenir ce samedi 15 septembre, dans le village Deux-Acren, dans l\u2019entit\u00e9 de Lessines.<\/em><\/p>\n<p><em>Dans le cas contraire, nous serons oblig\u00e9s de venir \u00e0 Lessines nous m\u00eame, afin de sensibiliser les habitants et les participants des pratiques racistes du Blackface, et en particulier, de \u00ab\u00a0La sortie des N\u00e8gres\u00a0\u00bb que nous tenterons de faire annuler par tous les moyens n\u00e9cessaire.<\/em><\/p><\/blockquote>\n<p>&nbsp;<\/p>\n<\/div>\n<p><strong>Sur le m\u00eame sujet lire :<a href=\"https:\/\/bruxelles-pantheres.be\/wp-content\/uploads\/2016\/01\/d4c3b89954cad6e329b1f60e162819afb12233ed8067f01661ad8498f2c7de5e.jpg\"><img decoding=\"async\" class=\"alignnone size-full wp-image-2706\" src=\"https:\/\/bruxelles-pantheres.be\/wp-content\/uploads\/2016\/01\/d4c3b89954cad6e329b1f60e162819afb12233ed8067f01661ad8498f2c7de5e.jpg\" alt=\"\" width=\"400\" height=\"387\" srcset=\"https:\/\/bruxelles-pantheres.be\/wp-content\/uploads\/2016\/01\/d4c3b89954cad6e329b1f60e162819afb12233ed8067f01661ad8498f2c7de5e.jpg 400w, https:\/\/bruxelles-pantheres.be\/wp-content\/uploads\/2016\/01\/d4c3b89954cad6e329b1f60e162819afb12233ed8067f01661ad8498f2c7de5e-300x290.jpg 300w\" sizes=\"(max-width: 400px) 100vw, 400px\" \/><\/a><\/strong><\/p>\n<h4 class=\"entry-title\"><a href=\"https:\/\/bruxelles-pantheres.be\/?p=3067\" rel=\"bookmark\">Il faut qu\u2019on parle des \u00abd\u00e9guisements\u00bb racistes !<\/a><\/h4>\n<h4 class=\"entry-title\"><a href=\"https:\/\/bruxelles-pantheres.be\/?p=3087\" rel=\"bookmark\">Zwarte Piet &amp; blackface en Belgique<\/a><\/h4>\n<h4 class=\"entry-title\"><a href=\"https:\/\/bruxelles-pantheres.be\/?p=3012\" rel=\"bookmark\">Communiqu\u00e9 sur le blackface des \u00e9tudiant.e.s<\/a><\/h4>\n<h4 class=\"entry-title\"><a href=\"https:\/\/bruxelles-pantheres.be\/?p=3494\" rel=\"bookmark\">Contre Black Pete ( Blackface ), le racisme hollandais et l\u2019afrophobie.<\/a><\/h4>\n<h4 class=\"entry-title\"><a href=\"https:\/\/bruxelles-pantheres.be\/?p=2822\" rel=\"bookmark\">\u00ab Noiraud \u00bb\u2026 Non Non Non<\/a><\/h4>\n<h4 class=\"entry-title\"><a href=\"https:\/\/bruxelles-pantheres.be\/?p=2353\" rel=\"bookmark\">En finir avec la blancheur<\/a><\/h4>\n<\/div>\n<p>&nbsp;<\/p>\n","protected":false},"excerpt":{"rendered":"<p>Le porte-parole du groupe \u00ab\u00a0Les Bruxelles Panth\u00e8res\u00a0\u00bb \u00e9tait l&rsquo;invit\u00e9 de Christophe Giltay, dans le RTLInfo 18h sur Bel RTL. Il explique pourquoi il a r\u00e9clam\u00e9 l&rsquo;annulation de la \u00ab\u00a0sortie des n\u00e8gres\u00a0\u00bb \u00e0 la Ducasse de Deux-Acren.<\/p>\n","protected":false},"author":1,"featured_media":2825,"comment_status":"open","ping_status":"open","sticky":false,"template":"","format":"standard","meta":{"footnotes":""},"categories":[36,7,18,28],"tags":[188],"class_list":["post-3856","post","type-post","status-publish","format-standard","has-post-thumbnail","hentry","category-europe","category-negrophobie","category-resistance-bruxelles","category-racismes","tag-blackface"],"_links":{"self":[{"href":"https:\/\/bruxelles-pantheres.be\/index.php?rest_route=\/wp\/v2\/posts\/3856","targetHints":{"allow":["GET"]}}],"collection":[{"href":"https:\/\/bruxelles-pantheres.be\/index.php?rest_route=\/wp\/v2\/posts"}],"about":[{"href":"https:\/\/bruxelles-pantheres.be\/index.php?rest_route=\/wp\/v2\/types\/post"}],"author":[{"embeddable":true,"href":"https:\/\/bruxelles-pantheres.be\/index.php?rest_route=\/wp\/v2\/users\/1"}],"replies":[{"embeddable":true,"href":"https:\/\/bruxelles-pantheres.be\/index.php?rest_route=%2Fwp%2Fv2%2Fcomments&post=3856"}],"version-history":[{"count":4,"href":"https:\/\/bruxelles-pantheres.be\/index.php?rest_route=\/wp\/v2\/posts\/3856\/revisions"}],"predecessor-version":[{"id":3860,"href":"https:\/\/bruxelles-pantheres.be\/index.php?rest_route=\/wp\/v2\/posts\/3856\/revisions\/3860"}],"wp:featuredmedia":[{"embeddable":true,"href":"https:\/\/bruxelles-pantheres.be\/index.php?rest_route=\/wp\/v2\/media\/2825"}],"wp:attachment":[{"href":"https:\/\/bruxelles-pantheres.be\/index.php?rest_route=%2Fwp%2Fv2%2Fmedia&parent=3856"}],"wp:term":[{"taxonomy":"category","embeddable":true,"href":"https:\/\/bruxelles-pantheres.be\/index.php?rest_route=%2Fwp%2Fv2%2Fcategories&post=3856"},{"taxonomy":"post_tag","embeddable":true,"href":"https:\/\/bruxelles-pantheres.be\/index.php?rest_route=%2Fwp%2Fv2%2Ftags&post=3856"}],"curies":[{"name":"wp","href":"https:\/\/api.w.org\/{rel}","templated":true}]}}