{"id":3861,"date":"2018-09-17T22:51:38","date_gmt":"2018-09-17T21:51:38","guid":{"rendered":"https:\/\/bruxelles-pantheres.be\/?p=3861"},"modified":"2018-09-17T23:00:25","modified_gmt":"2018-09-17T22:00:25","slug":"nouveaux-dispositifs-de-controle-repressions-et-resistances-sam-zat-22-09-1000-1600-seminaire-2-3-cfs-universite-populaire","status":"publish","type":"post","link":"https:\/\/bruxelles-pantheres.be\/?p=3861","title":{"rendered":"Nouveaux dispositifs de contr\u00f4le, r\u00e9pressions et r\u00e9sistances.  SAM\/ZAT 22.09 > 10:00 \u2013 16:00 : SEMINAIRE 2 &#038;3 @ CFS-Universit\u00e9 populaire"},"content":{"rendered":"<h4 class=\"single-title\"><a title=\"1998-2018 : r\u00e9sistances actives et collectives contre le durcissement des politiques migratoires\" href=\"https:\/\/www.semiraadamu2018.be\/evenement\/depuis-1998-resistance-collective-contre-le-durcissement-des-politiques-migratoires\/\" rel=\"bookmark\"> 1998-2018 : r\u00e9sistances actives et collectives contre le durcissement des politiques migratoires <\/a><\/h4>\n<figure><a title=\"1998-2018 : r\u00e9sistances actives et collectives contre le durcissement des politiques migratoires\" href=\"https:\/\/www.semiraadamu2018.be\/evenement\/depuis-1998-resistance-collective-contre-le-durcissement-des-politiques-migratoires\/\" rel=\"bookmark\"> <img decoding=\"async\" class=\"attachment-large size-large wp-post-image\" src=\"https:\/\/www.semiraadamu2018.be\/wp-content\/uploads\/2018\/06\/parcmaximilien-sans-papiers.jpg\" sizes=\"(max-width: 656px) 100vw, 656px\" srcset=\"https:\/\/www.semiraadamu2018.be\/wp-content\/uploads\/2018\/06\/parcmaximilien-sans-papiers.jpg 680w, https:\/\/www.semiraadamu2018.be\/wp-content\/uploads\/2018\/06\/parcmaximilien-sans-papiers-300x194.jpg 300w\" alt=\"\" width=\"656\" height=\"424\" \/> <\/a><\/figure>\n<div class=\"timely ai1ec-single-event ai1ec-event-id-708 ai1ec-event-instance-id-16 \">\n<p>&nbsp;<\/p>\n<div class=\"ai1ec-actions\">\n<div class=\"ai1ec-btn-group-vertical ai1ec-clearfix\"><\/div>\n<\/div>\n<\/div>\n<div class=\"timely ai1ec-single-event ai1ec-event-id-708 ai1ec-event-instance-id-16 \">\n<div class=\"ai1ec-event-details ai1ec-clearfix\">\n<div class=\"ai1ec-time ai1ec-row\">\n<div class=\"ai1ec-field-label ai1ec-col-sm-3\">Quand\u00a0:<\/div>\n<div class=\"ai1ec-field-value ai1ec-col-sm-9 dt-duration\">22 septembre 2018 @ 10 h 00 min \u2013 16 h 00 min<\/div>\n<\/div>\n<div class=\"ai1ec-location ai1ec-row\">\n<div class=\"ai1ec-field-label ai1ec-col-sm-3\">O\u00f9\u00a0:<\/div>\n<div class=\"ai1ec-field-value ai1ec-col-sm-9 p-location\">Universit\u00e9 populaire de Bruxelles &#8211; CFS<br \/>\nrue de la Victoire 26 Overwinningstraat<br \/>\n1060 Saint-Gilles<\/div>\n<\/div>\n<div class=\"ai1ec-cost ai1ec-row\">\n<div class=\"ai1ec-field-label ai1ec-col-sm-3\">Co\u00fbt\u00a0:<\/div>\n<div class=\"ai1ec-field-value ai1ec-col-sm-9\">Gratuit<\/div>\n<\/div>\n<div class=\"ai1ec-categories ai1ec-row\">\n<div class=\"ai1ec-field-label ai1ec-col-sm-3 ai1ec-col-xs-1\"><\/div>\n<\/div>\n<\/div>\n<\/div>\n<p><!--more--><\/p>\n<div class=\"timely ai1ec-single-event ai1ec-event-id-708 ai1ec-event-instance-id-16 \">\n<div class=\"ai1ec-event-details ai1ec-clearfix\">\n<div class=\"ai1ec-categories ai1ec-row\">\n<div class=\"ai1ec-field-value ai1ec-col-sm-9 ai1ec-col-xs-10\">Conf\u00e9rence &#8211; discussion repas \/ maaltijd<\/div>\n<\/div>\n<\/div>\n<div class=\"ai1ec-event-avatar timely timely alignleft ai1ec-post_thumbnail ai1ec-landscape\"><img decoding=\"async\" src=\"https:\/\/www.semiraadamu2018.be\/wp-content\/uploads\/2018\/06\/parcmaximilien-sans-papiers-300x194.jpg\" alt=\"1998-2018 : r\u00e9sistances actives et collectives contre le durcissement des politiques migratoires @ Universit\u00e9 populaire de Bruxelles - CFS \" width=\"300\" height=\"194\" \/><\/div>\n<\/div>\n<p>&nbsp;<\/p>\n<p><strong>SAM\/ZAT 22.09 &gt; 10:00 \u2013 16:00 : SEMINAIRE 2 &amp;3 @ CFS-Universit\u00e9 populaire +<i class=\"fa fa-cutlery fa- \"><\/i><\/strong><\/p>\n<h4><i>Evolutions des politiques migratoires et des luttes attenantes aux droits des migrants depuis 1998.<\/i><\/h4>\n<p><strong>10h-12h30<\/strong><\/p>\n<p>Mod\u00e9ration\u00a0: <b>Youri Lou Vertongen<\/b>, politologue, membre du groupe <i>Migrations et Luttes Sociales<\/i><\/p>\n<p>Invit\u00e9-es\u00a0:<\/p>\n<ul>\n<li><b>Claire Rodier<\/b>, juriste au GISTI (Groupe d\u2019information et de soutien des immigr\u00e9s), et co-fondatrice du r\u00e9seau euro-africain Migreurop. Auteure notamment de <i>Migrants &amp; r\u00e9fugi\u00e9s. R\u00e9ponse aux ind\u00e9cis, aux inquiets et aux r\u00e9ticents. <\/i>(La D\u00e9couverte, 2016) et de <i>X\u00e9nophobie business: \u00c0 quoi servent les contr\u00f4les migratoires ?<\/i> (La D\u00e9couverte, 2012). Elle travaille plus particuli\u00e8rement sur les politiques europ\u00e9ennes d\u2019immigration et d\u2019asile. Elle a particip\u00e9 \u00e0 de nombreuses autres publications sur ces th\u00e8mes, collabor\u00e9 \u00e0 <i>l\u2019Atlas des migrants en Europe<\/i> (Armand Colin, r\u00e9\u00e9d. 2012) et coordonn\u00e9, avec Emmanuel Terray, l\u2019ouvrage collectif <i>Immigration, fantasmes et r\u00e9alit\u00e9s<\/i> (La D\u00e9couverte, 2008).<\/li>\n<li>Un.e membre du <b>Collectif Contre les Expulsions<\/b>. Le CCLE \u00e9tait un collectif privil\u00e9giant l\u2019action directe contre les expulsions et les centres ferm\u00e9s, pour la libert\u00e9 de circulation et la r\u00e9gularisation de tous les sans papiers. Il \u00e9tait compos\u00e9 \u00a0dans les faits de plusieurs collectifs de Li\u00e8ge, Louvain, Bruxelles et Gand. Le collectif bruxellois \u00e9manait du Collectif sans Nom, install\u00e9 dans un centre social squatt\u00e9 et autog\u00e9r\u00e9. En 1998 \u00e0 1999, le CCLE a organis\u00e9 des \u00a0actions de sensibilisation \u00e0 l\u2019a\u00e9roport, des occupations (Vottem, Parlement, Minist\u00e8re de la justice\u2026), \u00a0un h\u00e9bergement pour les \u00e9vad\u00e9s du 127 bis, bloqu\u00e9 un fourgon\u2026 Le CCLE a \u00e9galement rendu visible les d\u00e9tenu.es des centres ferm\u00e9s en organisant des campagnes de parrainage et de soutien. Semira \u00a0Adamu en faisait partie. Le CCLE a soutenu sa r\u00e9sistance jusqu\u2019\u00e0 \u00a0sa 6e tentative d\u2019expulsion\u2026 o\u00f9 elle a \u00e9t\u00e9 tu\u00e9e.<\/li>\n<\/ul>\n<ul>\n<li><b>France Arets<\/b>, membre du \u00ab Collectif de R\u00e9sistance Aux Centres Pour Etrangers \u00bb (CRACPE). Le CRACPE est cr\u00e9\u00e9 en 1997 pour emp\u00eacher l\u2019ouverture du centre ferm\u00e9 pour \u00e9trangers de Vottem. En plus d\u2019actions de sensibilisation, le CRACPE organise plusieurs grandes manifestations r\u00e9gionales et participe avec de nombreuses autres associations \u00e0 l\u2019organisation de manifestations nationales. Le CRACPE participe par ailleurs \u00e0 un comit\u00e9 de soutien aux sans-papiers \u00e0 Li\u00e8ge. Il apporte<span class=\"Apple-converted-space\">\u00a0 <\/span>\u00e9galement une aide \u00e0 des personnes sorties de Vottem et \u00e0 des \u00e9tudiants sans papiers (avec le soutien de diverses associations).<\/li>\n<\/ul>\n<ul>\n<li>Un.e membre de la <b>Coordination des sans-papiers. <\/b>La <i>Coordination des sans-papiers<\/i> regroupe aujourd\u2019hui les porte-paroles des collectifs de migrants-es (sans-papiers et demandeurs d\u2019asile) mobilis\u00e9s au sein de la cause des migrants en Belgique. Cette plateforme, cr\u00e9\u00e9e fin 2014, d\u00e9finit des revendications communes, tout en imaginant des mani\u00e8res de respecter les perspectives et les objectifs des diff\u00e9rents collectifs qui la composent.<\/li>\n<\/ul>\n<p>&nbsp;<\/p>\n<p><i><strong>12h30-13h30\u00a0: Pause d\u00e9jeuner<\/strong><br \/>\n<\/i><\/p>\n<p>&nbsp;<\/p>\n<h4><i>Nouveaux dispositifs de contr\u00f4le, r\u00e9pressions et r\u00e9sistances<\/i><\/h4>\n<p><strong>13h30 \u2013 15h30<\/strong><\/p>\n<p>Mod\u00e9ration\u00a0: <b>Vincent Cornil<\/b>, directeur du MRAX<\/p>\n<p>Invit\u00e9.es\u00a0:<\/p>\n<ul>\n<li><b>Thomas Mitevoy<\/b>, avocat au Progress Lawyers Network (\u00e0 confirmer)<\/li>\n<li><b>Mouhad R\u00e9ghif<\/b>, politologue, membre des <i>Bruxelles Panth\u00e8res. Bruxelles Panth\u00e8res<\/i> est un espace de r\u00e9flexion autonome pour toutes celles et tous ceux qui souhaitent s\u2019engager dans le combat contre toutes les in\u00e9galit\u00e9s et plus particuli\u00e8rement contre celles qui ont une substance raciale. Bruxelles Panth\u00e8res a pour objectif de pousser les acteurs de la soci\u00e9t\u00e9 civile \u00e0 prendre un virage radicalement d\u00e9colonial dans tous leurs domaines d\u2019intervention, de l\u2019\u00e9cole \u00e0 la police et de la gestion des quartiers aux relations internationales.<\/li>\n<li><b>Mounir Tahri<\/b>, membre du Groupe des travailleurs sans-papiers de la CSC, membre de la Coordination des sans-papiers. Mounir Tahri a \u00e9t\u00e9 arr\u00eat\u00e9 lors de la rafle \u00e0 l\u2019Asbl Globe Aroma le 9 f\u00e9vrier 2018 et enferm\u00e9 pendant quatre mois au centre ferm\u00e9 du 127bis.<\/li>\n<li>Un.e membre du <b>Collectif Ali Aarrass<\/b>. Ali Aarrass est un belgo-marocain, soup\u00e7onn\u00e9 d\u2019\u00eatre un \u00ab\u00a0djihadiste\u00a0\u00bb proche d\u2019Abdelkader Belliraj, et arr\u00eat\u00e9 pour la premi\u00e8re fois \u00e0 Melilla en novembre 2006 et extrad\u00e9 vers le Maroc en 2010 o\u00f9 il sera condamn\u00e9 \u00e0 15 ans de prison ferme (revue \u00e0 12 ans en appel). L\u2019extradition de Ali Aarrass, et sa condamnation au Maroc, alors qu\u2019il clame son innocence, est un des exemples des plus flagrant de la \u00ab\u00a0double-peine\u00a0\u00bb dont sont victimes les binationaux en Belgique.<\/li>\n<li>Un.e repr\u00e9sentant.e des <b>\u00ab\u00a06 H\u00e9ros\u00a0\u00bb<\/b>, (<i>\u00e0 confirmer<\/i>). Le matin du 17 ao\u00fbt 2016, alors que les passagers prennent place \u00e0 bord d\u2019un vol qui doit les emmener de l\u2019a\u00e9roport de Bruxelles-National vers Douala et Yaound\u00e9 au Cameroun, ils sont t\u00e9moins de l\u2019expulsion forc\u00e9e d\u2019un homme. Face aux cris de d\u00e9tresse de cet homme, la majorit\u00e9 des passagers ne peut s\u2019emp\u00eacher de r\u00e9agir. Ils refusent de s\u2019asseoir, en exprimant verbalement et pacifiquement leur indignation face \u00e0 la violence de l\u2019expulsion en cours. Plusieurs agents de police montent \u00e0 bord et d\u00e9signent, arbitrairement, six personnes comme \u00e9tant les \u00ab meneurs \u00bb des protestations. Ces m\u00eames passagers, trois Fran\u00e7ais et trois Camerounais, sont \u00e0 pr\u00e9sent poursuivis pour \u00ab entrave m\u00e9chante \u00e0 la circulation a\u00e9rienne \u00bb.<\/li>\n<\/ul>\n<p><i>Film\u00e9s et diffus\u00e9s sur la toile gr\u00e2ce \u00e0 l\u2019\u00e9quipe Sans-papiers TV (SPTV)<\/i><\/p>\n<footer class=\"timely ai1ec-event-footer\"><\/footer>\n<div class=\"metas\"><small><i class=\"fa fa-calendar-o\"><\/i> juin 23, 2018 <\/small><\/div>\n<h2 style=\"text-align: center;\"><a href=\"https:\/\/www.semiraadamu2018.be\/programme\/\">https:\/\/www.semiraadamu2018.be\/programme\/<\/a><\/h2>\n<div><a href=\"https:\/\/bruxelles-pantheres.be\/wp-content\/uploads\/2018\/05\/logo-rouge-ok.jpg\"><img decoding=\"async\" class=\"size-full wp-image-3703 aligncenter\" src=\"https:\/\/bruxelles-pantheres.be\/wp-content\/uploads\/2018\/05\/logo-rouge-ok.jpg\" alt=\"\" width=\"1035\" height=\"856\" srcset=\"https:\/\/bruxelles-pantheres.be\/wp-content\/uploads\/2018\/05\/logo-rouge-ok.jpg 1035w, https:\/\/bruxelles-pantheres.be\/wp-content\/uploads\/2018\/05\/logo-rouge-ok-300x248.jpg 300w, https:\/\/bruxelles-pantheres.be\/wp-content\/uploads\/2018\/05\/logo-rouge-ok-1024x847.jpg 1024w, https:\/\/bruxelles-pantheres.be\/wp-content\/uploads\/2018\/05\/logo-rouge-ok-768x635.jpg 768w\" sizes=\"(max-width: 1035px) 100vw, 1035px\" \/><\/a><a href=\"https:\/\/bruxelles-pantheres.be\/wp-content\/uploads\/2018\/05\/33045694_1796180223773251_7678369642175266816_n.jpg\"><img decoding=\"async\" class=\"size-full wp-image-3729 aligncenter\" src=\"https:\/\/bruxelles-pantheres.be\/wp-content\/uploads\/2018\/05\/33045694_1796180223773251_7678369642175266816_n.jpg\" alt=\"\" width=\"960\" height=\"482\" srcset=\"https:\/\/bruxelles-pantheres.be\/wp-content\/uploads\/2018\/05\/33045694_1796180223773251_7678369642175266816_n.jpg 960w, https:\/\/bruxelles-pantheres.be\/wp-content\/uploads\/2018\/05\/33045694_1796180223773251_7678369642175266816_n-300x151.jpg 300w, https:\/\/bruxelles-pantheres.be\/wp-content\/uploads\/2018\/05\/33045694_1796180223773251_7678369642175266816_n-768x386.jpg 768w\" sizes=\"(max-width: 960px) 100vw, 960px\" \/><\/a><\/div>\n","protected":false},"excerpt":{"rendered":"<p>1998-2018 : r\u00e9sistances actives et collectives contre le durcissement des politiques migratoires &nbsp; Quand\u00a0: 22 septembre 2018 @ 10 h 00 min \u2013 16 h 00 min O\u00f9\u00a0: Universit\u00e9 populaire de Bruxelles &#8211; CFS rue de la Victoire 26 Overwinningstraat 1060 Saint-Gilles Co\u00fbt\u00a0: Gratuit<\/p>\n","protected":false},"author":1,"featured_media":3704,"comment_status":"open","ping_status":"open","sticky":false,"template":"","format":"standard","meta":{"footnotes":""},"categories":[36,18,28,39,5],"tags":[31,14,102,23,375],"class_list":["post-3861","post","type-post","status-publish","format-standard","has-post-thumbnail","hentry","category-europe","category-resistance-bruxelles","category-racismes","category-sans-papier","category-violence-policiere","tag-belgique","tag-bruxelles","tag-decolonial","tag-discrimination","tag-mouhad-reghif"],"_links":{"self":[{"href":"https:\/\/bruxelles-pantheres.be\/index.php?rest_route=\/wp\/v2\/posts\/3861","targetHints":{"allow":["GET"]}}],"collection":[{"href":"https:\/\/bruxelles-pantheres.be\/index.php?rest_route=\/wp\/v2\/posts"}],"about":[{"href":"https:\/\/bruxelles-pantheres.be\/index.php?rest_route=\/wp\/v2\/types\/post"}],"author":[{"embeddable":true,"href":"https:\/\/bruxelles-pantheres.be\/index.php?rest_route=\/wp\/v2\/users\/1"}],"replies":[{"embeddable":true,"href":"https:\/\/bruxelles-pantheres.be\/index.php?rest_route=%2Fwp%2Fv2%2Fcomments&post=3861"}],"version-history":[{"count":2,"href":"https:\/\/bruxelles-pantheres.be\/index.php?rest_route=\/wp\/v2\/posts\/3861\/revisions"}],"predecessor-version":[{"id":3863,"href":"https:\/\/bruxelles-pantheres.be\/index.php?rest_route=\/wp\/v2\/posts\/3861\/revisions\/3863"}],"wp:featuredmedia":[{"embeddable":true,"href":"https:\/\/bruxelles-pantheres.be\/index.php?rest_route=\/wp\/v2\/media\/3704"}],"wp:attachment":[{"href":"https:\/\/bruxelles-pantheres.be\/index.php?rest_route=%2Fwp%2Fv2%2Fmedia&parent=3861"}],"wp:term":[{"taxonomy":"category","embeddable":true,"href":"https:\/\/bruxelles-pantheres.be\/index.php?rest_route=%2Fwp%2Fv2%2Fcategories&post=3861"},{"taxonomy":"post_tag","embeddable":true,"href":"https:\/\/bruxelles-pantheres.be\/index.php?rest_route=%2Fwp%2Fv2%2Ftags&post=3861"}],"curies":[{"name":"wp","href":"https:\/\/api.w.org\/{rel}","templated":true}]}}