{"id":3869,"date":"2018-09-24T15:31:21","date_gmt":"2018-09-24T14:31:21","guid":{"rendered":"https:\/\/bruxelles-pantheres.be\/?p=3869"},"modified":"2018-09-24T15:31:21","modified_gmt":"2018-09-24T14:31:21","slug":"bruxelles-un-policier-a-tire-a-trois-reprises-sur-un-sdf","status":"publish","type":"post","link":"https:\/\/bruxelles-pantheres.be\/?p=3869","title":{"rendered":"Bruxelles : \u00ab\u00a0Un policier a tir\u00e9 \u00e0 trois reprises sur un SDF\u00a0\u00bb"},"content":{"rendered":"<p class=\"lead\">Lundi 17 septembre 2018, t\u00f4t le matin, A.E., un SDF belge, est agress\u00e9 par des policiers charg\u00e9s de le r\u00e9veiller et de le faire bouger de l&rsquo;endroit o\u00f9 il dormait pr\u00e8s des tours WTC, face \u00e0 la gare du Nord.<\/p>\n<p>Ce SDF de 43 ans qui dormait sur des cartons a \u00e9t\u00e9 asperg\u00e9 de gaz lacrymog\u00e8ne, il s&rsquo;est d\u00e9fendu, aurait bless\u00e9 l\u00e9g\u00e8rement un policier (qui n&rsquo;a aucune s\u00e9quelle semble-t-il) et un autre policier a fait usage de son arme, \u00e0 trois reprises. Les jours de cet homme sont en danger, il est hospitalis\u00e9 avec deux balles dans le corps, une au niveau de la jambe, l&rsquo;autre au niveau du thorax.<\/p>\n<p>Ce sont les seuls faits pertinents.<\/p>\n<p>Tout le reste de ce qui a \u00e9t\u00e9 dit, tant par le Parquet, que par les policiers et tout ce qui a \u00e9t\u00e9 relay\u00e9 par les m\u00e9dias ne sont que mensonges et tergiversations pour \u00e9chapper \u00e0 la seule v\u00e9rit\u00e9 : un policier a tir\u00e9 sur un SDF.<!--more--><\/p>\n<p>Pour paraphraser Malcolm X : \u00ab\u00a0Si vous n&rsquo;\u00eates pas vigilants, les m\u00e9dias arriveront \u00e0 vous faire d\u00e9tester les gens opprim\u00e9s et aimer ceux qui les oppriment.\u00a0\u00bb En effet, toute la presse parle d&rsquo;un policier agress\u00e9 par un SDF, alors que c&rsquo;est le SDF qui a deux balles dans le corps.<\/p>\n<p><img decoding=\"async\" class=\"alignleft\" src=\"https:\/\/www.levif.be\/medias\/13259\/6788909.jpg\" alt=\"https:\/\/www.levif.be\/medias\/13259\/6788909.jpg\" \/><\/p>\n<p>Le 19 septembre, le parquet annonce que A.E. est inculp\u00e9 pour tentative de meurtre. Une enqu\u00eate va aussi \u00eatre diligent\u00e9e pour \u00ab\u00a0incident de tir\u00a0\u00bb.<\/p>\n<p>Un policier tire \u00e0 bout portant \u00e0 trois reprises en direction d&rsquo;un SDF et les faits sont qualifi\u00e9s d&rsquo;incident de tir. La victime entre la vie et la mort est poursuivie pour tentative de meurtre. C&rsquo;est le monde \u00e0 l&rsquo;envers. L&rsquo;impunit\u00e9 consacr\u00e9e par le pouvoir judiciaire.<\/p>\n<p>Il ne s&rsquo;agit pas d&rsquo;un fait divers banal. Il s&rsquo;agit d&rsquo;une nouvelle \u00e9tape dans l&rsquo;escalade de violences \u00e0 l&rsquo;\u00e9gard des plus fragiles parmi nous.<\/p>\n<p>Le nombre de violences polici\u00e8res ne fait qu&rsquo;augmenter et le traitement judiciaire de ces violences ajoute au sentiment d&rsquo;impunit\u00e9 pour les auteurs et d&rsquo;injustice pour les victimes.<\/p>\n<p>Selon M\u00e9decins du Monde, un migrant sur quatre se plaint d&rsquo;avoir \u00e9t\u00e9 victime de violences gratuites de la part de nos forces de l&rsquo;ordre. M\u00eame constat pour les associations qui viennent en aide \u00e0 \u00ab\u00a0nos\u00a0\u00bb SDF. Les policiers agressent souvent les sans-abris, sans raison, juste pour s&rsquo;amuser. On se souviendra de ce proc\u00e8s de d\u00e9cembre 2013 : treize policiers avaient gravement maltrait\u00e9 des SDF. Une polici\u00e8re avait re\u00e7u un homme comme \u00ab\u00a0cadeau\u00a0\u00bb pour son anniversaire. Elle avait pu s&rsquo;amuser \u00e0 le frapper avec des c\u00e2bles \u00e9lectriques avant de l&rsquo;enfermer dans un placard. Joyeux anniversaire.<\/p>\n<p>Malgr\u00e9 l&rsquo;atrocit\u00e9 des faits, plusieurs d&rsquo;entre eux seront acquitt\u00e9s par la Cour d&rsquo;Appel.<\/p>\n<p>Pourtant, ce n&rsquo;est pas de violences polici\u00e8res dont il est question lorsque le Parquet annonce les faits. [1] Au contraire, il est pr\u00e9cis\u00e9 que A.E. serait belge d&rsquo;origine \u00e9gyptienne. On notera l&rsquo;absence totale de pertinence de cette pseudo information, reprise par l&rsquo;ensemble des m\u00e9dias, si ce n&rsquo;est de souligner que la victime est belge, mais pas tout \u00e0 fait. On notera aussi que le Parquet ne nous dit rien sur l&rsquo;auteur des coups de feu quasi mortels.<\/p>\n<p>Il est indiqu\u00e9 aussi que A.E. n&rsquo;a pas pu \u00eatre interrog\u00e9, en raison de son \u00e9tat de sant\u00e9. Malgr\u00e9 cela, le communiqu\u00e9 reprend la version des policiers comme \u00e9tant la v\u00e9rit\u00e9 : <em>l&rsquo;int\u00e9ress\u00e9 a directement montr\u00e9 un couteau<\/em>.<\/p>\n<p>Oubli\u00e9e la traditionnelle utilisation du conditionnel.<\/p>\n<p>Des images film\u00e9es par une riveraine ont pourtant circul\u00e9 : on y voit de tr\u00e8s nombreux policiers et un homme seul, \u00e0 terre, au moment des coups de feu. L&rsquo;hypoth\u00e8se d&rsquo;un SDF qui vient de se r\u00e9veiller apr\u00e8s une nuit pass\u00e9e sur des cartons, qui a re\u00e7u du gaz lacrymo dans les yeux et qui d\u00e9cide de tuer un des dix policiers qui l&rsquo;encerclent est juste invraisemblable.<\/p>\n<p>Bizarrement, c&rsquo;est la seule hypoth\u00e8se retenue par le Parquet.<\/p>\n<p>Le Parquet a ensuite annonc\u00e9 que A.E. \u00e9tait plac\u00e9 sous mandat d&rsquo;arr\u00eat et inculp\u00e9 de tentative de meurtre, toujours sans aucun respect pour la pr\u00e9somption d&rsquo;innocence dont devrait b\u00e9n\u00e9ficier cet homme. C&rsquo;est lui qui est manifestement victime d&rsquo;une tentative de meurtre.<\/p>\n<p>A.E., comme les autres SDF, doit b\u00e9n\u00e9ficier d&rsquo;une aide sociale, m\u00e9dicale et psychologique. Ce sont des assistants sociaux dont les plus d\u00e9munis ont besoin, pas des patrouilles pour venir les r\u00e9veiller le matin.<\/p>\n<p>La justice doit ouvrir les yeux sur la pauvrophobie de notre soci\u00e9t\u00e9 et le tireur doit \u00eatre inculp\u00e9 de tentative de meurtre. Ce n&rsquo;est que de cette mani\u00e8re qu&rsquo;on pourra mettre fin aux violences polici\u00e8res et au sentiment d&rsquo;impunit\u00e9 dont jouissent les auteurs de ces violences.<\/p>\n<div class=\"well well-small\">\n<p>[1] Metro, Agression au couteau d&rsquo;un policier: l&rsquo;auteur pr\u00e9sum\u00e9 sans-abri est dans un \u00e9tat stable, 17\/09\/2018<\/p>\n<p>24\/09\/2018<\/p>\n<div class=\"columnist-picture\"><img decoding=\"async\" class=\"alignright\" src=\"https:\/\/www.levif.be\/assets\/472\/avatar_241815.jpg\" alt=\"Selma Benkhelifa\" \/><\/div>\n<div class=\"columnist-title\" style=\"text-align: right;\">\n<dl>\n<dt><a href=\"https:\/\/www.levif.be\/actualite\/auteurs\/selma-benkhelifa-1273.html?show=opinions\">Selma Benkhelifa<\/a><\/dt>\n<dd>Avocate &#8211; Progress Lawyers Network<\/dd>\n<\/dl>\n<\/div>\n<\/div>\n<p>&nbsp;<\/p>\n<p>&nbsp;<\/p>\n<p>&nbsp;<\/p>\n<p><a href=\"https:\/\/www.levif.be\/actualite\/belgique\/un-policier-a-tire-a-trois-reprises-sur-un-sdf\/article-opinion-1030947.html\">Source<\/a><\/p>\n","protected":false},"excerpt":{"rendered":"<p>Lundi 17 septembre 2018, t\u00f4t le matin, A.E., un SDF belge, est agress\u00e9 par des policiers charg\u00e9s de le r\u00e9veiller et de le faire bouger de l&rsquo;endroit o\u00f9 il dormait pr\u00e8s des tours WTC, face \u00e0 la gare du Nord. Ce SDF de 43 ans qui dormait sur des cartons a \u00e9t\u00e9 asperg\u00e9 de gaz &#8230; <a title=\"Bruxelles : \u00ab\u00a0Un policier a tir\u00e9 \u00e0 trois reprises sur un SDF\u00a0\u00bb\" class=\"read-more\" href=\"https:\/\/bruxelles-pantheres.be\/?p=3869\" aria-label=\"En savoir plus sur Bruxelles : \u00ab\u00a0Un policier a tir\u00e9 \u00e0 trois reprises sur un SDF\u00a0\u00bb\">Lire la suite<\/a><\/p>\n","protected":false},"author":1,"featured_media":3870,"comment_status":"open","ping_status":"open","sticky":false,"template":"","format":"standard","meta":{"footnotes":""},"categories":[18,39,5],"tags":[31,14,23,19,54,97],"class_list":["post-3869","post","type-post","status-publish","format-standard","has-post-thumbnail","hentry","category-resistance-bruxelles","category-sans-papier","category-violence-policiere","tag-belgique","tag-bruxelles","tag-discrimination","tag-pauvrete","tag-police","tag-selma-benkhelifa"],"_links":{"self":[{"href":"https:\/\/bruxelles-pantheres.be\/index.php?rest_route=\/wp\/v2\/posts\/3869","targetHints":{"allow":["GET"]}}],"collection":[{"href":"https:\/\/bruxelles-pantheres.be\/index.php?rest_route=\/wp\/v2\/posts"}],"about":[{"href":"https:\/\/bruxelles-pantheres.be\/index.php?rest_route=\/wp\/v2\/types\/post"}],"author":[{"embeddable":true,"href":"https:\/\/bruxelles-pantheres.be\/index.php?rest_route=\/wp\/v2\/users\/1"}],"replies":[{"embeddable":true,"href":"https:\/\/bruxelles-pantheres.be\/index.php?rest_route=%2Fwp%2Fv2%2Fcomments&post=3869"}],"version-history":[{"count":1,"href":"https:\/\/bruxelles-pantheres.be\/index.php?rest_route=\/wp\/v2\/posts\/3869\/revisions"}],"predecessor-version":[{"id":3871,"href":"https:\/\/bruxelles-pantheres.be\/index.php?rest_route=\/wp\/v2\/posts\/3869\/revisions\/3871"}],"wp:featuredmedia":[{"embeddable":true,"href":"https:\/\/bruxelles-pantheres.be\/index.php?rest_route=\/wp\/v2\/media\/3870"}],"wp:attachment":[{"href":"https:\/\/bruxelles-pantheres.be\/index.php?rest_route=%2Fwp%2Fv2%2Fmedia&parent=3869"}],"wp:term":[{"taxonomy":"category","embeddable":true,"href":"https:\/\/bruxelles-pantheres.be\/index.php?rest_route=%2Fwp%2Fv2%2Fcategories&post=3869"},{"taxonomy":"post_tag","embeddable":true,"href":"https:\/\/bruxelles-pantheres.be\/index.php?rest_route=%2Fwp%2Fv2%2Ftags&post=3869"}],"curies":[{"name":"wp","href":"https:\/\/api.w.org\/{rel}","templated":true}]}}