{"id":3872,"date":"2018-09-24T18:55:27","date_gmt":"2018-09-24T17:55:27","guid":{"rendered":"https:\/\/bruxelles-pantheres.be\/?p=3872"},"modified":"2018-09-24T18:55:27","modified_gmt":"2018-09-24T17:55:27","slug":"semira-adamu-ils-ont-tue-une-femme-pas-son-combat","status":"publish","type":"post","link":"https:\/\/bruxelles-pantheres.be\/?p=3872","title":{"rendered":"Semira Adamu : \u00ab Ils ont tu\u00e9 une femme, pas son combat ! \u00bb"},"content":{"rendered":"<div>\n<p><em>Semira Adamu \u00e9tait une jeune femme nig\u00e9riane\u00a0; elle militait depuis l\u2019int\u00e9rieur d\u2019un centre ferm\u00e9 en Belgique, o\u00f9 sont retenues les personnes \u00ab\u00a0sans-papiers\u00a0\u00bb. Ce 22 septembre 2018 marque les 20 ans, jour pour jour, de sa mort, tu\u00e9e par l\u2019escorte de gendarmes en charge de son expulsion. Il y a peu, une autre r\u00e9fugi\u00e9e d\u00e9c\u00e9dait des mains des forces de l\u2019ordre belges\u00a0: Mawda, une fille de 2 ans tomb\u00e9e d\u2019une balle dans la t\u00eate. Le gouvernement belge vient \u00e0 nouveau d\u2019autoriser l\u2019enfermement d\u2019enfants et la <a href=\"https:\/\/www.semiraadamu2018.be\/news\/\" rel=\"noopener\">Coordination Semira Adamu 2018 <\/a>clame dans la capitale de l\u2019Union europ\u00e9enne\u00a0: \u00ab\u00a0<\/em>Ils ont tu\u00e9 une femme, pas son combat\u00a0! <em>\u00bb Nous rencontrons Cataline, anciennement membre du Collectif contre les expulsions\u00a0; elle nous fait le r\u00e9cit du combat et de la mort de Semira Adamu qui bouleversa la Belgique.<\/em><\/p>\n<hr \/>\n<\/div>\n<p><!--more--><\/p>\n<hr \/>\n<p align=\"JUSTIFY\"><img decoding=\"async\" class=\"wp-image-39936 size-full alignleft\" src=\"https:\/\/www.revue-ballast.fr\/wp-content\/uploads\/2018\/09\/adamu1.jpg\" sizes=\"(max-width: 300px) 100vw, 300px\" srcset=\"https:\/\/www.revue-ballast.fr\/wp-content\/uploads\/2018\/09\/adamu1.jpg 300w, https:\/\/www.revue-ballast.fr\/wp-content\/uploads\/2018\/09\/adamu1-150x150.jpg 150w, https:\/\/www.revue-ballast.fr\/wp-content\/uploads\/2018\/09\/adamu1-100x100.jpg 100w\" alt=\"\" width=\"300\" height=\"300\" \/><\/p>\n<p>Nous \u00e9tions un petit <a href=\"http:\/\/ccle.collectifs.net\/\" rel=\"noopener\">collectif<\/a> r\u00e9uni \u00e0 la faveur d\u2019un appel d\u2019autres d\u00e9fenseurs fran\u00e7ais de sans-papiers qui occupaient beaucoup les \u00e9glises, dans les ann\u00e9es 1990. En France, des expulsions avaient lieu parmi les gens qui occupaient ces \u00e9glises. Comme tous les collectifs se rendaient \u00e0 l\u2019a\u00e9roport pour les emp\u00eacher en mettant un bazar pas possible, elles ne pouvaient plus avoir lieu. L\u2019\u00c9tat fran\u00e7ais s\u2019\u00e9tait alors dit qu\u2019il allait passer par la Belgique, c\u2019est-\u00e0-dire envoyer les d\u00e9tenus l\u00e0-bas pour les expulser via l\u2019a\u00e9roport de Zaventem. On est en avril 1998\u00a0: notre collectif entre en lien avec le collectif anti-expulsion de France. On faisait partie d\u2019un groupe plus vaste qui s\u2019appelait le Collectif sans Nom, qui r\u00e9unissait des ch\u00f4meurs, des artistes, des \u00e9tudiants, des jeunes travailleurs, des gens qui demandaient les transports gratuits ou organisaient des soir\u00e9es queer\u00a0\u2014 un vrai carrefour de luttes\u00a0! On \u00e9tait alors en squats\u00a0; on occupait un b\u00e2timent en face de la porte de Hal, dans la commune de Saint-Gilles. C\u2019\u00e9tait plus un centre social occup\u00e9 qu\u2019un lieu de vie, comme ceux qu\u2019on trouvait en Italie et en Espagne\u00a0: un lieu de rencontre qui drainait des gens qui avaient envie de vivre et d\u2019\u00eatre bien.<\/p>\n<blockquote><p>\u00ab\u00a0Semira Adamu \u00e9tait d\u00e9tenue dans un centre ferm\u00e9. Un jour, elle a relev\u00e9 un num\u00e9ro de t\u00e9l\u00e9phone d\u00e9ploy\u00e9 sur une banderole que tenait un groupe de personnes de l\u2019autre c\u00f4t\u00e9 de la grille.\u00a0\u00bb<\/p><\/blockquote>\n<p>On \u00e9tait quelques-uns \u00e0 avoir envie de travailler avec des sans-papiers parce qu\u2019on pensait que c\u2019\u00e9tait quand m\u00eame curieux que des gens vivent \u00e0 c\u00f4t\u00e9 de nous sans \u00eatre vraiment parmi nous, et ceci pour des raisons administratives. On a commenc\u00e9 \u00e0 mener des actions \u00e0 l\u2019a\u00e9roport pour emp\u00eacher des expulsions. Au d\u00e9part, on \u00e9tait inform\u00e9s des dates d\u2019expulsion par les collectifs fran\u00e7ais. Puis on a continu\u00e9 \u00e0 y aller \u00e0 l\u2019aveugle, pour finir par y aller un peu tout le temps. On d\u00e9couvrait les expulsions\u00a0: on ne s\u2019\u00e9tait jamais vraiment demand\u00e9s o\u00f9 finissaient les personnes sans-papiers qui \u00e9taient arr\u00eat\u00e9es. Il y avait moins de centres de r\u00e9tentions, et ce n\u2019\u00e9tait pas dans la presse. On n\u2019en parlait pas comme aujourd\u2019hui. Il y avait le 127bis, l\u2019INAD \u00e0 l\u2019int\u00e9rieur de l\u2019a\u00e9roport, le centre de Bruges et Merksplas. Le Vottem [<em>centre ferm\u00e9 belge, ndlr<\/em>] \u00e9tait en construction\u00a0\u2014 on l\u2019a occup\u00e9, d\u2019ailleurs. On allait \u00e0 l\u2019a\u00e9roport sans savoir si et qui allait \u00eatre expuls\u00e9 puisqu\u2019on savait que \u00e7a arrivait un peu tous les jours. On parlait aux voyageurs, spontan\u00e9ment, dans les files, pour leur dire \u00ab\u00a0Si quelqu\u2019un se fait expulser depuis votre avion, restez debout et dites que vous n\u2019\u00eates pas d\u2019accord\u00a0\u00bb. Notre argumentaire \u00e9tait tr\u00e8s simple\u00a0: peu importe qui est la personne en question, si elle ne veut pas partir, il faut l\u2019\u00e9couter et agir. Il y a eu quatre collectifs en Belgique\u00a0: un \u00e0 Li\u00e8ge, un \u00e0 Bruxelles, un \u00e0 Gand et un \u00e0 Louvain.<\/p>\n<p>\u00c7a a dur\u00e9 comme \u00e7a un mois et demi environ, et puis arrive Semira. Elle entre dans nos vies, et d\u2019autres avec elle, soit quasiment tout une aile du centre ferm\u00e9\u00a0: Bonswaka, Rosa, Fatimata, Steve, etc. Semira Adamu \u00e9tait d\u00e9tenue dans un centre ferm\u00e9. Un jour, elle a relev\u00e9 un num\u00e9ro de t\u00e9l\u00e9phone d\u00e9ploy\u00e9 sur une banderole que tenait un groupe de personnes de l\u2019autre c\u00f4t\u00e9 de la grille\u00a0\u2014 c\u2019est comme \u00e7a que \u00e7a a d\u00e9marr\u00e9. Tr\u00e8s vite on a fait des collectes pour acheter des cartes de t\u00e9l\u00e9phone \u00e0 leur transmettre, et les connexions entre l\u2019int\u00e9rieur et l\u2019ext\u00e9rieur se sont \u00e9tablies. Ce n\u2019\u00e9tait pas forc\u00e9ment les premiers liens qui se soient produits\u00a0: je me souviens avoir d\u00e9j\u00e0 vu une chorale chanter dans le vent de la plaine flamande devant le centre ferm\u00e9 \u2014 une dizaine de femmes avec des pancartes, qui s\u2019inqui\u00e9taient de ces gens qui se retrouvaient derri\u00e8re ces grillages. Ah, et il n\u2019y avait qu\u2019un seul grillage \u00e0 l\u2019\u00e9poque, \u00e0 la place de la double rang\u00e9e surmont\u00e9e de barbel\u00e9s d\u2019aujourd\u2019hui.<\/p>\n<div id=\"attachment_39947\" class=\"wp-caption alignnone\"><img decoding=\"async\" class=\"wp-image-39947 size-full\" src=\"https:\/\/www.revue-ballast.fr\/wp-content\/uploads\/2018\/09\/sa01.jpg\" sizes=\"(max-width: 960px) 100vw, 960px\" srcset=\"https:\/\/www.revue-ballast.fr\/wp-content\/uploads\/2018\/09\/sa01.jpg 960w, https:\/\/www.revue-ballast.fr\/wp-content\/uploads\/2018\/09\/sa01-300x188.jpg 300w, https:\/\/www.revue-ballast.fr\/wp-content\/uploads\/2018\/09\/sa01-768x480.jpg 768w, https:\/\/www.revue-ballast.fr\/wp-content\/uploads\/2018\/09\/sa01-700x438.jpg 700w, https:\/\/www.revue-ballast.fr\/wp-content\/uploads\/2018\/09\/sa01-600x375.jpg 600w\" alt=\"\" width=\"960\" height=\"600\" \/><\/p>\n<p class=\"wp-caption-text\">Extrait d\u2019une peinture de Jean Fautrier<\/p>\n<\/div>\n<p>C\u2019est Semira qui \u00e9tablit le premier contact. Le premier choc est de se dire que c\u2019est une fille de nos \u00e2ges\u00a0: elle a 20 ans. Une v\u00e9ritable rencontre. Des lettres s\u2019\u00e9changent\u00a0; d\u2019embl\u00e9e, elle nous donne des informations sur le fonctionnement des centres\u00a0\u2014 ce qui \u00e9tait un gros point d\u2019interrogation pour nous. Quand ce groupe de r\u00e9sistants de l\u2019int\u00e9rieur avait connaissance d\u2019une date d\u2019expulsion, m\u00eame d\u2019une autre personne qu\u2019ils pouvaient \u00e0 peine conna\u00eetre, si cette derni\u00e8re le voulait bien ils nous fournissaient les informations. Semira avait envie de soutien, c\u2019est pour \u00e7a qu\u2019elle a appel\u00e9. C\u2019\u00e9tait une femme lettr\u00e9e, elle parlait plusieurs langues\u00a0; elle venait d\u2019une famille qui lui permettait d\u2019acc\u00e9der \u00e0 ce type de savoir. Elle avait envie d\u2019\u00eatre libre, mener sa vie, mais sa famille voulait la marier \u00e0 un homme polygame. Elle refusait\u00a0; c\u2019est pourquoi elle s\u2019est enfuie du Nigeria. Initialement, elle n\u2019avait pas l\u2019intention de venir en Belgique mais elle s\u2019y \u00e9tait retrouv\u00e9e d\u00e9tenue au cours d\u2019une correspondance d\u2019avion. Elle ne voulait pas \u00eatre renvoy\u00e9e chez elle\u00a0\u2014 et les autres non plus. Alors ils se sont organis\u00e9s de l\u2019int\u00e9rieur.<\/p>\n<blockquote><p>\u00ab\u00a0Des lettres s\u2019\u00e9changent\u00a0; d\u2019embl\u00e9e, elle nous donne des informations sur le fonctionnement des centres\u00a0\u2014 ce qui \u00e9tait un gros point d\u2019interrogation pour nous.\u00a0\u00bb<\/p><\/blockquote>\n<p>Les deux premi\u00e8res tentatives d\u2019expulsion au Nigeria \u00e9chouent car elle refuse\u00a0: les premi\u00e8res fois, en g\u00e9n\u00e9ral, tu dis non et ils ne t\u2019emb\u00eatent pas trop. La troisi\u00e8me fois c\u2019est diff\u00e9rent, \u00e7a se corse. \u00c0 la quatri\u00e8me \u2014 je me souviens de la date, le 21 juillet \u2014, c\u2019est dur. Elle est violent\u00e9e. Une sorte de mobilisation spontan\u00e9e se produit. Je n\u2019y \u00e9tais pas ce soir-l\u00e0, mais je peux en faire un r\u00e9cit. Plusieurs voitures se retrouvent devant le <a href=\"https:\/\/fr.wikipedia.org\/wiki\/Centre_ferm%C3%A9_en_Belgique\">centre ferm\u00e9 du 127bis\u00a0<\/a>et une marche aux flambeaux a lieu. Semira est en isolement\u00a0; elle ne pourra donc rien en voir mais d\u2019autres si, de l\u2019int\u00e9rieur. Certains cassent une vitre et s\u2019\u00e9chappent. Des gens de l\u2019autre c\u00f4t\u00e9 les aident en coupant le grillage avec une cisaille. Pr\u00e8s d\u2019une trentaine de personnes parviennent \u00e0 s\u2019\u00e9vader. Certaines sont prises en voiture par des manifestants, d\u2019autres marchent jusqu\u2019\u00e0 la ville parmi les champs de bl\u00e9s\u2026 Des gens se font arr\u00eater sur place, puis inculper\u00a0: ils ont subi des proc\u00e8s pendant trois ou quatre ans. Les jours suivants, des perquisitions ont lieu \u00e0 la recherche des \u00e9vad\u00e9s, chez des vieux militants qui n\u2019ont probablement plus rien fait depuis 10 ans \u2014 c\u2019est assez dr\u00f4le\u00a0! Puis quelque chose se produit\u00a0: une d\u00e9claration de personnalit\u00e9s publiques qui disent accueillir chez elles des \u00e9vad\u00e9s du 127bis, sur le mode de la d\u00e9sob\u00e9issance civile, et \u00e7a fait boule de neige. Se met en place un chouette r\u00e9seau de solidarit\u00e9\u00a0; de tr\u00e8s nombreuses associations vont nous soutenir. C\u2019est ainsi que plusieurs personnes s\u2019en sont sorties\u00a0; j\u2019en connais encore une aujourd\u2019hui, qui va tr\u00e8s bien, qui a deux enfants, qui a \u00e9t\u00e9 r\u00e9gularis\u00e9e par la suite. Il y a aussi des gens dont on n\u2019a plus jamais entendu parler.<\/p>\n<p>La cinqui\u00e8me tentative d\u2019expulsion de Semira est encore plus violente. On doit \u00eatre en ao\u00fbt. Elle \u00e9choue aussi. Juste apr\u00e8s, la RTBF est en contact t\u00e9l\u00e9phonique avec elle pour une \u00e9mission, <em><a href=\"https:\/\/www.sonuma.be\/archive\/welcome_1\" rel=\"noopener\">L\u2019Hebdo<\/a><\/em>, o\u00f9 on entend la voix de Semira et d\u2019autres. C\u2019est un beau reportage qu\u2019il faut visionner. Il est diffus\u00e9 \u00e0 midi, en week-end, heure de grande \u00e9coute\u00a0: toute la Belgique peut d\u00e9couvrir l\u2019existence de Semira. Au cours de cette interview elle se dit menac\u00e9e, inqui\u00e8te. Je peux rajouter des \u00e9l\u00e9ments qu\u2019elle avait transmis au collectif\u00a0: les matons vont dans sa chambre, lui prennent ses photos, lui font subir des traitements humiliants. Il y a un \u00e9vident travail de sape sur elle. C\u2019est tr\u00e8s important car ces \u00ab\u00a0d\u00e9tails\u00a0\u00bb seront significatifs dans le d\u00e9bat qui secouera plus tard la Belgique\u00a0: son meurtre avait-il \u00e9t\u00e9 pr\u00e9m\u00e9dit\u00e9\u00a0? Nous, nous savions qu\u2019il y avait de claires menaces contre elle, o\u00f9 il lui \u00e9tait dit qu\u2019ils allaient lui faire mal si elle ne se laissait pas faire. C\u2019est ce qu\u2019elle rapporte et nous \u00e9crit\u00a0; d\u2019ailleurs, certaines de ses <a href=\"http:\/\/ccle.collectifs.net\/-Correspondances-\" rel=\"noopener\">lettres<\/a> sont disponibles sur le site du collectif contre les expulsions. Fatimata\u00a0\u2014 l\u2019amie la plus proche de Semira dans le centre et sa voisine de chambre, qui sera lib\u00e9r\u00e9e 9 mois apr\u00e8s sa mort\u00a0\u2014 rapporte aussi des faits r\u00e9v\u00e9lant un climat vexatoire envers Semira. Mais elle \u00e9tait du genre \u00e0 ne pas c\u00e9der, \u00e0 partir en chantant dans ces moments-l\u00e0 ou leur faire une petite danse de Michael Jackson. (<em>rires<\/em>) C\u2019\u00e9tait un caract\u00e8re\u00a0!<\/p>\n<div id=\"attachment_39948\" class=\"wp-caption alignnone\"><img decoding=\"async\" class=\"wp-image-39948 size-full\" src=\"https:\/\/www.revue-ballast.fr\/wp-content\/uploads\/2018\/09\/sa2.jpg\" sizes=\"(max-width: 960px) 100vw, 960px\" srcset=\"https:\/\/www.revue-ballast.fr\/wp-content\/uploads\/2018\/09\/sa2.jpg 960w, https:\/\/www.revue-ballast.fr\/wp-content\/uploads\/2018\/09\/sa2-300x188.jpg 300w, https:\/\/www.revue-ballast.fr\/wp-content\/uploads\/2018\/09\/sa2-768x480.jpg 768w, https:\/\/www.revue-ballast.fr\/wp-content\/uploads\/2018\/09\/sa2-700x438.jpg 700w, https:\/\/www.revue-ballast.fr\/wp-content\/uploads\/2018\/09\/sa2-600x375.jpg 600w\" alt=\"\" width=\"960\" height=\"600\" \/><\/p>\n<p class=\"wp-caption-text\">Extrait d\u2019une peinture de Jean Fautrier<\/p>\n<\/div>\n<p>Semira devient une figure publique\u00a0; la presse produit de plus en plus d\u2019articles sur elle. Il y a aussi le parrainage par <a href=\"https:\/\/fr.wikipedia.org\/wiki\/Lise_Thiry\" rel=\"noopener\">Lise Thiry<\/a>, chercheuse reconnue et personnalit\u00e9 publique. Quelques jours avant la mort de Semira, je suis \u00e0 l\u2019a\u00e9roport avec <a href=\"https:\/\/fr.wikipedia.org\/wiki\/Sarah_Goldberg\" rel=\"noopener\">Sarah Goldberg<\/a>, figure de la r\u00e9sistance\u00a0: nous sommes un petit groupe et nous entrons dans la salle des pilotes\u00a0\u2014 ce qui est tr\u00e8s facile avec des cam\u00e9ras, pr\u00e9sentes notamment parce que Sarah est l\u00e0\u00a0!\u00a0\u2014 pour leur demander de refuser de voler lorsqu\u2019une expulsion est pr\u00e9vue dans leur avion. M\u00eame si elle \u00e9tait l\u00e0 en filigrane, c\u2019\u00e9tait moins la question des papiers que celles de l\u2019enfermement et des expulsions qui r\u00e9unissaient toutes ces figures \u2014\u00a0alors qu\u2019avec le collectif, on revendiquait \u00e9videmment des papiers pour tous. Mais les positions se sont radicalis\u00e9es avec le temps, et en particulier apr\u00e8s la mort de Semira.<\/p>\n<blockquote><p>\u00ab\u00a0Nous, nous savions qu\u2019il y avait de claires menaces contre elle, o\u00f9 il lui \u00e9tait dit qu\u2019ils allaient lui faire mal si elle ne se laissait pas faire.\u00a0\u00bb<\/p><\/blockquote>\n<p>Je fais un petit d\u00e9tour pour poser le contexte. Un peu avant 1998, il y avait de nombreux mouvements en Belgique, notamment \u00e9tudiants, depuis deux ans d\u00e9j\u00e0\u00a0: des occupations de campus, de grandes gr\u00e8ves de professeurs, les mouvements de ch\u00f4meurs en France avec qui on \u00e9tait en lien\u00a0; il y avait l\u2019occupation des <a href=\"https:\/\/fr.wikipedia.org\/wiki\/Forges_de_Clabecq\">Forges de Clabecq<\/a> \u2014\u00a0un mouvement qui m\u00ealait des m\u00e9tallos, des ouvriers, des jeunes, des \u00e9tudiants\u00a0\u2014 et le \u00ab\u00a0mouvement blanc \u00bb<sup id=\"footnote_plugin_tooltip_1\" class=\"footnote_plugin_tooltip_text\">1<\/sup> sur la marchandisation des corps, en lien avec <a href=\"https:\/\/fr.wikipedia.org\/wiki\/Affaire_Dutroux\" rel=\"noopener\">l\u2019affaire Dutroux<\/a>. On est quelque part les enfants de tout \u00e7a. C\u2019\u00e9taient des combats offensifs \u2014 et pas uniquement d\u00e9fensifs comme cela s\u2019est produit plus tard un peu partout. On n\u2019avait pas peur d\u2019y aller. Nous estimions qu\u2019il n\u2019y avait absolument aucune raison de maltraiter ou d\u2019enfermer les personnes arriv\u00e9es ici, qu\u2019on ne pouvait pas consid\u00e9rer les hommes comme des marchandises dont on pourrait se servir et les rejeter d\u00e8s qu\u2019elles apparaissaient en surplus. On essayait au maximum d\u2019\u00eatre \u00e0 l\u2019\u00e9coute des premiers concern\u00e9s. On a bloqu\u00e9 un fourgon qui allait vers l\u2019a\u00e9roport. Il y avait beaucoup d\u2019interpellations mais \u00e7a ne nous arr\u00eatait pas. \u00c0 chacune de nos actions, l\u2019un ou l\u2019autre d\u2019entre nous se prenait une arrestation judiciaire et la majorit\u00e9 \u00e9tait en arrestation administrative. Au fil des actions, ce sont 27 personnes, voire plus, qui se retrouvent inculp\u00e9es.<\/p>\n<p>Fin ao\u00fbt arrive, et la sixi\u00e8me tentative d\u2019expulsion de Semira avec. \u00c7a a \u00e9t\u00e9 un choc\u00a0; on \u00e9tait s\u00fbrs qu\u2019ils allaient la laisser sortir apr\u00e8s l\u2019\u00e9chec de la cinqui\u00e8me tentative. \u00c0 l\u2019\u00e9poque, quand tu r\u00e9sistais un certain nombre de fois, tu pouvais esp\u00e9rer t\u2019en sortir \u2014 l\u2019\u00c9tat te d\u00e9livrait une OQT [<em>Obligation de quitter le territoire, ndlr<\/em>]\u00a0et tu \u00e9tais lib\u00e9r\u00e9 (pas comme aujourd\u2019hui, o\u00f9 ils enferment des Colombiens ou des Alg\u00e9riens alors qu\u2019il n\u2019y a jamais d\u2019accords avec ces pays pour les expulsions). C\u2019est ce qu\u2019elle esp\u00e9rait aussi. Moi, j\u2019\u00e9tais s\u00fbre qu\u2019on irait faire du shopping rue Neuve ensemble, comme elle aimait bien les fringues. J\u2019y croyais vraiment. On apprend de mani\u00e8re tout \u00e0 fait inattendue qu\u2019elle est \u00e0 l\u2019h\u00f4pital de Saint-Luc\u00a0; ceux qui lui parlaient r\u00e9guli\u00e8rement s\u2019y rendent directement.<\/p>\n<div id=\"attachment_39949\" class=\"wp-caption alignnone\"><img decoding=\"async\" class=\"wp-image-39949 size-full\" src=\"https:\/\/www.revue-ballast.fr\/wp-content\/uploads\/2018\/09\/sa3.jpg\" sizes=\"(max-width: 960px) 100vw, 960px\" srcset=\"https:\/\/www.revue-ballast.fr\/wp-content\/uploads\/2018\/09\/sa3.jpg 960w, https:\/\/www.revue-ballast.fr\/wp-content\/uploads\/2018\/09\/sa3-300x188.jpg 300w, https:\/\/www.revue-ballast.fr\/wp-content\/uploads\/2018\/09\/sa3-768x480.jpg 768w, https:\/\/www.revue-ballast.fr\/wp-content\/uploads\/2018\/09\/sa3-700x438.jpg 700w, https:\/\/www.revue-ballast.fr\/wp-content\/uploads\/2018\/09\/sa3-600x375.jpg 600w\" alt=\"\" width=\"960\" height=\"600\" \/><\/p>\n<p class=\"wp-caption-text\">Extrait d\u2019une peinture de Jean Fautrier<\/p>\n<\/div>\n<p>La suite de l\u2019histoire de Semira est racont\u00e9e par les images qu\u2019on a d\u00e9couvertes plus tard avec le proc\u00e8s. Il y a une escorte de six gendarmes, qui la font entrer dans l\u2019avion avant les passagers pour qu\u2019ils ne la voient pas, et la gardent au fond. Elle se manifeste un peu au d\u00e9part et, rapidement, ne fait que chanter\u00a0; puis il y a 11 minutes d\u2019agonie\u00a0: sa t\u00eate est appuy\u00e9e sur un coussin pour qu\u2019elle se taise. Elle s\u2019urine dessus, et sans doute plus\u00a0: dans l\u2019enregistrement, on entend les gendarmes dire \u00ab\u00a0<em>Elle pue<\/em>\u00a0\u00bb. Ils maintiennent la pression du coussin. Au bout d\u2019un moment ils voient qu\u2019elle respire \u00ab\u00a0<em>bizarrement<\/em>\u00a0\u00bb, qu\u2019elle ne bouge plus. Ils finissent par appeler l\u2019ambulance. Cela prend pas mal de temps avant qu\u2019ils la d\u00e9clarent morte. Des propos divergents sont tenus\u00a0\u2014 comme ils ont fait avec la petite <a href=\"http:\/\/plus.lesoir.be\/170869\/article\/2018-08-01\/mawda-ou-comment-limpunite-est-orchestree\" rel=\"noopener\">Mawda<\/a>\u00a0: alors qu\u2019elle est d\u00e9j\u00e0 en mort clinique \u00e0 son arriv\u00e9e \u00e0 l\u2019h\u00f4pital le matin, \u00e7a n\u2019est annonc\u00e9 qu\u2019une fois le soir tomb\u00e9. Beaucoup de gens d\u00e9barquent devant l\u2019h\u00f4pital. On entend \u00e0 la radio le m\u00e9decin de l\u2019h\u00f4pital annoncer la mort de Semira et la voix de Lise Thiry dire \u00ab\u00a0<em>Oh non, c\u2019est pas vrai<\/em>\u00a0\u00bb. C\u2019est tr\u00e8s violent. On grandit vite, d\u2019un coup, pour certains d\u2019entre nous\u00a0\u2014 il y en a qui craquent compl\u00e8tement.<\/p>\n<blockquote><p>\u00ab\u00a0Puis il y a 11 minutes d\u2019agonie\u00a0: sa t\u00eate est appuy\u00e9e sur un coussin pour qu\u2019elle se taise.\u00a0\u00bb<\/p><\/blockquote>\n<p>La suite est assez violente, pour nous aussi. On se retrouve avec toute la presse, \u00e9trang\u00e8re incluse, qui nous tombe dessus \u2014 certains nous harc\u00e8lent vraiment. Un v\u00e9ritable raz-de-mar\u00e9e m\u00e9diatique. Dans les assembl\u00e9es o\u00f9 on \u00e9tait quelques dizaines de personnes, et qu\u2019on a maintenues tout du long des \u00e9v\u00e9nements, beaucoup de monde d\u00e9barque\u00a0: il y a des propositions compl\u00e8tement farfelues, des propos humanitaires, des propos beaucoup plus tendus\u2026 et on se retrouve \u00e0 g\u00e9rer tout \u00e7a avec les moyens de bord, avec des tensions entre nous, aussi. On a la rage surtout. Le jour apr\u00e8s sa mort, on va vers le 127bis secouer les grilles, on va vers Louvain, o\u00f9 <a href=\"https:\/\/fr.wikipedia.org\/wiki\/Louis_Tobback\">Louis Tobback<\/a>, ministre de l\u2019Int\u00e9rieur de l\u2019\u00e9poque et membre du Parti socialiste flamand, se trouve\u00a0: l\u2019atmosph\u00e8re est tendue, des copains sont devenus furieux. Aucun d\u2019entre nous n\u2019\u00e9tait dupe quant \u00e0 la responsabilit\u00e9 de l\u2019\u00c9tat belge. Il ne s\u2019agissait pas seulement des quelques hommes de l\u2019escorte\u00a0; ils avaient appliqu\u00e9 des instructions minist\u00e9rielles. On consid\u00e9rait tous que Tobback avait mis en place les politiques qui avaient rendu possible cette mort. Il y avait, certes, ces hommes ayant si peu de consid\u00e9ration pour la vie qu\u2019ils ont pu \u00e9touffer de longues minutes une personne jusqu\u2019\u00e0 la mort, mais la responsabilit\u00e9 \u00e9tait plus haute, et politique.<\/p>\n<p>Quelques jours plus tard, on d\u00e9barque au Parlement (ou au S\u00e9nat, c\u2019est le m\u00eame b\u00e2timent) pour l\u2019occuper. C\u2019\u00e9tait \u00e9vident, on devait y aller, on voulait voir les responsables de l\u2019assassinat de Semira. C\u2019est une \u00ab\u00a0<a href=\"https:\/\/fr.wikipedia.org\/wiki\/Zone_neutre\" rel=\"noopener\">zone neutre<\/a>\u00a0\u00bb\u00a0: normalement, tu te fais embarquer imm\u00e9diatement car toutes formes de manifestation y sont interdites. Tu peux m\u00eame t\u2019y faire arr\u00eater si tu portes un t-shirt politiquement explicite. On a du sang avec nous, on est tr\u00e8s nombreux. Une partie se retrouve embarqu\u00e9e au poste. Dans la foul\u00e9e, Louis Tobback d\u00e9missionne. Ils ouvrent les portes du 127bis et toutes les personnes qui se trouvent dedans sont lib\u00e9r\u00e9es. Il y a m\u00eame des sc\u00e8nes hallucinantes\u00a0: l\u2019affaire est tellement populaire que les gens se bagarrent presque pour avoir \u00ab\u00a0leur r\u00e9fugi\u00e9 chez eux\u00a0\u00bb\u00a0! (<em>rires<\/em>) L\u2019enterrement est une histoire, aussi\u2026 Une \u00e9norme c\u00e9r\u00e9monie est organis\u00e9e \u00e0 la cath\u00e9drale Saints-Michel-et-Gudule \u00e0 Bruxelles \u2014\u00a0l\u2019\u00e9quivalent de Notre-Dame de Paris\u00a0; il s\u2019agit de l\u2019endroit o\u00f9 ont lieu toutes les grandes c\u00e9r\u00e9monies de la famille royale ou de personnalit\u00e9s tr\u00e8s importantes pour l\u2019\u00c9tat belge\u00a0! Il faut imaginer le symbole. Je ne sais m\u00eame plus dire ce qui se produit, tout va tellement vite.<\/p>\n<div id=\"attachment_39950\" class=\"wp-caption alignnone\"><img decoding=\"async\" class=\"wp-image-39950 size-full\" src=\"https:\/\/www.revue-ballast.fr\/wp-content\/uploads\/2018\/09\/sa4.jpg\" sizes=\"(max-width: 960px) 100vw, 960px\" srcset=\"https:\/\/www.revue-ballast.fr\/wp-content\/uploads\/2018\/09\/sa4.jpg 960w, https:\/\/www.revue-ballast.fr\/wp-content\/uploads\/2018\/09\/sa4-300x188.jpg 300w, https:\/\/www.revue-ballast.fr\/wp-content\/uploads\/2018\/09\/sa4-768x480.jpg 768w, https:\/\/www.revue-ballast.fr\/wp-content\/uploads\/2018\/09\/sa4-700x438.jpg 700w, https:\/\/www.revue-ballast.fr\/wp-content\/uploads\/2018\/09\/sa4-600x375.jpg 600w\" alt=\"\" width=\"960\" height=\"600\" \/><\/p>\n<p class=\"wp-caption-text\">Extrait d\u2019une peinture de Jean Fautrier<\/p>\n<\/div>\n<p>L\u2019escorte est assez rapidement inculp\u00e9e, mais on assiste aux techniques de calomnie classiques sur les victimes de violence d\u2019\u00c9tat\u00a0: on avance que Semira avait des m\u0153urs questionnables\u00a0\u2014 une histoire \u00ab\u00a0d\u2019intention de prostitution\u00a0\u00bb. Cette tentative de salir l\u2019autre dans l\u2019opinion publique (bien que, pour moi, il n\u2019y ait rien de salissant en soi \u00e0 parler de prostitution), de criminaliser l\u2019histoire de la personne tu\u00e9e. Le collectif n\u2019est quant \u00e0 lui pas poursuivi, mais ses actions sont beaucoup cit\u00e9es pendant le proc\u00e8s comme circonstances att\u00e9nuantes, pour \u00e9valuer la responsabilit\u00e9 des gendarmes\u00a0: les actions du collectif auraient \u00ab\u00a0contribu\u00e9\u00a0\u00bb \u00e0 la d\u00e9cision de Semira de r\u00e9sister aux expulsions\u00a0\u2014 et si \u00ab\u00a0elle s\u2019\u00e9tait laiss\u00e9e faire, il n\u2019y aurait pas eu usage de cette technique contre elle \u00bb\u2026 Cinq ann\u00e9es se sont \u00e9coul\u00e9es avant qu\u2019un verdict ne soit prononc\u00e9, en 2003. Les condamnations des gendarmes ont \u00e9t\u00e9 scandaleusement ridicules\u00a0: quatre condamn\u00e9s sur l\u2019ensemble des inculp\u00e9s, tous avec du sursis. Aucun n\u2019a pris de la prison ferme.<\/p>\n<blockquote><p>\u00ab\u00a0Les condamnations des gendarmes ont \u00e9t\u00e9 scandaleusement ridicules\u00a0: quatre condamn\u00e9s sur l\u2019ensemble des inculp\u00e9s, tous avec du sursis.\u00a0\u00bb<\/p><\/blockquote>\n<p>Il faut savoir que la gendarmerie a \u00e9t\u00e9 dissoute \u00e0 cette \u00e9poque, en cons\u00e9quence de l\u2019affaire Dutroux, ne laissant plus qu\u2019une police f\u00e9d\u00e9rale en Belgique. Il y avait une v\u00e9ritable concurrence entre la police et la gendarmerie, au point qu\u2019un corps retienne des informations qui auraient pu servir \u00e0 l\u2019autre corps. Ce \u00ab\u00a0probl\u00e8me de communication\u00a0\u00bb aurait en partie expliqu\u00e9 l\u2019affaire Dutroux\u00a0\u2014 le r\u00e9seau et son \u00e9vasion au cours d\u2019un transfert. Notez l\u2019ironie\u00a0: c\u2019est le m\u00eame reproche fait r\u00e9cemment \u00e0 la police dans l\u2019affaire du meurtre de Mawda\u00a0: une mauvaise transmission des infos. Mawda est dans un camion plein d\u2019autres r\u00e9fugi\u00e9s et il semble qu\u2019une patrouille de police l\u2019ait suivie pendant un long moment en sachant tr\u00e8s bien que des familles \u00e9taient dedans. La voiture change de province, deux autres voitures de police doivent prendre le relais \u2014 les deux nouvelles voitures de police n\u2019auraient pas \u00e9t\u00e9 inform\u00e9es de la situation du v\u00e9hicule, ce qui expliquerait en partie qu\u2019elles aient tir\u00e9 dessus\u2026 Les d\u00e9missions nous semblaient alors tout \u00e0 fait normales. Deux semaines avant la d\u00e9mission de Tobback, Johan Vande Lanotte avait d\u00e9missionn\u00e9 directement apr\u00e8s l\u2019\u00e9vasion de Dutroux. Que Th\u00e9o Francken<sup id=\"footnote_plugin_tooltip_2\" class=\"footnote_plugin_tooltip_text\">2<\/sup> ne d\u00e9missionne pas, aujourd\u2019hui, apr\u00e8s le meurtre de Mawda, voil\u00e0 qui n\u2019est pas normal.<\/p>\n<p>Fatimata a rapport\u00e9 r\u00e9cemment qu\u2019au moment-m\u00eame o\u00f9 Semira \u00e9tait amen\u00e9e \u00e0 l\u2019a\u00e9roport, le 22 septembre 1998, elle-m\u00eame \u00e9tait d\u00e9plac\u00e9e vers un autre centre ferm\u00e9, celui de Bruges (qui est alors une vieille prison dans un \u00e9tat d\u00e9plorable, avec une aile pour les personnes dites ill\u00e9gales, connue\u00a0pour les conditions de d\u00e9tention terribles, o\u00f9 on n\u2019avait droit qu\u2019\u00e0 une douche par semaine). Nous ne savions pas o\u00f9 elle \u00e9tait. Juste apr\u00e8s la mort de Semira, ils en auraient \u00e9galement d\u00e9plac\u00e9 d\u2019autres. Ce n\u2019est qu\u2019une semaine plus tard, par la t\u00e9l\u00e9vision, que Fatimata apprend la mort de Semira. Avant \u00e7a, elle \u00e9tait en isolement. Elle y a \u00e9t\u00e9 d\u00e9tenue deux ou trois mois. Vu ses conditions de d\u00e9tention et avec la pression d\u2019un comit\u00e9 de soutien et de son avocat, elle a \u00e9t\u00e9 transf\u00e9r\u00e9e \u00e0 la prison des femmes de Berkendael. C\u2019\u00e9tait courant\u00a0: quand on n\u2019arrivait pas \u00e0 expulser les gens, on les faisait passer par la case prison. Elle raconte qu\u2019elle avait l\u2019impression d\u2019\u00eatre dans un palais et de voir enfin des Belges\u2026 cela dit quelque chose de ce qui se d\u00e9roulait en centre ferm\u00e9\u00a0! Elle a n\u00e9goci\u00e9 sa sortie avec un groupe de Sierra-L\u00e9onais \u2014 elle refusait de sortir avec une simple OQT, elle exigeait d\u2019\u00eatre lib\u00e9r\u00e9e avec un titre de s\u00e9jour avec d\u2019autres personnes. L\u2019histoire de Fatimata m\u00e9rite aussi d\u2019\u00eatre connue\u00a0\u2014 les luttes men\u00e9es et les victoires emport\u00e9es. Elle est longtemps intervenue dans les comm\u00e9morations de la mort de Semira\u00a0; maintenant, elle est en retrait\u00a0: \u00e7a l\u2019attriste trop, je crois. En tout cas, c\u2019est bien de l\u2019\u00e9touffement des mouvements de r\u00e9sistance \u00e0 l\u2019int\u00e9rieur des camps qu\u2019il s\u2019agissait \u2014 et qu\u2019il s\u2019agit sans doute encore.<\/p>\n<div id=\"attachment_39951\" class=\"wp-caption alignnone\"><img decoding=\"async\" class=\"wp-image-39951 size-full\" src=\"https:\/\/www.revue-ballast.fr\/wp-content\/uploads\/2018\/09\/sa6.jpg\" sizes=\"(max-width: 960px) 100vw, 960px\" srcset=\"https:\/\/www.revue-ballast.fr\/wp-content\/uploads\/2018\/09\/sa6.jpg 960w, https:\/\/www.revue-ballast.fr\/wp-content\/uploads\/2018\/09\/sa6-300x188.jpg 300w, https:\/\/www.revue-ballast.fr\/wp-content\/uploads\/2018\/09\/sa6-768x480.jpg 768w, https:\/\/www.revue-ballast.fr\/wp-content\/uploads\/2018\/09\/sa6-700x438.jpg 700w, https:\/\/www.revue-ballast.fr\/wp-content\/uploads\/2018\/09\/sa6-600x375.jpg 600w\" alt=\"\" width=\"960\" height=\"600\" \/><\/p>\n<p class=\"wp-caption-text\">Extrait d\u2019une peinture de Jean Fautrier<\/p>\n<\/div>\n<p>On invisibilise, on passe sous silence les actions, les luttes des personnes depuis les centres ferm\u00e9s\u00a0; on fait croire qu\u2019il s\u2019agit uniquement de luttes organis\u00e9es par \u00ab\u00a0des petits Blancs\u00a0\u00bb de l\u2019ext\u00e9rieur. Si la police r\u00e9prime les actions de soutien depuis l\u2019ext\u00e9rieur, c\u2019est pour ne pas prendre le risque qu\u2019elles renforcent ce qui se produit \u00e0 l\u2019int\u00e9rieur. C\u2019est pour \u00e7a qu\u2019un deuxi\u00e8me grillage a \u00e9t\u00e9 plac\u00e9 autour des centres ferm\u00e9s. Quand des gens de l\u2019ext\u00e9rieur font du bruit, \u00e7a soutient et parfois renforce les gens qui se battent d\u00e9j\u00e0 \u00e0 l\u2019int\u00e9rieur. C\u2019est leur grande crainte. Il y a toujours des mouvements int\u00e9rieurs, notamment des gr\u00e8ves de la faim. Ils les brisent d\u00e9sormais beaucoup plus t\u00f4t. D\u00e8s qu\u2019une personne a un profil de leader, elle est syst\u00e9matiquement mise au cachot. Si une expulsion \u00e9choue, il y a beaucoup de chances que la personne concern\u00e9e soit transf\u00e9r\u00e9e dans un autre centre pour ne pas que les autres sachent que \u00e7a a rat\u00e9. C\u2019est une pratique de gestion courante. Semira avait des soucis avec la direction, et avec quelques matons, mais pas tous\u00a0; il s\u2019agit aussi d\u2019\u00e9viter de contaminer le personnel du centre. Aussi horrible que cela puisse para\u00eetre, l\u2019\u00c9tat belge a beaucoup appris de l\u2019affaire de Semira.<\/p>\n<p>Certains d\u2019entre nous ont par la suite soutenu les occupations, d\u2019\u00e9glises notamment, par des personnes sans-papiers. L\u2019occupation de l\u2019\u00e9glise Saint-Jean-Baptiste-au-B\u00e9guinage commence en octobre 1998 et dure 100 jours. Depuis, c\u2019est une suite ininterrompue d\u2019occupations d\u2019espaces par les sans-papiers et les collectifs, qui deviennent en m\u00eame temps des lieux de vie. \u00c7a a rendu visible les luttes des sans-papiers, \u00e7a a d\u00e9bouch\u00e9 sur des r\u00e9gularisations, comme en 1999. Mais notre Collectif contre les expulsions n\u2019a pas vraiment surv\u00e9cu \u00e0 Semira. Ce qui m\u2019inqui\u00e9terait, aujourd\u2019hui, c\u2019est qu\u2019on reste bloqu\u00e9s sur le seul fait qu\u2019il y a des gens qui sont morts en r\u00e9sistant \u2014 en oubliant tous ceux qui ont r\u00e9sist\u00e9, r\u00e9sistent et sont vivants. C\u2019est ce que les \u00e9v\u00e9nements organis\u00e9s par la Coordination Semira Adamu 2018 visent \u00e0 faire \u00e9merger\u00a0: un \u00e9change sur nos luttes et nos exp\u00e9riences concr\u00e8tes.<\/p>\n<hr \/>\n<p>Illustration de banni\u00e8re\u00a0: extrait d\u2019une toile de Jean Fautrier<br \/>\nPortrait en vignette\u00a0: DR<\/p>\n<p><a href=\"https:\/\/www.revue-ballast.fr\/semira-adamu-resister\/\">SOURCE<\/a><\/p>\n","protected":false},"excerpt":{"rendered":"<p>Semira Adamu \u00e9tait une jeune femme nig\u00e9riane\u00a0; elle militait depuis l\u2019int\u00e9rieur d\u2019un centre ferm\u00e9 en Belgique, o\u00f9 sont retenues les personnes \u00ab\u00a0sans-papiers\u00a0\u00bb. Ce 22 septembre 2018 marque les 20 ans, jour pour jour, de sa mort, tu\u00e9e par l\u2019escorte de gendarmes en charge de son expulsion. Il y a peu, une autre r\u00e9fugi\u00e9e d\u00e9c\u00e9dait des &#8230; <a title=\"Semira Adamu : \u00ab Ils ont tu\u00e9 une femme, pas son combat ! \u00bb\" class=\"read-more\" href=\"https:\/\/bruxelles-pantheres.be\/?p=3872\" aria-label=\"En savoir plus sur Semira Adamu : \u00ab Ils ont tu\u00e9 une femme, pas son combat ! \u00bb\">Lire la suite<\/a><\/p>\n","protected":false},"author":1,"featured_media":0,"comment_status":"open","ping_status":"open","sticky":false,"template":"","format":"standard","meta":{"footnotes":""},"categories":[1,35,21,36,7,8,18,28,37,39,5],"tags":[31,377,378,15,245],"class_list":["post-3872","post","type-post","status-publish","format-standard","hentry","category-non-classe","category-amerique-du-sud","category-anti-imperialisme","category-europe","category-negrophobie","category-prisons","category-resistance-bruxelles","category-racismes","category-romophobie","category-sans-papier","category-violence-policiere","tag-belgique","tag-centre-ferme","tag-nigeria","tag-resistance","tag-semira-adamu"],"_links":{"self":[{"href":"https:\/\/bruxelles-pantheres.be\/index.php?rest_route=\/wp\/v2\/posts\/3872","targetHints":{"allow":["GET"]}}],"collection":[{"href":"https:\/\/bruxelles-pantheres.be\/index.php?rest_route=\/wp\/v2\/posts"}],"about":[{"href":"https:\/\/bruxelles-pantheres.be\/index.php?rest_route=\/wp\/v2\/types\/post"}],"author":[{"embeddable":true,"href":"https:\/\/bruxelles-pantheres.be\/index.php?rest_route=\/wp\/v2\/users\/1"}],"replies":[{"embeddable":true,"href":"https:\/\/bruxelles-pantheres.be\/index.php?rest_route=%2Fwp%2Fv2%2Fcomments&post=3872"}],"version-history":[{"count":1,"href":"https:\/\/bruxelles-pantheres.be\/index.php?rest_route=\/wp\/v2\/posts\/3872\/revisions"}],"predecessor-version":[{"id":3873,"href":"https:\/\/bruxelles-pantheres.be\/index.php?rest_route=\/wp\/v2\/posts\/3872\/revisions\/3873"}],"wp:attachment":[{"href":"https:\/\/bruxelles-pantheres.be\/index.php?rest_route=%2Fwp%2Fv2%2Fmedia&parent=3872"}],"wp:term":[{"taxonomy":"category","embeddable":true,"href":"https:\/\/bruxelles-pantheres.be\/index.php?rest_route=%2Fwp%2Fv2%2Fcategories&post=3872"},{"taxonomy":"post_tag","embeddable":true,"href":"https:\/\/bruxelles-pantheres.be\/index.php?rest_route=%2Fwp%2Fv2%2Ftags&post=3872"}],"curies":[{"name":"wp","href":"https:\/\/api.w.org\/{rel}","templated":true}]}}