{"id":3882,"date":"2018-09-26T22:57:16","date_gmt":"2018-09-26T21:57:16","guid":{"rendered":"https:\/\/bruxelles-pantheres.be\/?p=3882"},"modified":"2018-09-26T23:26:14","modified_gmt":"2018-09-26T22:26:14","slug":"neuf-ans-plus-tard","status":"publish","type":"post","link":"https:\/\/bruxelles-pantheres.be\/?p=3882","title":{"rendered":"Neuf ans plus tard"},"content":{"rendered":"<p>Ces jours-ci, j&rsquo;en vois beaucoup partager \u00ab\u00a0la gifle\u00a0\u00bb, en mode La Fontaine, du cin\u00e9aste <b>Patrice Leconte<\/b> au raciste organique <b>Eric Zemmour<\/b> (France T\u00e9l\u00e9visions, f\u00e9vrier 2010 -*). Pour ma part, je pr\u00e9f\u00e8re deux punchlines, pr\u00e9c\u00e9dant cet \u00e9pisode, lanc\u00e9es par un certain Tariq Ramadan, en septembre 2009 dans la m\u00eame \u00e9mission (**), au m\u00eame cuistre d&rsquo;extr\u00eame-droite :<!--more--><\/p>\n<p>&#8211; \u00ab\u00a0<i>Non, mais attendez <\/i>: [Fernand] <i><b>Braudel<\/b>, c&rsquo;est la France ? Et Zemmour est son proph\u00e8te ?! Non mais \u00e7a va <\/i><span class=\"m_-1416117664481320147ydp8d7e0148text_exposed_show\"><i>pas ou quoi ?! <\/i>\u00a0\u00bb <\/span><\/p>\n<div class=\"m_-1416117664481320147ydp8d7e0148text_exposed_show\">\n<p>&#8211; \u00ab\u00a0<i>Si vous<\/i> [Zemmour] <i>ou des gens qui vous ressemblent, prenez le pouvoir dans ce pays : la France se trahit ; elle n&rsquo;est pas fid\u00e8le \u00e0 elle-m\u00eame ! Vous \u00eates oppos\u00e9 \u00e0 l&rsquo;histoire de France !<\/i>\u00a0\u00bb<\/p>\n<p>Neuf ans plus tard : a-t-on jamais \u00e9t\u00e9 si proches de cette inqui\u00e9tante pr\u00e9monition de l&rsquo;islamologue suisse concernant le futur pilotage politique de l&rsquo;Hexagone ? En 2022, apr\u00e8s l&rsquo;\u00e9chec (largement pr\u00e9visible) de cinq ann\u00e9es de d\u00e9lires ultralib\u00e9raux estampill\u00e9s <b>Macron<\/b>, vers quel \u00ab\u00a0sauveur\u00a0\u00bb se tournera la majorit\u00e9 du corps \u00e9lectoral fran\u00e7ais ? Qui et quel parti n&rsquo;aura-t-elle pas encore \u00ab\u00a0essay\u00e9\u00a0\u00bb ? A n&rsquo;en pas douter : un remake \u00e9lectoral italien ou hongrois plane sur le pays des Lumi\u00e8res (\u00e9teintes)&#8230;<\/p>\n<p>Neuf ans plus tard : Ramadan est incarc\u00e9r\u00e9 depuis bient\u00f4t huit mois. Sur la base de trois plaintes pour \u00ab\u00a0viols\u00a0\u00bb truff\u00e9es de mensonges et d&rsquo;incoh\u00e9rences. Scandaleuse \u00e0 l&rsquo;\u00e9chelle mondiale, cette interminable d\u00e9tention \u00ab\u00a0pr\u00e9ventive\u00a0\u00bb masque mal un triple objectif d&rsquo;inspiration coloniale :<br \/>\n1) Torturer ce pr\u00e9dicateur \u00ab\u00a0habile\u00a0\u00bb et \u00ab\u00a0insolent\u00a0\u00bb ; lui faire payer jusque dans sa chair l&rsquo;expression de ses positions les plus courageuses dont sa critique pertinente de l\u2019\u00c9tat raciste d&rsquo;Isra\u00ebl comme son soutien \u00e0 la r\u00e9sistance palestinienne.<br \/>\n2) Casser son influence sociopolitique en France jug\u00e9e \u00ab\u00a0grandissante\u00a0\u00bb par ses ennemis et d\u00e9tracteurs, qu&rsquo;ils soient c\u00e9l\u00e8bres ou obscurs, puissants ou mis\u00e9rables.<br \/>\n3) Parvenir \u00e0 le brider sinon \u00e0 le faire taire au sortir de cette sordide exp\u00e9rience d&rsquo;une \u00ab\u00a0justice\u00a0\u00bb fran\u00e7aise \u00e0 deux vitesses&#8230; raciales.<\/p>\n<p>Neuf ans plus tard : Zemmour triomphe et se voit consolid\u00e9 dans son r\u00f4le de premier <b>Goebbels<\/b> de France. Sa parole abjecte d\u00e9brid\u00e9e, salari\u00e9e, r\u00e9invit\u00e9e, surm\u00e9diatis\u00e9e. Obstin\u00e9ment prot\u00e9g\u00e9e malgr\u00e9 une double condamnation judiciaire pour \u00ab\u00a0<i>incitation \u00e0 la haine<\/i>\u00a0\u00bb ; \u00e9coulant des centaines de milliers d&rsquo;exemplaires \u00e0 chaque sortie de ses torchons pseudo-historiques ; continuant \u00e0 fasciner des \u00e9lites m\u00e9diatiques et politiques qui n&rsquo;ont pas le cran d&rsquo;admettre qu&rsquo;elles partagent sa vision colonialiste comme tout ou parties de ses obsessions sexistes, islamophobes et n\u00e9grophobes.<\/p>\n<p><b>Olivier Mukuna <\/b><\/p>\n<p><iframe src=\"\/\/www.dailymotion.com\/embed\/video\/xh0lvh\" width=\"480\" height=\"270\" frameborder=\"0\" allowfullscreen=\"allowfullscreen\"><\/iframe><\/p>\n<p><iframe src=\"\/\/www.dailymotion.com\/embed\/video\/xf7ewf\" width=\"480\" height=\"270\" frameborder=\"0\" allowfullscreen=\"allowfullscreen\"><\/iframe><\/p>\n<p>(*) <a href=\"https:\/\/www.dailymotion.com\/video\/xh0lvh\" target=\"_blank\" rel=\"nofollow noopener\" data-saferedirecturl=\"https:\/\/www.google.com\/url?q=https:\/\/www.dailymotion.com\/video\/xh0lvh&amp;source=gmail&amp;ust=1538085049295000&amp;usg=AFQjCNHLsKoGjyK7aVUH06NNRgx-Y_EgvA\">https:\/\/www.dailymotion.com\/<wbr><\/wbr>video\/xh0lvh<\/a><\/p>\n<p>(**) <a href=\"https:\/\/video-streaming.orange.fr\/tv\/tariq-ramadan-vs-eric-zemmour-france-2-clash-tv-VID0000000x3mJ.html\" target=\"_blank\" rel=\"nofollow noopener\" data-saferedirecturl=\"https:\/\/www.google.com\/url?q=https:\/\/video-streaming.orange.fr\/tv\/tariq-ramadan-vs-eric-zemmour-france-2-clash-tv-VID0000000x3mJ.html&amp;source=gmail&amp;ust=1538085049295000&amp;usg=AFQjCNFcf9D15MZU-F5asHQ6BM1UIXY1tQ\">https:\/\/video-streaming.<wbr><\/wbr>orange.fr\/tv\/tariq-ramadan-vs-<wbr><\/wbr>eric-zemmour-france-2-clash-<wbr><\/wbr>tv-VID0000000x3mJ.html<\/a><\/p>\n<p><strong>Rejoignez-nous ce<a href=\"https:\/\/www.facebook.com\/photo.php?fbid=1730667823727173&amp;set=gm.266311490879886&amp;type=3&amp;theater\"> jeudi 27 septembre \u00e0 17h30, Place de la Monnaie de Bruxelles<\/a> pour un rassemblement en soutien au professeur Tariq Ramadan emprisonn\u00e9 depuis le 31 janvier. Nous r\u00e9clamons sa lib\u00e9ration imm\u00e9diate et son droit \u00e0 un proc\u00e8s \u00e9quitable.<\/strong><\/p>\n<p><a href=\"https:\/\/bruxelles-pantheres.be\/wp-content\/uploads\/2018\/09\/42194337_1730667830393839_7636258033298833408_o.jpg\"><img decoding=\"async\" class=\"alignnone size-full wp-image-3888\" src=\"https:\/\/bruxelles-pantheres.be\/wp-content\/uploads\/2018\/09\/42194337_1730667830393839_7636258033298833408_o.jpg\" alt=\"\" width=\"1386\" height=\"556\" srcset=\"https:\/\/bruxelles-pantheres.be\/wp-content\/uploads\/2018\/09\/42194337_1730667830393839_7636258033298833408_o.jpg 1386w, https:\/\/bruxelles-pantheres.be\/wp-content\/uploads\/2018\/09\/42194337_1730667830393839_7636258033298833408_o-300x120.jpg 300w, https:\/\/bruxelles-pantheres.be\/wp-content\/uploads\/2018\/09\/42194337_1730667830393839_7636258033298833408_o-1024x411.jpg 1024w, https:\/\/bruxelles-pantheres.be\/wp-content\/uploads\/2018\/09\/42194337_1730667830393839_7636258033298833408_o-768x308.jpg 768w, https:\/\/bruxelles-pantheres.be\/wp-content\/uploads\/2018\/09\/42194337_1730667830393839_7636258033298833408_o-1320x530.jpg 1320w, https:\/\/bruxelles-pantheres.be\/wp-content\/uploads\/2018\/09\/42194337_1730667830393839_7636258033298833408_o-600x241.jpg 600w\" sizes=\"(max-width: 1386px) 100vw, 1386px\" \/><\/a><\/p>\n<p>&nbsp;<\/p>\n<\/div>\n","protected":false},"excerpt":{"rendered":"<p>Ces jours-ci, j&rsquo;en vois beaucoup partager \u00ab\u00a0la gifle\u00a0\u00bb, en mode La Fontaine, du cin\u00e9aste Patrice Leconte au raciste organique Eric Zemmour (France T\u00e9l\u00e9visions, f\u00e9vrier 2010 -*). Pour ma part, je pr\u00e9f\u00e8re deux punchlines, pr\u00e9c\u00e9dant cet \u00e9pisode, lanc\u00e9es par un certain Tariq Ramadan, en septembre 2009 dans la m\u00eame \u00e9mission (**), au m\u00eame cuistre d&rsquo;extr\u00eame-droite :<\/p>\n","protected":false},"author":1,"featured_media":3712,"comment_status":"open","ping_status":"open","sticky":false,"template":"","format":"standard","meta":{"footnotes":""},"categories":[36,4,28,17],"tags":[62,259],"class_list":["post-3882","post","type-post","status-publish","format-standard","has-post-thumbnail","hentry","category-europe","category-islamophobie","category-racismes","category-video","tag-olivier-mukuna","tag-tariq-ramadan"],"_links":{"self":[{"href":"https:\/\/bruxelles-pantheres.be\/index.php?rest_route=\/wp\/v2\/posts\/3882","targetHints":{"allow":["GET"]}}],"collection":[{"href":"https:\/\/bruxelles-pantheres.be\/index.php?rest_route=\/wp\/v2\/posts"}],"about":[{"href":"https:\/\/bruxelles-pantheres.be\/index.php?rest_route=\/wp\/v2\/types\/post"}],"author":[{"embeddable":true,"href":"https:\/\/bruxelles-pantheres.be\/index.php?rest_route=\/wp\/v2\/users\/1"}],"replies":[{"embeddable":true,"href":"https:\/\/bruxelles-pantheres.be\/index.php?rest_route=%2Fwp%2Fv2%2Fcomments&post=3882"}],"version-history":[{"count":3,"href":"https:\/\/bruxelles-pantheres.be\/index.php?rest_route=\/wp\/v2\/posts\/3882\/revisions"}],"predecessor-version":[{"id":3890,"href":"https:\/\/bruxelles-pantheres.be\/index.php?rest_route=\/wp\/v2\/posts\/3882\/revisions\/3890"}],"wp:featuredmedia":[{"embeddable":true,"href":"https:\/\/bruxelles-pantheres.be\/index.php?rest_route=\/wp\/v2\/media\/3712"}],"wp:attachment":[{"href":"https:\/\/bruxelles-pantheres.be\/index.php?rest_route=%2Fwp%2Fv2%2Fmedia&parent=3882"}],"wp:term":[{"taxonomy":"category","embeddable":true,"href":"https:\/\/bruxelles-pantheres.be\/index.php?rest_route=%2Fwp%2Fv2%2Fcategories&post=3882"},{"taxonomy":"post_tag","embeddable":true,"href":"https:\/\/bruxelles-pantheres.be\/index.php?rest_route=%2Fwp%2Fv2%2Ftags&post=3882"}],"curies":[{"name":"wp","href":"https:\/\/api.w.org\/{rel}","templated":true}]}}