{"id":3894,"date":"2018-09-28T13:40:21","date_gmt":"2018-09-28T12:40:21","guid":{"rendered":"https:\/\/bruxelles-pantheres.be\/?p=3894"},"modified":"2018-09-26T23:46:10","modified_gmt":"2018-09-26T22:46:10","slug":"collections-coloniales-de-restes-humains-le-gouvernement-encommissionne-lusinga","status":"publish","type":"post","link":"https:\/\/bruxelles-pantheres.be\/?p=3894","title":{"rendered":"Collections coloniales de restes humains : Le gouvernement encommissionne Lusinga"},"content":{"rendered":"<blockquote><p>Alors que le processus de restitution gagnerait \u00e0 devenir un enjeu public, c&rsquo;est-\u00e0-dire \u00e0 faire l&rsquo;objet d&rsquo;une transformation d\u00e9mocratique, le gouvernement encommissionne le cas de la restitution du cr\u00e2ne de Lusinga. L&rsquo;enqu\u00eate r\u00e9alis\u00e9e par Michel Bouffioux avait concouru \u00e0 ouvrir la question en Belgique et dans la foul\u00e9e les pr\u00e9sidents de parti s&rsquo;\u00e9taient prononc\u00e9s pour la restitution (la secr\u00e9taire d\u2019\u00c9tat avait \u00e9t\u00e9 jusqu&rsquo;\u00e0 parler de changer le cadre l\u00e9gal). D\u00e9sormais, Zual Dem<span class=\"text_exposed_show\">ir (N-VA) fait marche arri\u00e8re et retrouve de vieux r\u00e9flexes belgicains. D\u00e9cid\u00e9ment les forces obscures du colonialisme scl\u00e9rosent encore en profondeur la soci\u00e9t\u00e9 belge et exercent leurs emprises sur un monde politique attentiste et vite effray\u00e9. La lutte d\u00e9coloniale est bien la fracture politique de notre \u00e9poque. Le gouvernement pourra bien encommissionner la question, le spectre de Lusinga hantera encore longtemps la politique de ce pays.<\/span><\/p>\n<h6 class=\"_14f3 _14f5 _5pbw _5vra\" data-ft=\"{&quot;tn&quot;:&quot;C&quot;}\"><span class=\"fwn fcg\"><span class=\"fwb fcg\" data-ft=\"{&quot;tn&quot;:&quot;;&quot;}\"><a id=\"js_26t\" href=\"https:\/\/www.facebook.com\/jimmy.picard.180?hc_ref=ARSIY_TFodkqBr66QKlLaJ0yiWIexM1N7z4Gcd9TZCMyi4-rDO1ZPMWfW5jyZwmKvRU&amp;fref=nf&amp;__xts__%5B0%5D=68.ARCZcYIdTJ4xZ21SZYW9bv3zBLD5o6ndiy45yJVVuRzFV7SZ77G2ABawwhAvvWReOmztWOy0O8VX5DVNsj9IzINvRbeIVYnZq3xy_9Yk5RETcCPXFE3ZjeFrRMYQNYR0jiqv93N63pi34fXF_XT3lzdITt2hGqZA7YtVWac5PWJPCqqnes0nhQ&amp;__tn__=C-R\" data-hovercard=\"\/ajax\/hovercard\/user.php?id=100006785140048&amp;extragetparams=%7B%22hc_ref%22%3A%22ARSIY_TFodkqBr66QKlLaJ0yiWIexM1N7z4Gcd9TZCMyi4-rDO1ZPMWfW5jyZwmKvRU%22%2C%22fref%22%3A%22nf%22%7D\" data-hovercard-prefer-more-content-show=\"1\" data-hovercard-referer=\"ARSIY_TFodkqBr66QKlLaJ0yiWIexM1N7z4Gcd9TZCMyi4-rDO1ZPMWfW5jyZwmKvRU\" aria-describedby=\"u_5i_1\" aria-owns=\"\">Martin Vander Elst<\/a><\/span><\/span><\/h6>\n<\/blockquote>\n<p><!--more--><\/p>\n<header class=\"o-post__hero\">\n<h4 class=\"c-title c-title--large entry-title\">Collections coloniales de restes humains : Le gouvernement encommissionne Lusinga<\/h4>\n<p class=\"c-post__author\"><strong class=\"author vcard\"> Michel Bouffioux <\/strong> | Publi\u00e9 le <time class=\"post-created-time date created\" datetime=\"2018-09-26T17:42:08+00:00\">26 septembre 2018<\/time><time class=\"post-updated-time date updated\" datetime=\"2018-09-26T18:24:59+00:00\"><\/time><\/p>\n<div class=\"c-post__resize\">\n<figure style=\"width: 456px\" class=\"wp-caption alignleft\"><img decoding=\"async\" class=\"c-post__img c-post__img--hero wp-post-image\" src=\"https:\/\/parismatch.be\/app\/uploads\/2018\/09\/belgaimage-133136757-full-1100x715.jpg\" alt=\"Zuhal Demir\" width=\"466\" height=\"303\" \/><figcaption class=\"wp-caption-text\">\u00a9 BELGA PHOTO \/ SOPHIE KIP<\/figcaption><\/figure>\n<\/div>\n<div class=\"c-post__media grid has-gutter\">\n<p>&nbsp;<\/p>\n<p class=\"c-post__credit two-thirds\">Beaucoup moins \u00e9mue que pr\u00e9c\u00e9demment, l\u2019\u00e9mule de Bart De Wever n\u2019a rien annonc\u00e9 d\u2019autre qu\u2019un encomissionnement de cette question. |<\/p>\n<\/div>\n<\/header>\n<div class=\"grid-2 grid-small-1 has-gutter\">\n<div class=\"two-thirds\">\n<div class=\"o-post__content \">\n<div class=\"inline-label tiny-hidden small-hidden\"><span class=\"c-label c-label--primary\">\u00a0<\/span><\/div>\n<p><strong>Apr\u00e8s s\u2019\u00eatre d\u00e9clar\u00e9e favorable \u00e0 la restitution des restes humains collect\u00e9s au Congo pendant l\u2019\u00e9poque coloniale, la secr\u00e9taire d\u2019Etat Zuhal Demir (N-VA) s\u2019est montr\u00e9e plus prudente hier au parlement. Interrog\u00e9e par les d\u00e9put\u00e9s Hellings (Ecolo) et Dallemagne (CDH), elle parle d\u00e9sormais de la cr\u00e9ation d\u2019un \u00ab\u00a0<em>groupe de travail<\/em>\u00a0\u00bb sur cette \u00ab\u00a0<em>question sensible et complexe\u00a0\u00bb<\/em>.<\/strong><\/p>\n<p>&nbsp;<\/p>\n<p>En mars dernier,<a href=\"https:\/\/parismatch.be\/actualites\/societe\/129682\/le-crane-de-lusinga-interroge-le-passe-colonial-belge\"> <em>Paris Match Belgique<\/em><\/a> r\u00e9v\u00e9lait le parcours meurtrier d\u2019un militaire belge qui, lors de la conqu\u00eate coloniale du Congo \u00e0 la fin du 19\u00e8me si\u00e8cle collectionnait les t\u00eates des chefs insoumis qui lui r\u00e9sistaient. Il ramena trois cr\u00e2nes en Belgique dont celui du chef Lusinga. En 1886, ces restes humains furent comment\u00e9s devant la Soci\u00e9t\u00e9 d\u2019Anthropologie de Bruxelles o\u00f9 l\u2019on p\u00e9rorait sur la pr\u00e9tendue inf\u00e9riorit\u00e9 de certaines \u00ab\u00a0races\u00a0\u00bb, sont conserv\u00e9s par l\u2019Institut Royal des Sciences Naturelles de Belgique (IRSNB). Auparavant ces 3 cr\u00e2nes ont s\u00e9journ\u00e9 au Mus\u00e9e du Congo, l\u2019actuel Mus\u00e9e Royal de l\u2019Afrique Centrale (MRAC) o\u00f9 ils faisaient partie de la collection d\u2019anthropologie anatomique. <a href=\"https:\/\/parismatch.be\/actualites\/societe\/144577\/lusinga-et-300-autres-cranes-dafricains-conserves-a-bruxelles-partie-1-un-vieux-registre-du-musee-du-congo\">Notre enqu\u00eate<\/a> a ensuite \u00e9tabli que cette collection d\u2019un genre douteux comptait 289 cr\u00e2nes, 12 f\u0153tus, 8 squelettes provenant d\u2019Afrique centrale. Elle a aussi <a href=\"https:\/\/parismatch.be\/actualites\/societe\/144771\/lusinga-et-300-autres-cranes-dafricains-conserves-a-bruxelles-partie-2-le-pauvre-diable-de-lulb\">mis en \u00e9vidence<\/a> que les documents d\u2019acquisition de ces ossements recueillis dans des conditions hautement contestables ont \u00e9t\u00e9 \u00ab\u00a0\u00e9gar\u00e9s\u00a0\u00bb lors du transfert de la collection vers le Mus\u00e9e des sciences naturelles en 1964. D\u2019autres cr\u00e2nes \u00ab\u00a0collect\u00e9s\u00a0\u00bb dans des conditions douteuses dans l\u2019ex-Congo belge s\u00e9journent dans un laboratoire de l\u2019Universit\u00e9 Libre de Bruxelles.<\/p>\n<figure id=\"attachment_178539\" aria-describedby=\"caption-attachment-178539\" style=\"width: 1090px\" class=\"wp-caption aligncenter\"><img decoding=\"async\" class=\"wp-image-178539 size-full\" src=\"https:\/\/parismatch.be\/app\/uploads\/2018\/09\/pour-site.jpg\" sizes=\"(max-width: 1100px) 100vw, 1100px\" srcset=\"https:\/\/parismatch.be\/app\/uploads\/2018\/09\/pour-site.jpg 1100w, https:\/\/parismatch.be\/app\/uploads\/2018\/09\/pour-site-300x226.jpg 300w, https:\/\/parismatch.be\/app\/uploads\/2018\/09\/pour-site-768x579.jpg 768w, https:\/\/parismatch.be\/app\/uploads\/2018\/09\/pour-site-1024x772.jpg 1024w, https:\/\/parismatch.be\/app\/uploads\/2018\/09\/pour-site-255x192.jpg 255w\" alt=\"\" width=\"1100\" height=\"829\" \/><figcaption id=\"caption-attachment-178539\" class=\"wp-caption-text\">Les premi\u00e8res pages du registres de la collection d\u2019anthropologie anatomique du Mus\u00e9e du Congo (doc MRAC).. \u00a9 MRAC<\/figcaption><\/figure>\n<p>Lorsque l\u2019affaire Lusinga \u00e9clata, la secr\u00e9taire d\u2019Etat \u00e0 la politique scientifique du gouvernement f\u00e9d\u00e9ral, <a href=\"https:\/\/parismatch.be\/actualites\/132376\/exclusif-crane-de-lusinga-le-gouvernement-belge-favorable-a-une-restitution-des-restes-humains\">Zuhal Demir (N-Va)<\/a> s\u2019\u00e9tait d\u00e9clar\u00e9e \u00ab\u00a0<em>choqu\u00e9e\u00a0\u00bb<\/em>\u00a0par l\u2019entremise de sa porte-parole. Elle disait : \u00ab\u00a0<em>Nous ne sommes pas responsables de ce qui s\u2019est pass\u00e9 il y a plus de cent ans, mais nous le sommes de ce que nous faisons de ces restes humains aujourd\u2019hui. Clairement, ces cr\u00e2nes ne sont pas des objets de mus\u00e9e. Ce sont des restes de personnes humaines identifi\u00e9es. Nous leur devons le respect. D\u00e8s lors, si une famille congolaise apparent\u00e9e devait les r\u00e9clamer, je serais favorable \u00e0 une \u00e9volution du cadre l\u00e9gal afin de permettre leur restitution\u00a0\u00bb<\/em>.<\/p>\n<h4>De l\u2019eau \u00e0 coul\u00e9 sous les ponts\u2026<\/h4>\n<p>Ce 25 septembre, la m\u00eame secr\u00e9taire d\u2019Etat a r\u00e9pondu des interpellations des d\u00e9put\u00e9s Benoit Hellings (Ecolo) et Georges Dallemagne (CDH) lors d\u2019une r\u00e9union de la commission de la Politique scientifique qui s\u2019est tenue \u00e0 la Chambre des repr\u00e9sentants. Beaucoup moins \u00e9mue que pr\u00e9c\u00e9demment, l\u2019\u00e9mule de Bart De Wever n\u2019a rien annonc\u00e9 d\u2019autre qu\u2019un encomissionnement de cette question. La secr\u00e9taire d\u2019Etat a d\u2019abord pr\u00e9sent\u00e9 les choses de mani\u00e8re biais\u00e9e en d\u00e9clarant que \u00ab\u00a0<em>le statut des restes humains conserv\u00e9s dans nos mus\u00e9es ainsi que leur \u00e9ventuelle restitution donnent r\u00e9guli\u00e8rement lieu \u00e0 des d\u00e9bats au sein de la soci\u00e9t\u00e9, des milieux politiques et des mus\u00e9es concern\u00e9s, en l\u2019occurrence l\u2019Institut royal des Sciences naturelles de Belgique\u00a0\u00bb<\/em>. En r\u00e9alit\u00e9, ce d\u00e9bat n\u2019a pas eu lieu en Belgique alors qu\u2019il s\u2019est d\u00e9j\u00e0 tenu dans de nombreux pays \u00e9trangers. La Belgique a du retard dans la r\u00e9flexion sur la restitution de ses collections coloniales de restes humains mais aussi dans le d\u00e9bat, \u00e0 peine naissant, de la restitution de biens culturels vol\u00e9s durant l\u2019\u00e9poque coloniale. Une <a class=\"external\" href=\"http:\/\/plus.lesoir.be\/180529\/article\/2018-09-26\/faut-il-restituer-les-objets-sacres-du-congo-aux-congolais\" target=\"_blank\" rel=\"noopener\">carte blanche<\/a> sign\u00e9e ce 26 septembre par de nombreuses personnalit\u00e9s le d\u00e9plore avec force.<\/p>\n<p>Ayant rang\u00e9 son mouchoir, Me Demir estime d\u00e9sormais que \u00ab\u00a0<em>le th\u00e8me du rapatriement de restes humains est une question sensible et complexe\u00a0\u00bb.\u00a0<\/em>Elle ajoute : \u00ab\u00a0<em>J\u2019ai donc d\u00e9cid\u00e9 d\u2019examiner ces dossiers en profondeur et ce, dans le contexte plus large d\u2019une approche globale concernant la possibilit\u00e9 de rapatrier des restes humains tout en examinant si cela est souhaitable. J\u2019ai donc r\u00e9cemment mis en place un groupe de travail administratif compos\u00e9 de collaborateurs appartenant \u00e0 mon administration et aux \u00c9tablissements scientifiques f\u00e9d\u00e9raux concern\u00e9s par cette probl\u00e9matique. Je soumettrai au gouvernement les r\u00e9sultats formul\u00e9s par ce groupe de travail accompagn\u00e9s \u00e9ventuellement d\u2019une proposition d\u2019adaptation du cadre juridique. La d\u00e9cision finale reviendra au gouvernement\u00a0\u00bb<\/em>.<\/p>\n<h4><strong>\u00ab Le travail de m\u00e9moire ne fait que commencer \u00bb<\/strong><\/h4>\n<p>En r\u00e9ponse, le d\u00e9put\u00e9 Hellings a consid\u00e9r\u00e9 que \u00ab\u00a0<em>le fait qu\u2019en 2018, nous parlions de trois cr\u00e2nes d\u00e9couverts dans les collections de nos mus\u00e9es f\u00e9d\u00e9raux d\u00e9montre que le travail de m\u00e9moire par rapport \u00e0 notre pass\u00e9 colonial ne fait que commencer. Il est terrible de constater qu\u2019aujourd\u2019hui, les trois cr\u00e2nes de trois chefs africains sont entass\u00e9s dans les caves de nos mus\u00e9es, alors que le buste du lieutenant-g\u00e9n\u00e9ral Storms, qui est responsable de la d\u00e9capitation de l\u2019un d\u2019entre eux, lui, tr\u00f4ne toujours au square de Mee\u00fbs, qui se trouve \u00e0 200 m\u00e8tres d\u2019ici. Cela d\u00e9montre \u00e0 nouveau que le travail de m\u00e9moire n\u2019a pas du tout \u00e9t\u00e9 entam\u00e9 par notre pays\u00a0\u00bb<\/em>.<\/p>\n<figure id=\"attachment_178538\" class=\"wp-caption alignnone\"><img decoding=\"async\" class=\"size-full wp-image-178538\" src=\"https:\/\/parismatch.be\/app\/uploads\/2018\/09\/belgaimage-126475065-full.jpg\" sizes=\"(max-width: 3000px) 100vw, 3000px\" srcset=\"https:\/\/parismatch.be\/app\/uploads\/2018\/09\/belgaimage-126475065-full.jpg 3000w, https:\/\/parismatch.be\/app\/uploads\/2018\/09\/belgaimage-126475065-full-300x200.jpg 300w, https:\/\/parismatch.be\/app\/uploads\/2018\/09\/belgaimage-126475065-full-768x511.jpg 768w, https:\/\/parismatch.be\/app\/uploads\/2018\/09\/belgaimage-126475065-full-1024x682.jpg 1024w, https:\/\/parismatch.be\/app\/uploads\/2018\/09\/belgaimage-126475065-full-255x170.jpg 255w\" alt=\"Benoit Hellings \" width=\"3000\" height=\"1998\" \/><figcaption class=\"wp-caption-text\">\u00a9 \u00a0BELGA PHOTO DIRK WAEM<\/figcaption><\/figure>\n<p>A l\u2019adresse de Mme Demir, Beno\u00eet Hellings a encore lanc\u00e9 : \u00ab\u00a0<em>Je pense que la r\u00e9ouverture du MRAC est une occasion r\u00eav\u00e9e pour qu\u2019\u00e0 votre initiative, le gouvernement rende solennellement ces cr\u00e2nes pour bien montrer que, dans l\u2019appr\u00e9hension de son pass\u00e9 colonial, la Belgique a compl\u00e8tement chang\u00e9 de perspective. Elle accepte son pass\u00e9 colonial et admet les erreurs commises par la Belgique au Congo. Rendre ces restes humains pourrait \u00eatre un tr\u00e8s beau geste rendu par le gouvernement, en particulier son chef, vous-m\u00eame ou \u00e9ventuellement un membre de la famille royale.\u00a0\u00bb<\/em><\/p>\n<h4>\u00ab Cela m\u00e9riterait un travail beaucoup plus attentif \u00bb<\/h4>\n<p>Georges Dallemagne (cdH) a quant \u00e0 lui rappel\u00e9 la secr\u00e9taire d\u2019Etat qu\u2019 \u00ab\u00a0<em>il est choquant de se rendre compte que des personnes ont \u00e9t\u00e9 d\u00e9capit\u00e9es parce qu\u2019elles ne voulaient pas se soumettre \u00e0 l\u2019ordre colonial, que leurs cr\u00e2nes ont \u00e9t\u00e9 ramen\u00e9s en Belgique et sont dans certaines collections, notamment des collections d\u2019institutions f\u00e9d\u00e9rales. Cela pose une grave question sur la mani\u00e8re dont nous regardons encore ces \u00e9v\u00e9nements, et sur le travail de m\u00e9moire. La deuxi\u00e8me chose que je voulais vous dire, c\u2019est que je ne suis pas tr\u00e8s impressionn\u00e9 par la vitesse \u00e0 laquelle on travaille sur cette question. J\u2019ai accueilli de mani\u00e8re tr\u00e8s favorable vos d\u00e9clarations de mars, mais en fait, j\u2019ai l\u2019impression que le travail n\u2019a pas vraiment commenc\u00e9. Vous avez mis r\u00e9cemment un groupe de travail en place ? Je trouve que cela m\u00e9riterait un travail beaucoup plus attentif. On est simplement en train d\u2019examiner la loi. J\u2019avais imagin\u00e9 que nous avancerions plus vite. Nous ne disposons pas d\u2019un v\u00e9ritable inventaire et nous n\u2019avons pas non plus de position politique bien \u00e9tablie. Je me permettrai de revenir assez rapidement, parce que je pense que cela m\u00e9rite une r\u00e9ponse politique et juridique pr\u00e9cise et concr\u00e8te, bien avant la fin de cette l\u00e9gislature\u00a0\u00bb<\/em>.<\/p>\n<p>En attendant, Lusinga et les autres resteront dans leur bo\u00eete au Mus\u00e9e des sciences naturelles.<\/p>\n<p><a href=\"https:\/\/parismatch.be\/actualites\/societe\/178487\/collections-coloniales-de-restes-humains-le-gouvernement-encommissionne-lusinga\">Source<\/a><\/p>\n<div id=\"ayl_native_card__ecddeec63835f4dbc3721b2a5dedecab\" class=\"ayl_v_ckr_b ayl_native_ad_ecddeec63835f4dbc3721b2a5dedecab\">\n<div class=\"ayl_native_card__container\">\n<div class=\"ayl_native_card__legal\">Contenu de marque<\/div>\n<\/div>\n<\/div>\n<\/div>\n<\/div>\n<\/div>\n","protected":false},"excerpt":{"rendered":"<p>Alors que le processus de restitution gagnerait \u00e0 devenir un enjeu public, c&rsquo;est-\u00e0-dire \u00e0 faire l&rsquo;objet d&rsquo;une transformation d\u00e9mocratique, le gouvernement encommissionne le cas de la restitution du cr\u00e2ne de Lusinga. L&rsquo;enqu\u00eate r\u00e9alis\u00e9e par Michel Bouffioux avait concouru \u00e0 ouvrir la question en Belgique et dans la foul\u00e9e les pr\u00e9sidents de parti s&rsquo;\u00e9taient prononc\u00e9s pour &#8230; <a title=\"Collections coloniales de restes humains : Le gouvernement encommissionne Lusinga\" class=\"read-more\" href=\"https:\/\/bruxelles-pantheres.be\/?p=3894\" aria-label=\"En savoir plus sur Collections coloniales de restes humains : Le gouvernement encommissionne Lusinga\">Lire la suite<\/a><\/p>\n","protected":false},"author":1,"featured_media":3681,"comment_status":"open","ping_status":"open","sticky":false,"template":"","format":"standard","meta":{"footnotes":""},"categories":[1,36,7,18,28],"tags":[332,331],"class_list":["post-3894","post","type-post","status-publish","format-standard","has-post-thumbnail","hentry","category-non-classe","category-europe","category-negrophobie","category-resistance-bruxelles","category-racismes","tag-lusinga","tag-michel-bouffioux"],"_links":{"self":[{"href":"https:\/\/bruxelles-pantheres.be\/index.php?rest_route=\/wp\/v2\/posts\/3894","targetHints":{"allow":["GET"]}}],"collection":[{"href":"https:\/\/bruxelles-pantheres.be\/index.php?rest_route=\/wp\/v2\/posts"}],"about":[{"href":"https:\/\/bruxelles-pantheres.be\/index.php?rest_route=\/wp\/v2\/types\/post"}],"author":[{"embeddable":true,"href":"https:\/\/bruxelles-pantheres.be\/index.php?rest_route=\/wp\/v2\/users\/1"}],"replies":[{"embeddable":true,"href":"https:\/\/bruxelles-pantheres.be\/index.php?rest_route=%2Fwp%2Fv2%2Fcomments&post=3894"}],"version-history":[{"count":2,"href":"https:\/\/bruxelles-pantheres.be\/index.php?rest_route=\/wp\/v2\/posts\/3894\/revisions"}],"predecessor-version":[{"id":3896,"href":"https:\/\/bruxelles-pantheres.be\/index.php?rest_route=\/wp\/v2\/posts\/3894\/revisions\/3896"}],"wp:featuredmedia":[{"embeddable":true,"href":"https:\/\/bruxelles-pantheres.be\/index.php?rest_route=\/wp\/v2\/media\/3681"}],"wp:attachment":[{"href":"https:\/\/bruxelles-pantheres.be\/index.php?rest_route=%2Fwp%2Fv2%2Fmedia&parent=3894"}],"wp:term":[{"taxonomy":"category","embeddable":true,"href":"https:\/\/bruxelles-pantheres.be\/index.php?rest_route=%2Fwp%2Fv2%2Fcategories&post=3894"},{"taxonomy":"post_tag","embeddable":true,"href":"https:\/\/bruxelles-pantheres.be\/index.php?rest_route=%2Fwp%2Fv2%2Ftags&post=3894"}],"curies":[{"name":"wp","href":"https:\/\/api.w.org\/{rel}","templated":true}]}}