{"id":3907,"date":"2018-09-30T21:55:41","date_gmt":"2018-09-30T20:55:41","guid":{"rendered":"https:\/\/bruxelles-pantheres.be\/?p=3907"},"modified":"2018-09-30T22:43:43","modified_gmt":"2018-09-30T21:43:43","slug":"debat-rendre-au-congo-ce-qui-est-au-congo-ne-parlons-pas-de-race","status":"publish","type":"post","link":"https:\/\/bruxelles-pantheres.be\/?p=3907","title":{"rendered":"D\u00e9bat \u00ab Rendre au Congo ce qui est au Congo \u00bb &#8211; Ne parlons pas de race."},"content":{"rendered":"<p><iframe src=\"https:\/\/www.rtlplay.be\/embed\/rtlbe_rtl_play\/clip_12164143\/dd6f46a56c588bdaa492fded1d486ffe64202843\" width=\"640\" height=\"360\" allowfullscreen=\"allowfullscreen\"><\/iframe><\/p>\n<p>Tout d\u2019abord, je ne souhaite pas ici \u00ab\u00a0cracher dans la soupe\u00a0\u00bb et nous remercions RTL de nous avoir invit\u00e9 et donn\u00e9 la parole, que je n\u2019ai finalement re\u00e7ue qu\u2019une seule fois tr\u00e8s bri\u00e8vement.<\/p>\n<p>Je vais donc r\u00e9pondre ici aux arguments des d\u00e9fenseurs du statu quo. Je pr\u00e9cise, s\u2019il est n\u00e9cessaire, que je ne m\u2019adresse pas ici aux personnes elles-m\u00eames, je ne les connais pas. Cependant j\u2019ai bien entendu leurs positions, qui sont qu\u2019ils l\u2019admettent ou pas id\u00e9ologiques et politiques.<\/p>\n<p>Dire que j\u2019avais l\u2019impression d\u2019avoir Christophe Colomb en face de moi n\u2019\u00e9tait pas qu\u2019un bon mot. En effet, les arguments avanc\u00e9s par messieurs Giltay, Volper et Debie sont affubl\u00e9s d\u2019un paternalisme auquel nous, les Noirs, Arabes, Musulmans, devons faire face \u00e0 chaque fois que nous avons l\u2019outrecuidance de r\u00e9clamer le respect de notre m\u00e9moire et de notre dignit\u00e9. Je ne vais pas reprendre tous les arguments. Ils sont largement diffus\u00e9s dans la presse et ont encore \u00e9t\u00e9 remis sur la table dans l\u2019\u00e9mission.<\/p>\n<p>Je ne vais pas r\u00e9pondre non plus aux propos de Christophe Giltay que je soup\u00e7onne de mettre de c\u00f4t\u00e9 la casquette de journaliste qu\u2019il porte en semaine pour la remplacer par celle de pol\u00e9miste le dimanche.<\/p>\n<p>En revanche, voici ce que j\u2019aurais souhait\u00e9 r\u00e9pondre \u00e0 nos deux interlocuteurs militants du statu quo et qui refusent qu\u2019on aborde le probl\u00e8me sous l\u2019angle de la hi\u00e9rarchisation raciale.<!--more--><\/p>\n<figure id=\"attachment_3908\" aria-describedby=\"caption-attachment-3908\" style=\"width: 544px\" class=\"wp-caption alignright\"><a href=\"https:\/\/bruxelles-pantheres.be\/wp-content\/uploads\/2018\/09\/Sans-titre.png\"><img decoding=\"async\" class=\"wp-image-3908 size-full\" src=\"https:\/\/bruxelles-pantheres.be\/wp-content\/uploads\/2018\/09\/Sans-titre.png\" alt=\"\" width=\"554\" height=\"414\" srcset=\"https:\/\/bruxelles-pantheres.be\/wp-content\/uploads\/2018\/09\/Sans-titre.png 554w, https:\/\/bruxelles-pantheres.be\/wp-content\/uploads\/2018\/09\/Sans-titre-300x224.png 300w\" sizes=\"(max-width: 554px) 100vw, 554px\" \/><\/a><figcaption id=\"caption-attachment-3908\" class=\"wp-caption-text\">Manu Scordia http:\/\/manu-scordia.blogspot.com\/<\/figcaption><\/figure>\n<p>Monsieur Volper, avec tout le poids et la l\u00e9gitimit\u00e9 qui sont attribu\u00e9s \u00e0 un scientifique, tente de nous convaincre que Lusinga et Storms, c\u2019est pareil, des \u00ab\u00a0enfants du 19<sup>\u00e8me<\/sup> si\u00e8cle\u00a0\u00bb. M. Volper pr\u00e9tend aussi que l\u2019enqu\u00eate de <a href=\"https:\/\/bruxelles-pantheres.be\/?s=michel+bouffioux\">Michel Bouffioux<\/a> (1), journaliste \u00e0 Paris-Match, ne nous aurait rien appris sur l\u2019histoire de ces cr\u00e2nes, f\u0153tus et autres parties de corps de congolais qui sont conserv\u00e9s au Mus\u00e9e de Tervuren, \u00e0 l\u2019ULB et \u00e0 Institut National de Sciences Naturelles de Belgique. Lui il savait d\u00e9j\u00e0.<\/p>\n<p>Ce que j\u2019aurais souhait\u00e9 r\u00e9pondre \u00e0 M. Volper c\u2019est d\u2019abord que je trouve tr\u00e8s \u00e9tonnant qu\u2019un anthropologue et historien de l\u2019art de son exp\u00e9rience et de sa stature d\u00e9cr\u00e8te a priori l\u2019infaisabilit\u00e9 d\u2019une recherche s\u00e9rieuse sur les \u00ab\u00a0enfants du 19<sup>\u00e8me<\/sup> si\u00e8cle\u00a0\u00bb. Des recherches sur cette p\u00e9riode, sur ses acteurs et sur les processus de pr\u00e9dation du reste du monde par l\u2019occident qui l\u2019ont travers\u00e9e, il y en a pl\u00e9thore. Et rien ne nous emp\u00eache d\u2019en produire d\u2019autres. Si ce n\u2019est pas de l\u2019activisme pour qu\u2019on ne produise pas recherches sur ces sujets, je me demande bien ce que c\u2019est.<\/p>\n<p>Je pense que de mani\u00e8re pour le moins maladroite, voire insultante, M. Volper d\u00e9fend son capital \u00e9conomique (ses tartines) et c\u2019est normal, nous le faisons tous, il d\u00e9fend aussi son capital symbolique (prestige social) dont d\u00e9pend sans doute en grande partie son capital social (r\u00e9seau de relations) au risque de ne se retrouver qu\u2019avec son immense capital culturel. Oui, c\u2019est du Bourdieu, afin de rester compr\u00e9hensible. Et ce faisant, d\u2019un c\u00f4t\u00e9, en bon patriote il prot\u00e8ge aussi le prestige et la richesse mat\u00e9rielle (\u20ac\u20ac\u20ac) de la Belgique et de l\u2019autre, en universaliste \u00e9clair\u00e9, il prot\u00e8ge le patrimoine qui est fantasmagoriquement attribu\u00e9 \u00e0 l\u2019humanit\u00e9 et dont en r\u00e9alit\u00e9 seule une portion minime de celle-ci peut vraiment jouir.<\/p>\n<p>&nbsp;<\/p>\n<figure id=\"attachment_3909\" aria-describedby=\"caption-attachment-3909\" style=\"width: 483px\" class=\"wp-caption alignleft\"><a href=\"https:\/\/bruxelles-pantheres.be\/wp-content\/uploads\/2018\/09\/Manu-Scordia.jpg\"><img decoding=\"async\" class=\"wp-image-3909\" src=\"https:\/\/bruxelles-pantheres.be\/wp-content\/uploads\/2018\/09\/Manu-Scordia.jpg\" alt=\"\" width=\"493\" height=\"348\" srcset=\"https:\/\/bruxelles-pantheres.be\/wp-content\/uploads\/2018\/09\/Manu-Scordia.jpg 1001w, https:\/\/bruxelles-pantheres.be\/wp-content\/uploads\/2018\/09\/Manu-Scordia-300x212.jpg 300w, https:\/\/bruxelles-pantheres.be\/wp-content\/uploads\/2018\/09\/Manu-Scordia-768x542.jpg 768w, https:\/\/bruxelles-pantheres.be\/wp-content\/uploads\/2018\/09\/Manu-Scordia-600x424.jpg 600w\" sizes=\"(max-width: 493px) 100vw, 493px\" \/><\/a><figcaption id=\"caption-attachment-3909\" class=\"wp-caption-text\">Manu Scordia http:\/\/manu-scordia.blogspot.com\/<\/figcaption><\/figure>\n<p>Ma\u00eetre Debie, \u00e0 c\u00f4t\u00e9 des termes naus\u00e9abonds qu\u2019il a choisis d\u2019employer (\u00ab\u00a0art n\u00e8gre\u00a0\u00bb, \u00ab\u00a0ces gens\u00a0\u00bb, etc.) et de son ton condescendant (\u00ab\u00a0nous avons sauv\u00e9 ces objets et nous les avons \u00e9lev\u00e9s au rang d\u2019art\u00a0\u00bb) essaie de justifier le maintien du recel des objets vol\u00e9s en Afrique par un pseudo positivisme juridique qu\u2019il \u00e9tale dans tous les articles (Monsieur \u00e9crit entre autres dans \u00ab\u00a0Tribal Art Magazine\u00a0\u00bb) que j\u2019ai pu lire de lui \u00e0 ce sujet\u00a0: \u00e0 l\u2019\u00e9poque c\u2019\u00e9tait permis par la loi. On a d\u00e9j\u00e0 entendu cet argument en d\u2019autres temps et en d\u2019autres lieux.<\/p>\n<p>De quelles lois s\u2019agit-il\u00a0? Qui les a \u00e9crites\u00a0? Est-il qu\u2019un normal qu\u2019un trait\u00e9 sign\u00e9 \u00e0 Berlin par quelques pays europ\u00e9ens ait force de loi en Afrique\u00a0? Si vous posez ces questions alors vous racialiser la question ! Et \u00e7a, on l\u2019a vu, \u00e7a ne va pas\u00a0!<\/p>\n<p>Je pense que tout cet enfumage juridico-paternaliste masque mal le r\u00f4le que joue en r\u00e9alit\u00e9 M. Debie\u00a0: celui d\u2019un activiste politique militant pour la protection des int\u00e9r\u00eats des marchands d\u2019art (d\u2019autres receleurs) et de son propre business. Dans un milieu aussi peu transparent que celui-l\u00e0 on doit souvent avoir besoin d\u2019un bon avocat.<\/p>\n<p>&nbsp;<\/p>\n<p>Pour finir, je souhaite rappeler que Bruxelles Panth\u00e8res soutient les exigences contenues dans<a href=\"https:\/\/bruxelles-pantheres.be\/?p=3891\"> la carte blanche publi\u00e9e dans Le Soir le 25 septembre<\/a> (2).<\/p>\n<p>Loin des consid\u00e9rations juridico-artistiques entendues aujourd\u2019hui chez les d\u00e9fenseurs du statu quo, nous maintenons que la restitution, d\u2019une mani\u00e8re ou d\u2019une autre, de tous les biens retenus en otage en Belgique \u00e0 leurs ayants droit est une condition sine qua non du respect que nous exigeons pour la dignit\u00e9 des peuples que notre pays a massacr\u00e9s et spoli\u00e9s et pour leurs descendants. Autrement il faudra assumer la seule vraie raison, indicible pour nos contradicteurs, pour laquelle ils croient avoir le droit de garder ces biens\u00a0: une intime conviction de la sup\u00e9riorit\u00e9 occidentale, autrement dit, la supr\u00e9matie blanche.<\/p>\n<p style=\"text-align: right;\">Mouhad Reghif<\/p>\n<p style=\"text-align: right;\">Porte-parole de Bruxelles Panth\u00e8res<\/p>\n<figure id=\"attachment_3878\" aria-describedby=\"caption-attachment-3878\" style=\"width: 140px\" class=\"wp-caption alignnone\"><a href=\"https:\/\/bruxelles-pantheres.be\/wp-content\/uploads\/2018\/09\/0.jpg\"><img decoding=\"async\" class=\"wp-image-3878 size-thumbnail\" src=\"https:\/\/bruxelles-pantheres.be\/wp-content\/uploads\/2018\/09\/0-150x150.jpg\" alt=\"\" width=\"150\" height=\"150\" srcset=\"https:\/\/bruxelles-pantheres.be\/wp-content\/uploads\/2018\/09\/0-150x150.jpg 150w, https:\/\/bruxelles-pantheres.be\/wp-content\/uploads\/2018\/09\/0-300x300.jpg 300w, https:\/\/bruxelles-pantheres.be\/wp-content\/uploads\/2018\/09\/0.jpg 480w\" sizes=\"(max-width: 150px) 100vw, 150px\" \/><\/a><figcaption id=\"caption-attachment-3878\" class=\"wp-caption-text\">Mouhad Reghif<br \/>Membre de Bruxelles Panth\u00e8res<\/figcaption><\/figure>\n<p>&nbsp;<\/p>\n<ul>\n<li><a href=\"http:\/\/www.michelbouffioux.be\/2018\/05\/lusinga.et-300-autres-cranes-d-africains-conserves-a-bruxelles.html\">http:\/\/www.michelbouffioux.be\/2018\/05\/lusinga.et-300-autres-cranes-d-africains-conserves-a-bruxelles.html<\/a><\/li>\n<li><a href=\"http:\/\/plus.lesoir.be\/180528\/article\/2018-09-25\/carte-blanche-la-belgique-est-la-traine-sur-la-restitution-des-tresors-coloniaux\">http:\/\/plus.lesoir.be\/180528\/article\/2018-09-25\/carte-blanche-la-belgique-est-la-traine-sur-la-restitution-des-tresors-coloniaux<\/a><\/li>\n<\/ul>\n<p>&nbsp;<\/p>\n","protected":false},"excerpt":{"rendered":"<p>Tout d\u2019abord, je ne souhaite pas ici \u00ab\u00a0cracher dans la soupe\u00a0\u00bb et nous remercions RTL de nous avoir invit\u00e9 et donn\u00e9 la parole, que je n\u2019ai finalement re\u00e7ue qu\u2019une seule fois tr\u00e8s bri\u00e8vement. Je vais donc r\u00e9pondre ici aux arguments des d\u00e9fenseurs du statu quo. Je pr\u00e9cise, s\u2019il est n\u00e9cessaire, que je ne m\u2019adresse pas &#8230; <a title=\"D\u00e9bat \u00ab Rendre au Congo ce qui est au Congo \u00bb &#8211; Ne parlons pas de race.\" class=\"read-more\" href=\"https:\/\/bruxelles-pantheres.be\/?p=3907\" aria-label=\"En savoir plus sur D\u00e9bat \u00ab Rendre au Congo ce qui est au Congo \u00bb &#8211; Ne parlons pas de race.\">Lire la suite<\/a><\/p>\n","protected":false},"author":1,"featured_media":2691,"comment_status":"open","ping_status":"open","sticky":false,"template":"","format":"standard","meta":{"footnotes":""},"categories":[1,36,7,18,28],"tags":[80,332,375],"class_list":["post-3907","post","type-post","status-publish","format-standard","has-post-thumbnail","hentry","category-non-classe","category-europe","category-negrophobie","category-resistance-bruxelles","category-racismes","tag-congo","tag-lusinga","tag-mouhad-reghif"],"_links":{"self":[{"href":"https:\/\/bruxelles-pantheres.be\/index.php?rest_route=\/wp\/v2\/posts\/3907","targetHints":{"allow":["GET"]}}],"collection":[{"href":"https:\/\/bruxelles-pantheres.be\/index.php?rest_route=\/wp\/v2\/posts"}],"about":[{"href":"https:\/\/bruxelles-pantheres.be\/index.php?rest_route=\/wp\/v2\/types\/post"}],"author":[{"embeddable":true,"href":"https:\/\/bruxelles-pantheres.be\/index.php?rest_route=\/wp\/v2\/users\/1"}],"replies":[{"embeddable":true,"href":"https:\/\/bruxelles-pantheres.be\/index.php?rest_route=%2Fwp%2Fv2%2Fcomments&post=3907"}],"version-history":[{"count":4,"href":"https:\/\/bruxelles-pantheres.be\/index.php?rest_route=\/wp\/v2\/posts\/3907\/revisions"}],"predecessor-version":[{"id":3911,"href":"https:\/\/bruxelles-pantheres.be\/index.php?rest_route=\/wp\/v2\/posts\/3907\/revisions\/3911"}],"wp:featuredmedia":[{"embeddable":true,"href":"https:\/\/bruxelles-pantheres.be\/index.php?rest_route=\/wp\/v2\/media\/2691"}],"wp:attachment":[{"href":"https:\/\/bruxelles-pantheres.be\/index.php?rest_route=%2Fwp%2Fv2%2Fmedia&parent=3907"}],"wp:term":[{"taxonomy":"category","embeddable":true,"href":"https:\/\/bruxelles-pantheres.be\/index.php?rest_route=%2Fwp%2Fv2%2Fcategories&post=3907"},{"taxonomy":"post_tag","embeddable":true,"href":"https:\/\/bruxelles-pantheres.be\/index.php?rest_route=%2Fwp%2Fv2%2Ftags&post=3907"}],"curies":[{"name":"wp","href":"https:\/\/api.w.org\/{rel}","templated":true}]}}