{"id":391,"date":"2013-05-01T03:50:34","date_gmt":"2013-05-01T02:50:34","guid":{"rendered":"https:\/\/bruxelles-pantheres.be\/?p=391"},"modified":"2013-11-10T03:51:50","modified_gmt":"2013-11-10T02:51:50","slug":"un-rapport-critique-la-laicite-parfois-agressive-dans-des-pays-deurope-dont-la-belgique","status":"publish","type":"post","link":"https:\/\/bruxelles-pantheres.be\/?p=391","title":{"rendered":"Un rapport critique la la\u00efcit\u00e9 parfois agressive dans des pays d\u2019Europe, dont la Belgique"},"content":{"rendered":"<table width=\"100%\" cellspacing=\"0\" align=\"center\">\n<tbody>\n<tr>\n<td align=\"center\"><a href=\"http:\/\/www.egalite.be\/wp-content\/uploads\/2012\/12\/ClimateofHate_050611-thumb-640xauto-3030-thumb-640xauto-4017.jpg\"><img decoding=\"async\" alt=\"ClimateofHate_050611-thumb-640xauto-3030-thumb-640xauto-4017\" src=\"http:\/\/www.egalite.be\/wp-content\/uploads\/2012\/12\/ClimateofHate_050611-thumb-640xauto-3030-thumb-640xauto-4017.jpg\" width=\"640\" height=\"429\" \/><\/a><\/td>\n<\/tr>\n<tr>\n<td height=\"15\"><\/td>\n<\/tr>\n<tr>\n<td bgcolor=\"#cccccc\" height=\"2\"><\/td>\n<\/tr>\n<tr>\n<td height=\"15\"><\/td>\n<\/tr>\n<tr>\n<td>\n<h3>Un rapport critique la la\u00efcit\u00e9 parfois agressive dans des pays d\u2019Europe, dont la Belgique \u2013 30\/04\/2013<\/h3>\n<\/td>\n<\/tr>\n<tr>\n<td><img decoding=\"async\" id=\"ctl00_ctPH1_imgArticle\" alt=\"\" src=\"http:\/\/1.lavenircdn.net\/Assets\/Images_Upload\/Actu24\/2013\/04\/30\/PID_$411186$_512daf00-3fbd-11e2-8d9f-3c15ef855b1a_web.jpg.280.jpg\" align=\"right\" \/> Une commission gouvernementale am\u00e9ricaine a critiqu\u00e9 mercredi plusieurs pays d\u2019Europe de l\u2019Ouest pour leur \u00abla\u00efcit\u00e9 tr\u00e8s agressive\u00bb. Dans un rapport, elle \u00e9pingle notamment l\u2019interdiction du voile int\u00e9gral dans les espaces publics belge et fran\u00e7ais.<!--more-->Pour la premi\u00e8re fois, la commission am\u00e9ricaine sur les libert\u00e9s religieuses internationales, dont les membres sont nomm\u00e9s par le pr\u00e9sident am\u00e9ricain et le Congr\u00e8s, a consacr\u00e9 un chapitre de son \u00e9pais rapport annuel, publi\u00e9 mercredi, \u00e0 l\u2019Europe occidentale.Le rapport cite les restrictions croissantes, vot\u00e9es ces derni\u00e8res ann\u00e9es en Europe, concernant les signes religieux, l\u2019abattage rituel des animaux, la circoncision en Allemagne et la construction de mosqu\u00e9es et minarets en Suisse.Les restrictions \u00abcr\u00e9ent une atmosph\u00e8re d\u2019intimidation contre certaines formes d\u2019activit\u00e9 religieuse en Europe occidentale\u00bb, expliquent les auteurs. \u00abCes restrictions limitent aussi gravement l\u2019int\u00e9gration sociale et les opportunit\u00e9s en termes d\u2019\u00e9ducation et d\u2019emploi pour les individus affect\u00e9s\u00bb.La commission \u00e9voque plus pr\u00e9cis\u00e9ment les interdictions du voile int\u00e9gral vot\u00e9es en Belgique et en France. \u00abCela soul\u00e8ve des inqui\u00e9tudes en termes de discrimination\u00bb, dit-elle. \u00abTout en cherchant \u00e0 r\u00e9pondre aux inqui\u00e9tudes sur la coercition, une telle loi appliqu\u00e9e trop largement soul\u00e8ve des questions sur les droits parentaux et la libert\u00e9 de choix\u00bb.<\/p>\n<p>Le rapport pointe \u00e9galement que le pr\u00e9sident Fran\u00e7ois Hollande et d\u2019autres ministres ont appel\u00e9 au vote d\u2019une loi sur les signes religieux dans certains lieux priv\u00e9s, notamment les structures de petite enfance.<\/p>\n<p>\u00abCes restrictions limitent les opportunit\u00e9s d\u2019emploi et \u00e9conomiques, particuli\u00e8rement pour les femmes musulmanes qui portent le foulard\u00bb, conclut la commission.<\/td>\n<\/tr>\n<tr>\n<td height=\"4\"><\/td>\n<\/tr>\n<tr>\n<td>\u00a0 (Belga)<\/td>\n<\/tr>\n<tr>\n<td height=\"8\"><a href=\"http:\/\/www.lavenir.net\/article\/printarticle.aspx?articleid=DMF20130430_00304562\">\u00a0Source<\/a><\/p>\n<h3>Un rapport am\u00e9ricain fustige une la\u00efcit\u00e9 trop agressive en Europe et en Belgique<\/h3>\n<p id=\"writer\">AFP<\/p>\n<p id=\"publicationDate\">Mis en ligne le 30\/04\/2013<\/p>\n<div id=\"articleHat\">Le rapport cite les restrictions croissantes, vot\u00e9es ces derni\u00e8res ann\u00e9es en Europe, concernant les signes religieux, l\u2019abattage rituel des animaux, etc.<\/div>\n<p>Une commission gouvernementale am\u00e9ricaine a critiqu\u00e9 mercredi plusieurs pays d\u2019Europe de l\u2019Ouest pour leur \u00ab\u00a0la\u00efcit\u00e9 tr\u00e8s agressive\u00a0\u00bb. Dans un rapport, elle \u00e9pingle notamment l\u2019interdiction du voile int\u00e9gral dans les espaces publics belge et fran\u00e7ais.<\/p>\n<p>Pour la premi\u00e8re fois, la commission am\u00e9ricaine sur les libert\u00e9s religieuses internationales, dont les membres sont nomm\u00e9s par le pr\u00e9sident am\u00e9ricain et le Congr\u00e8s, a consacr\u00e9 un chapitre de son \u00e9pais rapport annuel, publi\u00e9 mercredi, \u00e0 l\u2019Europe occidentale.<\/p>\n<p>Le rapport cite les restrictions croissantes, vot\u00e9es ces derni\u00e8res ann\u00e9es en Europe, concernant les signes religieux, l\u2019abattage rituel des animaux, la circoncision en Allemagne et la construction de mosqu\u00e9es et minarets en Suisse.<\/p>\n<p>Les restrictions \u00ab\u00a0cr\u00e9ent une atmosph\u00e8re d\u2019intimidation contre certaines formes d\u2019activit\u00e9 religieuse en Europe occidentale\u00a0\u00bb, expliquent les auteurs. \u00ab\u00a0Ces restrictions limitent aussi gravement l\u2019int\u00e9gration sociale et les opportunit\u00e9s en termes d\u2019\u00e9ducation et d\u2019emploi pour les individus affect\u00e9s\u00a0\u00bb.<\/p>\n<p>La commission \u00e9voque plus pr\u00e9cis\u00e9ment les interdictions du voile int\u00e9gral vot\u00e9es en Belgique et en France. \u00ab\u00a0Cela soul\u00e8ve des inqui\u00e9tudes en termes de discrimination\u00a0\u00bb, dit-elle. \u00ab\u00a0Tout en cherchant \u00e0 r\u00e9pondre aux inqui\u00e9tudes sur la coercition, une telle loi appliqu\u00e9e trop largement soul\u00e8ve des questions sur les droits parentaux et la libert\u00e9 de choix\u00a0\u00bb.<\/p>\n<p>Le rapport pointe \u00e9galement que le pr\u00e9sident Fran\u00e7ois Hollande et d\u2019autres ministres ont appel\u00e9 au vote d\u2019une loi sur les signes religieux dans certains lieux priv\u00e9s, notamment les structures de petite enfance.<\/p>\n<p>\u00ab\u00a0Ces restrictions limitent les opportunit\u00e9s d\u2019emploi et \u00e9conomiques, particuli\u00e8rement pour les femmes musulmanes qui portent le foulard\u00a0\u00bb, conclut la commission.<\/td>\n<\/tr>\n<\/tbody>\n<\/table>\n","protected":false},"excerpt":{"rendered":"<p>Un rapport critique la la\u00efcit\u00e9 parfois agressive dans des pays d\u2019Europe, dont la Belgique \u2013 30\/04\/2013 Une commission gouvernementale am\u00e9ricaine a critiqu\u00e9 mercredi plusieurs pays d\u2019Europe de l\u2019Ouest pour leur \u00abla\u00efcit\u00e9 tr\u00e8s agressive\u00bb. Dans un rapport, elle \u00e9pingle notamment l\u2019interdiction du voile int\u00e9gral dans les espaces publics belge et fran\u00e7ais.<\/p>\n","protected":false},"author":1,"featured_media":222,"comment_status":"open","ping_status":"open","sticky":false,"template":"","format":"standard","meta":{"footnotes":""},"categories":[36,4],"tags":[],"class_list":["post-391","post","type-post","status-publish","format-standard","has-post-thumbnail","hentry","category-europe","category-islamophobie"],"_links":{"self":[{"href":"https:\/\/bruxelles-pantheres.be\/index.php?rest_route=\/wp\/v2\/posts\/391","targetHints":{"allow":["GET"]}}],"collection":[{"href":"https:\/\/bruxelles-pantheres.be\/index.php?rest_route=\/wp\/v2\/posts"}],"about":[{"href":"https:\/\/bruxelles-pantheres.be\/index.php?rest_route=\/wp\/v2\/types\/post"}],"author":[{"embeddable":true,"href":"https:\/\/bruxelles-pantheres.be\/index.php?rest_route=\/wp\/v2\/users\/1"}],"replies":[{"embeddable":true,"href":"https:\/\/bruxelles-pantheres.be\/index.php?rest_route=%2Fwp%2Fv2%2Fcomments&post=391"}],"version-history":[{"count":1,"href":"https:\/\/bruxelles-pantheres.be\/index.php?rest_route=\/wp\/v2\/posts\/391\/revisions"}],"predecessor-version":[{"id":392,"href":"https:\/\/bruxelles-pantheres.be\/index.php?rest_route=\/wp\/v2\/posts\/391\/revisions\/392"}],"wp:featuredmedia":[{"embeddable":true,"href":"https:\/\/bruxelles-pantheres.be\/index.php?rest_route=\/wp\/v2\/media\/222"}],"wp:attachment":[{"href":"https:\/\/bruxelles-pantheres.be\/index.php?rest_route=%2Fwp%2Fv2%2Fmedia&parent=391"}],"wp:term":[{"taxonomy":"category","embeddable":true,"href":"https:\/\/bruxelles-pantheres.be\/index.php?rest_route=%2Fwp%2Fv2%2Fcategories&post=391"},{"taxonomy":"post_tag","embeddable":true,"href":"https:\/\/bruxelles-pantheres.be\/index.php?rest_route=%2Fwp%2Fv2%2Ftags&post=391"}],"curies":[{"name":"wp","href":"https:\/\/api.w.org\/{rel}","templated":true}]}}