{"id":3920,"date":"2018-10-03T18:57:19","date_gmt":"2018-10-03T17:57:19","guid":{"rendered":"https:\/\/bruxelles-pantheres.be\/?p=3920"},"modified":"2018-10-03T19:00:33","modified_gmt":"2018-10-03T18:00:33","slug":"mawda-ou-en-est-lenquete","status":"publish","type":"post","link":"https:\/\/bruxelles-pantheres.be\/?p=3920","title":{"rendered":"Mawda, o\u00f9 en est l\u2019enqu\u00eate ?"},"content":{"rendered":"<p>17 mai 2018, Mawda 2 ans est tu\u00e9e par un tir policier<br \/>\nsur l\u2019autoroute E42 \u00e0 hauteur de Maisi\u00e8res<\/p>\n<p>Comment est-ce possible ?<br \/>\nPourquoi le policier n&rsquo;est-il toujours pas inculp\u00e9 ?<br \/>\nEst-ce la faute du passeur ?<br \/>\nPourquoi le passeur a-t-il \u00e9t\u00e9 dans un premier temps lib\u00e9r\u00e9 ?<br \/>\nVu que la camionnette \u00e9tait suivie par la police fran\u00e7aise ne fallait-il pas la laisser partir ?<br \/>\nPourquoi le parquet de Mons a-t-il donn\u00e9 diff\u00e9rentes versions le lendemain des faits ?<br \/>\nQuels sont les effets des directives de \u00ab traques aux passeurs \u00bb donn\u00e9es par Th\u00e9o Francken \u00e0 la police des autoroutes dont ce n\u2019est pas la mission ?<br \/>\nQu\u2019en dit le comit\u00e9 P ?<br \/>\nPourquoi Bart de Wever accuse-t-il les parents ?<br \/>\nPourquoi la famille n&rsquo;est-elle toujours pas r\u00e9gularis\u00e9e ?<\/p>\n<p>&nbsp;<\/p>\n<ul>\n<li id=\"event_time_info\" class=\"_3slj\">\n<div class=\"_36hm\">\n<table class=\"uiGrid _51mz\" cellspacing=\"0\" cellpadding=\"0\">\n<tbody>\n<tr class=\"_51mx\">\n<td class=\"_51m- _4930 _phw _51mw\">\n<div class=\"_phw\">\n<div class=\"_6a\">\n<div class=\"_6a _6b\">\n<div class=\"_xkh\">\n<div class=\"_2ycp _5xhk\" style=\"text-align: center;\"><strong>Jeudi 25 octobre 2018 de 18:00 \u00e0 21:00<\/strong><\/div>\n<div class=\"_5xhp fsm fwn fcg\"><\/div>\n<\/div>\n<\/div>\n<\/div>\n<\/div>\n<\/td>\n<\/tr>\n<\/tbody>\n<\/table>\n<\/div>\n<\/li>\n<li class=\"_3xd0 _3slj\">\n<table class=\"uiGrid _51mz\" style=\"height: 54px;\" width=\"893\" cellspacing=\"0\" cellpadding=\"0\">\n<tbody>\n<tr class=\"_51mx\">\n<td class=\"_51m- _phw\">\n<div class=\"_6a\" aria-hidden=\"true\">\n<div class=\"_6a _6b\"><span class=\"_33vv\"><a href=\"https:\/\/www.facebook.com\/events\/560377191074145\/\">\u00c9v\u00e8nement FB<\/a><br \/>\n<\/span><\/div>\n<\/div>\n<\/td>\n<td class=\"_51m- _4930 _phw _51mw\">\n<div class=\"_phw\">\n<div class=\"_6a\">\n<div class=\"_6a _6b\"><\/div>\n<div class=\"_6a _6b\">\n<div class=\"_xkh\"><strong><span class=\"_5xhk\">Salle Acad\u00e9mique (b\u00e2timent Warocqu\u00e9) Place Warocqu\u00e9 17, 7000 Mons<\/span><\/strong><\/div>\n<\/div>\n<\/div>\n<\/div>\n<\/td>\n<\/tr>\n<\/tbody>\n<\/table>\n<\/li>\n<\/ul>\n<p>&nbsp;<\/p>\n<p><!--more--><\/p>\n<p>Une forte \u00e9motion a suivi cet \u00e9v\u00e9nement. Gr\u00e2ce \u00e0 des soutiens citoyens des fun\u00e9railles ont pu \u00eatre organis\u00e9es au cimeti\u00e8re multiconfessionnel d\u2019Evere. Un millier de personnes ont ainsi pu accompagner la petite Mawda \u00e0 sa derni\u00e8re demeure. La soci\u00e9t\u00e9 civile s\u2019est largement mobilis\u00e9e pour exiger la r\u00e9gularisation de la famille, notamment via une lettre adress\u00e9e \u00e0 Charles Michel et sign\u00e9e par l\u2019ensemble des recteurs des universit\u00e9s n\u00e9erlandophones et francophones du pays. Apr\u00e8s les derni\u00e8res r\u00e9v\u00e9lations de cet \u00e9t\u00e9, notamment sur l\u2019arrestation du conducteur de la camionnette en Angleterre ainsi que sur la pr\u00e9sence d\u2019une puce GPS sous la camionnette mise par la police fran\u00e7aise, le temps est venu de faire un retour sur une affaire qui interroge en profondeur les politiques migratoires mises en place par ce gouvernement.<\/p>\n<p>Pour tenter de comprendre ce drame et ses suites judiciaires, le \u00ab\u00a0Comit\u00e9 Mawda &#8211; V\u00e9rit\u00e9 et Justice\u00a0\u00bb organise, \u00e0 l&rsquo;invitation du Service de Sociologie et d\u2019Anthropologie de l\u2019Universit\u00e9 de Mons, une grande conf\u00e9rence le 25 octobre 2018.<\/p>\n<p>Avec :<\/p>\n<p>&#8211; <strong>Martin Vander Elst<\/strong> (anthropologue \u00e0 l\u2019UCL et membre du Comit\u00e9 Mawda) : rappel g\u00e9n\u00e9ral de l\u2019affaire.<\/p>\n<p>&#8211;<strong> Un des avocats de la famille Shawri<\/strong> : retour sur l\u2019instruction.<\/p>\n<p>&#8211; <strong>Michel Bouffioux<\/strong> (journaliste \u00e0 Paris Match Belgique) : les \u00e9tranges rat\u00e9s de l\u2019instruction.<\/p>\n<p><strong>&#8211; Fabienne Brion<\/strong> (criminologue \u00e0 l\u2019UCL) : la figure du \u00ab passeur \u00bb dans les politiques de criminalisation des migrants.<\/p>\n<p><strong>&#8211; John N\u00e8ve (\u00e9conomiste, USL-B) et Chlo\u00e9 Salembier (anthropologue, UCL, UMons)<\/strong> : retour sur la lettre des recteurs pour la r\u00e9gularisation de la famille de Mawda et les menaces de Th\u00e9o Franken.<\/p>\n<p>Organis\u00e9 par <a href=\"https:\/\/www.facebook.com\/mawda.comite.9\" data-hovercard=\"\/ajax\/hovercard\/user.php?id=100026970581954\" data-hovercard-position=\"below\">Comit\u00e9 Mawda Justice-V\u00e9rit\u00e9<\/a><\/p>\n<figure id=\"attachment_3921\" aria-describedby=\"caption-attachment-3921\" style=\"width: 832px\" class=\"wp-caption aligncenter\"><a href=\"https:\/\/bruxelles-pantheres.be\/wp-content\/uploads\/2018\/10\/poster-A3-conf-mawda.jpg\"><img decoding=\"async\" class=\"size-full wp-image-3921\" src=\"https:\/\/bruxelles-pantheres.be\/wp-content\/uploads\/2018\/10\/poster-A3-conf-mawda.jpg\" alt=\"\" width=\"842\" height=\"1191\" srcset=\"https:\/\/bruxelles-pantheres.be\/wp-content\/uploads\/2018\/10\/poster-A3-conf-mawda.jpg 842w, https:\/\/bruxelles-pantheres.be\/wp-content\/uploads\/2018\/10\/poster-A3-conf-mawda-212x300.jpg 212w, https:\/\/bruxelles-pantheres.be\/wp-content\/uploads\/2018\/10\/poster-A3-conf-mawda-724x1024.jpg 724w, https:\/\/bruxelles-pantheres.be\/wp-content\/uploads\/2018\/10\/poster-A3-conf-mawda-768x1086.jpg 768w, https:\/\/bruxelles-pantheres.be\/wp-content\/uploads\/2018\/10\/poster-A3-conf-mawda-600x849.jpg 600w\" sizes=\"(max-width: 842px) 100vw, 842px\" \/><\/a><figcaption id=\"caption-attachment-3921\" class=\"wp-caption-text\">Manu Scordia<br \/>manu-scordia.blogspot.com\/<\/figcaption><\/figure>\n","protected":false},"excerpt":{"rendered":"<p>17 mai 2018, Mawda 2 ans est tu\u00e9e par un tir policier sur l\u2019autoroute E42 \u00e0 hauteur de Maisi\u00e8res Comment est-ce possible ? Pourquoi le policier n&rsquo;est-il toujours pas inculp\u00e9 ? Est-ce la faute du passeur ? Pourquoi le passeur a-t-il \u00e9t\u00e9 dans un premier temps lib\u00e9r\u00e9 ? Vu que la camionnette \u00e9tait suivie par &#8230; <a title=\"Mawda, o\u00f9 en est l\u2019enqu\u00eate ?\" class=\"read-more\" href=\"https:\/\/bruxelles-pantheres.be\/?p=3920\" aria-label=\"En savoir plus sur Mawda, o\u00f9 en est l\u2019enqu\u00eate ?\">Lire la suite<\/a><\/p>\n","protected":false},"author":1,"featured_media":3729,"comment_status":"open","ping_status":"open","sticky":false,"template":"","format":"standard","meta":{"footnotes":""},"categories":[36,18,28,39,5],"tags":[346],"class_list":["post-3920","post","type-post","status-publish","format-standard","has-post-thumbnail","hentry","category-europe","category-resistance-bruxelles","category-racismes","category-sans-papier","category-violence-policiere","tag-mawda"],"_links":{"self":[{"href":"https:\/\/bruxelles-pantheres.be\/index.php?rest_route=\/wp\/v2\/posts\/3920","targetHints":{"allow":["GET"]}}],"collection":[{"href":"https:\/\/bruxelles-pantheres.be\/index.php?rest_route=\/wp\/v2\/posts"}],"about":[{"href":"https:\/\/bruxelles-pantheres.be\/index.php?rest_route=\/wp\/v2\/types\/post"}],"author":[{"embeddable":true,"href":"https:\/\/bruxelles-pantheres.be\/index.php?rest_route=\/wp\/v2\/users\/1"}],"replies":[{"embeddable":true,"href":"https:\/\/bruxelles-pantheres.be\/index.php?rest_route=%2Fwp%2Fv2%2Fcomments&post=3920"}],"version-history":[{"count":3,"href":"https:\/\/bruxelles-pantheres.be\/index.php?rest_route=\/wp\/v2\/posts\/3920\/revisions"}],"predecessor-version":[{"id":3924,"href":"https:\/\/bruxelles-pantheres.be\/index.php?rest_route=\/wp\/v2\/posts\/3920\/revisions\/3924"}],"wp:featuredmedia":[{"embeddable":true,"href":"https:\/\/bruxelles-pantheres.be\/index.php?rest_route=\/wp\/v2\/media\/3729"}],"wp:attachment":[{"href":"https:\/\/bruxelles-pantheres.be\/index.php?rest_route=%2Fwp%2Fv2%2Fmedia&parent=3920"}],"wp:term":[{"taxonomy":"category","embeddable":true,"href":"https:\/\/bruxelles-pantheres.be\/index.php?rest_route=%2Fwp%2Fv2%2Fcategories&post=3920"},{"taxonomy":"post_tag","embeddable":true,"href":"https:\/\/bruxelles-pantheres.be\/index.php?rest_route=%2Fwp%2Fv2%2Ftags&post=3920"}],"curies":[{"name":"wp","href":"https:\/\/api.w.org\/{rel}","templated":true}]}}