{"id":395,"date":"2013-04-26T03:54:54","date_gmt":"2013-04-26T02:54:54","guid":{"rendered":"https:\/\/bruxelles-pantheres.be\/?p=395"},"modified":"2013-11-10T03:56:41","modified_gmt":"2013-11-10T02:56:41","slug":"echec-de-la-tentative-de-coup-d-etat","status":"publish","type":"post","link":"https:\/\/bruxelles-pantheres.be\/?p=395","title":{"rendered":"\u00c9chec de la tentative de coup d\u2019 \u00c9tat"},"content":{"rendered":"<address itemprop=\"headline\"><a href=\"http:\/\/www.egalite.be\/wp-content\/uploads\/2013\/04\/484982_518663504839556_878449408_n.jpg\"><img decoding=\"async\" alt=\"484982_518663504839556_878449408_n\" src=\"http:\/\/www.egalite.be\/wp-content\/uploads\/2013\/04\/484982_518663504839556_878449408_n.jpg\" width=\"600\" height=\"862\" \/><\/a><\/address>\n<address itemprop=\"headline\">\u00c9chec de la tentative de coup d\u2019Etat, <i>suivi de<\/i> Nuit de cristal au Venezuela<\/address>\n<address itemprop=\"headline\">\u00a0<\/address>\n<div itemprop=\"articleBody\">\n<div><img decoding=\"async\" title=\"Echec de la tentative de coup d'Etat, &lt;i&gt;suivi de&lt;\/i&gt; Nuit de cristal au Venezuela\" alt=\"\" src=\"http:\/\/www.legrandsoir.info\/local\/cache-vignettes\/L135xH247\/arton20229-358f5.png\" width=\"135\" height=\"247\" align=\"left\" \/><\/div>\n<div itemprop=\"author\">Thierry DERONNE, Romain MIGUS<\/div>\n<div id=\"font-variable-chapo\">\n<p>Nous vous proposons ici deux articles contenant des \u00e9l\u00e9ments nouveaux que David Pujadas risque d\u2019oublier de porter \u00e0\u00a0votre connaissance de citoyen libre disposant d\u2019une presse libre.<\/p>\n<p>Le premier est de notre ami Thierry Deronne et le second de Romain Migus, deux journalistes amis du GS, en poste \u00e0\u00a0Caracas.<br \/>\nLGS.<!--more--><\/p>\n<\/div>\n<div id=\"font-variable\" itemprop=\"text\">\n<div>\n<h3>\u00c9chec de la tentative de coup d\u2019 \u00c9tat<\/h3>\n<div align=\"center\">par <strong>Thierry Deronne<\/strong><\/div>\n<p>Comme on le sait, dans les premi\u00e8res heures qui ont suivi l\u2019annonce de la victoire du bolivarien Nicolas Maduro, des militants de l\u2019ex-candidat de droite Capriles Radonski (1) ont ob\u00e9i \u00e0\u00a0sa consigne de \u00ab\u00a0descendre dans la rue pour lib\u00e9rer leur rage\u00a0\u00bb.<\/p>\n<p>Bilan\u00a0: sept citoyen(e)s assassin\u00e9s, dont deux b\u00e9n\u00e9ficiaires de la Grande Mission Logement r\u00e9sidant dans une municipalit\u00e9 de droite (Baruta)\u00a0; des permanences du Parti Socialiste Uni du Venezuela (PSUV), des centres de sant\u00e9 int\u00e9grale, des m\u00e9dias communautaires, des si\u00e8ges r\u00e9gionaux du Conseil National \u00c9lectoral, ainsi que des domiciles de fonctionnaires publics ont \u00e9t\u00e9 attaqu\u00e9s ou incendi\u00e9s.<\/p>\n<p>Sur le plan national, une frange d\u2019\u00e9lecteurs qui avait vot\u00e9 pour Capriles s\u2019est d\u00e9marqu\u00e9e de sa strat\u00e9gie meurtri\u00e8re, d\u00e9j\u00e0\u00a0utilis\u00e9e par lui lors du coup d\u2019\u00c9tat contre le pr\u00e9sident Chavez en avril 2002, et ont manifest\u00e9 leur indignation face aux assassinats (1). En tout \u00e9tat de cause, la majorit\u00e9 de la population n\u2019a pas suivi, poursuivant ses activit\u00e9s quotidiennes ou se mobilisant pacifiquement pour d\u00e9fendre le verdict des urnes.<\/p>\n<p>Les conseillers en communication de Capriles s\u2019\u00e9taient efforc\u00e9s ces mois derniers de lui cr\u00e9er un new look social, d\u00e9mocratique, sur le principe du mim\u00e9tisme avec la r\u00e9volution chaviste, le rhabillant en \u00ab\u00a0Lula v\u00e9n\u00e9zu\u00e9lien\u00a0\u00bb qui allait maintenir les missions sociales et avait m\u00eame remerci\u00e9 les m\u00e9decins cubains. Ce travail cosm\u00e9tique est aujourd\u2019hui r\u00e9duit \u00e0\u00a0n\u00e9ant et le candidat n\u00e9o-lib\u00e9ral semble s\u2019en rendre compte en d\u00e9commandant de nouvelles manifestations. Des informations concordantes \u00e9voquent \u00e0\u00a0pr\u00e9sent l\u2019intention de Radonski de monter un \u00ab\u00a0auto-attentat\u00a0\u00bb pour continuer \u00e0\u00a0alimenter les m\u00e9dias internationaux.<\/p>\n<p>Le pr\u00e9sident Lula a critiqu\u00e9 l\u2019ing\u00e9rence \u00e9tats-unienne dans les \u00e9lections au Venezuela.<\/p>\n<p>Sur le plan international, l\u2019ensemble des gouvernements a pleinement reconnu Nicolas Maduro comme pr\u00e9sident constitutionnel du Venezuela, et les derniers alli\u00e9s de la droite v\u00e9n\u00e9zu\u00e9liene (\u00e0\u00a0l\u2019OEA et en Espagne) ont \u00e9t\u00e9 oblig\u00e9s de suivre, reconnaissant la victoire du candidat bolivarien. Le gouvernement des \u00c9tats-Unis se retrouve donc isol\u00e9 dans son refus de reconna\u00eetre la d\u00e9cision des \u00e9lecteurs. Le scrutin a \u00e9t\u00e9 valid\u00e9 par les observateurs internationaux dont ceux de l\u2019UNASUR (12 pays latino-am\u00e9ricains). L\u2019ex-pr\u00e9sident Lula a d\u00e9clar\u00e9\u00a0: \u00ab\u00a0quand on occupe des fonctions pr\u00e9sidentielles il y a des choses qu\u2019on ne peut pas dire, par diplomatie, mais aujourd\u2019hui je peux les dire\u00a0: de temps en temps les \u00c9tats-Unis s\u2019ing\u00e8rent dans les \u00e9lection organis\u00e9es dans un autre pays. Ils devraient s\u2019occuper de leurs affaires et nous laisser choisir notre destin\u00ab\u00a0.<\/p>\n<p>Durant l\u2019inauguration ce mardi 16 avril du nouvel h\u00f4pital public \u00ab\u00a0Cipriano Castro\u00a0\u00bb dans l\u2019\u00e9tat d\u2019Aragua, le pr\u00e9sident Maduro a \u00e9galement accus\u00e9 les \u00c9tats-Unis de financer la d\u00e9stabilisation de la d\u00e9mocratie et d\u00e9clar\u00e9\u00a0: \u00ab\u00a0e;j\u2019ai dit au peuple\u00a0: \u00ab\u00a0patience\u00a0\u00bb, il ne peut y avoir d\u2019affrontement du peuple contre le peuple. C\u2019est ce que veut la droite pour justifier une intervention \u00e9tats-unienne au Venezuela.\u00a0\u00bbe;<\/p>\n<p>Le nouvel h\u00f4pital, situ\u00e9 dans le quartier populaire San Vicente de la municipalit\u00e9 de Maracay, habit\u00e9 majoritairement par des familles ouvri\u00e8res, est \u00e9quip\u00e9 d\u2019une technologie de pointe dans les aires d\u2019urgence, de p\u00e9diatrie, de chirurgie. Les soins sont totalement gratuits. Le m\u00eame jour deux autres Centres de Diagnostic Int\u00e9gral ont \u00e9t\u00e9 inaugur\u00e9s \u00e0\u00a0La Vega (quartier populaire de Caracas) et dans la municipalit\u00e9 de La Victoria (\u00c9tat d\u2019Aragua). Le CDI de La Vega est le trente-huiti\u00e8me de la capitale et sera ouvert 24 heures sur 24. Le second met \u00e0\u00a0la disposition des habitants une salle d\u2019hospitalisation, de th\u00e9rapie intensive, de chirurgie, d\u2019ophtalmologie, endoscopie, cardiologie, \u00e9chographie, radiologie et traumatologie, l\u2019ensemble des soins \u00e9tant totalement gratuit. \u00ab\u00a0C\u2019est la sant\u00e9 dans le socialisme, telle que l\u2019\u00e9tablit la constitution bolivarienne\u00a0: un syst\u00e8me de sant\u00e9 publique et gratuite tels que nous l\u2019avions r\u00e9dig\u00e9 en tant que d\u00e9put\u00e9s constituants en 1999\u2033e; a d\u00e9clar\u00e9 Maduro avant d\u2019annoncer pour lundi des \u00ab\u00a0mesures radicales pour r\u00e9soudre les probl\u00e8mes du syst\u00e8me \u00e9lectrique national\u00ab\u00a0.<\/p>\n<p>Le vendredi 19 avril, pour sa prise de fonctions officielle, le nouveau pr\u00e9sident du Venezuela sera accompagn\u00e9 par l\u2019ensemble des chefs d\u2019\u00c9tat de l\u2019Am\u00e9rique Latine et d\u2019autres mandataires internationaux , ainsi que par une importante mobilisation des \u00e9lecteurs bolivariens.<\/p>\n<p><strong>Thierry Deronne<\/strong>, Caracas, 17 avril 2013.<br \/>\navec Ciudad Caracas Info<\/p>\n<p><strong>Notes <\/strong>\u00a0:<\/p>\n<p>Comme lors des coups d\u2019\u00c9tat au Paraguay ou au Honduras, il faut y ajouter des \u00e9l\u00e9ments financ\u00e9s de mani\u00e8re occulte par la droite radicale (r\u00e9seaux de d\u00e9linquants li\u00e9s aux mafias de la drogue, mercenaires \u00e9trangers, paramilitaires colombiens li\u00e9s \u00e0\u00a0l\u2019ex-pr\u00e9sident Uribe, etc..). Le journaliste Maurice Lemoine rapelle que \u00ab\u00a0le 26 mars dernier, trois d\u00e9put\u00e9s de droite, MM.\u00a0Ricardo S\u00e1nchez (suppl\u00e9ant de Mme\u00a0Mar\u00e0\u00ada Corina Machado), Andres Avelino (suppl\u00e9ant de M.\u00a0Edgar Zambrano) et Carlos Vargas (suppl\u00e9ant de M.\u00a0Rodolfo Rodr\u00e0\u00adguez), ont retir\u00e9 leur appui \u00e0\u00a0M.\u00a0Capriles en d\u00e9non\u00e7ant l\u2019existence d\u2019un plan \u00e9labor\u00e9 par la MUD pour rejeter les r\u00e9sultats \u00e9mis par le CNE lors de l\u2019\u00e9lection du 14 avril et orchestrer une p\u00e9riode de violence dans le pays.\u00a0\u00bb Lire \u00ab\u00a0Venezuela\u00a0: victoire du \u00ab\u00a0chavisme sans Chavez\u00ab\u00a0, <a href=\"http:\/\/www.monde-diplomatique.fr\/carnet\/2013-04-17-Venezuela\" rel=\"external\">http:\/\/www.monde-diplomatique.fr\/carnet\/2013-04-17-Venezuela<\/a><\/p>\n<p>URL de cet article\u00a0: <a href=\"http:\/\/venezuelainfos.wordpress.com\/2013\/04\/17\/defaite-de-la-tentative-de-coup-detat-lex-president-lula-critique-lingerence-des-etats-unis-dans-les-elections-venezueliennes\/\" rel=\"external\">http:\/\/venezuelainfos.wordpress.com\/2013\/04\/17\/defaite-de-la\u2026<\/a><\/p>\n<p><img decoding=\"async\" alt=\"\" src=\"http:\/\/www.legrandsoir.info\/local\/cache-vignettes\/L480xH359\/assassines_par_le_fachisme-ee135.jpg\" width=\"480\" height=\"359\" \/><\/p>\n<h3>Nuit de cristal au Venezuela<\/h3>\n<div align=\"center\">par <strong>Romain Migus<\/strong>.<\/div>\n<p>Caracas, le 17\/04\/13<\/p>\n<p>Il avait pourtant clairement annonc\u00e9 la couleur. Le 9 avril, cinq jours avant l\u2019\u00e9lection pr\u00e9sidentielle, Henrique Capriles d\u00e9clarait\u00a0: \u00ab\u00a0je ne suis pas le m\u00eame que le 7 octobre, je d\u00e9fendrai les votes\u00a0\u00bb[1]. D\u00e8s le lendemain, le pr\u00e9sident de l\u2019Assembl\u00e9e Nationale, Diosdado Cabello, pr\u00e9sentait sur la chaine publique des preuves confirmant les intentions de la droite de contester les r\u00e9sultats \u00e9lectoraux afin de tenter un coup d\u2019Etat color\u00e9 au Venezuela[2].<\/p>\n<p>Au soir des \u00e9lections, malgr\u00e9 une diff\u00e9rence de 272.865 votes[3] en faveur du candidat socialiste Nicolas Maduro, le candidat de la droite refuse d\u2019admettre sa d\u00e9faite. Pourtant, tous les observateurs internationaux insisteront sur la transparence des \u00e9lections v\u00e9n\u00e9zu\u00e9liennes. Vicente Diaz, un des recteurs du Centre National Electoral (CNE), ouvertement li\u00e9 aux partis d\u2019opposition affirmera n\u2019avoir \u00ab\u00a0aucun doute sur le r\u00e9sultat de l\u2019\u00e9lection\u00a0\u00bb[4] donnant comme vainqueur l\u2019h\u00e9ritier d\u2019Hugo Ch\u00e1vez.<\/p>\n<p>Voil\u00e0\u00a0bien la seule promesse que le candidat de la droite aura tenue.<\/p>\n<p>Oubli\u00e9e la rh\u00e9torique d\u2019union, de paix et de s\u00e9curit\u00e9 qu\u2019il vocif\u00e9rait encore une semaine auparavant. Il appelle ses partisans \u00e0\u00a0se mobiliser afin d\u2019obtenir un audit total des r\u00e9sultats. Curieuse mani\u00e8re d\u00e9mocratique de l\u2019obtenir que d\u2019envoyer les ultras de la droite prendre les rues du pays. La loi \u00e9lectorale v\u00e9n\u00e9zu\u00e9lienne est pourtant tr\u00e8s claire. Elle oblige les candidats \u00e0\u00a0remettre au CNE des preuves de fraude, et dans le cas o\u00f9 celui-ci les rejette, un appel est possible par le Tribunal Supr\u00eame de Justice. Aucune d\u00e9marche administrative n\u2019a \u00e9t\u00e9 engag\u00e9e. Il est vrai que ces accusations ne r\u00e9sistent pas au fait que les membres de l\u2019opposition d\u00e9sign\u00e9s pour superviser les bureaux de vote ont tous donn\u00e9 leur aval aux r\u00e9sultats dans leur centre \u00e9lectoral respectif[5].<\/p>\n<p>Qu\u2019importe, le but recherch\u00e9 n\u2019est pas de renforcer la d\u00e9mocratie \u00e9lectorale mais bien de lancer un coup d\u2019Etat soft dans le meilleur style des pr\u00e9c\u00e9dents en Serbie, G\u00e9orgie, Ukraine, Iran, etc. Les jeunes n\u00e9ofascistes qui, aujourd\u2019hui, mettent le pays \u00e0\u00a0feu et \u00e0\u00a0sang ont pour la plupart \u00e9t\u00e9 form\u00e9s en Serbie par le groupe Otpor, et se revendiquent des techniques de l\u2019Albert Einstein Institution, matrice id\u00e9ologique des R\u00e9volutions color\u00e9es[6].<\/p>\n<p>D\u00e8s l\u2019annonce de Capriles, des groupuscules n\u00e9ofascistes d\u00e9ferlent dans les rues du pays. Des symboles du chavisme sont d\u00e9truits, des militants attaqu\u00e9s et assassin\u00e9s, des petits commerces sont saccag\u00e9s et brul\u00e9s. On d\u00e9nombrera 7 morts et 61 bless\u00e9s, par balles pour la plupart. Cinq si\u00e8ges r\u00e9gionaux du Parti Socialiste Uni du Venezuela (Psuv) sont d\u00e9vast\u00e9s par les flammes, tout comme douze cliniques populaires o\u00f9 officient des m\u00e9decins cubains.<\/p>\n<p>Dans l\u2019Etat du Lara, o\u00f9 le gouverneur Henri Falcon est aussi le chef de campagne de Capriles, la police r\u00e9gionale \u00e0\u00a0ses ordres ne fait rien pour emp\u00eacher la d\u00e9ferlante de haine. Dans la nuit, une grand-m\u00e8re m\u2019appelle de Barquisimeto, la capitale r\u00e9gionale\u00a0: \u00ab\u00a0je suis barricad\u00e9e dans la buanderie avec ma soeur, des personnes sont en train d\u2019essayer de d\u00e9foncer la porte\u00a0\u00bb. Par la petite lucarne qui la relie au monde ext\u00e9rieur, elle verra ses propres voisins, torches en main, aller br\u00fbler la clinique publique du quartier situ\u00e9e en face de la maison. D\u2019autres camarades nous t\u00e9moigneront de sc\u00e8nes semblables qu\u2019ils ont v\u00e9cu, eux et leurs familles. Ils ne feront pas la une des journaux, et pourtant ils sont tr\u00e8s nombreux \u00e0\u00a0avoir \u00e9t\u00e9 agress\u00e9s de la sorte par les hordes fascistes.<\/p>\n<p>Le pr\u00e9sident de la R\u00e9publique Bolivarienne du Venezuela, Nicolas Maduro, appellera ses partisans outrag\u00e9s au calme, \u00e0\u00a0ne pas faire le jeu de la violence et \u00e0\u00a0laisser la police et la garde nationale r\u00e9tablir l\u2019ordre. A Capriles, il lui lance\u00a0: \u00ab\u00a0si tu ne me reconnais pas comme pr\u00e9sident, je ne te reconnais pas comme gouverneur de Miranda\u00a0\u00bb. Ultimatum logique puisque les r\u00e8gles de l\u2019\u00e9lection de Capriles, en d\u00e9cembre dernier, furent exactement les m\u00eames que celles qui ont permis \u00e1 Maduro d\u2019\u00eatre \u00e9lu pr\u00e9sident.<\/p>\n<p>Le bras de fer est engag\u00e9, et ne semble pas tourn\u00e9 en faveur de l\u2019ancien candidat de la droite. La plupart des dirigeants mondiaux ont reconnu Maduro comme le nouveau pr\u00e9sident du Venezuela\u00a0: les pays latino-am\u00e9ricains dont les gouvernements de droite de Colombie, du Chili et du Mexique\u00a0; les Brics (Br\u00e9sil, Russie, Inde, Chine, Afrique du Sud), plusieurs pays d\u2019Afrique, ainsi que certains pays europ\u00e9ens comme l\u2019Espagne. Les Etats-Unis refusent toujours de reconnaitre la l\u00e9gitimit\u00e9 du processus d\u00e9mocratique v\u00e9n\u00e9zu\u00e9lien.<\/p>\n<p>L\u2019arm\u00e9e v\u00e9n\u00e9zu\u00e9lienne a reconnu Nicolas Maduro comme son nouveau \u00ab\u00a0chef des arm\u00e9es\u00a0\u00bb, t\u00e2che qui incombe au pr\u00e9sident de la R\u00e9publique, et a r\u00e9it\u00e9r\u00e9 son engagement \u00e0\u00a0pr\u00e9server la paix et la s\u00e9curit\u00e9. Par la voix de Wilmer Barrientos, chef du Commandement Strat\u00e9gique Op\u00e9rationnel, elle a invit\u00e9 les v\u00e9n\u00e9zu\u00e9liens \u00e0\u00a0respecter les lois et les r\u00e8gles de la d\u00e9mocratie[7].<\/p>\n<p>M\u00eame si la droite compte maintenir sa strat\u00e9gie de tension en envoyant les m\u00eames groupes v\u00eatus du rouge chaviste pour faire porter la responsabilit\u00e9 des violences au gouvernement, le spectre d\u2019un coup d\u2019Etat soft parait \u00eatre \u00e9cart\u00e9. Nicolas Maduro sortira renforc\u00e9 de cette \u00e9preuve de force. En revanche, les messages de paix et d\u2019union de Capriles ont vol\u00e9 en \u00e9clat. Des personnes ont \u00e9t\u00e9 assassin\u00e9es, bless\u00e9es ou maltrait\u00e9es pour avoir commis l\u2019outrage de ne pas se reconnaitre dans le discours du responsable des violences actuelles au Venezuela. Les masques tombent et le fascisme a d\u00e9sormais un visage.<\/p>\n<p><strong>Romain Migus,<\/strong> depuis Caracas.<\/p>\n<\/div>\n<\/div>\n<\/div>\n<div><a href=\"http:\/\/www.legrandsoir.info\/echec-de-la-tentative-de-coup-d-etat-suivi-de-nuit-de-cristal-au-venezuela.html\">SOURCE<\/a><\/div>\n<address>Premier acte de politique \u00e9trang\u00e8re du gouvernement venezu\u00e9lien : d\u00e9fendre les Droits du peuple palestinien<\/address>\n<p>Par <strong>Thierry Deronne \u2013 Altermonde-sans-fronti\u00e8res<br \/>\n<\/strong><\/p>\n<p><strong><br \/>\nPour son premier acte de politique \u00e9trang\u00e8re, le gouvernement du pr\u00e9sident Maduro a organis\u00e9 \u00e0 Caracas une r\u00e9union du <i>Comit\u00e9 de D\u00e9fense des Droits du Peuple Palestinien<\/i> qui rassemble une cinquantaine de pays et a renouvel\u00e9 le soutien absolu du Venezuela bolivarien \u00e0 l\u2019\u00c9tat de Palestine et \u00e0 sa reconnaissance comme membre \u00e0 part enti\u00e8re de l\u2019ONU.<\/strong><\/p>\n<p>\u00ab\u00a0<i>Nous allons continuer la lutte pour la reconnaissance int\u00e9grale de la Palestine<\/i>\u00a0\u00bb a expliqu\u00e9 le chancelier v\u00e9n\u00e9zu\u00e9lien, rappelant que cette r\u00e9union \u00e0 Caracas \u00ab\u00a0<i>s\u2019inscrit dans la continuit\u00e9 de la politique \u00e9trang\u00e8re de Hugo Chavez et que continuera le pr\u00e9sident Nicolas Maduro\u00a0: appuyer, \u00e0 n\u2019importe quel prix, la cause du peuple palestinien. Ce Comit\u00e9 pour les Droits de la Palestine n\u2019aurait pu se r\u00e9unir aujourd\u2019hui au Venezuela s\u2019il n\u2019y existait un gouvernement ind\u00e9pendant, souverain, socialiste, et r\u00e9volutionnaire<\/i>\u00a0\u00bb . El\u00edas Jaua a d\u00e9nonc\u00e9 le refus du gouvernement isra\u00e9lien d\u2019appliquer les r\u00e9solutions \u00e9mises par les Nations Unies et a manifest\u00e9 sa solidarit\u00e9 avec les prisonniers palestiniens.<\/p>\n<p>\u00ab\u00a0<i>Gr\u00e2ce \u00e0 cette r\u00e9sidence officielle nous pourrons mener un grand travail et nous pourrons fortifier les relations mutuelles entre le Venezuela et la Palestine<\/i>\u00a0\u00bb a soulign\u00e9 le Riad Malki, au moment d\u2019inaugurer le si\u00e8ge diplomatique de son \u00c9tat \u00e0 Caracas. Malki a exprim\u00e9 son souhait que la Palestine puisse offrir rapidement une r\u00e9sidence officielle \u00e0 l\u2019ambassade du Venezuela \u00ab\u00a0<i>pour montrer notre gratitude et notre engagement. En quelques mois nous avons d\u00e9j\u00e0 sign\u00e9 plus de douze accords. Nous signerons le prochain \u00e0 Ramallah<\/i>\u00a0\u00bb a expliqu\u00e9 le chancelier palestinien pour d\u00e9crire le d\u00e9veloppement de la relation bilat\u00e9rale entre les deux nations, exprim\u00e9 dans les accords sign\u00e9s par la commission mixte en d\u00e9cembre 2012 dans les secteurs de la sant\u00e9, de l\u2019\u00e9ducation, de l\u2019alimentation et de la formation. Les deux pays ont sign\u00e9 aujourd\u2019hui \u00e0 Caracas un nouvel accord qui homologue les dipl\u00f4mes et titres universitaires entre citoyen(ne)s des deux pays.<\/p>\n<p>\u00ab\u00a0<i>Nous avons approuv\u00e9 aujourd\u2019hui une feuille de route pour accompagner le peuple palestinien et ses autorit\u00e9s dans la d\u00e9fense de leur souverainet\u00e9, pour activer la solidarit\u00e9 internationale et pour que la Palestine devienne rapidement un pays \u00e0 part enti\u00e8re, apr\u00e8s le premier vote par 130 pays de la r\u00e9solution 67\/19 conf\u00e9rant le statut d\u2019observateur \u00e0 l\u2019ONU<\/i>\u00a0\u00bb , a pr\u00e9cis\u00e9 Jorge Valero, ambassadeur du Venezuela \u00e0 l\u2019ONU, qui a d\u00e9nonc\u00e9 \u00ab\u00a0<i>la conversion par Isra\u00ebl de la bande de Gaza en prison \u00e0 ciel ouvert la plus grande du monde et la poursuite criminelle de la politique d\u2019occupation et de colonisation, avec l\u2019emprisonnement de 5 000 citoyen(ne)s palestinien(ne)s, qui jouit de l\u2019impunit\u00e9 totale<\/i>\u00a0\u00bb .<\/p>\n<p>Dans sa r\u00e9solution finale le <i>Comit\u00e9 pour la D\u00e9fense des Droits du Peuple Palestinien<\/i> a exig\u00e9 ce jeudi l\u2019arr\u00eat imm\u00e9diat de l\u2019occupation isra\u00e9lienne du territoire palestinien et a demand\u00e9 \u00e0 tous les \u00c9tats membres de l\u2019ONU d\u2019appuyer la sortie de ce territoire. Le Comit\u00e9 condamne la destruction des terres, des ressources hydrologiques, de l\u2019infrastructure et des organisations comme cons\u00e9quence de l\u2019occupation perp\u00e9tr\u00e9e par l\u2019\u00c9tat d\u2019Isra\u00ebl en Palestine et exige de celui-ci le paiement d\u2019indemnisations pour les dommages caus\u00e9s. \u00ab\u00a0<i>Les palestiniens veulent pouvoir se d\u00e9placer librement dans leur territoire sans devoir penser que leurs maisons peuvent leur \u00eatre enlev\u00e9es<\/i>\u00a0\u00bb d\u00e9clare la r\u00e9solution qui demande aussi aux \u00c9tats membres d\u2019\u00e9tablir des relations diplomatiques pleines avec l\u2019\u00c9tat du Moyen Orient. \u00ab\u00a0<i>La Palestine remplit les crit\u00e8res pour \u00eatre un \u00c9tat et elle est pr\u00eate \u00e0 l\u2019assumer<\/i>\u00a0\u00bb. Est exig\u00e9e la lib\u00e9ration imm\u00e9diate de tous les palestiniens emprisonn\u00e9s par Isra\u00ebl \u00ab\u00a0<i>dont des enfants, des fonctionnaires \u00e9lus et des personnes qui restent d\u00e9tenues sans jugement<\/i>\u00a0\u00bb.<\/p>\n<p><strong>Le Comit\u00e9 lance un appel au Conseil de S\u00e9curit\u00e9 de l\u2019ONU ainsi qu\u2019aux parties signataires de la quatri\u00e8me convention de Gen\u00e8ve pour qu\u2019elles assument les responsabilit\u00e9s qui leur incombent. Enfin les pays signataires du Comit\u00e9 ont d\u00e9cid\u00e9 de d\u00e9clarer 2014 comme ann\u00e9e de solidarit\u00e9 avec la Palestine.<\/strong><\/p>\n<p><strong>Thierry Deronne<\/strong><br \/>\nCaracas \u2013 18 avril 2013 \u2013 Avec <i>AVN, Ciudad Caracas Info<\/i><\/p>\n<p>&nbsp;<\/p>\n<p><a href=\"http:\/\/venezuelainfos.wordpress.com\/2013\/04\/18\/premier-acte-de-politique-etrangere-du-gouvernement-maduro-defendre-les-droits-du-peuple-palestinien\" target=\"_blank\">venezuelainfos.wordpress.com<\/a><\/p>\n","protected":false},"excerpt":{"rendered":"<p>\u00c9chec de la tentative de coup d\u2019Etat, suivi de Nuit de cristal au Venezuela \u00a0 Thierry DERONNE, Romain MIGUS Nous vous proposons ici deux articles contenant des \u00e9l\u00e9ments nouveaux que David Pujadas risque d\u2019oublier de porter \u00e0\u00a0votre connaissance de citoyen libre disposant d\u2019une presse libre. Le premier est de notre ami Thierry Deronne et le &#8230; <a title=\"\u00c9chec de la tentative de coup d\u2019 \u00c9tat\" class=\"read-more\" href=\"https:\/\/bruxelles-pantheres.be\/?p=395\" aria-label=\"En savoir plus sur \u00c9chec de la tentative de coup d\u2019 \u00c9tat\">Lire la suite<\/a><\/p>\n","protected":false},"author":1,"featured_media":396,"comment_status":"open","ping_status":"open","sticky":false,"template":"","format":"standard","meta":{"footnotes":""},"categories":[35,21,28],"tags":[],"class_list":["post-395","post","type-post","status-publish","format-standard","has-post-thumbnail","hentry","category-amerique-du-sud","category-anti-imperialisme","category-racismes"],"_links":{"self":[{"href":"https:\/\/bruxelles-pantheres.be\/index.php?rest_route=\/wp\/v2\/posts\/395","targetHints":{"allow":["GET"]}}],"collection":[{"href":"https:\/\/bruxelles-pantheres.be\/index.php?rest_route=\/wp\/v2\/posts"}],"about":[{"href":"https:\/\/bruxelles-pantheres.be\/index.php?rest_route=\/wp\/v2\/types\/post"}],"author":[{"embeddable":true,"href":"https:\/\/bruxelles-pantheres.be\/index.php?rest_route=\/wp\/v2\/users\/1"}],"replies":[{"embeddable":true,"href":"https:\/\/bruxelles-pantheres.be\/index.php?rest_route=%2Fwp%2Fv2%2Fcomments&post=395"}],"version-history":[{"count":1,"href":"https:\/\/bruxelles-pantheres.be\/index.php?rest_route=\/wp\/v2\/posts\/395\/revisions"}],"predecessor-version":[{"id":397,"href":"https:\/\/bruxelles-pantheres.be\/index.php?rest_route=\/wp\/v2\/posts\/395\/revisions\/397"}],"wp:featuredmedia":[{"embeddable":true,"href":"https:\/\/bruxelles-pantheres.be\/index.php?rest_route=\/wp\/v2\/media\/396"}],"wp:attachment":[{"href":"https:\/\/bruxelles-pantheres.be\/index.php?rest_route=%2Fwp%2Fv2%2Fmedia&parent=395"}],"wp:term":[{"taxonomy":"category","embeddable":true,"href":"https:\/\/bruxelles-pantheres.be\/index.php?rest_route=%2Fwp%2Fv2%2Fcategories&post=395"},{"taxonomy":"post_tag","embeddable":true,"href":"https:\/\/bruxelles-pantheres.be\/index.php?rest_route=%2Fwp%2Fv2%2Ftags&post=395"}],"curies":[{"name":"wp","href":"https:\/\/api.w.org\/{rel}","templated":true}]}}