{"id":3951,"date":"2018-10-26T19:39:14","date_gmt":"2018-10-26T18:39:14","guid":{"rendered":"https:\/\/bruxelles-pantheres.be\/?p=3951"},"modified":"2018-10-26T19:47:49","modified_gmt":"2018-10-26T18:47:49","slug":"le-president-venezuelien-maduro-a-annonce-la-creation-de-linstitut-national-pour-la-decolonisation","status":"publish","type":"post","link":"https:\/\/bruxelles-pantheres.be\/?p=3951","title":{"rendered":"Le Pr\u00e9sident V\u00e9n\u00e9zuelien Maduro a annonc\u00e9 la cr\u00e9ation de l\u2019Institut National pour la D\u00e9colonisation."},"content":{"rendered":"<figure id=\"attachment_3955\" aria-describedby=\"caption-attachment-3955\" style=\"width: 670px\" class=\"wp-caption alignleft\"><a href=\"https:\/\/bruxelles-pantheres.be\/wp-content\/uploads\/2018\/10\/DqTlE9qXQAEMoUa-680x453.jpg\"><img decoding=\"async\" class=\"wp-image-3955 size-full\" src=\"https:\/\/bruxelles-pantheres.be\/wp-content\/uploads\/2018\/10\/DqTlE9qXQAEMoUa-680x453.jpg\" alt=\"\" width=\"680\" height=\"453\" srcset=\"https:\/\/bruxelles-pantheres.be\/wp-content\/uploads\/2018\/10\/DqTlE9qXQAEMoUa-680x453.jpg 680w, https:\/\/bruxelles-pantheres.be\/wp-content\/uploads\/2018\/10\/DqTlE9qXQAEMoUa-680x453-300x200.jpg 300w, https:\/\/bruxelles-pantheres.be\/wp-content\/uploads\/2018\/10\/DqTlE9qXQAEMoUa-680x453-600x400.jpg 600w\" sizes=\"(max-width: 680px) 100vw, 680px\" \/><\/a><figcaption id=\"caption-attachment-3955\" class=\"wp-caption-text\">Maduro con Ram\u00f3n Grosfoguel y Enrique Dussel. Foto: Prensa Presidencial<\/figcaption><\/figure>\n<p>A l\u2019occasion d\u2019une rencontre avec des intellectuels de diff\u00e9rents pays qui participaient \u00e0 la III\u00e8me Ecole de Pens\u00e9e Critique D\u00e9coloniale ouverte au public v\u00e9n\u00e9zu\u00e9lien, le Pr\u00e9sident v\u00e9n\u00e9zu\u00e9lien Maduro a approuv\u00e9 la proposition pr\u00e9sent\u00e9e par Enrique Dussel et Ramon Grosfoguel de cr\u00e9er un Institut pour la D\u00e9colonisation, qui combattra la formation europ\u00e9o-centr\u00e9e qui pr\u00e9vaut toujours \u00e0 l\u2019int\u00e9rieur de nombreux programmes \u00e9ducatifs. Le Ministre du Pouvoir Populaire pour la Culture, Ernesto Villegas, a \u00e9t\u00e9 d\u00e9sign\u00e9 pour parachever sa cr\u00e9ation avec le collectif des intellectuels.<\/p>\n<p>La rencontre entre le Chef de l\u2019\u00c9tat et les intellectuels a eu lieu au palais pr\u00e9sidentiel de Miraflores \u00e0 Caracas, et a \u00e9t\u00e9 retransmise par la cha\u00eene publique de t\u00e9l\u00e9vision. Les penseurs visitaient le V\u00e9n\u00e9zuela \u00e0 l\u2019occasion de\u00a0 la Troisi\u00e8me Ecole de Pens\u00e9e Critique D\u00e9coloniale\u00a0: <em>Etat et Processus Constituants<\/em>, qui se d\u00e9roulait \u00e0 la Biblioth\u00e8que Nationale du V\u00e9n\u00e9zuela entre le 22 et le 26 octobre.<\/p>\n<p>\u00ab\u00a0Ce furent des journ\u00e9es de d\u00e9bat et de r\u00e9flexion extr\u00eamement int\u00e9ressantes, pertinentes, profondes et absolument libres\u00a0\u00bb a expliqu\u00e9 le Ministre de la Culture Ernesto Villegas.\u00a0 \u00ab\u00a0Le gouvernement bolivarien, \u00e0 travers ses distinctes institutions, leur a donn\u00e9 tout son soutien, mais cela ne s\u2019est nullement traduit en restriction ou limitation, de mani\u00e8re \u00e0 ce que l\u2019\u00e9v\u00e8nement soit un plan pour le d\u00e9bat critique et autocritique des grandes affaires de l\u2019humanit\u00e9, particuli\u00e8rement depuis la perspective de la d\u00e9colonisation\u00a0\u00bb.<\/p>\n<p><!--more--><\/p>\n<p style=\"text-align: center;\"><iframe src=\"https:\/\/www.youtube.com\/embed\/1pwX2ZQl0C0\" width=\"560\" height=\"315\" frameborder=\"0\" allowfullscreen=\"allowfullscreen\"><\/iframe><\/p>\n<p>Parmi les participants \u00e0 l\u2019\u00e9v\u00e8nement, on d\u00e9nombre Enrique Dussel (Mexique), Ram\u00f3n Grosfoguel (Porto Rico), Juan Jos\u00e9 Bautista (Bolivie, gagnant du Premier pris du Lib\u00e9rateur de la Pens\u00e9e Critique en 2014), Sabelo J. Ndlovu-Gatsheni (Afrique du Sud), Houria Bouteldja (France), Karina Ochoa (Mexique) et Jos\u00e9 Romero-Losacco (Venezuela). S\u2019est \u00e9galement joint au rendez-vous \u00e0 Miraflores, le Directeur g\u00e9n\u00e9ral de la Biblioth\u00e8que Nationale Ignacio Barreto\u00a0; le pr\u00e9sident du Centre National des Etudes Historiques, Pedro Calzadilla; Ad\u00e1n Ch\u00e1vez, Sa\u00fal Ortega, Jacobo Borges, Cilia Flores, Tania D\u00edaz, Nicol\u00e1s Maduro Guerra et Aurora Paredes, entre autres.<\/p>\n<p>\u00ab\u00a0Ce n\u2019est pas d\u00fb au hasard que cet \u00e9v\u00e8nement ait lieu ici au V\u00e9n\u00e9zu\u00e9la, au milieu du bourgeonnement fasciste qui s\u2019est implant\u00e9 sur notre continent et dans le monde\u00a0\u00bb a exprim\u00e9 Villegas. \u00ab\u00a0Le V\u00e9n\u00e9zuela\u00a0 confirme \u00eatre le bastion de la lutte pour la d\u00e9colonisation, l\u2019\u00e9mancipation, la construction d\u2019une nouvelle soci\u00e9t\u00e9 distincte et sup\u00e9rieure au capitalisme sauvage et \u00e0 celle de la modernit\u00e9 et du colonialisme\u00a0\u00bb.<\/p>\n<h3><strong>Les propositions. <\/strong><\/h3>\n<p>Le professeur Ram\u00f3n Grosfoguel a soulign\u00e9 l\u2019importance de d\u00e9fendre l\u2019anti-imp\u00e9rialisme\u00a0: \u00ab\u00a0 tout anti-imp\u00e9rialisme n\u2019est pas d\u00e9colonial, mais on ne peut pas \u00eatre d\u00e9colonial sans \u00eatre d\u2019abord anti-imp\u00e9rialiste\u00a0\u00bb.<\/p>\n<p>A l\u2019int\u00e9rieur des d\u00e9bats en Am\u00e9rique Latine, beaucoup de gens se pr\u00e9sentent comme anticolonialistes, mais \u00e0 l\u2019heure d\u2019opiner sur le processus bolivarien au V\u00e9n\u00e9zuela \u00ab\u00a0lamentablement, ceux-ci prennent partit pour la droite pro-imp\u00e9rialiste et n\u00e9olib\u00e9rale de ce pays\u00a0\u00bb. C\u2019est pour nous, une contradiction \u00e9norme\u00a0\u00bb. Cela indique que le d\u00e9colonial doit tenir un engagement politique et \u00e9thique avec les peuples en lutte pour leur lib\u00e9ration.<\/p>\n<p>Il a \u00e9galement sugg\u00e9r\u00e9 qu\u2019\u00ab\u00a0il faut avoir l\u2019id\u00e9e de penser conjointement un institut de production de en connaissance d\u00e9coloniale, qui soit transversal\u00a0\u00bb et qui puisse contribuer \u00ab\u00a0pas seulement une fois l\u2019an, mais chaque jours au V\u00e9n\u00e9zuela\u00a0\u00bb. Il a indiqu\u00e9 qu\u2019il y a une g\u00e9n\u00e9ration de de v\u00e9n\u00e9zu\u00e9liens \u00ab\u00a0form\u00e9s pour nous, qui peuvent assumer le projet eux-m\u00eames et l\u2019emmener\u00a0\u00bb.<\/p>\n<p>Enrique Dussel, acad\u00e9micien reconnu, philosophe, historien, th\u00e9ologien d\u2019origine argentine, naturalis\u00e9 au Mexique, a signal\u00e9 que, \u00ab\u00a0par malheur, m\u00eame dans les processus r\u00e9volutionnaires avanc\u00e9s comme ceux de Cuba ou de la Bolivie, l\u2019\u00e9ducation primaire, secondaire et universitaire continuent d\u2019\u00eatre dispens\u00e9es depuis une vision europ\u00e9o-centr\u00e9e de la culture et de la science. \u00abC\u2019est difficile, mais nous devons une fois pour toutes changer le contenu du cursus d\u2019enseignement, afin de changer aussi la mentalit\u00e9 de la jeunesse et de tous les citoyens, et ne pas attendre un si\u00e8cle mais 4 ou 5 ans\u00a0\u00bb. Il a \u00e9galement soutenu l\u2019id\u00e9e de former un institut qui pourra fournir un \u00e9quipement \u00ab\u00a0au niveau \u00e9conomique, politique et agricole\u00a0\u00bb touchant ainsi toutes les activit\u00e9s d\u2019un Etat.<\/p>\n<p>\u00ab\u00a0Nous continuons d\u2019\u00e9duquer \u00e0 la mani\u00e8re d\u2019un fran\u00e7ais ou d\u2019un nord-am\u00e9ricain notre jeunesse et le citoyen, nous pouvons changer cela en peu de temps, avec des \u00e9quipes qui \u00e9crivent des textes d\u2019\u00e9tude pour tous les coll\u00e8ges du pays, gratuits et qui permettront le changement. A cette fin, l\u2019id\u00e9e de sugg\u00e9rer la constitution d\u2019un institut d\u2019\u00e9tude d\u00e9coloniale, mais qui ne sera pas partie de diff\u00e9rents minist\u00e8res ou secr\u00e9tariats, mais qui d\u00e9pendra directement de la Pr\u00e9sidence, pour que depuis cet endroit, il puisse irradier toutes les activit\u00e9s de l\u2019\u00c9tat. Et cela signifie que \u00ab m\u00eame la strat\u00e9gie militaire doit \u00eatre pens\u00e9e de mani\u00e8re d\u00e9coloniale\u00a0\u00bb.<\/p>\n<h3 style=\"text-align: center;\"><a href=\"https:\/\/bruxelles-pantheres.be\/wp-content\/uploads\/2018\/10\/DqUHm4fXgAAZ63E-680x440.jpg\"><img decoding=\"async\" class=\"alignnone size-full wp-image-3956\" src=\"https:\/\/bruxelles-pantheres.be\/wp-content\/uploads\/2018\/10\/DqUHm4fXgAAZ63E-680x440.jpg\" alt=\"\" width=\"680\" height=\"440\" srcset=\"https:\/\/bruxelles-pantheres.be\/wp-content\/uploads\/2018\/10\/DqUHm4fXgAAZ63E-680x440.jpg 680w, https:\/\/bruxelles-pantheres.be\/wp-content\/uploads\/2018\/10\/DqUHm4fXgAAZ63E-680x440-300x194.jpg 300w, https:\/\/bruxelles-pantheres.be\/wp-content\/uploads\/2018\/10\/DqUHm4fXgAAZ63E-680x440-600x388.jpg 600w\" sizes=\"(max-width: 680px) 100vw, 680px\" \/><\/a><\/h3>\n<h3><strong>Approbation de la cr\u00e9ation de l\u2019Institut National de D\u00e9colonisation du V\u00e9n\u00e9zuela. <\/strong><\/h3>\n<p>A ce propos, le Pr\u00e9sident Maduro a signifi\u00e9 son accord pour la cr\u00e9ation de l\u2019Institut National de D\u00e9colonisation du V\u00e9n\u00e9zuela, \u00e0 cette fin , il a d\u00e9sign\u00e9 pour responsable le ministre Ernesto Villegas. Il a indiqu\u00e9 que cela \u00e9tait absolument n\u00e9cessaire afin de donner coh\u00e9rence, articulation et pouvoir avancer dans l\u2019ensemble de ce processus pour consolider une ind\u00e9pendance absolue du pays. \u00ab\u00a0 Pour la consolidation de l\u2019ind\u00e9pendance v\u00e9ritable, il faut approfondir la d\u00e9colonisation de notre pays, de notre continent et de nos peuples\u00a0\u00bb a insist\u00e9 Maduro.<\/p>\n<p>\u00ab\u00a0Je donne mon accord pour que l\u2019Institut de D\u00e9colonisation soit connect\u00e9 \u00e0 la Pr\u00e9sidence de la R\u00e9publique, mais je d\u00e9signe de mani\u00e8re publique le compagnon Ernesto Villegas (ministre de la Culture), comme cadre r\u00e9volutionnaire du V\u00e9n\u00e9zuela, comme grand essayiste politique, institutionnel et culturel pour un plan int\u00e9gral de d\u00e9colonisation. Mais avec un sens \u00e9minemment pratique\u00a0!\u00a0\u00bb Il a manifest\u00e9 sa pleine confiance en Villegas, et a appel\u00e9 \u00e0 installer ces initiatives \u00ab\u00a0qu\u2019elles aient une grande port\u00e9e et tout le soutien dans tous les sens du terme\u00a0\u00bb.<\/p>\n<p style=\"text-align: center;\"><iframe src=\"https:\/\/www.youtube.com\/embed\/eurfeemdihI\" width=\"560\" height=\"315\" frameborder=\"0\" allowfullscreen=\"allowfullscreen\"><\/iframe><\/p>\n<p>A ce propos, il a insist\u00e9 sur le fait que le nouveau devait \u00eatre enracin\u00e9 dans les bases de la pens\u00e9e r\u00e9volutionnaire, d\u00e9favorable \u00e0 la p\u00e9riode coloniale, ce qu\u2019a toujours proclam\u00e9 le Commandant Chavez. \u201cHugo Ch\u00e1vez \u00e9tait un homme qui changeait les structures et questionnait les paradigmes \u00e9tablit et il construisait de nouveau paradigme depuis la racine populaire v\u00e9n\u00e9zu\u00e9lienne (\u2026) Nous devons aller \u00e0 un processus de d\u00e9colonisation int\u00e9gral du pays, (\u2026) et l\u2019int\u00e9grer au Plan de la Patrie 2025 pour consolider les valeurs de la nouvelle culture et l\u2019ind\u00e9pendance du V\u00e9n\u00e9zuela (\u2026) Nous devons identifier comment cr\u00e9er des processus autonomes, pour aller conqu\u00e9rir les espaces qui consolident le 21\u00e8me si\u00e8cle de la r\u00e9surrection de l\u2019Am\u00e9rique Latine et des Cara\u00efbes\u00a0\u00bb, a-t-il exprim\u00e9.<\/p>\n<p>\u00ab\u00a0Je suis convaincu que cet Institut, depuis l\u2019Alba (<em>Alternative Bolivarienne des Peuples de Notre Am\u00e9rique)<\/em> fera l\u2019Histoire, pour doter de lumi\u00e8res, d\u2019id\u00e9es, de projets, les processus in\u00e9vitables que nous allons vivre en Am\u00e9rique Latine et dans les Cara\u00efbes\u00a0\u00bb a indiqu\u00e9 le Chef de l\u2019\u00c9tat v\u00e9n\u00e9zu\u00e9lien.<\/p>\n<p>Il a \u00e9galement indiqu\u00e9 que la d\u00e9colonisation devra s\u2019inclure comme une ligne additionnelle du Plan de la Patrie qui est en quelque sorte le programme fondamental du gouvernement.<\/p>\n<p><strong>En R\u00e9ponse \u00e0 Mike Pence.<\/strong><\/p>\n<p>Maduro a \u00e9galement r\u00e9pondu aux accusations du vice-pr\u00e9sident des Etats Unis, Mike Pence, qui avait d\u00e9clar\u00e9 r\u00e9cemment, que selon les informations re\u00e7ues par le pr\u00e9sident du Honduras,\u00a0 Juan Orlando Hern\u00e1ndez, c\u2019\u00e9tait\u2026 le Gouvernement v\u00e9n\u00e9zu\u00e9lien qui aurait organis\u00e9 et financ\u00e9 la d\u00e9ferlante de migrants fuyant la mis\u00e8re de ce pays jusqu\u2019au territoire \u00e9tats-unien.<\/p>\n<p>\u00ab\u00a0J\u2019alerte le monde sur la parano\u00efa de Mike Pence et des secteurs extr\u00e9mistes du Gouvernement des Etats Unis contre le V\u00e9n\u00e9zuela. Ils ont une obsession car ils n\u2019ont pas pu nous mettre en d\u00e9route, et ne pourront jamais le faire car la R\u00e9volution Bolivarienne est d\u00e9cid\u00e9e \u00e0 avancer\u00a0\u00bb a soulign\u00e9 le mandataire.<\/p>\n<p style=\"text-align: center;\"><iframe src=\"https:\/\/www.youtube.com\/embed\/PcoDXp2NP38\" width=\"560\" height=\"315\" frameborder=\"0\" allowfullscreen=\"allowfullscreen\"><\/iframe><\/p>\n<p>A ce propos, il a comment\u00e9 le danger que repr\u00e9sentent de telles d\u00e9clarations pour sa s\u00e9curit\u00e9 et celle du V\u00e9n\u00e9zuela, il a affirm\u00e9 que les Etats Unis cherchent \u00e0 d\u00e9molir la R\u00e9volution, formant part d\u2019une campagne de discr\u00e9dit sans pr\u00e9c\u00e9dent contre la nation.<\/p>\n<p>Maduro a rappel\u00e9 les diff\u00e9rents obstacles qu\u2019a eu \u00e0 affronter le chavisme depuis son arriv\u00e9e en 1999, et particuli\u00e8rement le coup d\u2019\u00c9tat contre le pr\u00e9sident Chavez en avril 2002.<\/p>\n<p>\u00ab\u00a0Nous avons du affronter l\u2019assaut durant le premier Gouvernement de George Bush, quand ils vinrent donner un coup d\u2019\u00c9tat, et ils l\u2019ont donn\u00e9. Ce Palais f\u00fbt pris entre le 11 et le 12 avril 2002 (\u2026) mais la mobilisation du peuple dans la rue, et l\u2019union civique et militaire, ont fait \u00e9chouer le coup d\u2019Etat de l\u2019Empire\u00a0\u00bb a-t-il insist\u00e9.<\/p>\n<p>&nbsp;<\/p>\n<p>&nbsp;<\/p>\n<p>Traduction\u00a0: Julie Jaroszewski<\/p>\n<p><a href=\"http:\/\/albaciudad.org\/2018\/10\/presidente-maduro-anuncio-la-creacion-del-instituto-nacional-para-la-descolonizacion-videos\/?fbclid=IwAR3PzJA9j5WeBZWU5mXw80Q5HHYwv_I2yDhH9RSZJ2xDsWrNgvdz8AAcCbM\">articles source<\/a><\/p>\n<header>\n<h1 class=\"entry-title\">Presidente Maduro anunci\u00f3 la creaci\u00f3n del Instituto Nacional para la Descolonizaci\u00f3n (+Videos y micros radiales)<\/h1>\n<div class=\"entry-meta\"><time class=\"published\" datetime=\"2018-10-25\">25 octubre, 2018<\/time><\/div>\n<\/header>\n<div class=\"entry-content\">\n<div id=\"attachment_171258\" class=\"wp-caption aligncenter\">\n<p class=\"wp-caption-text\">Maduro con Ram\u00f3n\u00a0Grosfoguel y Enrique Dussel. Foto: Prensa Presidencial<\/p>\n<\/div>\n<p>Durante un encuentro con intelectuales de varios pa\u00edses que participan en la III Escuela de Pensamiento Cr\u00edtico Descolonial, el Presidente venezolano Nicol\u00e1s Maduro aprob\u00f3 la propuesta presentada por Enrique Dussel y\u00a0Ram\u00f3n Grosfoguel de crear un instituto para la descolonizaci\u00f3n, que combata la formaci\u00f3n euroc\u00e9ntrica que a\u00fan prevalece en muchos programas educativos. El ministro del Poder Popular para la Cultura, Ernesto Villegas, tendr\u00e1 la responsabilidad de su creaci\u00f3n.<\/p>\n<\/div>\n<p><em><strong>Texto: Alba Ciudad (LBR) con informaci\u00f3n de CiudadCCS<\/strong><\/em><\/p>\n<p><strong><em>Escuche o descargue el micro radial<\/em><\/strong><\/p>\n<div id=\"mep_0\" class=\"mejs-container mejs-container-keyboard-inactive wp-audio-shortcode mejs-audio\" tabindex=\"0\" role=\"application\" aria-label=\"Audio Player\">\n<div class=\"mejs-inner\">\n<div class=\"mejs-controls\"><\/div>\n<\/div>\n<\/div>\n<div align=\"center\"><a href=\"http:\/\/albaciudad.org\/wp-content\/uploads\/2018\/10\/MADURO-DEBEMOS-DESCUBRIR-LOS-PROCESOS-QUE-NOS-LLEVEN-A-LA-DESCOLONIZACION.mp3\">GUARDAR ARCHIVO: Haga click aqu\u00ed con el bot\u00f3n derecho<br \/>\ny seleccione &lsquo;Guardar v\u00ednculo como&#8230;&rsquo;<\/a><\/div>\n<p>El encuentro entre el Jefe de Estado y los intelectuales se dio en el Palacio de Miraflores, en Caracas, y fue transmitido por Venezolana de Televisi\u00f3n.Los pensadores visital el pa\u00eds a prop\u00f3sito de la<em> III Escuela de Pensamiento Cr\u00edtico Descolonial: Estado y Procesos Constituyentes<\/em>, que se desarrolla entre el 22 y el 26 de octubre en el Biblioteca Nacional de Venezuela.<\/p>\n<p>\u201cHan sido jornadas de debate y reflexi\u00f3n sumamente interesantes, pertinentes, profundas y absolutamente libres\u201d, explic\u00f3 el ministro para la Cultura, Ernesto Villegas. \u201cEl gobierno bolivariano, a trav\u00e9s de sus distintas instituciones, les ha dado todo el apoyo, pero eso no ha significado en modo alguno cortapisas, limitaciones para que ese sea un escenario para el debate cr\u00edtico y autocr\u00edtico de los grandes asuntos de la Humanidad, particularmente desde la perspectiva de la descolonizaci\u00f3n\u201d.<\/p>\n<div class=\"lyte-wrapper fourthree\">\n<div id=\"WYL_1pwX2ZQl0C0\" class=\"lyte lP\">\n<div id=\"lyte_1pwX2ZQl0C0\" class=\"pL\" data-src=\"https:\/\/i.ytimg.com\/vi\/1pwX2ZQl0C0\/hqdefault.jpg\">\n<div class=\"tC\">\n<div class=\"tT\">Presidente Maduro recibe a intelectuales de III Escuela de Pensamiento Cr\u00edtico Descolonial<\/div>\n<\/div>\n<div class=\"play\"><\/div>\n<\/div>\n<\/div>\n<\/div>\n<div class=\"lL\">Mire este video <a href=\"http:\/\/youtu.be\/1pwX2ZQl0C0\">en Youtube<\/a>.<\/div>\n<p>Entre los participantes en el evento se encuentran Enrique Dussel (M\u00e9xico), Ram\u00f3n Grosfoguel (Puerto Rico), Juan Jos\u00e9 Bautista (Bolivia, ganador del Premio Libertador al Pensamiento Cr\u00edtico 2014), Sabelo J Ndlovu-Gatsheni (Sur\u00e1frica), Houria Bouteldja (Francia), Karina Ochoa (M\u00e9xico) y Jos\u00e9 Romero-Losacco (Venezuela). Tambi\u00e9n acudieron a la cita en Miraflores el director general de la Biblioteca Nacional, Ignacio Barreto; el presidente del Centro Nacional de Estudios Hist\u00f3ricos, Pedro Calzadilla; Ad\u00e1n Ch\u00e1vez, Sa\u00fal Ortega, Jacobo Borges, Cilia Flores, Tania D\u00edaz, Nicol\u00e1s Maduro Guerra y Aurora Paredes, entre otros.<\/p>\n<p>\u201cNo es casual que este evento se desarrolle aqu\u00ed en Venezuela, en medio del brote fascista que se ha registrado en nuestro continente y en el mundo\u201d, expres\u00f3 Villegas. \u201cVenezuela se ratifica como un basti\u00f3n de la lucha por la descolonizaci\u00f3n, la emancipaci\u00f3n, la construcci\u00f3n de una sociedad distinta y superior al capitalismo salvaje y a los dictados de la modernidad y la colonianidad\u201d.<\/p>\n<h3>Las propuestas<\/h3>\n<p>El profesor Ram\u00f3n Grosfoguel destac\u00f3 la importancia de defender el antiimperialismo: \u201cno todo antiimperialista es decolonial, pero no se puede ser decolonial sin primero ser antiimperialista\u201d. Indica que, en los debates en Am\u00e9rica Latina, mucha gente se presentaba como anticolonial, pero a la hora de opinar sobre el proceso bolivariano en Venezuela, \u201clamentablemente toman partido con la derecha proimperial y neoliberal de este pa\u00eds. Esto, para nosotros, es una contradicci\u00f3n enorme\u201d. Indica que lo decolonial debe tener un compromiso pol\u00edtico y \u00e9tico con los pueblos en su lucha por la liberaci\u00f3n.<\/p>\n<p>Tambi\u00e9n sugiri\u00f3 que \u201cse debe tener la idea de pensar juntos un instituto de producci\u00f3n de conocimiento decolonial, que sea transversal\u201d y que contribuya \u201cya no una vez al a\u00f1o, sino todos los d\u00edas a Venezuela\u201d. Indic\u00f3 que hay una generaci\u00f3n de venezolanos \u201cformados por nosotros, que pueden asumir el proyecto ellos mismos y echarlo adelante\u201d.<\/p>\n<p>&nbsp;<\/p>\n<p>Enrique Dussel, reconocido acad\u00e9mico, fil\u00f3sofo, historiador y te\u00f3logo de origen argentino, naturalizado mexicano, se\u00f1al\u00f3 que, \u201cpor desgracia, a\u00fan en los procesos m\u00e1s revolucionarios\u201d, como los de Cuba o Bolivia, a\u00fan siguen la ense\u00f1anza primaria, secundaria y universitaria con una visi\u00f3n euroc\u00e9ntrica de la cultura y la ciencia. \u201cEs dif\u00edcil, pero tenemos de una vez por todas que cambiar el contenido del curr\u00edculo de la ense\u00f1anza, para cambiar tambi\u00e9n la mentalidad de la juventud y de todos los ciudadanos, y no esperando un siglo sino en 4 \u00f3 5 a\u00f1os\u201d. Tambi\u00e9n respald\u00f3 la idea de formar un instituto que pudiera formar equipos \u201ca nivel econ\u00f3mico, pol\u00edtico y agr\u00edcola\u201d, tocando todas las actividades de un estado.<\/p>\n<div id=\"attachment_171260\" class=\"wp-caption aligncenter\">\n<p class=\"wp-caption-text\">Maduro con Enrique Dussel. Foto: Prensa Presidencial<\/p>\n<\/div>\n<p>\u201cSeguimos educando como un franc\u00e9s o un norteamericano a nuestra juventud y al ciudadano, y esto se puede hacer con poco tiempo, con equipos que escriban textos de estudio para todos los colegios del pa\u00eds, gratuitos y que permitan cambiar. Por eso la idea de sugerir la constituci\u00f3n de un instituto de estudios decoloniales, pero que no fuera en distintos ministerios o secretar\u00edas, sino que dependiera de la Presidencia para que, desde all\u00ed, pudiera irradiar todas las actividades del Estado\u201d. Indic\u00f3 que \u201chasta la estrategia militar misma debe ser pensada de una manera descolonial\u201d.<\/p>\n<p>\u201cHasta la estrategia militar hay que pensarla descolonizadamente\u201d, dijo.<\/p>\n<div id=\"attachment_171263\" class=\"wp-caption aligncenter\">\n<p class=\"wp-caption-text\">Foto: Prensa Presidencial<\/p>\n<\/div>\n<h3>Aprob\u00f3 la creaci\u00f3n del Instituto Nacional de Descolonizaci\u00f3n de Venezuela<\/h3>\n<div id=\"mep_1\" class=\"mejs-container mejs-container-keyboard-inactive wp-audio-shortcode mejs-audio\" tabindex=\"0\" role=\"application\" aria-label=\"Audio Player\">\n<div class=\"mejs-inner\">\n<div class=\"mejs-controls\"><\/div>\n<\/div>\n<\/div>\n<div align=\"center\"><a href=\"http:\/\/albaciudad.org\/wp-content\/uploads\/2018\/10\/MADURO-DESIGNO-A-VILLEGAS-A-LA-INSTALACION-DEL-INSTITUTO-DE-DESCOLONIZACION1.mp3\">GUARDAR ARCHIVO: Haga click aqu\u00ed con el bot\u00f3n derecho<br \/>\ny seleccione &lsquo;Guardar v\u00ednculo como&#8230;&rsquo;<\/a><\/div>\n<p>Al respecto, el Presidente Maduro se mostr\u00f3 de acuerdo con la creaci\u00f3n del Instituto Nacional de Descolonizaci\u00f3n de Venezuela, para el cual design\u00f3 como responsable al ministro Ernesto Villegas. Indic\u00f3 que es absolutamente necesaria para poder dar coherencia, articulaci\u00f3n y para poder avanzar en un conjunto de procesos para consolidar una independencia absoluta del pa\u00eds. \u201cPara la consolidaci\u00f3n de la independencia verdadera, hay que profundizar en la descolonizaci\u00f3n de nuestro pa\u00eds, nuestro continente y nuestros pueblos\u201d, inst\u00f3 Maduro.<\/p>\n<p>\u201cEstoy de acuerdo en que (el instituto de descolonizaci\u00f3n) est\u00e9 conectado a la Presidencia de la Rep\u00fablica, pero yo designo de manera p\u00fablica al compa\u00f1ero Ernesto Villegas (ministro de Cultura), como cuadro revolucionario. Lo designo como responsable pol\u00edtico y enlace para la instalaci\u00f3n del Instituto Nacional de Descolonizaci\u00f3n de Venezuela, como gran ensayo pol\u00edtico, institucional y cultural para un plan integral de descolonizaci\u00f3n. \u00a1Pero con un sentido muy pr\u00e1ctico!\u201d. Manifest\u00f3 su confianza plena en Villegas, y llam\u00f3 a instalar esta iniciativa: \u201cque tenga un gran calado y todo el apoyo en todos los sentidos\u201d.<\/p>\n<div class=\"lyte-wrapper fourthree\">\n<div id=\"WYL_eurfeemdihI\" class=\"lyte lP\">\n<div id=\"lyte_eurfeemdihI\" class=\"pL\" data-src=\"https:\/\/i.ytimg.com\/vi\/eurfeemdihI\/hqdefault.jpg\">\n<div class=\"tC\">\n<div class=\"tT\">Maduro asigna a Ernesto Villegas la creaci\u00f3n del Instituto Nacional para la Descolonizaci\u00f3n<\/div>\n<\/div>\n<div class=\"play\"><\/div>\n<\/div>\n<\/div>\n<\/div>\n<div class=\"lL\">Mire este video <a href=\"http:\/\/youtu.be\/eurfeemdihI\">en Youtube<\/a>.<\/div>\n<p>Al respecto, recalc\u00f3 que el nuevo ente deber\u00e1 estar arraigado a las bases del pensamiento revolucionario, adverso al coloniaje, que siempre proclam\u00f3 el Comandante Hugo Ch\u00e1vez. \u201cHugo Ch\u00e1vez era el hombre que cambiaba las estructuras y cuestionaba los paradigmas establecidos y construida nuevos paradigmas desde la ra\u00edz popular venezolana (\u2026) Debemos ir a un proceso de descolonizaci\u00f3n integral del pa\u00eds, (\u2026) e incorporarlo en el Plan de la Patria 2025 para consolidar los valores de la nueva cultura e independencia de Venezuela (\u2026) Debemos identificar como crear procesos aut\u00f3nomos, para ir conquistando los espacios que consoliden un siglo veintiuno de resurrecci\u00f3n de Am\u00e9rica Latina y El Caribe\u201d, expres\u00f3.<\/p>\n<p>\u201cEstoy seguro de que este instituto, desde el Alba (Alternativa Bolivariana de los Pueblos de Nuestra Am\u00e9rica) har\u00e1 historia, para dotar de luces, de ideas, de proyectos a los procesos inevitables que en Am\u00e9rica Latina y el Caribe vamos a vivir\u201d, indic\u00f3 el Jefe de Estado venezolano.<\/p>\n<p>Tambi\u00e9n indic\u00f3 que la descolonizaci\u00f3n deber\u00eda incluirse como una l\u00ednea adicional en el Plan de la Patria 2019-2025.<\/p>\n<div id=\"attachment_171261\" class=\"wp-caption aligncenter\">\n<p><a class=\"image-anchor\" href=\"http:\/\/albaciudad.org\/wp-content\/uploads\/2018\/10\/DqTpD90WsAA4HIu.jpg\" rel=\"lightbox[171257]\"><img decoding=\"async\" class=\"wp-image-171261 size-large\" src=\"http:\/\/albaciudad.org\/wp-content\/uploads\/2018\/10\/DqTpD90WsAA4HIu-680x453.jpg\" sizes=\"(max-width: 680px) 100vw, 680px\" srcset=\"http:\/\/albaciudad.org\/wp-content\/uploads\/2018\/10\/DqTpD90WsAA4HIu-680x453.jpg 680w, http:\/\/albaciudad.org\/wp-content\/uploads\/2018\/10\/DqTpD90WsAA4HIu-360x240.jpg 360w, http:\/\/albaciudad.org\/wp-content\/uploads\/2018\/10\/DqTpD90WsAA4HIu-768x512.jpg 768w, http:\/\/albaciudad.org\/wp-content\/uploads\/2018\/10\/DqTpD90WsAA4HIu-560x373.jpg 560w, http:\/\/albaciudad.org\/wp-content\/uploads\/2018\/10\/DqTpD90WsAA4HIu-260x173.jpg 260w, http:\/\/albaciudad.org\/wp-content\/uploads\/2018\/10\/DqTpD90WsAA4HIu-160x107.jpg 160w, http:\/\/albaciudad.org\/wp-content\/uploads\/2018\/10\/DqTpD90WsAA4HIu.jpg 900w\" alt=\"\" width=\"680\" height=\"453\" \/><\/a><\/p>\n<p class=\"wp-caption-text\">Foto: Prensa Presidencial<\/p>\n<\/div>\n<h3>Respondi\u00f3 a Mike Pence<\/h3>\n<div id=\"mep_2\" class=\"mejs-container mejs-container-keyboard-inactive wp-audio-shortcode mejs-audio\" tabindex=\"0\" role=\"application\" aria-label=\"Audio Player\">\n<div class=\"mejs-inner\">\n<div class=\"mejs-controls\">\n<div class=\"mejs-horizontal-volume-total\">\n<div class=\"mejs-horizontal-volume-current\"><\/div>\n<\/div>\n<\/div>\n<\/div>\n<\/div>\n<div align=\"center\"><a href=\"http:\/\/albaciudad.org\/wp-content\/uploads\/2018\/10\/MADURO-REPROCHO-DECLARACIONES-DE-MIKI-PENCE.mp3\">GUARDAR ARCHIVO: Haga click aqu\u00ed con el bot\u00f3n derecho<br \/>\ny seleccione &lsquo;Guardar v\u00ednculo como&#8230;&rsquo;<\/a><\/div>\n<p>Maduro tambi\u00e9n respondi\u00f3 a las acusaciones del vicepresidente de Estados Unidos, <strong>Mike Pence<\/strong>, quien declar\u00f3 recientemente que, de acuerdo con informaciones recibidas por el presidente de Honduras, Juan Orlando Hern\u00e1ndez, el Gobierno venezolano habr\u00eda financiado la caravana de migrantes del pa\u00eds hacia territorio estadounidense con fines pol\u00edticos.<\/p>\n<p>\u201cAlerto al mundo sobre la paranoia de Mike Pence y de los sectores extremistas del Gobierno de Estados Unidos contra Venezuela. Tienen una obsesi\u00f3n porque no han podido derrotarnos, ni lo podr\u00e1n hacer jam\u00e1s porque la Revoluci\u00f3n Bolivariana est\u00e1 decidida a avanzar\u201d, enfatiz\u00f3 el mandatario.<\/p>\n<div class=\"lyte-wrapper fourthree\">\n<div id=\"WYL_PcoDXp2NP38\" class=\"lyte lP\">\n<div id=\"lyte_PcoDXp2NP38\" class=\"pL\" data-src=\"https:\/\/i.ytimg.com\/vi\/PcoDXp2NP38\/hqdefault.jpg\">\n<div class=\"tC\">\n<div class=\"tT\">Maduro responde a Mike Pence luego de que lo acusara de financiar caravana de migrantes hondure\u00f1os<\/div>\n<\/div>\n<div class=\"play\"><\/div>\n<\/div>\n<\/div>\n<\/div>\n<div class=\"lL\">Mire este video <a href=\"http:\/\/youtu.be\/PcoDXp2NP38\">en Youtube<\/a>.<\/div>\n<p>Al respecto, coment\u00f3 sobre el peligro que representa tales declaraciones para su seguridad y la de Venezuela y afirm\u00f3 que buscan derrumbar a la Revoluci\u00f3n, y que forman parte de una campa\u00f1a de descr\u00e9dito sin precedentes contra la naci\u00f3n. Maduro record\u00f3 al respecto parte de los obst\u00e1culos que ha tenido que enfrentar el chavismo desde su llegada al poder en 1999, en especial el golpe de Estado contra el presidente Ch\u00e1vez en abril de 2002. \u201cNos toc\u00f3 enfrentar la arremetida en el primer Gobierno de George Bush, cuando se vinieron a dar un golpe de Estado y lo dieron. Este Palacio fue tomado durante el 11 y 12 de abril de 2002 (\u2026), pero el pueblo y la uni\u00f3n c\u00edvico-militar derrotaron ese golpe de Estado imperialista\u201d, recalc\u00f3.<\/p>\n<p>El Mandatario venezolano alert\u00f3 al mundo sobre el peligro que representa tales declaraciones para su seguridad y la de Venezuela y afirm\u00f3 que buscan derrumbar a la Revoluci\u00f3n. \u201cAlerto al mundo sobre la paranoia de Mike Pence y de los sectores extremistas del gobierno de Estados Unidos contra Venezuela. Tienen obsesi\u00f3n porque no han podido hacer que nos rindamos y no podr\u00e1n hacerlo nunca, porque la Revoluci\u00f3n Bolivariana est\u00e1 plantada y decidida a avanzar\u201d, puntualiz\u00f3.<\/p>\n<p><a href=\"http:\/\/albaciudad.org\/2018\/10\/presidente-maduro-anuncio-la-creacion-del-instituto-nacional-para-la-descolonizacion-videos\/?fbclid=IwAR3PzJA9j5WeBZWU5mXw80Q5HHYwv_I2yDhH9RSZJ2xDsWrNgvdz8AAcCbM\">Source<\/a><\/p>\n<p>&nbsp;<\/p>\n","protected":false},"excerpt":{"rendered":"<p>A l\u2019occasion d\u2019une rencontre avec des intellectuels de diff\u00e9rents pays qui participaient \u00e0 la III\u00e8me Ecole de Pens\u00e9e Critique D\u00e9coloniale ouverte au public v\u00e9n\u00e9zu\u00e9lien, le Pr\u00e9sident v\u00e9n\u00e9zu\u00e9lien Maduro a approuv\u00e9 la proposition pr\u00e9sent\u00e9e par Enrique Dussel et Ramon Grosfoguel de cr\u00e9er un Institut pour la D\u00e9colonisation, qui combattra la formation europ\u00e9o-centr\u00e9e qui pr\u00e9vaut toujours \u00e0 &#8230; <a title=\"Le Pr\u00e9sident V\u00e9n\u00e9zuelien Maduro a annonc\u00e9 la cr\u00e9ation de l\u2019Institut National pour la D\u00e9colonisation.\" class=\"read-more\" href=\"https:\/\/bruxelles-pantheres.be\/?p=3951\" aria-label=\"En savoir plus sur Le Pr\u00e9sident V\u00e9n\u00e9zuelien Maduro a annonc\u00e9 la cr\u00e9ation de l\u2019Institut National pour la D\u00e9colonisation.\">Lire la suite<\/a><\/p>\n","protected":false},"author":1,"featured_media":3954,"comment_status":"open","ping_status":"open","sticky":false,"template":"","format":"standard","meta":{"footnotes":""},"categories":[35,21,17],"tags":[391,397,394,385,147,393,389,386,388,396,390,155,392,387,395,257],"class_list":["post-3951","post","type-post","status-publish","format-standard","has-post-thumbnail","hentry","category-amerique-du-sud","category-anti-imperialisme","category-video","tag-adan-chavez","tag-aurora-paredes","tag-cilia-flores","tag-enrique-dussel","tag-houria-bouteldja","tag-jacobo-borges","tag-jose-romero-losaccoignacio-barreto","tag-juan-jose-bautista","tag-karina-ochoa","tag-nicolas-maduro-guerra","tag-pedro-calzadilla","tag-ramon-grosfoguel","tag-saul-ortega","tag-sabelo-j-ndlovu-gatsheni","tag-tania-diaz","tag-venezuela"],"_links":{"self":[{"href":"https:\/\/bruxelles-pantheres.be\/index.php?rest_route=\/wp\/v2\/posts\/3951","targetHints":{"allow":["GET"]}}],"collection":[{"href":"https:\/\/bruxelles-pantheres.be\/index.php?rest_route=\/wp\/v2\/posts"}],"about":[{"href":"https:\/\/bruxelles-pantheres.be\/index.php?rest_route=\/wp\/v2\/types\/post"}],"author":[{"embeddable":true,"href":"https:\/\/bruxelles-pantheres.be\/index.php?rest_route=\/wp\/v2\/users\/1"}],"replies":[{"embeddable":true,"href":"https:\/\/bruxelles-pantheres.be\/index.php?rest_route=%2Fwp%2Fv2%2Fcomments&post=3951"}],"version-history":[{"count":4,"href":"https:\/\/bruxelles-pantheres.be\/index.php?rest_route=\/wp\/v2\/posts\/3951\/revisions"}],"predecessor-version":[{"id":3960,"href":"https:\/\/bruxelles-pantheres.be\/index.php?rest_route=\/wp\/v2\/posts\/3951\/revisions\/3960"}],"wp:featuredmedia":[{"embeddable":true,"href":"https:\/\/bruxelles-pantheres.be\/index.php?rest_route=\/wp\/v2\/media\/3954"}],"wp:attachment":[{"href":"https:\/\/bruxelles-pantheres.be\/index.php?rest_route=%2Fwp%2Fv2%2Fmedia&parent=3951"}],"wp:term":[{"taxonomy":"category","embeddable":true,"href":"https:\/\/bruxelles-pantheres.be\/index.php?rest_route=%2Fwp%2Fv2%2Fcategories&post=3951"},{"taxonomy":"post_tag","embeddable":true,"href":"https:\/\/bruxelles-pantheres.be\/index.php?rest_route=%2Fwp%2Fv2%2Ftags&post=3951"}],"curies":[{"name":"wp","href":"https:\/\/api.w.org\/{rel}","templated":true}]}}