{"id":398,"date":"2013-04-27T03:56:53","date_gmt":"2013-04-27T02:56:53","guid":{"rendered":"https:\/\/bruxelles-pantheres.be\/?p=398"},"modified":"2013-11-10T03:59:50","modified_gmt":"2013-11-10T02:59:50","slug":"marokkaan-in-belgie-wint-rechtszaak-tegen-racistische-agent","status":"publish","type":"post","link":"https:\/\/bruxelles-pantheres.be\/?p=398","title":{"rendered":"Marokkaan in Belgi\u00eb wint rechtszaak tegen racistische agent"},"content":{"rendered":"<header><\/header>\n<div>\n<div id=\"nbit_img\" title=\"Marokkaan in Belgi\u00eb wint rechtszaak tegen racistische agent\">\n<div>\n<div><img decoding=\"async\" alt=\"Marokkaan in Belgi\u00eb wint rechtszaak tegen racistische agent\" src=\"http:\/\/stcm.nl\/imgs\/m\/d\/dc51966785097c06cd912e25b1814ee8.jpg?marokkaan-in-belgie-wint-rechtszaak-tegen-racistische-agent\" \/><\/div>\n<\/div>\n<\/div>\n<div>buitenland<\/p>\n<div>23 Apr 18:17<\/div>\n<\/div>\n<address>Marokkaan in Belgi\u00eb wint rechtszaak tegen racistische agent<\/address>\n<div>Nordine Saidi heeft vier jaar lang voor gerechtigheid gestreden en plukt daar nu de vruchten van.<!--more--><\/div>\n<p>Saidi is de woordvoerder van de Belgisch-Marokkaanse Equality Movement en strijdt tegen onrecht en ongelijkheid. Uitgerekend hij kreeg in 2009 te maken met een agressieve agent die hem beledigde en in elkaar sloeg. De Marokkaanse nieuwsbron Yabiladi meldt dat de Marokkaan de hoorzitting maandagochtend met een glimlach verliet nu hij zijn gelijk heeft gekregen: \u2018Het heeft lang geduurd!\u2019.<\/p>\n<p><strong>Racisme<\/strong><br \/>\nDe rechtbank van Brussel veroordeelde de politie-inspecteur Condijts tot acht maanden celstraf en een schorsing van vier jaar voor racistisch geweld. In 2009 werd Nordine gearresteerd tijdens een protest voor de boycot van Isra\u00ebl. \u2018Buitenlander, als het je hier niet bevalt ga je maar terug naar je eigen land. Voeg een riem toe rond je buik en explodeer in je eigen land\u2019, zo sprak de agent de Marokkaan toe.<\/p>\n<p>Alsof het niet genoeg was ging de racist door: \u2018Jullie Arabieren hebben een penis in plaats van de hersenen\u2019. Nadat Saidi zijn schoenen en jas uit moest doen kreeg hij vervolgens een cel toe gewezen terwijl de agent ook de islam beledigde: \u2018Als je wil bidden, dat kan die kant op\u2019, terwijl hij naar het toilet wees.<\/p>\n<p><strong>Klacht<\/strong><br \/>\nNa zijn vrijlating liet de activist het er niet bij zitten en diende een klacht in waarna een jarenlange strijd volgde. De officier ontkende alles tot het bittere eind terwijl de Marokkaan als een leugenaar werd neergezet. Een collega van de agent getuigde in 2010 echter dat de opgenoemde feiten juist zijn. Op basis van deze getuigenis veroordeelde de rechtbank de racist.<\/p>\n<p>Daarnaast stond de agent ook bekend als iemand die herhaaldelijk een racistische houding had, meldde de rechter. Zijn voorbeeldfunctie woog eveneens zwaar. \u2018Meneer Condijts was gewelddadig, wat al ernstig genoeg is. Maar alsof dat niet genoeg was maakte hij ook racistische opmerkingen richting een burger\u2019, zo sprak de rechter.<\/p>\n<p><strong>Centrum voor Gelijkheid van Kansen en Racismebestrijding<\/strong><br \/>\nMaandag verklaarde het centrum tevreden te zijn met de uitspraak. \u2018Met deze overtuiging heeft de rechtbank een sterk signaal geuit\u2019, zei Edward Delruelle, directeur van de instelling. Het geweld en racisme tegen immigranten en vooral Arabieren komen steeds vaker voor in Belgi\u00eb. Volgens Delruelle is dit onaanvaardbaar en zou de politie vooral moeten dienen als voorbeeld in de maatschappij.<\/p>\n<p>De mishandeling van Nordine staat dus niet op zich en gerechtigheid komt er voor de slachtoffers bijna nooit. Een van de meest trieste gevallen is dat van de 14-jarige Belgische Marokkaan Moab. De jongeman werd in januari aangevallen en geslagen door agenten maar een onderzoek leverde niets op. In afwachting van de uitkomst van het openbaar ministerie blijft de tiener leiden onder dreigementen van politieagenten die de jongen hebben aangevallen.<\/p>\n<p>Zij zijn nog steeds niet bestraft voor hun daden.<\/p>\n<p><a href=\"http:\/\/nieuws.marokko.nl\/26625\/marokkaan-in-belgie-wint-rechtszaak-tegen-racistische-agent\/\">Source<\/a><\/p>\n<address><strong>Belgique : Un Marocain gagne son proc\u00e8s contre un policier raciste <\/strong><\/address>\n<div>\n<p>\u00ab\u00a0Il en a fallu du temps\u00a0!\u00a0\u00bb, pouvait se dire Nordine Saidi. Pendant ces quatre derni\u00e8res ann\u00e9es, il a d\u00fb faire preuve de patience. Aujourd\u2019hui il en r\u00e9colte les fruits. Apr\u00e8s avoir \u00e9t\u00e9 copieusement insult\u00e9 et tabass\u00e9 par un policier en 2009, il a engag\u00e9 une poursuite judiciaire. La justice belge lui donne raison.<\/p>\n<\/div>\n<div id=\"image_art\">\n<div>\n<div><img decoding=\"async\" id=\"article_img\" title=\"\" alt=\"\" src=\"http:\/\/static.yabiladi.com:443\/files\/articles\/5cfed7fc7c2705d0684a65fd2dfafbb1350.jpg\" width=\"388\" height=\"400\" longdesc=\"http:\/\/i.ycdn.org:443\/files\/articles\/5cfed7fc7c2705d0684a65fd2dfafbb1.jpg\" \/><\/div>\n<\/div>\n<p>C\u2019est avec un large sourire sur les l\u00e8vres que Nordine Saidi, porte-parole belgo-marocain du mouvement Egalit\u00e9, militant contre l\u2019injustice et les in\u00e9galit\u00e9s sociales, est sorti de l\u2019audience de ce lundi matin. Pour cause, il vient de gagner son proc\u00e8s contre un inspecteur de police raciste. Le tribunal correctionnel de Bruxelles a <a href=\"http:\/\/www.yabiladi.com\/articles\/details\/16850\/belgique-inspecteur-police-condamne-pour.html\" target=\"_blank\">condamn\u00e9<\/a> l\u2019inspecteur de police, M. Condijts, \u00e0 huit mois de prison avec sursis pendant 4 ans, pour violences racistes.<\/p>\n<p>Pour la petite histoire, Nordine avait \u00e9t\u00e9 arr\u00eat\u00e9 en 2009 pour sa participation \u00e0 une action BDS \u00ab Boycott Isra\u00ebl \u00bb, raconte-t-on sur le site internet du mouvement <a href=\"http:\/\/www.egalite.be\/?p=5853\" target=\"_blank\">Egalit\u00e9<\/a>. En pr\u00e9sence de plusieurs policiers, M. Condijts lui dira : \u00ab Bougnoule, si \u00e7a ne te pla\u00eet pas ici, retourne dans ton propre pays. Attache une ceinture autour de ton ventre et va te faire exploser dans ton pays \u00e0 toi \u00bb. Comme si cela ne suffisait pas, ce dernier ajoutera d\u2019autres injures grossi\u00e8res et racistes : \u00ab Tu as appris ton texte par c\u0153ur en te branlant le soir \u00bb, \u00ab Vous, les Arabes, avez une bite \u00e0 la place du cerveau \u00bb. Apr\u00e8s l\u2019avoir d\u00e9pouill\u00e9 de sa veste et ses chaussures, M. Condijts le mettra en cellule en lui disant : \u00ab Pour la pri\u00e8re, c\u2019est l\u00e0 \u00bb, indiquant de la main la direction des toilettes.<\/p>\n<p>Quelques temps apr\u00e8s, Nordine d\u00e9pose une plainte pour \u00ab racisme et violences polici\u00e8res \u00bb. Et c\u2019est \u00e0 ce moment que la bataille commence. Le policier a tout ni\u00e9 en bloc, jusqu\u2019\u00e0 la derni\u00e8re minute. Traitant Nordine de menteur, il se d\u00e9fendait de ce que l\u2019arrestation s\u2019\u00e9tait faite selon les r\u00e8gles et s\u2019estimait victime de diffamation de la part de certains de ses coll\u00e8gues, dont il ne comprenait pas les motivations. En effet, un de ses coll\u00e8gues avait t\u00e9moign\u00e9 contre lui en 2010, affirmant que les faits qui lui \u00e9taient reproch\u00e9s sont exacts. C\u2019est sur cette base que le tribunal l\u2019a condamn\u00e9.<\/p>\n<p><strong>Un signal fort<\/strong><\/p>\n<p>Avant de se prononcer \u00e0 l\u2019audience ce lundi matin, le juge a insist\u00e9 sur le fait que M. Condijts\u00a0n\u2019en n\u2019est pas \u00e0 sa premi\u00e8re infraction, et qu\u2019il a t\u00e9moign\u00e9 de mani\u00e8re r\u00e9p\u00e9t\u00e9e d\u2019une attitude raciste. De plus, le juge a soulign\u00e9 que le policier est celui qui doit donner l\u2019exemple. Or M. Condijts a fait preuve de violence. Ce qui est d\u00e9j\u00e0 grave. Mais comme si cela ne suffisait pas, il a tenu des propos racistes envers un citoyen.<\/p>\n<p>Dans <a href=\"http:\/\/www.diversite.be\/index.php?action=artikel_detail&amp;artikel=883\" target=\"_blank\">communiqu\u00e9<\/a> rendu public de lundi, le Centre pour l\u2019\u00e9galit\u00e9 des chances et la lutte contre le racisme qui s\u2019\u00e9tait constitu\u00e9 partie civile dans cette affaire, s\u2019est r\u00e9joui de son issue. \u00ab Par cette condamnation, le tribunal a envoy\u00e9 un signal important \u00bb, a d\u00e9clar\u00e9 Edouard Delruelle, directeur francophone du Centre. En effet, les actes de violence et de racisme envers les immigr\u00e9s, g\u00e9n\u00e9ralement arabes, sont tr\u00e8s\u00a0<a href=\"http:\/\/www.yabiladi.com\/articles\/details\/16209\/belgique-l-etat-racisme-dans-pays.html\">r\u00e9currents<\/a>. D\u2019apr\u00e8s M. Delruelle cela est \u00ab inacceptable, surtout de la police qui doit servir d\u2019exemple dans notre soci\u00e9t\u00e9 \u00bb.<\/p>\n<p><strong>Et les autres ?<\/strong><\/p>\n<p>Si Nordine a pu obtenir gain de cause, plusieurs autres Belgo-marocains souffrent en silence, apr\u00e8s avoir \u00e9t\u00e9 chiffonn\u00e9, tabass\u00e9 et insult\u00e9 par des \u00e9l\u00e9ments de la police. L\u2019un des cas les plus tristes est celui de Moad, un jeune Belgo-marocain, de 14 ans, <a href=\"http:\/\/www.yabiladi.com\/articles\/details\/14986\/belgique-jeune-belgo-marocain-frappe-insulte.html\" target=\"_blank\">victime<\/a> d\u2019une agression pr\u00e9sum\u00e9e en janvier dernier. L\u2019enqu\u00eate pr\u00e9liminaire n\u2019avait rien donn\u00e9. En attendant les conclusions du Parquet ou de la police des polices, le jeune adolescent continue de <a href=\"http:\/\/www.yabiladi.com\/articles\/details\/15859\/belgique-l-insulte-sales-bougnoules-frequente.html\">subir<\/a> les menaces des policiers qui l\u2019ont agress\u00e9 et ces derniers, poursuivent leurs fonctions en toute impunit\u00e9. Jusqu\u2019\u00e0 quand?<\/p>\n<p><a href=\"http:\/\/www.yabiladi.com\/articles\/details\/16866\/belgique-marocain-gagne-proces-contre.html\">Source<\/a><\/p>\n<p><a href=\"http:\/\/www.lavenir.net\/article\/detail.aspx?articleid=DMF20130422_00300297\">http:\/\/www.lavenir.net\/article\/detail.aspx?articleid=DMF20130422_00300297<\/a><\/p>\n<p><a href=\"http:\/\/www.yabiladi.com\/articles\/details\/16850\/belgique-inspecteur-police-condamne-pour.html\">http:\/\/www.yabiladi.com\/articles\/details\/16850\/belgique-inspecteur-police-condamne-pour.html<\/a><\/p>\n<p><a href=\"http:\/\/www.ism-france.org\/analyses\/Nordine-Saidi-gagne-son-proces-contre-un-policier-raciste-article-18072\">http:\/\/www.ism-france.org\/analyses\/Nordine-Saidi-gagne-son-proces-contre-un-policier-raciste-article-18072<\/a><\/p>\n<p><a href=\"http:\/\/www.lacapitale.be\/708899\/article\/regions\/bruxelles\/actualite\/2013-04-22\/un-inspecteur-principal-condamne-pour-violence-raciale-un-signal-fort-esti\">http:\/\/www.lacapitale.be\/708899\/article\/regions\/bruxelles\/actualite\/2013-04-22\/un-inspecteur-principal-condamne-pour-violence-raciale-un-signal-fort-esti<\/a><\/p>\n<p><a href=\"http:\/\/m.7sur7.be\/7s7\/m\/fr\/1502\/Belgique\/article\/detail\/1619147\/2013\/04\/22\/Un-inspecteur-bruxellois-condamne-pour-violences-et-racisme.dhtml\">http:\/\/m.7sur7.be\/7s7\/m\/fr\/1502\/Belgique\/article\/detail\/1619147\/2013\/04\/22\/Un-inspecteur-bruxellois-condamne-pour-violences-et-racisme.dhtml<\/a><\/p>\n<p><a href=\"http:\/\/telebruxelles.net\/portail\/info\/info-regionale\/24794-un-inspecteur-de-police-condamne-pour-violence-raciste\">http:\/\/telebruxelles.net\/portail\/info\/info-regionale\/24794-un-inspecteur-de-police-condamne-pour-violence-raciste<\/a><\/p>\n<p><a href=\"http:\/\/www.dhnet.be\/infos\/faits-divers\/article\/432193\/sale-bougnoule-ca-vaut-8-mois.html\">http:\/\/www.dhnet.be\/infos\/faits-divers\/article\/432193\/sale-bougnoule-ca-vaut-8-mois.html<\/a><\/p>\n<p><a href=\"http:\/\/www.rtl.be\/info\/belgique\/faitsdivers\/997047\/bruxelles-un-inspecteur-principal-condamne-pour-violences-et-racisme\">http:\/\/www.rtl.be\/info\/belgique\/faitsdivers\/997047\/bruxelles-un-inspecteur-principal-condamne-pour-violences-et-racisme<\/a><\/p>\n<p><a href=\"http:\/\/www.europalestine.com\/spip.php?article8263\">http:\/\/www.europalestine.com\/spip.php?article8263<\/a><\/p>\n<p><strong>Sur le m\u00eame sujet<\/strong><\/p>\n<div>17 ao\u00fbt 2009<\/div>\n<p><a name=\"14766611\"><\/a><\/p>\n<address><a title=\"Lettre aux membres du Conseil de police d\u2019Anderlecht .\" href=\"http:\/\/mcpalestine.canalblog.com\/archives\/2009\/08\/17\/14766611.html\" rel=\"bookmark\">Lettre aux membres du Conseil de police d\u2019Anderlecht .<\/a><\/address>\n<\/div>\n<\/div>\n","protected":false},"excerpt":{"rendered":"<p>buitenland 23 Apr 18:17 Marokkaan in Belgi\u00eb wint rechtszaak tegen racistische agent Nordine Saidi heeft vier jaar lang voor gerechtigheid gestreden en plukt daar nu de vruchten van.<\/p>\n","protected":false},"author":1,"featured_media":352,"comment_status":"open","ping_status":"open","sticky":false,"template":"","format":"standard","meta":{"footnotes":""},"categories":[24,4,18,28,5],"tags":[],"class_list":["post-398","post","type-post","status-publish","format-standard","has-post-thumbnail","hentry","category-belgique-maroc","category-islamophobie","category-resistance-bruxelles","category-racismes","category-violence-policiere"],"_links":{"self":[{"href":"https:\/\/bruxelles-pantheres.be\/index.php?rest_route=\/wp\/v2\/posts\/398","targetHints":{"allow":["GET"]}}],"collection":[{"href":"https:\/\/bruxelles-pantheres.be\/index.php?rest_route=\/wp\/v2\/posts"}],"about":[{"href":"https:\/\/bruxelles-pantheres.be\/index.php?rest_route=\/wp\/v2\/types\/post"}],"author":[{"embeddable":true,"href":"https:\/\/bruxelles-pantheres.be\/index.php?rest_route=\/wp\/v2\/users\/1"}],"replies":[{"embeddable":true,"href":"https:\/\/bruxelles-pantheres.be\/index.php?rest_route=%2Fwp%2Fv2%2Fcomments&post=398"}],"version-history":[{"count":1,"href":"https:\/\/bruxelles-pantheres.be\/index.php?rest_route=\/wp\/v2\/posts\/398\/revisions"}],"predecessor-version":[{"id":399,"href":"https:\/\/bruxelles-pantheres.be\/index.php?rest_route=\/wp\/v2\/posts\/398\/revisions\/399"}],"wp:featuredmedia":[{"embeddable":true,"href":"https:\/\/bruxelles-pantheres.be\/index.php?rest_route=\/wp\/v2\/media\/352"}],"wp:attachment":[{"href":"https:\/\/bruxelles-pantheres.be\/index.php?rest_route=%2Fwp%2Fv2%2Fmedia&parent=398"}],"wp:term":[{"taxonomy":"category","embeddable":true,"href":"https:\/\/bruxelles-pantheres.be\/index.php?rest_route=%2Fwp%2Fv2%2Fcategories&post=398"},{"taxonomy":"post_tag","embeddable":true,"href":"https:\/\/bruxelles-pantheres.be\/index.php?rest_route=%2Fwp%2Fv2%2Ftags&post=398"}],"curies":[{"name":"wp","href":"https:\/\/api.w.org\/{rel}","templated":true}]}}