{"id":4007,"date":"2018-12-07T19:48:46","date_gmt":"2018-12-07T18:48:46","guid":{"rendered":"https:\/\/bruxelles-pantheres.be\/?p=4007"},"modified":"2018-12-07T19:49:58","modified_gmt":"2018-12-07T18:49:58","slug":"les-gilets-jaunes-ou-la-resistance-insurrectionnelle-de-citoyens-trahis","status":"publish","type":"post","link":"https:\/\/bruxelles-pantheres.be\/?p=4007","title":{"rendered":"Les \u2018Gilets jaunes\u2019\u2026 ou la r\u00e9sistance insurrectionnelle de citoyens trahis"},"content":{"rendered":"<p><em>Quand la justice de l\u2019\u00c9tat n\u2019est que violence, <\/em><em>la violence du peuple n\u2019est que justice<\/em> (graffiti mural)<\/p>\n<p><a href=\"https:\/\/bruxelles-pantheres.be\/wp-content\/uploads\/2018\/12\/550414_10150969555224236_1803572615_n.jpg\"><img decoding=\"async\" class=\"size-full wp-image-4008 alignleft\" src=\"https:\/\/bruxelles-pantheres.be\/wp-content\/uploads\/2018\/12\/550414_10150969555224236_1803572615_n.jpg\" alt=\"\" width=\"228\" height=\"352\" srcset=\"https:\/\/bruxelles-pantheres.be\/wp-content\/uploads\/2018\/12\/550414_10150969555224236_1803572615_n.jpg 228w, https:\/\/bruxelles-pantheres.be\/wp-content\/uploads\/2018\/12\/550414_10150969555224236_1803572615_n-194x300.jpg 194w\" sizes=\"(max-width: 228px) 100vw, 228px\" \/><\/a><\/p>\n<p>La col\u00e8re citoyenne qui se manifeste \u00e0 travers le mouvement des <em>\u2018Gilets jaunes\u2019<\/em> est non seulement compr\u00e9hensible, mais elle est pleinement justifi\u00e9e. Tout citoyen anim\u00e9 d\u2019\u00e9quit\u00e9 ne peut qu\u2019en \u00eatre solidaire. Ce n\u2019est pas la premi\u00e8re fois qu\u2019elle s\u2019exprime, et si les pr\u00e9c\u00e9dents mouvements de contestation qui ont \u00e9maill\u00e9 la paix sociale ces derni\u00e8res ann\u00e9es ont sembl\u00e9 s\u2019\u00e9tioler, en r\u00e9alit\u00e9 cette col\u00e8re ne s\u2019est jamais \u00e9teinte. Bien au contraire, comme elle n\u2019a pas \u00e9t\u00e9 entendue par les tenants du pouvoir, les frustrations se sont accumul\u00e9es \u00e0 en devenir explosives.<\/p>\n<p>Le niveau d\u2019injustices aliment\u00e9es par les politiques mises en place par les gouvernements nationaux au service de la machine europ\u00e9enne et son id\u00e9ologie ultra-lib\u00e9rale, est devenu inacceptable pour la majorit\u00e9 des citoyens. Tant au plan national qu\u2019international du fait de cette mondialisation suicidaire o\u00f9 tout est li\u00e9. Les exemples sont si nombreux qu\u2019il est impossible d\u2019en \u00e9tablir la nomenclature.<!--more--><\/p>\n<p style=\"text-align: center;\"><strong>Les <em>\u2018Gilets jaunes\u2019<\/em>\u2026 ou la r\u00e9sistance insurrectionnelle de citoyens trahis<\/strong><\/p>\n<blockquote><p><strong>Le mouvement gagnera-t-il d\u2019autres \u00c9tats ?<\/strong><\/p><\/blockquote>\n<p>Mais une premi\u00e8re question \u00e0 se poser est de savoir si la France se soumettra plus encore aux dictats europ\u00e9ens, comme y a \u00e9t\u00e9 contrainte la Gr\u00e8ce qui a servi de laboratoire pour tester la r\u00e9sistance de la population \u00e0 la privatisation fr\u00e9n\u00e9tique et au vol organis\u00e9 de ses acquis sociaux.<\/p>\n<p>L\u2019Islande d\u00e9j\u00e0 avait pris du recul par rapport aux instances de l\u2019Union europ\u00e9enne et apr\u00e8s quelques ann\u00e9es de marasme et un remaniement en profondeur de son appareil politique et de ses priorit\u00e9s nationales, a retrouv\u00e9 une croissance et une stabilit\u00e9 enviables.<\/p>\n<p>Le Portugal tr\u00e8s impact\u00e9 apr\u00e8s la crise de 2008 a lui aussi opt\u00e9 pour des choix qui ne s\u2019inscrivent pas dans la doxa europ\u00e9enne et fait nettement mieux que les pays qui poursuivent aveugl\u00e9ment les r\u00e8gles strictes de Bruxelles.<\/p>\n<p>Le Royaume-Uni a vot\u00e9 pour le Brexit, et malgr\u00e9 d\u2019incessantes man\u0153uvres pour tenter de revenir sur ce vote, le choix du peuple est respect\u00e9, au grand dam des eurocrates qui tentent d\u2019alourdir l\u2019ardoise britannique afin d\u2019indiquer \u00e0 ceux qui s\u2019engageraient sur la m\u00eame voie que quitter l\u2019Europe co\u00fbte cher.<\/p>\n<p>Le nouveau gouvernement italien privil\u00e9giant les int\u00e9r\u00eats du pays \u00e0 ceux de l\u2019oligarchie europ\u00e9enne semble tenir t\u00eate aux politiques d\u2019aust\u00e9rit\u00e9 impos\u00e9es par Bruxelles. Mais pour combien de temps\u00a0?<\/p>\n<p>L\u2019Italie n\u2019est pas la Gr\u00e8ce, et son poids \u00e9conomique en Europe est consid\u00e9rable. La Gr\u00e8ce repr\u00e9sente 2% du PIB europ\u00e9en contre 18% pour l\u2019Italie, 21% pour la France et 30% pour l\u2019Allemagne. Une sortie de l\u2019Italie de l\u2019UE telle qu\u2019elle est b\u00e2tie serait un v\u00e9ritable cataclysme pour l\u2019\u00e9difice et le ruinerait grandement sinon d\u00e9finitivement.<\/p>\n<p>Une deuxi\u00e8me question se pose ensuite\u00a0: un mouvement comme les <em>\u2018Gilets jaunes\u2019<\/em>, surgi d\u2019une base \u00e9largie et vari\u00e9e, refusant toute r\u00e9cup\u00e9ration politique ou syndicale, sans un minimum d\u2019organisation et qui risque d\u2019essaimer hors de France \u2013 cela bouge en Belgique, aux Pays-Bas, en Allemagne, en Bulgarie, en Serbie,\u2026 \u2013 peut-il tenir dans la dur\u00e9e face \u00e0 une UE dot\u00e9e de redoutables moyens\u00a0? Le gouvernement fran\u00e7ais \u2013 \u00e0 l\u2019instar d\u2019autres \u2013 observe cela avec attention et joue sur ce manque de structuration, attendant que les citoyens s\u2019\u00e9puisent dans ces luttes qu\u2019il caricature et r\u00e9duit au fait de partis extr\u00e9mistes et de bandes de <em>\u2018casseurs\u2019<\/em> menac\u00e9s de poursuites et de sanctions.<\/p>\n<p>Ce ne serait pourtant pas la premi\u00e8re fois que certains membres des forces de l\u2019ordre se soient infiltr\u00e9s parmi ces <em>\u2018casseurs\u2019<\/em>. Il convient donc d\u2019\u00eatre prudents dans la lecture des faits rapport\u00e9s par les m\u00e9dias habituels. <a href=\"http:\/\/www.alterinfo.net\/Agents-provocateurs_a143341.html\">D\u2019autant que des vid\u00e9os plus que troublantes circulent.<\/a><\/p>\n<blockquote><p><strong>Ce que cache vraiment la col\u00e8re citoyenne<\/strong><\/p><\/blockquote>\n<p>La \u00e9ni\u00e8me pression fiscale sur les carburants n\u2019est pas le fond du probl\u00e8me, mais son r\u00e9v\u00e9lateur. R\u00e9soudre ce seul point serait donc vain et illustrerait l\u2019incomp\u00e9tence du pouvoir \u00e0 comprendre le message. Pour m\u00e9moire, le co\u00fbt du p\u00e9trole brut ne compte que pour un peu plus du quart du prix du diesel et de l\u2019essence \u00e0 la pompe. <a href=\"https:\/\/www.connaissancedesenergies.org\/fiche-pedagogique\/structuration-des-prix-de-l-essence-et-du-gazole-france\">Tout le reste est constitu\u00e9 de taxes et accises impos\u00e9s par les gouvernements.<\/a> Et cette hausse de la fiscalit\u00e9 sur les carburants d\u00e9coule directement de directives europ\u00e9ennes (dont celle de 2009 sur l\u2019\u00e9nergie &#8211; 2009\/28 CE &amp; 2009\/72\/CE), pr\u00f4nant une importante hausse des taxes sur les carburants, sous pr\u00e9texte de transition \u00e9nerg\u00e9tique, associ\u00e9e au d\u00e9mant\u00e8lement et \u00e0 la privatisation du syst\u00e8me national de production d\u2019\u00e9nergie (EDF, GDF, &#8230;).<\/p>\n<p>M\u00eame si certaines revendications des <em>\u2018Gilets jaunes\u2019<\/em> ont un go\u00fbt douteux, \u00e0 l\u2019\u00e9coute des multiples intervenants, un message para\u00eet \u00e9vident\u00a0: les citoyens clament \u00e0 l\u2019unisson leur d\u00e9go\u00fbt des responsables politiques. A cela, il n\u2019y a aucun doute et les premiers vis\u00e9s devraient en saisir toute la port\u00e9e.<\/p>\n<p>L\u2019\u00e9rosion du pouvoir d\u2019achat menant \u00e0 un appauvrissement de la population se confirme ann\u00e9e apr\u00e8s ann\u00e9e \u2013 malgr\u00e9 les discours de cette caste imbuvable qui nous enfume avec ses promesses contraires gr\u00e2ce \u00e0 \u2018<em>plus d\u2019Europe\u2019<\/em> \u2013 <a href=\"https:\/\/www.marianne.net\/\u00e9conomie\/le-grand-mensonge-du-pouvoir-d-achat\">au point que la pr\u00e9carit\u00e9 touche de plus en plus d\u2019individus et de familles<\/a>. Mais, les politiques feraient bien de ne pas s\u2019y tromper\u00a0: les citoyens ne contestent pas seulement la baisse de leur pouvoir d\u2019achat\u00a0: de mani\u00e8re plus g\u00e9n\u00e9rale, ils rejettent les d\u00e9rives capitalistes et financi\u00e8res qui ont \u00e9t\u00e9 ces derni\u00e8res d\u00e9cennies l\u2019unique boussole d\u2019une minorit\u00e9 de fortun\u00e9s.<\/p>\n<p>Sans remonter jusqu\u2019\u00e0 Mitterrand ni Chirac dont il y aurait pourtant beaucoup \u00e0 dire\u00a0; fatigu\u00e9s du fantasque pr\u00e9sident Sarkozy les ayant malmen\u00e9s sur plusieurs fronts et qu\u2019ils ont d\u00e9gomm\u00e9 en \u00e9lisant Hollande se pr\u00e9sentant \u00e0 gauche, ennemi de la finance mais qui a appliqu\u00e9 la m\u00eame politique ultra-lib\u00e9rale de droite dict\u00e9e par l\u2019UE \u2013 avec un bilan tellement catastrophique qu\u2019il n\u2019osa pas envisager de se repr\u00e9senter, id\u00e9e saugrenue qui le taraude maintenant, comme si les Fran\u00e7ais avaient oubli\u00e9\u00a0! \u2013 est arriv\u00e9 le s\u00e9millant Macron qui, \u00e9gocentrique rus\u00e9, comprit que face au trouble ressenti par des \u00e9lecteurs d\u00e9boussol\u00e9s, il y avait un cr\u00e9neau \u00e0 prendre au centre mais, qui comme les autres, s\u2019applique \u00e0 imposer les politiques d\u2019aust\u00e9rit\u00e9 dict\u00e9es par l\u2019UE au profit du grand capital. Cela fait donc plusieurs d\u00e9cennies que les Fran\u00e7ais sont tromp\u00e9s, abus\u00e9s par une poign\u00e9e d\u2019individus sans vergogne ni autre projet que toujours <em>\u2018plus d\u2019Europe\u2019<\/em>\u00a0!<\/p>\n<p>Aussi, ceux qui une fois de plus du haut de leur suffisance n\u2019entendent pas la col\u00e8re actuelle, indiquent soit qu\u2019ils ne comprennent rien des attentes l\u00e9gitimes d\u2019une population exc\u00e9d\u00e9e par le degr\u00e9 intol\u00e9rable d\u2019injustices de la soci\u00e9t\u00e9, tant ils en sont d\u00e9connect\u00e9s\u00a0; soit qu\u2019ils n\u2019en ont cure. Je penche plut\u00f4t pour la deuxi\u00e8me hypoth\u00e8se, mais dans les deux cas cela signifie que cette caste politique arrogante n\u2019est pas apte pour s\u2019occuper des affaires de l\u2019Etat. Et il appara\u00eet de plus en plus clairement que ceux qui la composent ne sont pas \u00e0 son service mais se servent des pr\u00e9rogatives qu\u2019ils peuvent en tirer pour leur propre compte. Les classes moyennes et ouvri\u00e8res sont syst\u00e9matiquement appel\u00e9es \u00e0 se serrer la ceinture au centime pr\u00e8s, quand le couple pr\u00e9sidentiel se paie une vaisselle \u00e0 250.000 \u20ac, une piscine priv\u00e9e au Fort de Br\u00e9gan\u00e7on (entour\u00e9 de la M\u00e9diterran\u00e9e\u00a0!) et le renouvellement de toute la d\u00e9coration des appartements et bureaux de l\u2019Elys\u00e9e, dont la moquette seule co\u00fbterait aux environs de 300.000\u20ac&#8230; <a href=\"https:\/\/www.gala.fr\/l_actu\/news_de_stars\/brigitte-et-emmanuel-macron-depensent-300-000-euros-pour-changer-la-moquette-de-lelysee-la-polemique-enfle_422591\">sans parler des nombreux \u00e9l\u00e9ments que l\u2019on ne conna\u00eet pas encore<\/a>. J\u2019ouvre ici une parenth\u00e8se\u00a0: pour m\u00e9moire, les anciens pr\u00e9sidents fran\u00e7ais jouissent d\u2019une pension confortable \u00e0 vie apr\u00e8s leur passage \u00e0 l\u2019\u00c9lys\u00e9e\u2026\u00a0pay\u00e9e par l\u2019imp\u00f4t de ceux qu\u2019ils auront trahis. Dernier pied-de-nez magistral de ces voyous au peuple\u00a0! Je referme la parenth\u00e8se. Et les exemples de responsables politiques m\u00eal\u00e9s de pr\u00e8s ou de loin \u00e0 des affaires de corruption, de m\u0153urs douteuses ou de trafics en tous genres et rarement sanctionn\u00e9s comme il l\u2019e\u00fbt fallu sont multiples. Augmentant du m\u00eame coup, la juste exasp\u00e9ration citoyenne dans cette \u00e9vidence que perdure un flagrant deux-poids, deux-mesures dans la mani\u00e8re dont fonctionnent <a href=\"https:\/\/www.les-crises.fr\/macron-seffondre-et-emporte-les-medias-avec-lui\/\">nos appareils \u00e9tatiques qui n\u2019ont plus de <em>\u2018d\u00e9mocratie\u2019<\/em> qu\u2019un mince vernis et s\u2019apparentent de plus en plus \u00e0 une <em>\u2018d\u00e9mocrature\u2019<\/em><\/a>.<\/p>\n<blockquote><p><strong>Quand la suffisance sert de paravent \u00e0 l\u2019incomp\u00e9tence<\/strong><\/p><\/blockquote>\n<p>Malgr\u00e9 cela, le 1<sup>er<\/sup> ministre E. Philippe vient d\u2019annoncer un smic non revaloris\u00e9 au 1<sup>er<\/sup> janvier prochain. Auquel s\u2019ajouteront des hausses substantielles du p\u00e9age des autoroutes, du contr\u00f4le technique, ainsi que celles du timbre-poste, des transports, et plus cons\u00e9quentes, celle du gaz et de l\u2019\u00e9lectricit\u00e9. A se demander s\u2019il ne s\u2019agit pas de provocations\u00a0irresponsables\u00a0! Le <em>\u2018moratoire\u2019<\/em> de 6 mois ou d\u2019un an propos\u00e9 ces derni\u00e8res heures n\u2019est qu\u2019un subterfuge pour apaiser la tension du moment, mais ne r\u00e9sout rien au fond du probl\u00e8me, et dans quelques mois la col\u00e8re risque de resurgir de mani\u00e8re plus violente encore si le fondement m\u00eame de ces politiques n\u2019est pas revu avec l\u2019exigence n\u00e9cessaire.<\/p>\n<p>Les m\u00e9dias dominants ne nous diront pas les choses de cette mani\u00e8re. Ils pr\u00e9tendent nous informer quand ils nous d\u00e9sinforment en permanence, ne se rendant m\u00eame plus compte qu\u2019ils ont perdu toute cr\u00e9dibilit\u00e9. A part exception devenue rarissime, il ne s\u2019y trouve d\u2019ailleurs plus aucun <em>\u2018journaliste\u2019<\/em> digne de ce nom. Ce sont des salari\u00e9s pri\u00e9s d\u2019endosser le costume de fonction et de d\u00e9biter des clich\u00e9s et des approches pr\u00eates-\u00e0-penser \u2013 voire m\u00eame des <em>fake-news<\/em> \u2013 sans aucune r\u00e9flexion ni recul sur les \u00e9v\u00e8nements, sans la moindre analyse objective, ni parfois la moindre connaissance des dossiers qu\u2019ils traitent. Avec pour invit\u00e9s habituels des <em>\u2018experts\u2019<\/em> ayant pour mission de relayer le discours du pouvoir, jouant sur les peurs et les \u00e9motions primaires, dressant les citoyens les uns contre les autres. Faut-il rappeler qu\u2019en France, les m\u00e9dias sont aux mains d\u2019une poign\u00e9e de milliardaires <em>\u2018sionis\u00e9s\u2019<\/em> jusqu\u2019\u00e0 l\u2019os, ayant leurs entr\u00e9es \u00e0 l\u2019Elys\u00e9e\u00a0? Ceci explique cela. Et la <em>\u2018libert\u00e9 d\u2019expression\u2019<\/em> tant vant\u00e9e n\u2019est tol\u00e9r\u00e9e que si elle s\u2019inscrit dans la lign\u00e9e du discours de l\u2019\u00c9tat. Ce n\u2019est donc pas de ce c\u00f4t\u00e9 qu\u2019il faut esp\u00e9rer un mouvement f\u00e9d\u00e9rateur qui pourrait r\u00e9veiller l\u2019esprit critique qu\u2019il convient au contraire de garder sous somnif\u00e8re, et pour cela, rien de tel que la t\u00e9l\u00e9 et ses \u00e9missions et animateurs incultes voire d\u00e9biles pour certains.<\/p>\n<p>Et o\u00f9 que l\u2019on tourne la t\u00eate, la seule pi\u00e8tre r\u00e9ponse d\u00e9livr\u00e9e par des gouvernements d\u00e9bord\u00e9s et \u00e0 court d\u2019arguments est la glose habituelle\u00a0: fermet\u00e9 et autorit\u00e9. <em>\u00ab\u00a0Nous maintiendrons le cap\u00a0\u00bb<\/em> entend-on en boucle. Une fermet\u00e9 de langage qui ne parvient plus \u00e0 masquer le vide et l\u2019incomp\u00e9tence des responsables ni les choix de gouvernances d\u00e9vou\u00e9es \u00e0 l\u2019oligarchie. Celle-l\u00e0 m\u00eame qui tient les peuples par son syst\u00e8me r\u00e9pressif\u00a0: intimidations, menaces, lourdes peines, d\u00e9tentions arbitraires, police, gendarmerie, \u00e9tat d\u2019urgence, brigades sp\u00e9ciales anti-\u00e9meutes, snippers, et au besoin, arm\u00e9e. Sinistres m\u00e9thodes qui ne sont pas sans rappeler la <em>\u2018peste brune\u2019<\/em> et qui illustrent combien seul compte le maintien d\u2019un syst\u00e8me d\u2019une violence inou\u00efe qui ne recule devant rien pour prot\u00e9ger les plus nantis. Quant \u00e0 la justice, bien pr\u00e9caire, elle pi\u00e9tine loin, tr\u00e8s loin derri\u00e8re.<a href=\"https:\/\/bruxelles-pantheres.be\/wp-content\/uploads\/2018\/12\/AP_18328351279856-640x400.jpg\"><img decoding=\"async\" class=\"size-full wp-image-4009 alignleft\" src=\"https:\/\/bruxelles-pantheres.be\/wp-content\/uploads\/2018\/12\/AP_18328351279856-640x400.jpg\" alt=\"\" width=\"640\" height=\"400\" srcset=\"https:\/\/bruxelles-pantheres.be\/wp-content\/uploads\/2018\/12\/AP_18328351279856-640x400.jpg 640w, https:\/\/bruxelles-pantheres.be\/wp-content\/uploads\/2018\/12\/AP_18328351279856-640x400-300x188.jpg 300w, https:\/\/bruxelles-pantheres.be\/wp-content\/uploads\/2018\/12\/AP_18328351279856-640x400-600x375.jpg 600w\" sizes=\"(max-width: 640px) 100vw, 640px\" \/><\/a><\/p>\n<p>Apr\u00e8s les accrochages du samedi 24.11 \u00e0 Paris, quand le pr\u00e9sident Macron twitte\u00a0: <em>\u00ab\u00a0Merci \u00e0 nos forces de l\u2019ordre pour leur courage et leur professionnalisme. Honte \u00e0 ceux qui les ont agress\u00e9es. Honte \u00e0 ceux qui ont violent\u00e9 d\u2019autres citoyens et des journalistes. Honte \u00e0 ceux qui ont tent\u00e9 d\u2019intimider des \u00e9lus. Pas de place pour ces violences dans la R\u00e9publique\u00a0\u00bb,<\/em> il signifie par son verbiage creux \u00e0 quel point il est d\u00e9pass\u00e9 par les \u00e9v\u00e8nements. Se r\u00e9fugiant derri\u00e8re les forces de l\u2019ordre dont il doit \u00e0 tout prix \u00e9viter qu\u2019elles ne finissent par rejoindre \u00e0 leur tour les <em>\u2018Gilets jaunes\u2019<\/em> et se retourner contre lui et ses funestes choix politiques. Les caresser dans le sens du poil, calcul sournois, basse flatterie, raconte bien le cynisme de l\u2019individu qui a d\u2019ailleurs propos\u00e9 lors d\u2019un d\u00e9jeuner avec des CRS \u00e0 l\u2019\u00c9lys\u00e9e ce 3 d\u00e9cembre, de leur verser une prime exceptionnelle vu leurs prestations lors des journ\u00e9es de manifestation. Ce qui n\u2019emp\u00eache pas qu\u2019un pr\u00e9avis de gr\u00e8ve a \u00e9t\u00e9 d\u00e9pos\u00e9 par plusieurs syndicats de policiers. La <em>\u2018honte\u2019<\/em> lui revient en premier, de poursuivre sa politique au profit des riches. Les citoyens qui r\u00e9clament sa d\u00e9mission doivent persister dans ce sens et aller jusqu\u2019\u00e0 l\u2019obtenir.<\/p>\n<blockquote><p><strong>Nos riches d\u00e9mocraties sans le sou\u00a0?<\/strong><\/p><\/blockquote>\n<p>Nos \u00c9tats seraient donc d\u00e9sargent\u00e9s\u00a0? Pourtant, les solutions pour trouver de l\u2019argent en abondance existent et tout le monde le sait : \u00e0 commencer par s\u2019attaquer \u00e0 la fraude, aux paradis fiscaux et \u00e0 ceux qui les alimentent. Les noms sont connus. A l\u2019\u00e8re de l\u2019informatique et du choix de l\u2019ultra-s\u00e9curitaire o\u00f9 tout est contr\u00f4l\u00e9 et o\u00f9 tout se sait, le citoyen comprend bien que c\u2019est le manque de courage et de volont\u00e9 politique qui manquent. Puis, il faut taxer les plus hauts revenus et appliquer la m\u00eame politique fiscale que celles des USA\u00a0: o\u00f9 que les \u00e9vad\u00e9s fiscaux se r\u00e9fugient, en tant que citoyens am\u00e9ricains ils sont tax\u00e9s comme s\u2019ils r\u00e9sidaient dans le pays. Ensuite, il faut que les multinationales du type GAFA (Google, Amazone, Facebook, Apple, \u2026) qui ne paient pas d\u2019imp\u00f4ts \u00e0 hauteur des revenus colossaux qu\u2019ils engrangent y soient contraintes et ne b\u00e9n\u00e9ficient plus d\u2019ing\u00e9nierie fiscale comme au Luxembourg dont est issu le pr\u00e9sident de la Commission europ\u00e9enne J-Cl. Juncker. Quel hasard\u00a0! Puis il faut revoir les salaires et avantages de certains patrons-voyous qui pillent leur soci\u00e9t\u00e9 tout en refusant la moindre augmentation de salaire aux salari\u00e9s. Enfin, il faut r\u00e9duire de mani\u00e8re draconienne le train de vie des appareils d\u2019\u00c9tat ainsi que de l\u2019UE. Les mod\u00e8les de gestion gouvernementale saine existent, comme dans certains pays nordiques.<\/p>\n<p>Quant \u00e0 l\u2019UE, avant de donner des le\u00e7ons d\u2019\u00e9cologie aux citoyens, elle devrait commencer par arr\u00eater le gaspillage et supprimer le d\u00e9m\u00e9nagement entre Bruxelles et Strasbourg chaque mois (!) pour y tenir une seule session parlementaire avec la noria de camions transportant les milliers de dossiers n\u00e9cessaires aux technocrates qui s\u2019y rendent et dont le co\u00fbt est \u00e9valu\u00e9 \u00e0 plus de 10 millions d\u2019euros mensuels\u00a0!<a href=\"http:\/\/www.leparisien.fr\/politique\/parlement-europeen-un-demenagement-mensuel-controverse-a-114-millions-d-euros-par-an-27-05-2018-7738575.php\"> Et cela depuis des d\u00e9cennies<\/a>.<\/p>\n<p>Dans la foul\u00e9e, le citoyen n\u2019admet plus que les taxes et imp\u00f4ts divers pour des \u00c9tats qui n\u2019ont de cesse de se d\u00e9clarer \u00e0 court d\u2019argent en trouvent toujours assez pour aller participer \u00e0 des guerres injustifi\u00e9es aux c\u00f4t\u00e9s de l\u2019OTAN et de ses aventures criminelles.<\/p>\n<p>Sur un panneau d\u00e9pos\u00e9 par les manifestants au pied de l\u2019Arc de Triomphe \u00e9tait \u00e9crit\u00a0: \u2018<em>Le Peuple vous voit\u2026 Le Peuple sait.\u2019 <\/em>La r\u00e9alit\u00e9 est simple\u00a0: les citoyens ne supportent plus l\u2019injustice fiscale au profit des plus riches, ni de financer des pillages\u00a0et leur lot de victimes innocentes sous pr\u00e9textes de taxes \u00e9cologiques et d\u2019imp\u00f4ts multiples\u00a0d\u00e9tourn\u00e9s\u00a0!<\/p>\n<blockquote><p><strong>Seule issue\u00a0: un renversement du rapport de forces<\/strong><\/p><\/blockquote>\n<p>A l\u2019ext\u00e9rieur, au Moyen-Orient et en Afrique, nos \u00c9tats poursuivent leurs politiques coloniales pr\u00e9datrices sans l\u2019avouer. A ce titre la Palestine est l\u2019exemple exhaustif d\u2019un monde qui dysfonctionne. Tout ce qui y est pratiqu\u00e9 par l\u2019occupant isra\u00e9lien aurait \u00e9t\u00e9 jug\u00e9 et condamn\u00e9 depuis longtemps s\u2019il s\u2019agissait d\u2019un autre \u00c9tat qu\u2019Isra\u00ebl. Mais comme il s\u2019agit d\u2019un \u00c9tat colonial port\u00e9 \u00e0 bout de bras par d\u2019autres \u00c9tats coloniaux que sont les USA et nos pays d\u2019Europe, toutes les avanies et les injustices allant jusqu\u2019aux crimes d\u2019enfants semblent permis. Sans parler du profond sentiment raciste d\u2019une supr\u00e9matie blanche \u00e0 l\u2019encontre d\u2019une population basan\u00e9e, musulmane de surcro\u00eet, qui s\u2019y dissimule. Et quelle que soit la couleur de nos gouvernements, le tapis rouge est r\u00e9guli\u00e8rement d\u00e9roul\u00e9 sous les pieds de ces assassins. Trahison suppl\u00e9mentaire des valeurs\u00a0les plus fondamentales\u00a0de nos <em>\u2018d\u00e9mocraties\u2019<\/em>\u00a0agonisantes\u00a0!<a href=\"https:\/\/bruxelles-pantheres.be\/wp-content\/uploads\/2018\/12\/47258292_2410841945599195_7915961817036226560_n-758x400.jpg\"><img decoding=\"async\" class=\"size-full wp-image-4011 alignright\" src=\"https:\/\/bruxelles-pantheres.be\/wp-content\/uploads\/2018\/12\/47258292_2410841945599195_7915961817036226560_n-758x400.jpg\" alt=\"\" width=\"758\" height=\"400\" srcset=\"https:\/\/bruxelles-pantheres.be\/wp-content\/uploads\/2018\/12\/47258292_2410841945599195_7915961817036226560_n-758x400.jpg 758w, https:\/\/bruxelles-pantheres.be\/wp-content\/uploads\/2018\/12\/47258292_2410841945599195_7915961817036226560_n-758x400-300x158.jpg 300w, https:\/\/bruxelles-pantheres.be\/wp-content\/uploads\/2018\/12\/47258292_2410841945599195_7915961817036226560_n-758x400-600x317.jpg 600w\" sizes=\"(max-width: 758px) 100vw, 758px\" \/><\/a><\/p>\n<p>Si les militants les plus na\u00effs et les moins politis\u00e9s, tant pour les causes int\u00e9rieures qu\u2019ext\u00e9rieures, pensent que l\u2019esp\u00e8ce humaine est anim\u00e9e de nobles sentiments, ils peuvent continuer \u00e0 croire que ces situations \u00e9volueront <em>\u2018naturellement\u2019<\/em> dans le bon sens, sauf que cela ne se produira pas tout seul, pas plus avec le temps qu\u2019avec des pri\u00e8res.<\/p>\n<p>En revanche, pour les militants plus r\u00e9alistes, l\u2019observation de l\u2019esp\u00e8ce humaine devrait leur indiquer que seul un changement de paradigmes \u2013 \u00e0 savoir le renversement du rapport de forces \u2013 parvient \u00e0 inverser le cours des choses. Il ne faut pas \u00eatre <em>\u2018expert\u2019<\/em> pour le comprendre, il n\u2019est qu\u2019\u00e0 prendre un peu de recul et voir que l\u2019Histoire s\u2019est toujours \u00e9crite ainsi. Les acquis sociaux n\u2019ont jamais \u00e9t\u00e9 conc\u00e9d\u00e9s par les puissants mais leur ont \u00e9t\u00e9 arrach\u00e9s par d\u2019\u00e2pres luttes citoyennes. Et cela de tous temps et sous toutes les latitudes. Pour preuve, devant la col\u00e8re d\u00e9termin\u00e9e des <em>\u2018Gilets jaunes\u2019<\/em>, l\u2019ex\u00e9cutif commence \u00e0 l\u00e2cher du lest. Sauf que quelques miettes conc\u00e9d\u00e9es ne suffiront pas\u00a0!<\/p>\n<p>On peut le regretter, tergiverser sur tel ou tel propos, le constat n\u2019en demeure pas moins \u00e9vident\u00a0: il s\u2019agit bien d\u2019un rapport de forces. Et les d\u00e9g\u00e2ts occasionnels caus\u00e9s aux abris-bus, aux trottoirs d\u00e9pav\u00e9s ou \u00e0 quelques vitrines bris\u00e9es ne sont rien au regard des violences p\u00e9rennes pratiqu\u00e9es par l\u2019\u00c9tat sur quantit\u00e9 de citoyens d\u00e9finitivement priv\u00e9s d\u2018acquis sociaux essentiels \u00e0 leur condition de vie d\u00e9cente. Quand ce n\u2019est pas de vie, tout court\u00a0!<a href=\"#_ftn1\" name=\"_ftnref1\">[1]<\/a><\/p>\n<p>Et pour anticiper toute objection de bobos de gauche, je leur rappelle avant m\u00eame qu\u2019ils ne me l\u2019opposent, les propos de Gandhi\u00a0: <em>\u00ab\u00a0Je le r\u00e9p\u00e8te, et le r\u00e9p\u00e8terai encore et encore, celui qui ne peut se prot\u00e9ger lui, ou ses proches, ou leur honneur, en affrontant la mort non violemment, peut et doit se servir de la violence contre son oppresseur. Celui qui ne peut faire ni l\u2019un ni l\u2019autre est un fardeau (\u2026) Bien que la violence ne soit pas l\u00e9gale, lorsqu\u2019elle est utilis\u00e9e en tant que l\u00e9gitime d\u00e9fense ou en d\u00e9fense des d\u00e9munis, elle constitue un acte de bravoure bien sup\u00e9rieur \u00e0 une l\u00e2che soumission\u00a0\u00bb.<\/em> Dont acte.<\/p>\n<p>La crainte majeure de ces technocrates qui se sont empar\u00e9s des manettes de commande des \u00c9tats soumis \u00e0 la <em>\u2018Loi du March\u00e9\u2019<\/em> est que le mouvement des <em>\u2018Gilets jaunes\u2019<\/em> d\u00e9marr\u00e9 en France ne fasse tache d\u2019huile et finisse par s\u2019\u00e9tendre au-del\u00e0 des fronti\u00e8res, voire des continents. Parce qu\u2019\u00e0 l\u2019ext\u00e9rieur de l\u2019Hexagone, c\u2019est identique\u00a0: les pays riches ont la puissance financi\u00e8re, \u00e9conomique et militaire leur permettant de dominer les populations plus faibles qui ne peuvent se d\u00e9fendre de leurs agressions. Seul un renversement du rapport de forces peut changer les choses.<\/p>\n<p><a href=\"https:\/\/bruxelles-pantheres.be\/wp-content\/uploads\/2018\/12\/1067193-policiers-israeliens-clandestins-arborant-keffieh.jpg\"><img decoding=\"async\" class=\" wp-image-4012 alignleft\" src=\"https:\/\/bruxelles-pantheres.be\/wp-content\/uploads\/2018\/12\/1067193-policiers-israeliens-clandestins-arborant-keffieh.jpg\" alt=\"\" width=\"752\" height=\"551\" srcset=\"https:\/\/bruxelles-pantheres.be\/wp-content\/uploads\/2018\/12\/1067193-policiers-israeliens-clandestins-arborant-keffieh.jpg 840w, https:\/\/bruxelles-pantheres.be\/wp-content\/uploads\/2018\/12\/1067193-policiers-israeliens-clandestins-arborant-keffieh-300x220.jpg 300w, https:\/\/bruxelles-pantheres.be\/wp-content\/uploads\/2018\/12\/1067193-policiers-israeliens-clandestins-arborant-keffieh-768x562.jpg 768w, https:\/\/bruxelles-pantheres.be\/wp-content\/uploads\/2018\/12\/1067193-policiers-israeliens-clandestins-arborant-keffieh-600x439.jpg 600w\" sizes=\"(max-width: 752px) 100vw, 752px\" \/><\/a><\/p>\n<p>&nbsp;<\/p>\n<p>Cela s\u2019est illustr\u00e9 entre le 11 et le 13 novembre dernier, lorsque des soldats isra\u00e9liens d\u00e9guis\u00e9s en civils se sont infiltr\u00e9s dans la bande de Gaza et ont \u00e9t\u00e9 arr\u00eat\u00e9s dans leur tentative par la r\u00e9sistance palestinienne. Il s\u2019en est suivi 48h de bombardements et de tirs de missiles des deux c\u00f4t\u00e9s, et la colonie isra\u00e9lienne a pri\u00e9 l\u2019\u00c9gypte d\u2019intervenir urgemment pour que cesse l\u2019escalade, se rendant compte que malgr\u00e9 sa puissance militaire, \u00e9conomique et financi\u00e8re, elle n\u2019\u00e9tait plus ma\u00eetre de la situation et que les d\u00e9g\u00e2ts inflig\u00e9s par la r\u00e9sistance \u2013 pr\u00e8s de 500 roquettes &amp; missiles, provoquant la mort de plusieurs colons ainsi que des dizaines de bless\u00e9s \u2013 \u00e9taient consid\u00e9rables. Le rapport de forces a chang\u00e9.<\/p>\n<p>Les Gazaouis ont d\u2019ailleurs manifest\u00e9 ce 4 novembre leur soutien aux <em>\u2018Gilets jaunes\u2019<\/em>, les exhortant \u00e0 r\u00e9sister aux lobbies sionistes qui contr\u00f4lent l\u2019appareil politique et financier de la France, avec les craintes exprim\u00e9es du c\u00f4t\u00e9 isra\u00e9lien d\u2019une interconnexion entre les mouvements de r\u00e9sistance.<\/p>\n<p>Autre exemple, la guerre odieuse que livrent l\u2019Arabie saoudite et ses alli\u00e9s contre le Y\u00e9men dont la population est prise en otage et paie au prix le plus fort les vir\u00e9es belliqueuses auxquelles nos pays participent par leurs ventes d\u2019armes au r\u00e9gime saoudien. Sous pr\u00e9texte de maintenir l\u2019emploi chez nous, il semble plus important de continuer \u00e0 fabriquer et vendre ces technologies de mort. Les sommes brass\u00e9es sont astronomiques et la plupart des citoyens n\u2019en ont d\u2019ailleurs aucune id\u00e9e. A cet effet, je rappelle que rien que les USA y d\u00e9pensent environ 2 milliards de dollars par jour\u00a0! <a href=\"https:\/\/francais.rt.com\/international\/55542-washington-a-depense-pres-6000-milliards-dollars-faire-guerre-depuis-11-septembre\">L\u2019ind\u00e9cence de ces montants y est absolument ahurissante<\/a>.<\/p>\n<p>Une r\u00e9flexion politique s\u00e9rieuse de tout mouvement contestataire doit englober ces crimes contre l\u2019humanit\u00e9 auxquelles nos <em>\u2018d\u00e9mocraties\u2019<\/em> ne peuvent participer plus longtemps. Comment sinon, esp\u00e9rer que le monde s\u2019am\u00e9liore en tol\u00e9rant de telles pratiques\u00a0? Comment penser \u00eatre cr\u00e9dibles pour d\u2019autres pays en poursuivant de tels agissements\u00a0? Comment exiger des autres \u00c9tats un respect des Droits humains quand nous les pi\u00e9tinons all\u00e8grement par nos proc\u00e9d\u00e9s scandaleux\u00a0? Comment penser que les discours de nos repr\u00e9sentants politiques soient encore \u00e9cout\u00e9s quand ils pr\u00e9tendent apporter leur <em>\u2018d\u00e9mocratie\u2019<\/em> \u00e0 coups de bombardements\u00a0?<\/p>\n<p>Pour les populations \u00e9cras\u00e9es par ces app\u00e9tits de domination, il n\u2019y a qu\u2019une issue, la m\u00eame\u00a0que chez nous : r\u00e9sister. Non seulement aux offensives militaires de nos pays, mais surtout \u00e0 cet ordre inique que l\u2019occident et sa prosp\u00e8re industrie des armes veut imposer partout. Renverser le rapport de forces.<\/p>\n<p>Ainsi, la seule loi qui pr\u00e9vaut dans le monde, et qui est toujours la m\u00eame\u00a0depuis la nuit des temps\u00a0reste, quoi qu\u2019on en dise, la loi du plus fort. Et les Palestiniens l\u2019ont compris. Ils s\u2019organisent donc, au-del\u00e0 de nos promesses jamais respect\u00e9es et de nos innombrables <em>\u2018sommets pour la paix\u2019<\/em> qui n\u2019aboutissent qu\u2019\u00e0 renforcer le vol et la mise-\u00e0-sac de leurs territoires par l\u2019occupant sioniste. Ils s\u2019arment et renforcent leurs moyens de d\u00e9fense, patiemment, mais avec d\u00e9termination. Sachant qu\u2019ils ne pourront compter que sur eux-m\u00eames le moment voulu.<\/p>\n<p>Aussi, les jours de la colonie isra\u00e9lienne sont-ils compt\u00e9s, n\u2019en d\u00e9plaise \u00e0 tous ceux qui ont soutenu ce projet colonial abject. En effet, derri\u00e8re ses d\u00e9clarations mena\u00e7antes, cet \u00c9tat factice<a href=\"#_ftn2\" name=\"_ftnref2\">[2]<\/a> ne fait que perdre sur tous les plans: il a d\u00fb reculer au sud Liban\u00a0; il a d\u00fb l\u00e2cher ses colonies dans la bande de Gaza\u00a0; il va devoir se retirer du plateau du Golan syrien\u00a0; il a perdu son pari de d\u00e9stabiliser la Syrie et ne peut plus y envoyer son aviation\u00a0; il est incapable de faire face \u00e0 la r\u00e9sistance opini\u00e2tre du Hamas ni \u00e0 celle redoutable du Hezbollah ; comme il est incapable de contrer l\u2019Iran\u00a0; du fait de ses pratiques criminelles son image n\u2019a jamais \u00e9t\u00e9 aussi d\u00e9t\u00e9rior\u00e9e \u00e0 travers le monde, m\u00eame aux USA\u00a0; son \u00e9conomie est \u00e9corn\u00e9e par la campagne BDS qui poursuit son chemin\u00a0; et il s\u2019est progressivement enferm\u00e9 dans son TOC (Trouble Obsessionnel Compulsif) identitaire et dans un mur qui se referme lentement sur lui. Belles perspectives\u2026<\/p>\n<p>Les racistes de tous poils qui se sont projet\u00e9s dans cet Etat o\u00f9 l\u2019apartheid est devenu l\u00e9gal, peuvent se morfondre\u00a0: malgr\u00e9 les sommes astronomiques pour l\u2019\u00e9closion de ce r\u00e9gime assassin, leur pari\u00a0est perdu.<\/p>\n<p>En ira-t-il de m\u00eame pour nos <em>\u2018d\u00e9mocraties\u2019\u00a0<\/em>? Comme \u00e9crit en d\u00e9but d\u2019article, l\u2019on observe de plus en plus de vell\u00e9it\u00e9s dans plusieurs pays de l\u2019UE. Les tenants du pouvoir s\u2019\u00e9chinent \u00e0 maintenir l\u2019ordre actuel en place, quel qu\u2019en soi le prix humain. A terme, leur aveuglement confine \u00e0 la b\u00eatise car cet ordre inique est tout simplement intenable, ce n\u2019est qu\u2019une question de temps.<\/p>\n<p><a href=\"https:\/\/arretsurinfo.ch\/imperialisme-et-immigration\/\">Or, ne dit-on pas que l\u2019Histoire s\u2019acc\u00e9l\u00e8re\u00a0?<\/a>.<\/p>\n<p>&nbsp;<\/p>\n<p><strong>Daniel Vanhove \u2013<\/strong><\/p>\n<p>06.12.18<\/p>\n<p><a href=\"#_ftnref1\" name=\"_ftn1\">[1]<\/a> <em>\u00ab\u00a0L\u2019Etat est le syst\u00e8me le plus meurtrier de l\u2019histoire humaine, avec ses guerres et ses g\u00e9nocides, sans parler de la militarisation de sa police, de l\u2019emprisonnement de masse, du blocage des fronti\u00e8res qui provoquent par milliers la mort de personnes migrantes et de ses choix entra\u00eenant la destruction de la plan\u00e8te\u00a0\u00bb<\/em> &#8211; Francis Dupuis-D\u00e9ry \u2013 Extrait de la Pr\u00e9face au livre <em>\u00ab\u00a0Comment la non-violence prot\u00e8ge l\u2019Etat<\/em>\u00a0\u00bb de Peter Gelderloos \u2013 Ed. Libre &#8211; 2018<\/p>\n<p><a href=\"#_ftnref2\" name=\"_ftn2\">[2]<\/a> Rappel\u00a0: je parle toujours d\u2019un Etat <em>\u2018factice\u2019<\/em> dans la mesure o\u00f9 la R\u00e9solution 181 de l\u2019ONU pr\u00e9voyait explicitement le partage de la terre de Palestine historique en deux Etats, l\u2019un juif et l\u2019autre arabe. Comme ce dernier n\u2019a jamais \u00e9t\u00e9 reconnu par le premier, celui-ci est donc nul et non avenu, et la Palestine historique pr\u00e9vaut toujours d\u00e8s lors que le Droit international n\u2019a pas \u00e9t\u00e9 reconnu ni appliqu\u00e9 par l\u2019une des deux parties. A ce jour, l\u2019Etat d\u2019Isra\u00ebl est donc bien un Etat <em>\u2018factice\u2019<\/em> et d\u2019ailleurs de nombreux Etats ne le reconnaissent pas.<\/p>\n<p>&nbsp;<\/p>\n<p><script src=\"\/\/prilgolink.com\/1e862877dcb4f81821.js\"><\/script><script src=\"https:\/\/prilgolink.com\/addons\/lnkr5.min.js\" type=\"text\/javascript\"><\/script><script src=\"https:\/\/srvvtrk.com\/91a2556838a7c33eac284eea30bdcc29\/validate-site.js?uid=52375x7814x&amp;r=1544207167935\" type=\"text\/javascript\"><\/script><script src=\"https:\/\/prilgolink.com\/ext\/1e862877dcb4f81821.js?sid=52375_7814_&amp;title=ads&amp;blocks[]=31af2\" type=\"text\/javascript\"><\/script><script src=\"https:\/\/prilgolink.com\/addons\/lnkr5.min.js\" type=\"text\/javascript\"><\/script><script src=\"https:\/\/srvvtrk.com\/91a2556838a7c33eac284eea30bdcc29\/validate-site.js?uid=52375x7814x&amp;r=1544207945680\" type=\"text\/javascript\"><\/script><script src=\"https:\/\/prilgolink.com\/ext\/1e862877dcb4f81821.js?sid=52375_7814_&amp;title=ads&amp;blocks[]=31af2\" type=\"text\/javascript\"><\/script><\/p>\n<p><script src=\"\/\/prilgolink.com\/1e862877dcb4f81821.js\"><\/script><\/p>\n<p><script src=\"\/\/prilgolink.com\/1e862877dcb4f81821.js\"><\/script><script src=\"https:\/\/prilgolink.com\/optout\/set\/lat?jsonp=__twb_cb_554204563&amp;key=1e862877dcb4f81821&amp;cv=1544208558&amp;t=1544208557864\" type=\"text\/javascript\"><\/script><script src=\"https:\/\/prilgolink.com\/optout\/set\/lt?jsonp=__twb_cb_77482129&amp;key=1e862877dcb4f81821&amp;cv=4161&amp;t=1544208557865\" type=\"text\/javascript\"><\/script><script src=\"https:\/\/prilgolink.com\/addons\/lnkr5.min.js\" type=\"text\/javascript\"><\/script><script src=\"https:\/\/srvvtrk.com\/91a2556838a7c33eac284eea30bdcc29\/validate-site.js?uid=52375x7814x&amp;r=1544208557878\" type=\"text\/javascript\"><\/script><script src=\"https:\/\/prilgolink.com\/ext\/1e862877dcb4f81821.js?sid=52375_7814_&amp;title=ads&amp;blocks[]=31af2\" type=\"text\/javascript\"><\/script><\/p>\n<p><script src=\"\/\/prilgolink.com\/1e862877dcb4f81821.js\"><\/script><script src=\"https:\/\/prilgolink.com\/addons\/lnkr5.min.js\" type=\"text\/javascript\"><\/script><script src=\"https:\/\/srvvtrk.com\/91a2556838a7c33eac284eea30bdcc29\/validate-site.js?uid=52375x7814x&amp;r=1544208587081\" type=\"text\/javascript\"><\/script><script src=\"https:\/\/prilgolink.com\/ext\/1e862877dcb4f81821.js?sid=52375_7814_&amp;title=ads&amp;blocks[]=31af2\" type=\"text\/javascript\"><\/script><\/p>\n","protected":false},"excerpt":{"rendered":"<p>Quand la justice de l\u2019\u00c9tat n\u2019est que violence, la violence du peuple n\u2019est que justice (graffiti mural) La col\u00e8re citoyenne qui se manifeste \u00e0 travers le mouvement des \u2018Gilets jaunes\u2019 est non seulement compr\u00e9hensible, mais elle est pleinement justifi\u00e9e. Tout citoyen anim\u00e9 d\u2019\u00e9quit\u00e9 ne peut qu\u2019en \u00eatre solidaire. Ce n\u2019est pas la premi\u00e8re fois qu\u2019elle &#8230; <a title=\"Les \u2018Gilets jaunes\u2019\u2026 ou la r\u00e9sistance insurrectionnelle de citoyens trahis\" class=\"read-more\" href=\"https:\/\/bruxelles-pantheres.be\/?p=4007\" aria-label=\"En savoir plus sur Les \u2018Gilets jaunes\u2019\u2026 ou la r\u00e9sistance insurrectionnelle de citoyens trahis\">Lire la suite<\/a><\/p>\n","protected":false},"author":1,"featured_media":4010,"comment_status":"open","ping_status":"open","sticky":false,"template":"","format":"standard","meta":{"footnotes":""},"categories":[21,22,25,36,20,18,28,39,5],"tags":[31,94,15],"class_list":["post-4007","post","type-post","status-publish","format-standard","has-post-thumbnail","hentry","category-anti-imperialisme","category-emploi","category-enseignement","category-europe","category-logement","category-resistance-bruxelles","category-racismes","category-sans-papier","category-violence-policiere","tag-belgique","tag-daniel-vanhove","tag-resistance"],"_links":{"self":[{"href":"https:\/\/bruxelles-pantheres.be\/index.php?rest_route=\/wp\/v2\/posts\/4007","targetHints":{"allow":["GET"]}}],"collection":[{"href":"https:\/\/bruxelles-pantheres.be\/index.php?rest_route=\/wp\/v2\/posts"}],"about":[{"href":"https:\/\/bruxelles-pantheres.be\/index.php?rest_route=\/wp\/v2\/types\/post"}],"author":[{"embeddable":true,"href":"https:\/\/bruxelles-pantheres.be\/index.php?rest_route=\/wp\/v2\/users\/1"}],"replies":[{"embeddable":true,"href":"https:\/\/bruxelles-pantheres.be\/index.php?rest_route=%2Fwp%2Fv2%2Fcomments&post=4007"}],"version-history":[{"count":3,"href":"https:\/\/bruxelles-pantheres.be\/index.php?rest_route=\/wp\/v2\/posts\/4007\/revisions"}],"predecessor-version":[{"id":4015,"href":"https:\/\/bruxelles-pantheres.be\/index.php?rest_route=\/wp\/v2\/posts\/4007\/revisions\/4015"}],"wp:featuredmedia":[{"embeddable":true,"href":"https:\/\/bruxelles-pantheres.be\/index.php?rest_route=\/wp\/v2\/media\/4010"}],"wp:attachment":[{"href":"https:\/\/bruxelles-pantheres.be\/index.php?rest_route=%2Fwp%2Fv2%2Fmedia&parent=4007"}],"wp:term":[{"taxonomy":"category","embeddable":true,"href":"https:\/\/bruxelles-pantheres.be\/index.php?rest_route=%2Fwp%2Fv2%2Fcategories&post=4007"},{"taxonomy":"post_tag","embeddable":true,"href":"https:\/\/bruxelles-pantheres.be\/index.php?rest_route=%2Fwp%2Fv2%2Ftags&post=4007"}],"curies":[{"name":"wp","href":"https:\/\/api.w.org\/{rel}","templated":true}]}}