{"id":4017,"date":"2018-12-15T22:23:51","date_gmt":"2018-12-15T21:23:51","guid":{"rendered":"https:\/\/bruxelles-pantheres.be\/?p=4017"},"modified":"2018-12-15T22:23:51","modified_gmt":"2018-12-15T21:23:51","slug":"ce-que-la-belgique-doit-au-kongo","status":"publish","type":"post","link":"https:\/\/bruxelles-pantheres.be\/?p=4017","title":{"rendered":"Ce que la Belgique doit au Kongo."},"content":{"rendered":"<p>Dans le cadre du <a href=\"https:\/\/www.facebook.com\/hashtag\/gmd2019\" target=\"_blank\" rel=\"noopener\">#GMD2019<\/a> (G\u00e9nocide M\u00e9morial Day), Bruxelles Panth\u00e8res organise une conf\u00e9rence sur<a href=\"https:\/\/www.facebook.com\/events\/371637463573248\/?active_tab=about\"> \u00a0\u00bb Ce que la Belgique doit au Kongo \u00ab\u00a0.<\/a><\/p>\n<p>Au cours des derniers mois sont multipli\u00e9es les demandes de rapatriement des restes humain ainsi que la restitution d\u00e9finitive des objets pill\u00e9s pendant la p\u00e9riode coloniale.<!--more--><\/p>\n<p>Avec :<\/p>\n<p><strong>Sandew Hira<\/strong> est le coordinateur du r\u00e9seau d\u00e9colonial international (DIN) et le directeur de l&rsquo;International Institute for Scientific Research (IISR)<\/p>\n<p><strong>V\u00e9ronique Clette-Gakuba<\/strong>, chercheuse \u00e0 l&rsquo;ULB<\/p>\n<p><strong>Toma Muteba Luntumbue<\/strong>, historien de l&rsquo;art<\/p>\n<p><strong>Martin Vander Elst<\/strong>, chercheur au Laboratoire d&rsquo;Anthropologie Prospective (UCL)<\/p>\n<h4 style=\"text-align: center;\">Vendredi 18 janvier 2019 de 19:00 \u00e0 22:00<\/h4>\n<h4 style=\"text-align: center;\"><a href=\"https:\/\/www.facebook.com\/events\/371637463573248\/?active_tab=about\"><strong>Pianofabriek<\/strong><\/a><\/h4>\n<div class=\"_5xhp fsm fwn fcg\">\n<h4 class=\"_5xhp fsm fwn fcg\" style=\"text-align: center;\"><strong>Fortstraat 35, 1060 Saint-Gilles<\/strong><\/h4>\n<\/div>\n<p><a href=\"https:\/\/bruxelles-pantheres.be\/wp-content\/uploads\/2018\/12\/DO7ruDJUQAAiVWr.jpg\"><img decoding=\"async\" class=\"size-full wp-image-4018 alignleft\" src=\"https:\/\/bruxelles-pantheres.be\/wp-content\/uploads\/2018\/12\/DO7ruDJUQAAiVWr.jpg\" alt=\"\" width=\"581\" height=\"291\" srcset=\"https:\/\/bruxelles-pantheres.be\/wp-content\/uploads\/2018\/12\/DO7ruDJUQAAiVWr.jpg 581w, https:\/\/bruxelles-pantheres.be\/wp-content\/uploads\/2018\/12\/DO7ruDJUQAAiVWr-300x150.jpg 300w\" sizes=\"(max-width: 581px) 100vw, 581px\" \/><\/a><\/p>\n<p>A propos du G\u00e9nocide M\u00e9morial Day :<\/p>\n<p>Cet \u00e9v\u00e9nement a d\u00e9but\u00e9 en Janvier 2010 avec la convergence de deux id\u00e9es.<\/p>\n<p>La premi\u00e8re n\u00e9cessit\u00e9 \u00e9tait de contrer l\u2019id\u00e9e que certains g\u00e9nocides sont plus exclusifs que d\u2019autres et donc dignes d\u2019une plus grande attention.<br \/>\nLa deuxi\u00e8me n\u00e9cessit\u00e9 est que ce ne serait pas seulement un souvenir th\u00e9orique, mais commencer \u00e0 identifier les pratiques g\u00e9nocidaires actuelles en vue de les arr\u00eater.<\/p>\n<p>La philosophie de ce projet rejette l\u2019id\u00e9e qu\u2019il y a une hi\u00e9rarchie des victimes en fonction de leur origine. Nous voulons tenir les gens responsables dans le cadre de GMD en mettant en \u00e9vidence les personnes et les structures de pouvoir qui ont commis des g\u00e9nocides ou des actes de g\u00e9nocide et nous voulons honorer la m\u00e9moire les victimes de ces g\u00e9nocides et actes de g\u00e9nocide qui ont perdu leur vie.<\/p>\n<p>L\u2019initiative est britannique, mais elle se d\u00e9roule au m\u00eame moment \u00e0 Amsterdam, Londres, Paris et cette ann\u00e9e \u00e0 Bruxelles.<br \/>\nCette journ\u00e9e est appel\u00e9e \u00e0 se p\u00e9renniser pour que reste vive la m\u00e9moire des crimes et g\u00e9nocides coloniaux, de la traite n\u00e9gri\u00e8re et de l\u2019esclavage et pour que ces crimes occult\u00e9s et perp\u00e9tr\u00e9s par les \u00ab nations civilis\u00e9es \u00bb soient pleinement reconnus et assum\u00e9s par l\u2019ensemble des gouvernants et des peuples europ\u00e9ens.<a href=\"https:\/\/bruxelles-pantheres.be\/wp-content\/uploads\/2018\/12\/GMD-2019.jpg\"><img decoding=\"async\" class=\"alignnone size-full wp-image-4019\" src=\"https:\/\/bruxelles-pantheres.be\/wp-content\/uploads\/2018\/12\/GMD-2019.jpg\" alt=\"\" width=\"2560\" height=\"1711\" srcset=\"https:\/\/bruxelles-pantheres.be\/wp-content\/uploads\/2018\/12\/GMD-2019.jpg 2560w, https:\/\/bruxelles-pantheres.be\/wp-content\/uploads\/2018\/12\/GMD-2019-300x201.jpg 300w, https:\/\/bruxelles-pantheres.be\/wp-content\/uploads\/2018\/12\/GMD-2019-1024x684.jpg 1024w, https:\/\/bruxelles-pantheres.be\/wp-content\/uploads\/2018\/12\/GMD-2019-768x513.jpg 768w, https:\/\/bruxelles-pantheres.be\/wp-content\/uploads\/2018\/12\/GMD-2019-1536x1027.jpg 1536w, https:\/\/bruxelles-pantheres.be\/wp-content\/uploads\/2018\/12\/GMD-2019-2048x1369.jpg 2048w, https:\/\/bruxelles-pantheres.be\/wp-content\/uploads\/2018\/12\/GMD-2019-1320x882.jpg 1320w, https:\/\/bruxelles-pantheres.be\/wp-content\/uploads\/2018\/12\/GMD-2019-600x401.jpg 600w\" sizes=\"(max-width: 2560px) 100vw, 2560px\" \/><\/a><\/p>\n","protected":false},"excerpt":{"rendered":"<p>Dans le cadre du #GMD2019 (G\u00e9nocide M\u00e9morial Day), Bruxelles Panth\u00e8res organise une conf\u00e9rence sur \u00a0\u00bb Ce que la Belgique doit au Kongo \u00ab\u00a0. Au cours des derniers mois sont multipli\u00e9es les demandes de rapatriement des restes humain ainsi que la restitution d\u00e9finitive des objets pill\u00e9s pendant la p\u00e9riode coloniale.<\/p>\n","protected":false},"author":1,"featured_media":4019,"comment_status":"open","ping_status":"open","sticky":false,"template":"","format":"standard","meta":{"footnotes":""},"categories":[1,21,36,7,18,28],"tags":[31,80,302,15],"class_list":["post-4017","post","type-post","status-publish","format-standard","has-post-thumbnail","hentry","category-non-classe","category-anti-imperialisme","category-europe","category-negrophobie","category-resistance-bruxelles","category-racismes","tag-belgique","tag-congo","tag-genocide-memorial-day","tag-resistance"],"_links":{"self":[{"href":"https:\/\/bruxelles-pantheres.be\/index.php?rest_route=\/wp\/v2\/posts\/4017","targetHints":{"allow":["GET"]}}],"collection":[{"href":"https:\/\/bruxelles-pantheres.be\/index.php?rest_route=\/wp\/v2\/posts"}],"about":[{"href":"https:\/\/bruxelles-pantheres.be\/index.php?rest_route=\/wp\/v2\/types\/post"}],"author":[{"embeddable":true,"href":"https:\/\/bruxelles-pantheres.be\/index.php?rest_route=\/wp\/v2\/users\/1"}],"replies":[{"embeddable":true,"href":"https:\/\/bruxelles-pantheres.be\/index.php?rest_route=%2Fwp%2Fv2%2Fcomments&post=4017"}],"version-history":[{"count":1,"href":"https:\/\/bruxelles-pantheres.be\/index.php?rest_route=\/wp\/v2\/posts\/4017\/revisions"}],"predecessor-version":[{"id":4020,"href":"https:\/\/bruxelles-pantheres.be\/index.php?rest_route=\/wp\/v2\/posts\/4017\/revisions\/4020"}],"wp:featuredmedia":[{"embeddable":true,"href":"https:\/\/bruxelles-pantheres.be\/index.php?rest_route=\/wp\/v2\/media\/4019"}],"wp:attachment":[{"href":"https:\/\/bruxelles-pantheres.be\/index.php?rest_route=%2Fwp%2Fv2%2Fmedia&parent=4017"}],"wp:term":[{"taxonomy":"category","embeddable":true,"href":"https:\/\/bruxelles-pantheres.be\/index.php?rest_route=%2Fwp%2Fv2%2Fcategories&post=4017"},{"taxonomy":"post_tag","embeddable":true,"href":"https:\/\/bruxelles-pantheres.be\/index.php?rest_route=%2Fwp%2Fv2%2Ftags&post=4017"}],"curies":[{"name":"wp","href":"https:\/\/api.w.org\/{rel}","templated":true}]}}