{"id":4026,"date":"2019-01-01T10:23:18","date_gmt":"2019-01-01T09:23:18","guid":{"rendered":"https:\/\/bruxelles-pantheres.be\/?p=4026"},"modified":"2018-12-26T15:54:59","modified_gmt":"2018-12-26T14:54:59","slug":"4026","status":"publish","type":"post","link":"https:\/\/bruxelles-pantheres.be\/?p=4026","title":{"rendered":"Mort de Mawda : la contre-enqu\u00eate de Michel Bouffioux"},"content":{"rendered":"<p><strong>Dans la nuit du mercredi 16 au jeudi 17 mai 2018, sur une autoroute belge, pr\u00e8s de Mons, un policier tirait un coup de feu en direction d\u2019une camionnette transportant des migrants. Mawda, une petite fille de 2 ans, touch\u00e9e en pleine t\u00eate, \u00e9tait tu\u00e9e. Enqu\u00eate sur les zones d\u2019ombres d\u2019une \u00ab op\u00e9ration M\u00e9dusa \u00bb, une chasse aux \u00ab ill\u00e9gaux \u00bb qui a mal tourn\u00e9.<\/strong><!--more--><\/p>\n<p>&nbsp;<\/p>\n<p>Le jeudi 17 mai 2018, \u00e0 2 h 02, un agent de la WPR (Wegpolitie \u2013 Police de la route) de Mons pressa sur la d\u00e9tente de son Luger 9mm de marque Smith &amp; Wesson. Quelques instants plus tard, une petite fille agonisait sur le bitume froid d\u2019une aire de parking, pr\u00e8s du village de Maisi\u00e8res. Mawda a \u00e9t\u00e9 atteinte en pleine t\u00eate : la balle est entr\u00e9e pr\u00e8s de la narine droite et elle est ressortie dans la r\u00e9gion occipitale du cr\u00e2ne.<\/p>\n<p>Cette enfant avait deux ans. Elle se trouvait dans l\u2019espace de chargement d\u2019une camionnette Peugeot Boxer de couleur blanche avec ses parents, son fr\u00e8re, son oncle et une vingtaine d\u2019autres personnes : des femmes et des hommes, des adultes et des mineurs d\u2019\u00e2ges (cinq au total) en qu\u00eate d\u2019un avenir.<\/p>\n<h4>Des migrants afghans et des Irakiens sur le chemin de l\u2019exil. D\u00e9sireux de \u00ab passer \u00bb en Grande-Bretagne. Ils \u00e9taient mont\u00e9s \u00e0 bord de cette camionnette le mercredi soir \u00e0 Dunkerke. Prix du passage : 3000 livres par adulte, 2000 par enfant, payables en cas d\u2019arriv\u00e9e \u00e0 bon port. Leur chauffeur ? <a href=\"https:\/\/parismatch.be\/actualites\/politique\/160878\/lavocat-de-la-famille-de-mawda-estime-que-le-chauffeur-nest-pas-responsable-du-drame\">Un homme de 25 ans de nationalit\u00e9 irakienne<\/a>. Dans l\u2019espoir de d\u00e9jouer les contr\u00f4les policiers, les itin\u00e9raires qui conduisent vers le Royaume-Uni connaissent d\u2019\u00e9tonnants d\u00e9tours. Ils passent notamment par le <a href=\"https:\/\/parismatch.be\/actualites\/societe\/196985\/au-coeur-du-trafic-de-migrants-en-belgique\">sud de la Belgique<\/a>. C\u2019est ainsi que l\u2019utilitaire se retrouva dans le Namurois et qu\u2019il fit une halte sur un parking l\u2019E42, \u00e0 Hulplanche (La Bruy\u00e8re).<\/h4>\n<h3>Il y a eu d\u2019autres op\u00e9rations M\u00e9dusa<\/h3>\n<figure id=\"attachment_218028\" class=\"wp-caption aligncenter\"><img decoding=\"async\" class=\"wp-image-218028 size-large\" src=\"https:\/\/parismatch.be\/app\/uploads\/2018\/12\/CF0I5361-1024x683.jpg\" sizes=\"(max-width: 1024px) 100vw, 1024px\" srcset=\"https:\/\/parismatch.be\/app\/uploads\/2018\/12\/CF0I5361-1024x683.jpg 1024w, https:\/\/parismatch.be\/app\/uploads\/2018\/12\/CF0I5361-300x200.jpg 300w, https:\/\/parismatch.be\/app\/uploads\/2018\/12\/CF0I5361-768x512.jpg 768w, https:\/\/parismatch.be\/app\/uploads\/2018\/12\/CF0I5361-255x170.jpg 255w\" alt=\"\" width=\"1024\" height=\"683\" \/><figcaption class=\"wp-caption-text\">\u00a9 Ronald Dersin<\/figcaption><\/figure>\n<p>Le jeudi 17 mai \u00e0 1 h 24, alors qu\u2019elle \u00e9tait gar\u00e9e entre deux camions, la camionnette fut rep\u00e9r\u00e9e par des agents de la police de la route (WPR) de Namur. Ce n\u2019est pas un hasard si ces policiers patrouillaient sur l\u2019aire de stationnement : <em>\u00ab Nous \u00e9tions pr\u00e9vus pour une mission sp\u00e9cifique de contr\u00f4le des migrants, l\u2019op\u00e9ration \u00ab M\u00e9dusa \u00bb. Notre mission est de nous rendre sur les parkings d\u2019autoroute en vue d\u2019interpeller des migrants \u00bb<\/em>, a t\u00e9moign\u00e9 un de ces agents dans le cadre de l\u2019enqu\u00eate judiciaire en cours. Un policier a aussi d\u00e9crit l\u2019activit\u00e9 de cette soir\u00e9e en ces termes : <em>\u00ab surveillance des parkings, dans le cadre de la probl\u00e9matique des migrants \u00bb<\/em>.<\/p>\n<p>Un inspecteur a enfin indiqu\u00e9 qu\u2019il y a eu d\u2019autres \u00ab op\u00e9rations M\u00e9dusa \u00bb avant celle-ci. Cette nuit-l\u00e0, trois voitures de police, soit six agents \u2013 de la WPR Namur, la police de la route, mais aussi du CIK, le corps d\u2019intervention de la police f\u00e9d\u00e9rale qui soutient les polices locales dans le cadre de \u00ab missions proactives et r\u00e9actives de maintien de l\u2019ordre \u00bb \u2013 participaient \u00e0 cette \u00ab mission sp\u00e9cifique de contr\u00f4le des migrants \u00bb.<\/p>\n<p>\u00ab<em> M\u00e9dusa<\/em> \u00bb : le nom de \u00ab<em> l\u2019op\u00e9ration<\/em> \u00bb interpelle. A-t-il \u00e9t\u00e9 choisi par un officier de police cultiv\u00e9 mais cynique se r\u00e9f\u00e9rant au Radeau de La M\u00e9duse de Th\u00e9odore G\u00e9ricault, un tableau qui \u00e9voque le terrible sort des naufrag\u00e9s fran\u00e7ais qui p\u00e9rirent au large des c\u00f4tes Mauritanienne en 1816 ? Cette \u0153uvre c\u00e9l\u00e8bre renvoie en effet de mani\u00e8re saisissante \u00e0 des images d\u2019aujourd\u2019hui, \u00e0 celles de ces migrants qui tentent de traverser la M\u00e9diterran\u00e9 sur des embarcations de fortune. La r\u00e9f\u00e9rence est-elle plus militaire et plus actuelle ? Une op\u00e9ration \u00ab M\u00e9dusa \u00bb visant \u00e0 \u00e9liminer des talibans fut men\u00e9e par les Forces arm\u00e9es canadiennes et l\u2019Arm\u00e9e nationale afghane en septembre 2006 dans la vall\u00e9e de l\u2019Arghandab. Il se peut aussi que la d\u00e9nomination de cette \u00ab<em> mission sp\u00e9cifique de contr\u00f4le des migrants<\/em> \u00bb ne r\u00e9f\u00e8re \u00e0 rien, qu\u2019elle soit le fruit d\u2019une certaine banalit\u00e9 administrative.<\/p>\n<blockquote class=\"c-blockquote\"><p>Notre enqu\u00eate raconte une autre histoire. Celle d\u2019un tir policier qui n\u2019aurait jamais d\u00fb se produire mais aussi celle des r\u00e9actions institutionnelles chaotiques et probl\u00e9matiques qui s\u2019en suivirent.<\/p><\/blockquote>\n<p>Au-del\u00e0 de son nom, c\u2019est la description de l\u2019op\u00e9ration qui interpelle :<em> \u00ab Notre mission est de nous rendre sur les parkings d\u2019autoroute en vue d\u2019interpeller des migrants. \u00bb. Apr\u00e8s l\u2019\u00e9clatement de l\u2019affaire \u00ab Mawda \u00bb, le r\u00e9cit de cette mission qui a mal tourn\u00e9 connu une \u00e9volution s\u00e9mantique : il ne fut plus question d\u2019\u00ab interpellations de migrants \u00bb mais de \u00ab lutte contre les passeurs \u00bb qui organisent le \u00ab <a href=\"https:\/\/parismatch.be\/actualites\/societe\/196985\/au-coeur-du-trafic-de-migrants-en-belgique\">trafic des \u00eatres humains<\/a> \u00bb<\/em>. On insista aussi sur la probl\u00e9matique des vols cargo. Cela changeait \u00e9videmment la perspective. Il est tellement plus noble de traquer de dangereux criminels que d\u2019intercepter des familles en d\u00e9tresse sur les routes de l\u2019exil.<\/p>\n<p>L\u2019ex-chef d\u2019orchestre de la police belge, le ministre de l\u2019Int\u00e9rieur Jan Jambon (N-VA), inventa m\u00eame le refrain d\u2019une chanson r\u00e9demptrice. Car il fallait bien trouver une posture apr\u00e8s qu\u2019une \u00ab<em> op\u00e9ration M\u00e9dusa<\/em> \u00bb se soit termin\u00e9e par la mort d\u2019une petite fille. Cette ritournelle d\u2019un go\u00fbt douteux fut chant\u00e9e en ch\u0153ur par tellement de monde. Nous l\u2019avons tous entendue, elle ne parle pas d\u2019un tir policier. Elle dit seulement : \u00ab <em>Mawda fut la victime des passeurs<\/em> \u00bb. Ignoble \u2013 le mot est pes\u00e9 -, Bart De Wever proposa un couplet suppl\u00e9mentaire qui fut certainement entonn\u00e9 par les sympathisants d\u2019extr\u00eame-droite de \u00ab Schild en Vrienden \u00bb : <em>\u00ab M\u00eame si la mort d\u2019un enfant est tragique, il faut oser parler de la responsabilit\u00e9 des parents (de Mawda) \u00bb<\/em>.<\/p>\n<p>Notre enqu\u00eate raconte une autre histoire : celle d\u2019un tir policier qui n\u2019aurait jamais d\u00fb se produire mais aussi celle des r\u00e9actions institutionnelles chaotiques et probl\u00e9matiques qui s\u2019en suivirent. C\u2019est un long et minutieux travail. D\u2019autres volets de cette investigation sont publi\u00e9s dans l\u2019\u00e9dition papier de Paris Match Belgique de ce 20 d\u00e9cembre et sur Parismatch.be.<\/p>\n<p>&nbsp;<\/p>\n<figure id=\"attachment_218029\" class=\"wp-caption aligncenter\"><img decoding=\"async\" class=\"wp-image-218029 size-large\" src=\"https:\/\/parismatch.be\/app\/uploads\/2018\/12\/17_15_09_783736494_11_53_59_141559639_PHOTONEWS_10714937-015_1-U422529520520vEB-576x348-1024x683.jpg\" sizes=\"(max-width: 1024px) 100vw, 1024px\" srcset=\"https:\/\/parismatch.be\/app\/uploads\/2018\/12\/17_15_09_783736494_11_53_59_141559639_PHOTONEWS_10714937-015_1-U422529520520vEB-576x348-1024x683.jpg 1024w, https:\/\/parismatch.be\/app\/uploads\/2018\/12\/17_15_09_783736494_11_53_59_141559639_PHOTONEWS_10714937-015_1-U422529520520vEB-576x348-300x200.jpg 300w, https:\/\/parismatch.be\/app\/uploads\/2018\/12\/17_15_09_783736494_11_53_59_141559639_PHOTONEWS_10714937-015_1-U422529520520vEB-576x348-768x512.jpg 768w, https:\/\/parismatch.be\/app\/uploads\/2018\/12\/17_15_09_783736494_11_53_59_141559639_PHOTONEWS_10714937-015_1-U422529520520vEB-576x348-255x170.jpg 255w\" alt=\"\" width=\"1024\" height=\"683\" \/><figcaption class=\"wp-caption-text\">\u00a9 Ronald Dersin<\/figcaption><\/figure>\n<h3>Pure fiction polici\u00e8re<\/h3>\n<p>Notre but est d\u2019inciter \u00e0 ce que toute la v\u00e9rit\u00e9 soit recherch\u00e9e sur les circonstances de la mort d\u2019un enfant et de rappeler \u00e0 des fonctionnaires que les valeurs de l\u2019Etat de droit sont largement sup\u00e9rieures \u00e0 celles qui fondent l\u2019esprit de corps. Cette pr\u00e9occupation est d\u2019ailleurs partag\u00e9e dans les milieux policiers et judiciaires au sein desquels nous avons pu constater que bien des personnes ont \u00e9t\u00e9 choqu\u00e9es par un certain nombre d\u2019\u00e9normit\u00e9s qui ont pu \u00eatre racont\u00e9es \u00e0 propos de l\u2019affaire Mawda.<\/p>\n<p>En effet, des mots inappropri\u00e9s ont \u00e9t\u00e9 utilis\u00e9s au lendemain de cette trag\u00e9die. Des mots propag\u00e9s dans l\u2019opinion avec beaucoup de l\u00e9g\u00e8ret\u00e9 par des repr\u00e9sentants de l\u2019autorit\u00e9 judiciaire et des policiers (anonymes, comme il se doit). Des mots m\u00e9diatis\u00e9s. A cette \u00e9poque o\u00f9 les \u00ab fake news \u00bb se propagent si rapidement sur les r\u00e9seaux sociaux, ces mots ont laiss\u00e9 leur empreinte sur des esprits peu critiques. En quelque sorte, ils ont fait leur \u0153uvre.<\/p>\n<p>On se souvient, entre autres choses, de cette histoire fausse et parfaitement abjecte de \u00ab l\u2019enfant-b\u00e9lier \u00bb : on nous a dit que Mawda avait \u00e9t\u00e9 tu\u00e9e par les migrants eux-m\u00eames ! Un quotidien \u00e0 grand tirage a \u00e9crit : <em>\u00ab D\u2019apr\u00e8s plusieurs sources, l\u2019enfant aurait m\u00eame servi de b\u00e9lier pour briser la vitre arri\u00e8re de la camionnette (\u2026) Elle est d\u00e9c\u00e9d\u00e9e de ses blessures \u00bb<\/em>. Cette th\u00e8se absurde qui pr\u00e9sentait les migrants comme de v\u00e9ritables monstres tout en \u00e9cartant une mort par balle \u00e0 la suite d\u2019un tir policier, n\u2019a cependant pas \u00e9t\u00e9 invent\u00e9e par des journalistes. Il s\u2019agit d\u2019une pure fiction polici\u00e8re. <a href=\"https:\/\/parismatch.be\/actualites\/societe\/218482\/mort-de-mawda-lenfant-belier-une-pure-fiction-policiere\">Nous la d\u00e9construirons dans un article qui sera publi\u00e9 vendredi.<\/a><\/p>\n<h2>\u00ab A toute allure \u00bb, vraiment ?<\/h2>\n<p>On a pu lire que, lors de la poursuite, des migrants s\u2019\u00e9taient servis d\u2019un enfant comme \u00ab bouclier humain \u00bb : <em>\u00ab La sc\u00e8ne est gla\u00e7ante : des occupants menacent de lancer l\u2019enfant sur les \u00e9quipes de police.\u00bb \u00ab Nous avions peur qu\u2019ils lancent l\u2019enfant par la fen\u00eatre \u00bb<\/em>, ont effectivement t\u00e9moign\u00e9 certains policiers qui particip\u00e8rent \u00e0 la poursuite. Ils ont m\u00eame expliqu\u00e9 que deux enfants furent successivement \u00ab exhib\u00e9s \u00bb.<\/p>\n<p>Question de perception ? Ali Shamden, le p\u00e8re de la petite Mawda nous raconte une autre histoire : <em>\u00ab Pendant la poursuite, des gens criaient au chauffeur de s\u2019arr\u00eater. Une famille qui se trouvait \u00e0 l\u2019arri\u00e8re du v\u00e9hicule a paniqu\u00e9. Un homme a bris\u00e9 la vitre et il a montr\u00e9 son enfant aux policiers. Il s\u2019agissait de passer un message : attention, il y a des enfants \u00e0 bord, ne prenez pas le risque de tuer des gens. \u00bb<\/em><\/p>\n<figure id=\"attachment_218030\" class=\"wp-caption aligncenter\"><img decoding=\"async\" class=\"wp-image-218030 size-large\" src=\"https:\/\/parismatch.be\/app\/uploads\/2018\/12\/AVPRESS0MIGRANTS-15-1024x683.jpg\" sizes=\"(max-width: 1024px) 100vw, 1024px\" srcset=\"https:\/\/parismatch.be\/app\/uploads\/2018\/12\/AVPRESS0MIGRANTS-15-1024x683.jpg 1024w, https:\/\/parismatch.be\/app\/uploads\/2018\/12\/AVPRESS0MIGRANTS-15-300x200.jpg 300w, https:\/\/parismatch.be\/app\/uploads\/2018\/12\/AVPRESS0MIGRANTS-15-768x512.jpg 768w, https:\/\/parismatch.be\/app\/uploads\/2018\/12\/AVPRESS0MIGRANTS-15-255x170.jpg 255w\" alt=\"\" width=\"1024\" height=\"683\" \/><figcaption class=\"wp-caption-text\">\u00a9Ronald Dersin<\/figcaption><\/figure>\n<p>De fait, quand les policiers de la WPR Namur ont d\u00e9couvert la pr\u00e9sence d\u2019un enfant \u00e0 bord, ils ont d\u00e9cid\u00e9 de suivre l\u2019utilitaire Peugeot de plus loin.<\/p>\n<p>On nous a parl\u00e9 d\u2019une course-poursuite men\u00e9e \u00ab <em>en pleine nuit, \u00e0 toute allure sur l\u2019autoroute<\/em> \u00bb, renvoyant \u00e0 un certain imaginaire collectif, \u00e0 une repr\u00e9sentation d\u00e9form\u00e9e de la r\u00e9alit\u00e9 li\u00e9e \u00e0 des \u0153uvres de fiction : quel film policier ne comporte-t-il pas sa sc\u00e8ne de poursuite endiabl\u00e9e durant laquelle des h\u00e9ros sans peur fleurtent avec la mort pour rattraper des bandits ? <em>\u00ab Le chauffeur de la fourgonnette a pris des risques inconsid\u00e9r\u00e9s pour \u00e9chapper aux forces de l\u2019ordre. Il risque gros (\u2026) Il a utilis\u00e9 la camionnette comme une arme \u00bb<\/em>, a-t-on pu lire.<\/p>\n<p>\u00ab <em>A toute allure<\/em> \u00bb, vraiment ? L\u2019utilitaire \u00e9tait en surcharge \u2013 pr\u00e8s de 30 personnes \u00e0 bord \u2013 et d\u2019embl\u00e9e les agents qui se trouvaient \u00e0 ses trousses purent constater que les fuyards \u00e9taient dans l\u2019impossibilit\u00e9 de semer leurs v\u00e9hicules de police bien plus rapides. Une inspectrice qui participa \u00e0 la poursuite a d\u00e9clar\u00e9 avoir fait le constat suivant d\u00e8s le tout d\u00e9but de la prise en chasse : <em>\u00ab la camionnette ne sait rouler \u00e0 plus de 100 km\/h, le v\u00e9hicule est charg\u00e9 \u00e0 bloc. \u00bb <\/em><\/p>\n<p>A entendre le r\u00e9cit judiciaire qui a \u00e9t\u00e9 fait de cette affaire, on se serait cru dans \u00ab Fast and furious \u00bb avec des pneus qui crissent et des truands venus d\u2019ailleurs. En v\u00e9rit\u00e9, le scenario de cette course-poursuite un peu lente ne conviendrait m\u00eame pas une s\u00e9rie polici\u00e8re \u00e0 faible budget. La camionnette des migrants n\u2019\u00e9tait pas un bolide \u00e9quip\u00e9 de mitrailleuses mais un utilitaire qui ne parvenait pas \u00e0 acc\u00e9l\u00e9rer. Il n\u2019y avait pas d\u2019hommes arm\u00e9s parmi les fuyards, pas de gros bras \u00e9quip\u00e9s de \u00ab kalash \u00bb qui voulaient buter des policiers.<\/p>\n<p>Les seules \u00ab armes \u00bb utilis\u00e9es \u00e0 un moment de la poursuite furent des effets personnels jet\u00e9s par une vitre arri\u00e8re, par exemple une paire de chaussures ou un sac de couchage, pour tenter, pi\u00e8trement, d\u00e9sesp\u00e9r\u00e9ment, de ralentir les poursuivants. Roulant \u00e0 une distance de s\u00e9curit\u00e9 largement suffisante, les policiers parvinrent \u00e0 \u00e9chapper \u00e0 ces \u00ab mines \u00bb plac\u00e9es sur leur route.<\/p>\n<h2>Aveuglement collectif<\/h2>\n<p>Cela s\u2019est pass\u00e9 sur la E42, pr\u00e8s de chez nous. Pas \u00e0 Hollywood. D\u2019ailleurs la Belgique n\u2019est pas le Far West : il n\u2019y avait aucune raison de tirer sur cette camionnette en mouvement, charg\u00e9e de nombreuses personnes. Mais dans une sorte d\u2019aveuglement collectif, le fait est pass\u00e9 comme une lettre \u00e0 la poste : de victime d\u2019une pr\u00e9sum\u00e9e bavure polici\u00e8re, Mawda s\u2019est transform\u00e9e en victime \u00ab <em>de l\u2019inconscience de passeurs sans scrupules<\/em> \u00bb.<\/p>\n<p>&nbsp;<\/p>\n<figure id=\"attachment_218034\" class=\"wp-caption aligncenter\"><img decoding=\"async\" class=\"wp-image-218034 size-large\" src=\"https:\/\/parismatch.be\/app\/uploads\/2018\/12\/IMG-9653-Mawda-1024x873.jpg\" sizes=\"(max-width: 1024px) 100vw, 1024px\" srcset=\"https:\/\/parismatch.be\/app\/uploads\/2018\/12\/IMG-9653-Mawda-1024x873.jpg 1024w, https:\/\/parismatch.be\/app\/uploads\/2018\/12\/IMG-9653-Mawda-70x60.jpg 70w, https:\/\/parismatch.be\/app\/uploads\/2018\/12\/IMG-9653-Mawda-300x256.jpg 300w, https:\/\/parismatch.be\/app\/uploads\/2018\/12\/IMG-9653-Mawda-768x655.jpg 768w, https:\/\/parismatch.be\/app\/uploads\/2018\/12\/IMG-9653-Mawda-255x218.jpg 255w\" alt=\"\" width=\"1024\" height=\"873\" \/><figcaption class=\"wp-caption-text\">DR<\/figcaption><\/figure>\n<p>L\u2019\u00e9ditorialiste d\u2019un quotidien populaire, inspir\u00e9 par un certain discours judiciaire mais aussi par l\u2019esprit d\u2019un temps qui rappelle des ann\u00e9es sombres, gonfl\u00e9 \u00e0 bloc, voire en col\u00e8re, en appela m\u00eame une r\u00e9action politique pour \u00e9radiquer \u00ab une situation dangereuse et explosive \u00bb : <em>\u00ab Les policiers en appellent clairement \u00e0 des mesures fortes. Sans \u00e7a, nos aires d\u2019autoroutes risquent rapidement de devenir des zones de non-droit. Une petite fille de 2 ans en est devenue le triste symbole. \u00bb<\/em><\/p>\n<p>En filigrane, cette enqu\u00eate interroge \u00e9videmment le climat soci\u00e9tal et politique. C\u2019est dans une soci\u00e9t\u00e9 o\u00f9 certains esprits sont chauff\u00e9s \u00e0 blanc contre les \u00e9trangers \u00ab ill\u00e9gaux \u00bb par des discours populistes qui exhalent une odeur rance, ce remugle naus\u00e9abond des ann\u00e9es \u201930, que l\u2019affaire Mawda s\u2019est pass\u00e9e\u2026 Et qu\u2019elle a pu passer sans v\u00e9ritable d\u00e9bat public.<\/p>\n<header class=\"o-post__hero\">\n<h1 class=\"c-title c-title--large entry-title\">Mort de Mawda : \u00ab Je lui avais dit de ne pas tirer \u00bb<\/h1>\n<p class=\"c-post__author\"><strong class=\"author vcard\"> <a class=\"fn byline author vcard\" href=\"https:\/\/parismatch.be\/author\/mbouffioux\" rel=\"author\"> Michel Bouffioux<\/a> <\/strong> | Publi\u00e9 le <time class=\"post-created-time date created\" datetime=\"2018-12-20T06:00:45+00:00\">20 d\u00e9cembre 2018<\/time> | Mis \u00e0 jour le <time class=\"post-updated-time date updated\" datetime=\"2018-12-20T06:50:04+00:00\">20 d\u00e9cembre 2018<\/time><\/p>\n<div class=\"c-post__resize\">\n<figure style=\"width: 1090px\" class=\"wp-caption alignnone\"><img decoding=\"async\" class=\"c-post__img c-post__img--hero wp-post-image\" src=\"https:\/\/parismatch.be\/app\/uploads\/2018\/12\/10_14_21_247630265_BELGAIMAGE-136178149-1100x715.jpg\" alt=\"\" width=\"1100\" height=\"715\" \/><figcaption class=\"wp-caption-text\">Dans la nuit du mercredi 16 au jeudi 17 mai 2018, sur une autoroute belge, un policier tirait un coup de feu en direction d\u2019une camionnette transportant des migrants. Mawda, 2 ans, touch\u00e9e en pleine t\u00eate, \u00e9tait tu\u00e9e. | \u00a9 BELGA PHOTO THIERRY ROGE<\/figcaption><\/figure>\n<\/div>\n<div class=\"c-post__media grid has-gutter\">\n<p class=\"c-post__credit two-thirds\">\n<\/div>\n<\/header>\n<div class=\"grid-2 grid-small-1 has-gutter\">\n<div class=\"two-thirds\">\n<div class=\"o-post__content \">\n<div class=\"inline-label tiny-hidden small-hidden\"><span class=\"c-label c-label--primary\">\u00a0<\/span><\/div>\n<p><strong>Le policier qui a tir\u00e9 affirme qu\u2019il ne savait pas qu\u2019il y avait des migrants \u00e0 bord de la camionnette mais il est contredit par son \u00e9quipier. On <em>\u00ab<\/em> <em>nous avait signal\u00e9 qu\u2019il y avait une camionnette d\u2019ill\u00e9gaux prise en chasse par des coll\u00e8gues et qu\u2019il fallait faire attention parce qu\u2019il y avait des ill\u00e9gaux dans l\u2019espace de chargement.\u00bb, <\/em>a-t-il d\u00e9clar\u00e9 dans le cadre de l\u2019instruction en cours.<br \/>\n<\/strong><\/p>\n<p>&nbsp;<\/p>\n<p>Le policier qui a fait feu en direction de la camionnette affirme que son tir fut \u00ab accidentel \u00bb, qu\u2019il rata le pneu qu\u2019il visait <em>\u00ab pour provoquer une crevaison lente<\/em> \u00bb parce qu\u2019au moment d\u2019appuyer sur la d\u00e9tente, l\u2019utilitaire s\u2019\u00e9tait subitement d\u00e9port\u00e9 sur la gauche : <em>\u00ab Pour \u00e9viter la camionnette, mon coll\u00e8gue donne un coup de volant et \u00e0 ce moment le coup part. \u00bb<\/em> Face au Comit\u00e9 P, son \u00e9quipier a \u00e9pous\u00e9 la th\u00e8se du tir accidentel : <em>\u00ab Je suis convaincu que le tir est parti sans qu\u2019il le veuille. \u00bb<\/em><\/p>\n<p>Toutefois, ce n\u2019est pas tout \u00e0 fait le sens des mots qu\u2019il utilisa la nuit du drame, vers 2 h 25, lorsqu\u2019il t\u00e9l\u00e9phona \u00e0 C., un officier de garde du WPR Hainaut, afin de l\u2019informer du coup de feu tir\u00e9 par son coll\u00e8gue ; Il avait alors affirm\u00e9 : <em>\u00ab Je lui avais dit de ne pas tirer. \u00bb<\/em><\/p>\n<div><iframe width=\"0\" height=\"0\" frameborder=\"0\" scrolling=\"no\" allowfullscreen=\"allowfullscreen\" data-mce-fragment=\"1\"><\/iframe><\/div>\n<p>De plus, les paroles de l\u2019\u00e9quipier-conducteur ont fluctu\u00e9 sur la question du coup de volant qui aurait eu une influence sur la trajectoire du tir. Dans une d\u00e9claration, il a confirm\u00e9 cette th\u00e8se. Dans une autre, il l\u2019a contredite en ces termes : <em>\u00ab Je ne sais pas dire si la camionnette avait d\u00e9j\u00e0 commenc\u00e9 sa man\u0153uvre vers la gauche au moment du tir. \u00bb<\/em> On notera aussi que pour tirer avec un Smith &amp; Wesson, il faut pr\u00e9alablement \u00ab chambrer \u00bb la premi\u00e8re cartouche qui se trouve dans le chargeur et que cette action d\u2019\u00ab armer \u00bb le pistolet ne peut en aucun cas \u00eatre accidentelle : elle n\u00e9cessite que le tireur mobilise ses deux mains pour actionner les pi\u00e8ces mobiles de l\u2019arme.<\/p>\n<h2><em>\u00ab Il fallait faire attention parce qu\u2019il y avait des ill\u00e9gaux dans l\u2019espace de chargement \u00e0 l\u2019arri\u00e8re \u00bb<\/em><\/h2>\n<figure id=\"attachment_218135\" class=\"wp-caption aligncenter\"><img decoding=\"async\" class=\"wp-image-218135 size-large\" src=\"https:\/\/parismatch.be\/app\/uploads\/2018\/12\/10_14_46_550275956_BELGAIMAGE-136253816-1024x641.jpg\" sizes=\"(max-width: 1024px) 100vw, 1024px\" srcset=\"https:\/\/parismatch.be\/app\/uploads\/2018\/12\/10_14_46_550275956_BELGAIMAGE-136253816-1024x641.jpg 1024w, https:\/\/parismatch.be\/app\/uploads\/2018\/12\/10_14_46_550275956_BELGAIMAGE-136253816-300x188.jpg 300w, https:\/\/parismatch.be\/app\/uploads\/2018\/12\/10_14_46_550275956_BELGAIMAGE-136253816-768x481.jpg 768w, https:\/\/parismatch.be\/app\/uploads\/2018\/12\/10_14_46_550275956_BELGAIMAGE-136253816-255x160.jpg 255w\" alt=\"\" width=\"1024\" height=\"641\" \/><figcaption class=\"wp-caption-text\">BELGA PHOTO OPHELIE DELAROUZEE<\/figcaption><\/figure>\n<p>Fin mai 2018, Me Laurent Kennes publiait un communiqu\u00e9 pour donner la version de l\u2019auteur du coup de feu, son client. L\u2019avocat insistait avec force sur un \u00e9l\u00e9ment moral ; le policier n\u2019aurait appris la pr\u00e9sence de migrants dans la camionnette qu\u2019apr\u00e8s l\u2019intervention, ce qui peut laisser sous-entendre qu\u2019il n\u2019aurait m\u00eame pas envisag\u00e9 de tirer s\u2019il avait \u00e9t\u00e9 compl\u00e8tement inform\u00e9 du contexte de l\u2019intervention : <em>\u00ab Il \u00e9tait passager d\u2019un v\u00e9hicule de police \u00e0 proximit\u00e9 de Saint-Ghislain. Son coll\u00e8gue et lui ont \u00e9t\u00e9 inform\u00e9s d\u2019une course-poursuite sur l\u2019autoroute en direction de la France. Ils n\u2019ont pas pu obtenir d\u2019informations sur les motifs de l\u2019intervention polici\u00e8re en cours (\u2026) Rien ne lui a laiss\u00e9 penser que plusieurs personnes \u00e9taient r\u00e9fugi\u00e9es dans cette camionnette destin\u00e9e au transport de marchandises et non de personnes. \u00bb<\/em><\/p>\n<p>Dans le cadre de l\u2019enqu\u00eate en cours, l\u2019auteur du tir s\u2019est exprim\u00e9 dans le m\u00eame sens. Il a expliqu\u00e9 qu\u2019au moment de presser sur la d\u00e9tente, il pensait avoir eu affaire \u00e0 des bandits agissant dans le cadre d\u2019un \u00ab vol cargo \u00bb : <em>\u00ab Les seuls contacts que nous avons eus avec le CIC (NDLR : le dispatching radio, celui du Hainaut en l\u2019occurrence) sont pour nous dire o\u00f9 est la camionnette et sa progression. Je n\u2019ai aucun \u00e9l\u00e9ment qui me fait penser qu\u2019il peut s\u2019agir de migrants. Pour moi, ce sont des voleurs. La camionnette n\u2019a de fen\u00eatres qu\u2019au niveau avant et sur les deux portes arri\u00e8re. Les c\u00f4t\u00e9s sont en t\u00f4le et on ne voit donc pas ce qu\u2019il y a dedans. Au cours des mouvements de d\u00e9passement du v\u00e9hicule, j\u2019ai cru apercevoir une personne, un homme, mais rien d\u2019autre. \u00bb<\/em><\/p>\n<p>Toutefois, cette version des faits a \u00e9t\u00e9 contredite par son \u00e9quipier d\u00e8s le premier jour de l\u2019enqu\u00eate du Comit\u00e9 P : <em>\u00ab Le CIC nous avait signal\u00e9 qu\u2019il y avait une camionnette d\u2019ill\u00e9gaux prise en chasse par des coll\u00e8gues et qu\u2019il fallait faire attention parce qu\u2019il y avait des ill\u00e9gaux dans l\u2019espace de chargement \u00e0 l\u2019arri\u00e8re. (\u2026) Ma radio \u00e9tait mise \u00e0 fond, donc on entendait bien ce qui se disait. C\u2019est au moment o\u00f9 on apprend qu\u2019il y a des ill\u00e9gaux dans l\u2019espace de chargement que je dis \u00e0 mon coll\u00e8gue que l\u2019on ne prendra pas de risque car on avait un nouveau v\u00e9hicule (sic). Il suffit d\u2019\u00e9couter les communications avec le CIC. \u00bb<\/em><\/p>\n<h2><em>\u00ab Moins on en sait, mieux c\u2019est\u2026 \u00bb<\/em><\/h2>\n<figure id=\"attachment_218136\" class=\"wp-caption aligncenter\"><img decoding=\"async\" class=\"wp-image-218136 size-large\" src=\"https:\/\/parismatch.be\/app\/uploads\/2018\/12\/AVPRESS0MIGRANTS-12-1024x683.jpg\" sizes=\"(max-width: 1024px) 100vw, 1024px\" srcset=\"https:\/\/parismatch.be\/app\/uploads\/2018\/12\/AVPRESS0MIGRANTS-12-1024x683.jpg 1024w, https:\/\/parismatch.be\/app\/uploads\/2018\/12\/AVPRESS0MIGRANTS-12-300x200.jpg 300w, https:\/\/parismatch.be\/app\/uploads\/2018\/12\/AVPRESS0MIGRANTS-12-768x512.jpg 768w, https:\/\/parismatch.be\/app\/uploads\/2018\/12\/AVPRESS0MIGRANTS-12-255x170.jpg 255w\" alt=\"\" width=\"1024\" height=\"683\" \/><figcaption class=\"wp-caption-text\">\u00a9Ronald Dersin<\/figcaption><\/figure>\n<p>L\u2019auteur du coup de feu savait-il ou ne savait-il pas qu\u2019il y avait des migrants dans la camionnette ? Comme l\u2019a sugg\u00e9r\u00e9 l\u2019\u00e9quipier du tireur, les enregistrements des conversations radio \u00e9chang\u00e9es avant et pendant l\u2019intervention entre la voiture de la WPR Mons et le CIC Hainaut sont d\u2019une importance capitale\u2026 Mais ce dossier Mawda contient beaucoup de bizarreries et de petits \u00ab couacs \u00bb : ces enregistrements n\u2019existent pas !<\/p>\n<p>Lorsque le Comit\u00e9 P voulut en prendre connaissance, il lui fut r\u00e9pondu que, c\u2019est bien malheureux, le CIC Hainaut n\u2019avait pu proc\u00e9der \u00e0 ces enregistrements en raison d\u2019un \u00ab probl\u00e8me technique \u00bb. Par contre, le Comit\u00e9 P a, re\u00e7u d\u2019autres enregistrements radio, ceux \u00e9chang\u00e9s entre le CIC Namur et les v\u00e9hicules de la WPR Namur.<\/p>\n<p>Ce que le dispatcher du CIC Hainaut a donn\u00e9 comme information \u00e0 la voiture WPR Mons avant et pendant la poursuite n\u2019a donc pas \u00e9t\u00e9 enregistr\u00e9. Cependant, la voix de ce dispatcher appara\u00eet dans une conversation t\u00e9l\u00e9phonique enregistr\u00e9e apr\u00e8s le tir, \u00e0 3 h 29 pr\u00e9cis\u00e9ment. A ce moment, le policier tireur se trouve sur le parking de Maisi\u00e8res o\u00f9 la camionnette s\u2019\u00e9tait immobilis\u00e9e apr\u00e8s son coup de feu.<\/p>\n<p>Quelques minutes auparavant, avec son \u00e9quipier \u2013 la sc\u00e8ne est tout de m\u00eame incroyable \u2013, il a eu le loisir de faire le tour de la camionnette, en d\u2019autres termes de la sc\u00e8ne de crime, constatant que son tir n\u2019avait pas atteint le pneu du v\u00e9hicule, pas plus d\u2019ailleurs que la porti\u00e8re. Le dispatcher lui demande si son tir a quelque chose \u00e0 voir avec la mort de l\u2019enfant. Le policier r\u00e9pond : <em>\u00ab Ben je ne pense pas, non\u2026 Moi j\u2019ai tir\u00e9 en direction des roues, je ne pense pas. \u00bb <\/em><\/p>\n<p>Il continue ensuite \u00e0 s\u2019\u00e9pancher mais le dispatcher l\u2019interrompt. Il dit au tireur : <em>\u00ab On est enregistr\u00e9s\u2026 moins on en sait, mieux c\u2019est. \u00bb<\/em><\/p>\n<div class=\"optanon-alert-box-wrapper \" role=\"alertdialog\" aria-labelledby=\"alert-box-title\" aria-describedby=\"alert-box-message\">\n<div class=\"optanon-alert-box-bg\">\n<div class=\"optanon-alert-box-button-container\">\n<div class=\"optanon-alert-box-button optanon-button-allow\"><\/div>\n<\/div>\n<\/div>\n<\/div>\n<div class=\"l-container c-container t-gray-lighter\">\n<article class=\"o-post post-218147 post type-post status-publish format-standard has-post-thumbnail hentry category-societe tag-deces-mawda tag-enquete tag-mawda tag-michel-bouffioux tag-police dossier-mortdemawdanotrecontre-enquete\">\n<header class=\"o-post__hero\">\n<h1 class=\"c-title c-title--large entry-title\">Mort de Mawda : \u00ab Il n\u2019y a pas eu d\u2019injonctions, je suis cat\u00e9gorique \u00bb<\/h1>\n<p class=\"c-post__author\"><strong class=\"author vcard\"> <a class=\"fn byline author vcard\" href=\"https:\/\/parismatch.be\/author\/mbouffioux\" rel=\"author\"> Michel Bouffioux<\/a> <\/strong> | Publi\u00e9 le <time class=\"post-created-time date created\" datetime=\"2018-12-20T06:39:23+00:00\">20 d\u00e9cembre 2018<\/time> | Mis \u00e0 jour le <time class=\"post-updated-time date updated\" datetime=\"2018-12-20T07:11:14+00:00\">20 d\u00e9cembre 2018<\/time><\/p>\n<div class=\"c-post__resize\">\n<figure style=\"width: 1090px\" class=\"wp-caption alignnone\"><img decoding=\"async\" class=\"c-post__img c-post__img--hero wp-post-image\" src=\"https:\/\/parismatch.be\/app\/uploads\/2018\/12\/AVPRESS0MIGRANTS-8-1100x715.jpg\" alt=\"mawda\" width=\"1100\" height=\"715\" \/><figcaption class=\"wp-caption-text\">Le policier qui a tir\u00e9 ne se trouvait pas \u00e0 Sambreville. Il intervient bien plus loin et bien plus tard : en r\u00e9gion montoise. | \u00a9 Ronald Dersin<\/figcaption><\/figure>\n<\/div>\n<div class=\"c-post__media grid has-gutter\">\n<p class=\"c-post__credit two-thirds\">\n<\/div>\n<\/header>\n<div class=\"grid-2 grid-small-1 has-gutter\">\n<div class=\"two-thirds\">\n<div class=\"o-post__content \">\n<div class=\"inline-label tiny-hidden small-hidden\"><span class=\"c-label c-label--primary\">\u00a0<\/span><\/div>\n<p><strong>L\u2019intervention fatale s\u2019est d\u00e9roul\u00e9e sur 3 kilom\u00e8tres entre Obourg et l\u2019aire de repos de Maisi\u00e8res sur la E42-E19. Elle a dur\u00e9 deux ou trois minutes, peut-\u00eatre moins encore. Sans aucune n\u00e9cessit\u00e9, un barrage \u00e9tait pr\u00e9vu\u2026<\/strong><\/p>\n<p><span id=\"more-218147\"><\/span>On nous a dit tant de choses sur l\u2019affaire Mawda. Il y a eu tellement de confusion. Lors d\u2019une conf\u00e9rence de presse, le 22 mai 2018, un journaliste demanda au procureur du Roi de Mons, Christian Henry : <em>\u00ab Est-ce qu\u2019un policier a le droit de tirer ainsi sur un v\u00e9hicule ? \u00bb<\/em> En guise de r\u00e9ponse, le magistrat lui raconta toute la course-poursuite en insistant sur son moment le plus spectaculaire : la \u00ab fausse sortie \u00bb de Sambreville.<\/p>\n<p>De quoi s\u2019agit-il ? La camionnette est rep\u00e9r\u00e9e \u00e0 1 h 24 sur le parking de Hulplanche par une voiture de la WPR Namur. Les policiers constatent que le v\u00e9hicule porte de fausses plaques d\u2019immatriculation. Ils demandent une \u00e9quipe en renfort pour proc\u00e9der \u00e0 un contr\u00f4le. En attendant, ils se mettent \u00e0 distance. D\u00e8s ce moment, ils ont conscience que \u00ab cela bouge \u00e0 l\u2019arri\u00e8re \u00bb de l\u2019utilitaire.<\/p>\n<p>\u00c0 1h30, le Peugeot Boxer quitte le parking en \u00ab d\u00e9marrant doucement \u00bb. La voiture de police se contente de le suivre \u00ab discr\u00e8tement \u00bb. Poursuivis et poursuivants roulent alors \u00e0 du 90 km\/heure sur l\u2019autoroute. Quand les renforts arrivent, les policiers d\u00e9cident de forcer la camionnette \u00e0 emprunter la sortie 14, Sambreville.<\/p>\n<p>\u00c0 quelques centaines de m\u00e8tres de cette sortie, lorsque les feux bleus s\u2019allument, il est environ 1 h 40. Une voiture de police vient se placer devant l\u2019utilitaire et lui ordonne de quitter l\u2019autoroute, une autre reste derri\u00e8re sur sa gauche. Le chauffeur fait mine d\u2019emprunter la sortie mais, in extremis, remet les gaz et repart sur l\u2019autoroute. A cause de cette manoeuvre subite, l\u2019un des deux v\u00e9hicules de police le poursuivant a un l\u00e9ger accrochage avec un v\u00e9hicule immatricul\u00e9 en France. Il continue sa route sans d\u00e9g\u00e2ts importants.<\/p>\n<p>Cet \u00e9pisode de Sambreville, le plus spectaculaire de la poursuite, est donc celui que le procureur du Roi raconta au journaliste qui l\u2019interpellait sur l\u2019opportunit\u00e9 du tir policier. Et le magistrat conclut par ces mots : <em>\u00ab Ce n\u2019\u00e9tait donc pas une interpellation simple et facile pour les policiers. Donc, apr\u00e8s avoir subi tout ce stress\u2026 \u00bb<\/em> Sauf que le policier qui a tir\u00e9 ne se trouvait pas \u00e0 Sambreville !<\/p>\n<p>Il intervient bien plus loin et bien plus tard : en r\u00e9gion montoise, vers 2 heures, dans les deux ou trois derni\u00e8res minutes de la poursuite. Il n\u2019avait donc pas accumul\u00e9 \u00ab tout ce stress \u00bb li\u00e9 \u00e0 une longue poursuite. Par contre, l\u2019enqu\u00eate a \u00e9tabli que, cette nuit-l\u00e0, l\u2019auteur du coup de feu et son \u00e9quipier s\u2019\u00e9taient d\u00e9j\u00e0 livr\u00e9s \u00e0 une autre \u00ab chasse aux ill\u00e9gaux \u00bb, qui n\u2019avait pas d\u00e9bouch\u00e9 sur les arrestations auxquelles ils avaient esp\u00e9r\u00e9 proc\u00e9der.<\/p>\n<h2>La fuite de la camionnette \u00e9tait parfaitement vaine<\/h2>\n<p>Dans les instants qui pr\u00e9c\u00e9dent le tir du policier, la camionnette poursuivie roule entre Obourg et Maisi\u00e8res sur l\u2019autoroute qui m\u00e8ne vers la France. Il n\u2019y a plus deux mais quatre v\u00e9hicules de police qui la suivent. Ceux-ci pr\u00e9servent une \u00ab distance de s\u00e9curit\u00e9 \u00bb parce que tous les agents sont conscients que l\u2019utilitaire transporte de nombreuses personnes, dont des enfants.<\/p>\n<figure id=\"attachment_218168\" class=\"wp-caption aligncenter\"><img decoding=\"async\" class=\"wp-image-218168 size-large\" src=\"https:\/\/parismatch.be\/app\/uploads\/2018\/12\/AVPRESS0MIGRANTS-10-1024x683.jpg\" sizes=\"(max-width: 1024px) 100vw, 1024px\" srcset=\"https:\/\/parismatch.be\/app\/uploads\/2018\/12\/AVPRESS0MIGRANTS-10-1024x683.jpg 1024w, https:\/\/parismatch.be\/app\/uploads\/2018\/12\/AVPRESS0MIGRANTS-10-300x200.jpg 300w, https:\/\/parismatch.be\/app\/uploads\/2018\/12\/AVPRESS0MIGRANTS-10-768x512.jpg 768w, https:\/\/parismatch.be\/app\/uploads\/2018\/12\/AVPRESS0MIGRANTS-10-255x170.jpg 255w\" alt=\"\" width=\"1024\" height=\"683\" \/><figcaption class=\"wp-caption-text\">\u00a9 Ronald Dersin<\/figcaption><\/figure>\n<p>Le v\u00e9hicule en fuite est dans l\u2019impossibilit\u00e9 de rouler tr\u00e8s vite : cela, tout le monde le sait aussi. Un \u00ab barrage en profondeur \u00bb a \u00e9t\u00e9 demand\u00e9 par radio par l\u2019inspecteur principal qui dirige la poursuite. Sa requ\u00eate a \u00e9t\u00e9 relay\u00e9e par un dispatcher radio du CIC Hainaut et a \u00e9t\u00e9 entendue par la police fran\u00e7aise, qui est en train d\u2019installer des herses \u00e0 la fronti\u00e8re. Les conversations radio font aussi \u00e9tat de la mise en place d\u2019un autre barrage \u00e0 Saint-Ghislain.<\/p>\n<p>Enfin, des \u00e9quipes de police locale ont \u00e9t\u00e9 sollicit\u00e9es pour surveiller les sorties de l\u2019autoroute. En d\u2019autres termes, la fuite de la camionnette est parfaitement vaine, la situation est sous contr\u00f4le. Un agent l\u2019a d\u00e9clar\u00e9 : \u00ab L\u2019inspecteur principal (qui dirigeait la poursuite) avait demand\u00e9 aux \u00e9quipes de ne rien tenter car un enfant se trouvait \u00e0 bord du v\u00e9hicule. \u00bb<\/p>\n<h2><em>\u00ab Il sort son arme. Il la chambre tout en pointant la camionnette. Je me demande ce qu\u2019il fait \u00bb<\/em><\/h2>\n<p>Alors que le \u00ab convoi \u00bb arrive \u00e0 hauteur d\u2019Obourg, le renfort d\u2019un v\u00e9hicule de police appartenant \u00e0 la WPR Mons aurait d\u00fb s\u00e9curiser un peu plus la situation. Mais c\u2019est l\u2019inverse qui se passe. A bord de la voiture \u00ab montoise \u00bb se trouvent deux policiers. Pr\u00e9venus par radio, ils se sont post\u00e9s en stand-by sur la bande d\u2019arr\u00eat d\u2019urgence. Leur intervention est beaucoup plus nerveuse que celle de leurs coll\u00e8gues de Namur. Elle est aussi extr\u00eamement br\u00e8ve. L\u2019auteur du tir en a convenu : <em>\u00ab Tout a \u00e9t\u00e9 tr\u00e8s vite. Entre Obourg et le parking de Maisi\u00e8res, il y a trois kilom\u00e8tres. \u00bb<\/em><\/p>\n<p>Il a aussi pr\u00e9cis\u00e9 que lors de l\u2019intervention, la camionnette roulait \u00e0 90 km\/h, tandis que son \u00e9quipier parle de 60 \u00e0 70 km\/h\u2026 \u00c0 ces vitesses, on parcourt trois kilom\u00e8tres en deux ou trois minutes.<\/p>\n<p>Comment se d\u00e9roule cette intervention de la WPR Mons ? Si l\u2019on se base sur les t\u00e9moignages des policiers impliqu\u00e9s, tout se serait donc pass\u00e9 dans une s\u00e9quence de 120 \u00e0 180 secondes : le v\u00e9hicule de la WPR Mons monte sur l\u2019autoroute, il se place devant la camionnette pour la forcer \u00e0 ralentir. Le policier-conducteur ouvre sa vitre et montre son pistolet. Il a d\u00e9clar\u00e9 : <em>\u00ab Mon arme n\u2019\u00e9tait pas chambr\u00e9e. En pressant sur la d\u00e9tente, aucun projectile ne pouvait partir. Je l\u2019ai simplement exhib\u00e9e pour bien montrer au chauffeur que j\u2019\u00e9tais d\u00e9termin\u00e9 \u00e0 ne pas le laisser passer. \u00bb<\/em> Cet avertissement est sans effet. La camionnette ne freine pas. Elle fait mine de vouloir percuter le v\u00e9hicule de police lorsque celui-ci ralentit devant lui. Le v\u00e9hicule de police se d\u00e9porte et la camionnette se retrouve de nouveau en t\u00eate de poursuite sur la bande du milieu.<\/p>\n<figure id=\"attachment_218169\" class=\"wp-caption aligncenter\"><img decoding=\"async\" class=\"wp-image-218169 size-large\" src=\"https:\/\/parismatch.be\/app\/uploads\/2018\/12\/CF0I5434-1024x683.jpg\" sizes=\"(max-width: 1024px) 100vw, 1024px\" srcset=\"https:\/\/parismatch.be\/app\/uploads\/2018\/12\/CF0I5434-1024x683.jpg 1024w, https:\/\/parismatch.be\/app\/uploads\/2018\/12\/CF0I5434-300x200.jpg 300w, https:\/\/parismatch.be\/app\/uploads\/2018\/12\/CF0I5434-768x512.jpg 768w, https:\/\/parismatch.be\/app\/uploads\/2018\/12\/CF0I5434-255x170.jpg 255w\" alt=\"\" width=\"1024\" height=\"683\" \/><figcaption class=\"wp-caption-text\">\u00a9 Ronald Dersin<\/figcaption><\/figure>\n<p>D\u00e9termin\u00e9s \u00e0 vouloir stopper imm\u00e9diatement les fuyards alors qu\u2019il n\u2019y a aucune n\u00e9cessit\u00e9 de le faire avec une telle urgence, les policiers de la WPR Mons viennent se replacer sur la gauche de la camionnette. Les deux v\u00e9hicules roulent en parall\u00e8le pendant un instant. L\u2019agent se trouvant sur le si\u00e8ge passager entre en action \u00e0 ce moment-l\u00e0, comme en a t\u00e9moign\u00e9 son \u00e9quipier : <em>\u00ab Mon coll\u00e8gue baisse sa vitre et au moment o\u00f9 la camionnette est \u00e0 notre hauteur et proche de nous d\u00e9passer, il sort son arme. Il la chambre tout en pointant la camionnette. Je me demande ce qu\u2019il fait car il ne menace pas le chauffeur, il vise la porti\u00e8re. Tenir son arme dans cette direction-l\u00e0 n\u2019intimidait pas le conducteur. La camionnette continue \u00e0 me d\u00e9passer. L\u2019acc\u00e9l\u00e9ration se fait de mani\u00e8re assez lente vu le poids du v\u00e9hicule. Il \u00e9tait \u00e0 fond sur l\u2019acc\u00e9l\u00e9rateur. \u00bb<\/em><\/p>\n<p>Interrog\u00e9 par le Comit\u00e9 P, le policier qui a tir\u00e9 a affirm\u00e9 qu\u2019il n\u2019a pas tout de suite \u00ab <em>arm\u00e9<\/em> \u00bb son pistolet, qu\u2019il aurait pr\u00e9alablement \u00ab<em> cri\u00e9 des injonctions au conducteur pour qu\u2019il s\u2019arr\u00eate<\/em> \u00bb. Mais son \u00e9quipier l\u2019a contredit : \u00ab<em> Il n\u2019y a pas eu d\u2019injonctions, je suis cat\u00e9gorique.<\/em> \u00bb Le coup de feu est tir\u00e9 \u00e0 2 h 02\u2019 53\u201d. Tr\u00e8s vite, c\u2019est-\u00e0-dire \u00e0 2 h 03\u2019 17\u201d, la camionnette sort en direction du parking de Maisi\u00e8res : fin de la s\u00e9quence de 120 \u00e0 180 secondes.<\/p>\n<p>Si l\u2019on dispose d\u2019un minutage aussi pr\u00e9cis, c\u2019est gr\u00e2ce aux enregistrements des communications radio \u00e9chang\u00e9es entre le dispatching du CIC Namur et les quatre voitures de police \u00ab namuroises \u00bb qui se trouvaient derri\u00e8re la camionnette. Lorsque la d\u00e9tonation se fait entendre, un dispatcher demande : \u00ab C\u2019\u00e9tait, quoi cela ? \u00bb Une voiture de la WPR Namur lui r\u00e9pond : \u00ab <em>Il y a la vitre droite qui a p\u00e9t\u00e9. Ils ont p\u00e9t\u00e9 la vitre droite<\/em>\u00a0\u00bb. Le dispatcher relance : \u00ab <em>Vous \u00eates certains que c\u2019est la vitre qui a p\u00e9t\u00e9 ? Ce n\u2019est pas un coup de feu qui a \u00e9t\u00e9 tir\u00e9 ?<\/em> \u00bb \u00c0 2h03\u201910\u201d, depuis l\u2019une des voitures de la WPR Namur, un agent lui r\u00e9pond : \u00ab <em>Je ne peux pas te le confirmer, hein, mais j\u2019ai vu que cela a explos\u00e9, en effet.\u00a0<\/em>\u00bb<\/p>\n<p>L\u2019intervention fatale dura 120 \u00e0 180 secondes\u2026 Aurait-t-elle \u00e9t\u00e9 plus courte encore ? En tenant compte de l\u2019heure du tir et des t\u00e9moignages des policiers, le v\u00e9hicule de la WPR Mons a d\u00fb entrer en action \u00e0 hauteur de Obourg \u00e0 2 heures, voire \u00e0 2 h 01. Toutefois, dans les conversations radio enregistr\u00e9es, il n\u2019appara\u00eet qu\u2019\u00e0 2 h 02\u2019 19\u201d, lorsqu\u2019un inspecteur principal de la WPR Namur annonce : \u00ab <em>On va arriver \u00e0 l\u2019aire de Bois du Gard et j\u2019ai une Volvo du WPR Hainaut qui est l\u00e0.<\/em> \u00bb<\/p>\n<p>Trente-quatre secondes plus tard, on entend la d\u00e9tonation. Au petit matin du 17 mai, cet inspecteur principal namurois a d\u00e9clar\u00e9 ne pas se souvenir de l\u2019endroit pr\u00e9cis o\u00f9 apparut le v\u00e9hicule \u00ab montois \u00bb, ce qui n\u2019aide pas dans l\u2019\u00e9valuation de la dur\u00e9e de son intervention. Il fit aussi ce r\u00e9cit : \u00ab<em> L\u2019\u00e9quipe de la WPR Mons s\u2019est plac\u00e9e devant la camionnette pour tenter de la ralentir. Le conducteur de la camionnette n\u2019a pas ralenti et esquivait \u00e0 chaque fois dans le but de passer devant. La camionnette a tent\u00e9 \u00e0 maintes reprises cette manoeuvre pour ne pas ralentir.<\/em> \u00bb<\/p>\n<p>\u00ab \u00c0 maintes reprises \u00bb, en 120 ou 180 secondes ? Ou moins ? On comprend l\u2019importance de proc\u00e9der \u00e0 une reconstitution. Le t\u00e9moignage du chauffeur de la camionnette serait lui aussi tr\u00e8s int\u00e9ressant, mais l\u2019Irakien de 25 ans a \u00e9t\u00e9 rel\u00e2ch\u00e9 au d\u00e9but de l\u2019enqu\u00eate, faute d\u2019avoir \u00e9t\u00e9 identifi\u00e9 dans le d\u00e9lai de garde \u00e0 vue. Il est actuellement d\u00e9tenu en Grande-Bretagne et, malheureusement, des \u00ab sources \u00bb ont d\u00e9j\u00e0 indiqu\u00e9 \u00e0 certains journaux qu\u2019il \u00e9tait \u00ab peu coop\u00e9rant \u00bb.<\/p>\n<header class=\"o-post__hero\">\n<h1 class=\"c-title c-title--large entry-title\">Mort de Mawda : l\u2019enfant-b\u00e9lier, une pure fiction polici\u00e8re<\/h1>\n<p class=\"c-post__author\"><strong class=\"author vcard\"> <a class=\"fn byline author vcard\" href=\"https:\/\/parismatch.be\/author\/mbouffioux\" rel=\"author\"> Michel Bouffioux<\/a> <\/strong> | Publi\u00e9 le <time class=\"post-created-time date created\" datetime=\"2018-12-20T17:07:36+00:00\">20 d\u00e9cembre 2018<\/time> | Mis \u00e0 jour le <time class=\"post-updated-time date updated\" datetime=\"2018-12-21T10:06:42+00:00\">21 d\u00e9cembre 2018<\/time><\/p>\n<div class=\"c-post__resize\">\n<figure style=\"width: 1090px\" class=\"wp-caption alignnone\"><img decoding=\"async\" class=\"c-post__img c-post__img--hero wp-post-image\" src=\"https:\/\/parismatch.be\/app\/uploads\/2018\/12\/AVPRESS0MIGRANTS-11-1100x715.jpg\" alt=\"\" width=\"1100\" height=\"715\" \/><figcaption class=\"wp-caption-text\">Mawda a \u00e9t\u00e9 tu\u00e9 par un tir policier mais la premi\u00e8re hypoth\u00e8se d\u2019enqu\u00eate retenue racontait une toute autre histoire&#8230; | \u00a9 \u00a9Ronald Dersin<\/figcaption><\/figure>\n<\/div>\n<\/header>\n<div class=\"grid-2 grid-small-1 has-gutter\">\n<div class=\"two-thirds\">\n<div class=\"o-post__content \">\n<p><span id=\"more-218482\"><\/span><strong>Mawda a \u00e9t\u00e9 victime d\u2019un tir policier mais la premi\u00e8re hypoth\u00e8se d\u2019enqu\u00eate retenue par la police racontait une toute autre histoire : celle d\u2019un enfant tu\u00e9 par les migrants qui s\u2019\u00e9taient servis de sa t\u00eate comme \u00ab b\u00e9lier \u00bb pour casser une vitre de la camionnette. D\u00e9construction d\u2019une pure fiction polici\u00e8re.<br \/>\n<\/strong><\/p>\n<p>Mawda fut atteinte en pleine t\u00eate. La balle est entr\u00e9e pr\u00e8s de la narine droite et elle est ressortie dans la r\u00e9gion occipitale du cr\u00e2ne. Sur le visage de la victime, le projectile a provoqu\u00e9 une plaie de 3,5 sur 2 cm et un orifice de 1,1 cm. A l\u2019arri\u00e8re du cr\u00e2ne, il a caus\u00e9 une autre plaie d\u2019une taille 2 cm sur 1,2 cm et il a cr\u00e9\u00e9 un orifice 0,8 cm. Quelques jours apr\u00e8s le meurtre, le procureur g\u00e9n\u00e9ral de Mons, Ignacio de la Serna nous fit part de ce que l\u2019on pouvait d\u00e9duire de l\u2019observation de telles blessures. Alors qu\u2019il avait consult\u00e9 le rapport d\u2019autopsie ce magistrat exp\u00e9riment\u00e9 nous dit : <em>\u00ab A l\u2019\u0153il nu, je dis bien \u00e0 l\u2019\u0153il nu, on voit que c\u2019est une balle\u2026 \u00bb<\/em>.<\/p>\n<p>En octobre dernier, lors d\u2019un d\u00e9bat public sur l\u2019affaire Mawda qui se tint \u00e0 l\u2019U-Mons, Selma Benkhelifa, l\u2019avocate des parents de la victime, tint aussi des propos tr\u00e8s clairs sur l\u2019\u00e9vidente origine de telles blessures : <em>\u00ab J\u2019ai vu des photos dans le dossier, c\u2019est extr\u00eamement p\u00e9nible\u2026 Il ne faut pas \u00eatre m\u00e9decin pour dire que la petite a \u00e9t\u00e9 tu\u00e9e d\u2019une balle dans la t\u00eate \u00bb<\/em>.<\/p>\n<p>A 2 h 02, la nuit de faits, la maman de la petite Mawda comprit imm\u00e9diatement que sa fille avait \u00e9t\u00e9 atteinte par la balle que venait de tirer un policier. En juin dernier, nous lui demandions :<em> \u00ab Avez-vous fait le lien entre le tir que vous aviez entendu et la blessure qui \u00e9tait apparue sur le visage de votre enfant ? \u00bb<\/em> D\u00e9signant le c\u00f4t\u00e9 droit du visage, elle nous avait r\u00e9pondu sans la moindre h\u00e9sitation : <em>\u00ab Oui. Mawda avait une blessure ouverte pr\u00e8s du nez qui n\u2019\u00e9tait pas pr\u00e9sente avant le tir et elle perdait beaucoup de sang. \u00bb<\/em>.<\/p>\n<p>Au lendemain de la trag\u00e9die, il ne fut cependant pas question d\u2019une blessure par balle visible \u00ab<em> \u00e0 l\u2019\u0153il nu<\/em> \u00bb et encore moins d\u2019une pr\u00e9sum\u00e9e bavure polici\u00e8re. On sugg\u00e9ra que Mawda avait \u00e9t\u00e9 tu\u00e9e par les migrants eux-m\u00eames ! Un quotidien avan\u00e7a que <em>\u00ab d\u2019apr\u00e8s plusieurs sources, l\u2019enfant aurait servi de b\u00e9lier pour briser la vitre arri\u00e8re de la camionnette (\u2026) Elle est d\u00e9c\u00e9d\u00e9e de ses blessures \u00bb<\/em>. Voici la gen\u00e8se de cette th\u00e8se absurde qui pr\u00e9sentait les migrants comme de v\u00e9ritables monstres tout en \u00e9cartant une mort par balle \u00e0 la suite d\u2019un tir policier ; une \u00ab fake news \u00bb qui n\u2019a pas \u00e9t\u00e9 invent\u00e9e par des journalistes.<\/p>\n<h2><em>\u00ab On brise des fen\u00eatres avec la t\u00eate d\u2019une enfant\u2026 \u00bb<\/em><\/h2>\n<figure id=\"attachment_218149\" class=\"wp-caption aligncenter\"><img decoding=\"async\" class=\"wp-image-218149 size-large\" src=\"https:\/\/parismatch.be\/app\/uploads\/2018\/12\/AVPRESS0MIGRANTS-8-1024x683.jpg\" sizes=\"(max-width: 1024px) 100vw, 1024px\" srcset=\"https:\/\/parismatch.be\/app\/uploads\/2018\/12\/AVPRESS0MIGRANTS-8-1024x683.jpg 1024w, https:\/\/parismatch.be\/app\/uploads\/2018\/12\/AVPRESS0MIGRANTS-8-300x200.jpg 300w, https:\/\/parismatch.be\/app\/uploads\/2018\/12\/AVPRESS0MIGRANTS-8-768x512.jpg 768w, https:\/\/parismatch.be\/app\/uploads\/2018\/12\/AVPRESS0MIGRANTS-8-255x170.jpg 255w\" alt=\"mawda\" width=\"1024\" height=\"683\" \/><figcaption class=\"wp-caption-text\">Ronald Dersin<\/figcaption><\/figure>\n<p>Ce \u00ab modus-operandi \u00bb fut en r\u00e9alit\u00e9 la seule hypoth\u00e8se d\u2019enqu\u00eate propos\u00e9e aux autorit\u00e9s judiciaires par l\u2019officier de police judiciaire de la zone de Mons-Qu\u00e9vy qui, peu apr\u00e8s le tir policier, vers 2 h 15, arriva sur le parking de Maisi\u00e8res afin d\u2019y recueillir les premiers \u00e9l\u00e9ments d\u2019enqu\u00eate. Apr\u00e8s avoir pass\u00e9 une bonne partie de la nuit au contact de plusieurs agents impliqu\u00e9s dans la course-poursuite, Henri (pr\u00e9nom fictif) r\u00e9digea un \u00ab proc\u00e8s-verbal initial \u00bb qui disait : <em>\u00ab Selon les informations recueillies et nos constatations, les faits se seraient d\u00e9roul\u00e9s comme suit : on transporte des personnes en situation ill\u00e9gale dans une camionnette. On est pris en chasse par la police car on tente de se soustraire au contr\u00f4le. Au cours de la poursuite (\u2026) on brise des fen\u00eatres avec la t\u00eate d\u2019une enfant et on fait mine de la jeter vers les v\u00e9hicules de police. Les coups occasionn\u00e9s \u00e0 l\u2019enfant (sic) entra\u00eenent un traumatisme cr\u00e2nien et le d\u00e9c\u00e8s de l\u2019enfant. (\u2026)\u00bb<\/em><\/p>\n<p>Cette version polici\u00e8re de base du meurtre de Mawda laisse sans voix. Il faut la relire deux fois pour \u00eatre certain qu\u2019elle nous dit bien ce qu\u2019elle dit : la petite fille est morte d\u2019un traumatisme cr\u00e2nien caus\u00e9 par l\u2019utilisation de sa t\u00eate comme b\u00e9lier pour casser la vitre arri\u00e8re d\u2019une camionnette. Dans quel but ? Menacer de la jeter sous les roues des policiers. Qui a commis un tel acte ? Ce n\u2019est pas pr\u00e9cis\u00e9 mais ce proc\u00e8s-verbal initial ne conduisait pas vers trente-six hypoth\u00e8ses : soit c\u2019\u00e9tait les parents de Mawda eux-m\u00eames, soit il s\u2019agissait de tierces personnes telles que d\u2019autres migrants qui se trouvaient \u00e0 bord de la camionnette\u2026<\/p>\n<h2>Aucun t\u00e9moignage<\/h2>\n<p>A-t-on pu vraiment croire de telles foutaises ? Les deux scenarios apparaissent tellement farfelus : quels sont les parents qui vont ainsi massacrer leur enfant ? Quels sont les parents (dans la deuxi\u00e8me hypoth\u00e8se) qui vont laisser martyriser leur petite fille sans intervenir pour la d\u00e9fendre et sans rien d\u00e9noncer au moment o\u00f9 la police arr\u00eate la camionnette ? C\u2019est pourtant cette pure fiction que sugg\u00e9rait la pi\u00e8ce fondatrice de l\u2019enqu\u00eate polici\u00e8re qui qualifiait l\u2019affaire de \u00ab <em>meurtre sans autre pr\u00e9cision<\/em> \u00bb et proposait aux autorit\u00e9s judiciaires une liste de 27 \u00ab<em> suspects<\/em> \u00bb n\u2019incluant que les seuls migrants qui se trouvaient \u00e0 bord de l\u2019utilitaire, en ce compris les parents de Mawda.<\/p>\n<p>Notre contre-enqu\u00eate r\u00e9v\u00e8le que cette th\u00e8se de l\u2019enfant-b\u00e9lier ne reposait sur aucun t\u00e9moignage : au petit matin du 17 mai 2018, tous les policiers qui furent t\u00e9moins du bris de la vitre arri\u00e8re de la camionnette lors de la poursuite ont \u00e9t\u00e9 interrog\u00e9s par leurs coll\u00e8ges de la zone Mons-Qu\u00e9vy : pas un seul n\u2019a d\u00e9clar\u00e9 avoir vu un migrant casser la vitre arri\u00e8re du v\u00e9hicule avec la t\u00eate d\u2019un enfant. Le t\u00e9moignage le plus pr\u00e9cis de l\u2019un des agents disait ceci : \u00ab <em>Sans savoir vous donner l\u2019heure, je constate qu\u2019une personne se trouvant \u00e0 l\u2019arri\u00e8re de la camionnette casse la vitre gauche \u00e0 l\u2019aide d\u2019un pied-de-biche.<\/em> \u00bb Nous posons d\u00e8s lors cette question : comment un pied de biche s\u2019est-il transform\u00e9 en t\u00eate d\u2019enfant ?<\/p>\n<h2><em>\u00ab Aucune trace de coupure de verre, ni de coups n\u2019est visible sur le visage de l\u2019enfant \u00bb<\/em><\/h2>\n<figure id=\"attachment_218518\" class=\"wp-caption aligncenter\"><img decoding=\"async\" class=\"wp-image-218518 size-large\" src=\"https:\/\/parismatch.be\/app\/uploads\/2018\/12\/CF0I5360-1024x683.jpg\" sizes=\"(max-width: 1024px) 100vw, 1024px\" srcset=\"https:\/\/parismatch.be\/app\/uploads\/2018\/12\/CF0I5360-1024x683.jpg 1024w, https:\/\/parismatch.be\/app\/uploads\/2018\/12\/CF0I5360-300x200.jpg 300w, https:\/\/parismatch.be\/app\/uploads\/2018\/12\/CF0I5360-768x512.jpg 768w, https:\/\/parismatch.be\/app\/uploads\/2018\/12\/CF0I5360-255x170.jpg 255w\" alt=\"\" width=\"1024\" height=\"683\" \/><figcaption class=\"wp-caption-text\">\u00a9Ronald Dersin<\/figcaption><\/figure>\n<p>Dans cette affaire qui a connu beaucoup de \u00ab bizarreries \u00bb, il y eut cependant des policiers consciencieux. Il en va ainsi de Patrick (pr\u00e9nom fictif)., un officier de la police judiciaire de Mons-Tournai qui, aux alentours de 8 heures du matin, le 17 mai, eut la pr\u00e9sence d\u2019esprit d\u2019aller examiner le corps de la petite Mawda qui reposait dans la morgue de l\u2019h\u00f4pital de Jolimont \u00e0 La Louvi\u00e8re. Cet homme savait \u00e0 ce moment que l\u2019enqu\u00eate se dirigeait vers la th\u00e8se du traumatisme cr\u00e2nien alors qu\u2019il y avait eu un tir policier. Mais il voulait s\u2019assurer qu\u2019on ne s\u2019\u00e9garait pas. Et ce qu\u2019il constata alors qu\u2019il \u00e9tait accompagn\u00e9 de deux policiers scientifiques, le mis fort mal \u00e0 l\u2019aise.<\/p>\n<p>Dans son rapport, Patrick nota : <em>\u00ab aucune trace de coupure de verre, ni de coups n\u2019est visible sur le visage de l\u2019enfant.\u00bb<\/em> Ce constat ne collait pas du tout avec cette histoire d\u2019enfant mort des suites d\u2019un traumatisme cr\u00e2nien apr\u00e8s qu\u2019on lui fracassa la t\u00eate contre une vitre du v\u00e9hicule. L\u2019enqu\u00eateur relevait que \u00ab <em>par contre, une perforation \u00ab en \u00e9toile \u00bb de petite dimension est bien visible, \u00e0 proximit\u00e9 du nez. (\u2026)<\/em> \u00bb Ce constat renvoyait d\u2019\u00e9vidence \u00e0 une blessure par balle. Et l\u2019enqu\u00eateur avis\u00e9 finissait son rapport par cette r\u00e9flexion : <em>\u00ab Des questions se sont alors pos\u00e9es \u00e0 nous et \u00e0 nos coll\u00e8gues quant \u00e0 l\u2019origine de cette perforation.\u00bb<\/em><\/p>\n<p>Au regard de ce nous d\u00e9clara plus tard le procureur g\u00e9n\u00e9ral de Mons \u00e0 propos de la blessure par balle visible \u00ab<em> \u00e0 l\u2019\u0153il nu<\/em> \u00bb, on s\u2019imagine bien les questions que se pos\u00e8rent ces enqu\u00eateurs. Ce matin-l\u00e0, vers 8 heures, dans cette morgue de Jolimont, Lucien (pr\u00e9nom fictif), un policier du labo de police scientifique, nota lui aussi des constatations par \u00e9crit : <em>\u00ab Nous constatons la pr\u00e9sence d\u2019une perforation du c\u00f4t\u00e9 droit du visage de l\u2019enfant et plus exactement entre sa pommette droite et sa narine droite. En illuminant \u00e0 l\u2019aide de notre lampe de poche celle-ci, nous nous rendons compte que la perforation n\u2019est pas superficielle mais assez profonde. \u00bb <\/em><\/p>\n<h2><em>\u00ab On peut d\u00e9j\u00e0 exclure une blessure par balle qui viendrait des policiers \u00bb<\/em><\/h2>\n<p>Le 17 mai, Patrick, l\u2019officier de garde de la PJF de Tournai, termina son service \u00e0 10 h 33 du matin par un entretien t\u00e9l\u00e9phonique avec \u00e0 la juge d\u2019instruction montoise Pamela Lonfils qui venait d\u2019\u00eatre saisie du dossier Mawda. Dans un proc\u00e8s-verbal, Patrick prit soin de mentionner l\u2019existence de cette conversation qu\u2019il eut avec la magistrate alors qu\u2019il rentrait de la morgue de Jolimont. Peut-on imaginer que ses \u00ab<em> questions<\/em> \u00bb sur \u00ab <em>l\u2019origine de cette perforation<\/em> \u00bb ne furent pas abord\u00e9es \u00e0 ce moment-l\u00e0 ? Peut-on imaginer que l\u2019on n\u2019ait pas discut\u00e9 d\u00e8s cet instant du fait que la th\u00e8se du traumatisme cr\u00e2nien ne collait pas avec les constatations faites \u00e0 Jolimont ?<\/p>\n<p>La question n\u2019est pas d\u00e9nu\u00e9e d\u2019int\u00e9r\u00eat alors que, durant toute la journ\u00e9e du 17 mai, sans jamais se d\u00e9mentir ce jour-l\u00e0, le parquet de Mons communiqua avec force, via son magistrat de presse Fr\u00e9d\u00e9ric Bariseau : \u00ab <em>On peut d\u00e9j\u00e0 exclure une blessure par balle qui viendrait des policiers<\/em> \u00bb. Etonnante aussi cette \u00ab<em> r\u00e9union de travail<\/em> \u00bb qui rassembla les enqu\u00eateurs et la juge d\u2019instruction, le 17 mai \u00e0 16 h 30 dans les locaux de la PJF Mons. Y participaient les deux membres du labo qui s\u2019\u00e9taient pos\u00e9s des \u00ab<em> questions<\/em> \u00bb en observant le corps de Mawda vers 8 heures du matin \u00e0 la morgue de Jolimont. Mais le compte-rendu de cette r\u00e9union de travail ne pipe mot de leurs \u00ab<em> questions<\/em> \u00bb alors qu\u2019il mentionne que \u00ab <em>les policiers du WPR Hainaut, dont un a tir\u00e9, n\u2019ont pas \u00e9t\u00e9 entendus<\/em> \u00bb. La priorit\u00e9 du moment fut d\u00e9finie en ces termes : \u00ab <em>entendre toutes les personnes priv\u00e9es de libert\u00e9<\/em> \u00bb, autrement dit les migrants.<\/p>\n<h2>Le comit\u00e9 P interviendra 18 heures apr\u00e8s les faits<\/h2>\n<p>Le 17 mai, \u00e0 18 heures, commen\u00e7a l\u2019autopsie du corps de la petite Mawda. Cet examen dura deux heures mais bien avant qu\u2019il ne soit termin\u00e9, c\u2019est-\u00e0-dire \u00e0 18 h 30, la juge d\u2019instruction qui y assistait prit son t\u00e9l\u00e9phone pour avertir Gabriel (pr\u00e9nom fictif)., un inspecteur de la PJF Mons qui \u00e9tait alors le chef d\u2019enqu\u00eate. Elle venait de constater, cette fois de ses yeux, l\u2019\u00e9vidence d\u2019une blessure par balle qui ne collait pas avec la th\u00e8se du traumatisme cr\u00e2nien. Elle dit alors \u00e0 l\u2019enqu\u00eateur : \u00ab <em>l\u2019examen externe du corps de la victime tend \u00e0 d\u00e9montrer que la cause de la mort serait un tir par arme \u00e0 feu<\/em> \u00bb.<\/p>\n<p>A 20 heures, en sortant de l\u2019autopsie, la pr\u00e9occupation de la magistrate fut donc de saisir des faits le Comit\u00e9 P, un organe de contr\u00f4le qui d\u00e9pend du parlement et qui est habilit\u00e9 \u00e0 enqu\u00eater de mani\u00e8re ind\u00e9pendante sur des faits qui mettent en cause des policiers. C\u2019est ainsi que le comit\u00e9 P fut charg\u00e9 d\u2019enqu\u00eater sur l\u2019affaire Mawda, le 17 mai \u00e0 20 heures 07, soit 18 heures apr\u00e8s les faits. Sa premi\u00e8re mission fut de chercher o\u00f9 se trouvait l\u2019arme du meurtre pour la confier au laboratoire de police scientifique car celle-ci, ayant \u00e9t\u00e9 saisie une premi\u00e8re fois dans la nuit du drame, avait d\u00e9j\u00e0 \u00e9t\u00e9 restitu\u00e9e sur ordre du parquet du Mons. Le Smith &amp; Wesson fut retrouv\u00e9 le 18 mai au matin dans le coffre individuel du policier qui avait tir\u00e9. A 8 h 55, ce policier fut priv\u00e9 de libert\u00e9 sur ordre de la juge d\u2019instruction et, dans l\u2019apr\u00e8s-midi de ce second jour d\u2019enqu\u00eate, il fut enfin l\u2019objet d\u2019un premier interrogatoire.<\/p>\n<h2>Pr\u00e9-autopsie t\u00e9l\u00e9phonique<\/h2>\n<figure id=\"attachment_218519\" class=\"wp-caption aligncenter\"><img decoding=\"async\" class=\"wp-image-218519 size-large\" src=\"https:\/\/parismatch.be\/app\/uploads\/2018\/12\/AVPRESS0MIGRANTS-13-1024x683.jpg\" sizes=\"(max-width: 1024px) 100vw, 1024px\" srcset=\"https:\/\/parismatch.be\/app\/uploads\/2018\/12\/AVPRESS0MIGRANTS-13-1024x683.jpg 1024w, https:\/\/parismatch.be\/app\/uploads\/2018\/12\/AVPRESS0MIGRANTS-13-300x200.jpg 300w, https:\/\/parismatch.be\/app\/uploads\/2018\/12\/AVPRESS0MIGRANTS-13-768x512.jpg 768w, https:\/\/parismatch.be\/app\/uploads\/2018\/12\/AVPRESS0MIGRANTS-13-255x170.jpg 255w\" alt=\"\" width=\"1024\" height=\"683\" \/><figcaption class=\"wp-caption-text\">\u00a9Ronald Dersin<\/figcaption><\/figure>\n<p>La th\u00e8se du traumatisme cr\u00e2nien ne fut donc pas sans cons\u00e9quences dans cette enqu\u00eate. Mais que dire des d\u00e9g\u00e2ts qu\u2019elle a provoqu\u00e9 dans la perception de ce dossier par l\u2019opinion publique. Au matin du 18 mai, un grand quotidien populaire s\u2019inspirant de la communication du parquet de Mons compl\u00e9ment\u00e9e de \u00ab sources \u00bb \u00e9videmment polici\u00e8res, titrait \u00ab<em> Horreur sur la E 42<\/em> \u00bb et nous racontait l\u2019histoire de l\u2019enfant b\u00e9lier et de \u00ab <em>Mawda, victime de passeurs sans scrupules<\/em> \u00bb<\/p>\n<p>Dans la journ\u00e9e du 18 mai, le magistrat Bariseau revint devant la presse pour expliquer la communication erron\u00e9e du jour pr\u00e9c\u00e9dent et donner une nouvelle version des faits. A cette occasion, le parquet se d\u00e9faussa sur le m\u00e9decin-urgentiste qui \u00e9tait intervenu sur le parking de Maisi\u00e8res la nuit du drame : <em>\u00ab Il faisait noir, le nombre de personnes intervenues sur place a peut-\u00eatre alt\u00e9r\u00e9 le jugement. La premi\u00e8re information qui nous est parvenue \u00e9manait en fait du service d\u2019urgence qui \u00e9tait intervenu sur place et qui avait parl\u00e9 au d\u00e9but d\u2019un traumatisme cr\u00e2nien. On s\u2019est bas\u00e9 sur un rapport d\u2019un service d\u2019urgence qui a fait ces constatations. \u00bb<\/em><\/p>\n<p>Notre contre-enqu\u00eate d\u00e9montre qu\u2019il s\u2019agit-l\u00e0 d\u2019une version d\u00e9form\u00e9e de la r\u00e9alit\u00e9. A 3 h 06 du matin, le 17 mai, Patrick, l\u2019officier de garde de la PJF Tournai, venant d\u2019\u00eatre inform\u00e9 qu\u2019un policier avait tir\u00e9 dans le cadre de l\u2019affaire Mawda, avait eu comme r\u00e9flexe d\u2019avertir le Comit\u00e9 P. Mais un agent de cet organe de contr\u00f4le lui r\u00e9pondit qu\u2019il ne pouvait intervenir que sur saisine de l\u2019autorit\u00e9 judiciaire. L\u2019enqu\u00eateur appela donc le magistrat de garde du parquet. Cette nuit-l\u00e0, il s\u2019agissait de Pierre Marleghem. Plut\u00f4t que de saisir le Comit\u00e9 P, ce substitut du procureur du Roi pr\u00e9conisa un devoir d\u2019enqu\u00eate pr\u00e9alable : faire appeler le m\u00e9decin l\u00e9giste David (pr\u00e9nom fictif). pour lui demander <em>\u00ab de se rendre au chevet de l\u2019enfant pour afin de d\u00e9terminer s\u2019il y a trace ou non de blessure par balle \u00bb<\/em>.<\/p>\n<p>Ainsi le parquet de Mons inventa le concept de \u00ab pr\u00e9-autopsie t\u00e9l\u00e9phonique \u00bb. Joint par t\u00e9l\u00e9phone \u00e0 4 h 10 par la PJF, le m\u00e9decin-l\u00e9giste David annon\u00e7a qu\u2019il donnerait une r\u00e9ponse dans la demi-heure. Comment ? En passant un coup de fil \u00e0 un confr\u00e8re, le m\u00e9decin-urgentiste qui \u00e9tait intervenu sur le parking pour prendre en charge le corps de la petite Mawda. Le r\u00e9sultat de cette autopsie t\u00e9l\u00e9phonique fut communiqu\u00e9 \u00e0 l\u2019officier Patrick d\u00e8s 4 h 45 : <em>\u00ab l\u2019implication d\u2019un projectile d\u2019arme \u00e0 feu peut \u00eatre \u00e9cart\u00e9e dans le cadre du d\u00e9c\u00e8s de l\u2019enfant \u00bb<\/em>.<\/p>\n<p>A 5 heures du matin, Patrick sur le parking de Maisi\u00e8res o\u00f9 la camionnette s\u2019\u00e9tait immobilis\u00e9e apr\u00e8s la course poursuite. Il communiqua le diagnostic de la \u00ab pr\u00e9-autopsie t\u00e9l\u00e9phonique \u00bb \u00e0 Henri, l\u2019officier de police judiciaire qui se trouvait l\u00e0 depuis 2 h 15, celui qui allait bient\u00f4t r\u00e9diger le PV initial cit\u00e9 au d\u00e9but de ce texte. On croit entendre dans le lointain, un grand ouf de soulagement. Mawda n\u2019\u00e9tait pas morte par balle. Mais bon sang, il fallait bien qu\u2019elle soit morte de quelque chose ! Un traumatisme cr\u00e2nien ? Oui mais comment a-t-il \u00e9t\u00e9 provoqu\u00e9 ? Ainsi naquit l\u2019hypoth\u00e8se de l\u2019enfant-b\u00e9lier. Sans autre \u00e9l\u00e9ment pour la fonder que cette \u00ab autopsie t\u00e9l\u00e9phonique \u00bb qui donnait une mauvaise information.<\/p>\n<h2><strong>Un second tir imaginaire<\/strong><\/h2>\n<p>Quelques minutes avant de se lancer dans l\u2019\u00e9criture de cette fiction, Henri, le policier qui imagina l\u2019histoire de l\u2019enfant-b\u00e9lier, travaillait sur une autre hypoth\u00e8se \u00e9cartant, elle aussi, l\u2019\u00e9vidence d\u2019une mort provoqu\u00e9e par un tir policier. Il s\u2019en \u00e9tait confi\u00e9 \u00e0 3 heure du matin \u00e0 Patrick, l\u2019officier de garde de la PJF Tournai qui l\u2019a consign\u00e9e par \u00e9crit : <em>\u00ab Il vient d\u2019apprendre qu\u2019un intervenant policier de la WPR aurait utilis\u00e9 son arme de service durant la poursuite. Un voire deux coups de feu auraient \u00e9t\u00e9 tir\u00e9, venant pour l\u2019un d\u2019un policier, l\u2019autre d\u2019origine inconnue. Une supposition est \u00e9mise \u00e0 ce stade qu\u2019un coup de feu pourrait provenir d\u2019un des occupants de la camionnette poursuivie.\u00bb<\/em><\/p>\n<p>Une th\u00e8se stup\u00e9fiante car, \u00e0 aucun moment dans ce dossier, il n\u2019y eut le moindre t\u00e9moin pour affirmer qu\u2019un deuxi\u00e8me coup de feu fut tir\u00e9, aucune arme n\u2019a jamais \u00e9t\u00e9 trouv\u00e9e dans la camionnette et au moment o\u00f9 cette hypoth\u00e8se fut \u00e9mise (3 heures du matin), tous les migrants avaient d\u00e9j\u00e0 fait l\u2019objet d\u2019une fouille de s\u00e9curit\u00e9 pour \u00eatre embarqu\u00e9s \u00e0 bord des v\u00e9hicules de police qui devaient les conduire au cachot.<\/p>\n<p>L\u2019histoire du second tir imaginaire fut donc remplac\u00e9e par celle de l\u2019enfant-b\u00e9lier mais elle connut une seconde vie tr\u00e8s br\u00e8ve lors la conf\u00e9rence de presse \u00ab rectificative \u00bb du parquet de Mons, le 18 mai. Ce jour-l\u00e0, alors que l\u2019auteur du seul et unique coup de feu \u00e9tait clairement identifi\u00e9 et que le juge d\u2019instruction avait ordonn\u00e9 sa privation de libert\u00e9 (qui fut tr\u00e8s br\u00e8ve), le magistrat de presse Bariseau d\u00e9clarait encore : <em>\u00ab On n\u2019exclut pas que la balle pourrait venir de l\u2019arme d\u2019un policier. L\u2019enqu\u00eate devra d\u00e9terminer s\u2019il y a eu d\u2019autres coups de feu. De quel policier il s\u2019agit, si c\u2019est un policier. Ou alors d\u2019une personne qui \u00e9tait pr\u00e9sente dans la camionnette. Il faudra entendre toutes les personnes intervenues. Les policiers mais aussi les migrants qui se trouvaient dans la camionnette. \u00bb <\/em><\/p>\n<p>Le 22 mai, lors d\u2019un nouveau point presse, la v\u00e9rit\u00e9 sera enfin exprim\u00e9e de mani\u00e8re pleine et enti\u00e8re par le procureur g\u00e9n\u00e9ral de Mons, Ignacio de La Serna : <em>\u00ab Le r\u00e9sultat de l\u2019autopsie est clair : le d\u00e9c\u00e8s de l\u2019enfant est bien d\u00fb \u00e0 un tir policier \u00bb.<\/em><\/p>\n<figure id=\"attachment_218034\" class=\"wp-caption aligncenter\"><img decoding=\"async\" class=\"wp-image-218034 size-large\" src=\"https:\/\/parismatch.be\/app\/uploads\/2018\/12\/IMG-9653-Mawda-1024x873.jpg\" sizes=\"(max-width: 1024px) 100vw, 1024px\" srcset=\"https:\/\/parismatch.be\/app\/uploads\/2018\/12\/IMG-9653-Mawda-1024x873.jpg 1024w, https:\/\/parismatch.be\/app\/uploads\/2018\/12\/IMG-9653-Mawda-70x60.jpg 70w, https:\/\/parismatch.be\/app\/uploads\/2018\/12\/IMG-9653-Mawda-300x256.jpg 300w, https:\/\/parismatch.be\/app\/uploads\/2018\/12\/IMG-9653-Mawda-768x655.jpg 768w, https:\/\/parismatch.be\/app\/uploads\/2018\/12\/IMG-9653-Mawda-255x218.jpg 255w\" alt=\"\" width=\"1024\" height=\"873\" \/><figcaption class=\"wp-caption-text\">DR<\/p>\n<header class=\"o-post__hero\">\n<h1 class=\"c-title c-title--large entry-title\">Mort de Mawda : 5 heures sur un parking<\/h1>\n<p class=\"c-post__author\"><strong class=\"author vcard\"> <a class=\"fn byline author vcard\" href=\"https:\/\/parismatch.be\/author\/mbouffioux\" rel=\"author\"> Michel Bouffioux<\/a> <\/strong> | Publi\u00e9 le <time class=\"post-created-time date created\" datetime=\"2018-12-21T12:09:21+00:00\">21 d\u00e9cembre 2018<\/time> | Mis \u00e0 jour le <time class=\"post-updated-time date updated\" datetime=\"2018-12-21T12:06:32+00:00\">21 d\u00e9cembre 2018<\/time><\/p>\n<div class=\"c-post__resize\">\n<figure style=\"width: 1090px\" class=\"wp-caption aligncenter\"><img decoding=\"async\" class=\"c-post__img c-post__img--hero wp-post-image\" src=\"https:\/\/parismatch.be\/app\/uploads\/2018\/12\/IMG-9653-Mawda-1-1100x715.jpg\" alt=\"\" width=\"1100\" height=\"715\" \/><figcaption class=\"wp-caption-text\">Ce n\u2019est que 40 minutes apr\u00e8s le tir policier que le parquet fut inform\u00e9 de l\u2019interception de la camionnette dans laquelle se trouvait la petite Mawda. | \u00a9 DR<\/figcaption><\/figure>\n<\/div>\n<div class=\"c-post__media grid has-gutter\">\n<p class=\"c-post__credit two-thirds\">\n<\/div>\n<\/header>\n<div class=\"grid-2 grid-small-1 has-gutter\">\n<div class=\"two-thirds\">\n<div class=\"o-post__content \">\n<p><strong>Ce n\u2019est que 40 minutes apr\u00e8s le tir policier que le parquet fut inform\u00e9 de l\u2019interception de la camionnette. Et lors de cette premi\u00e8re communication de la police vers les autorit\u00e9s judiciaires, il ne fut pas question d\u2019un coup de feu. 5\u00e8me volet de notre <a href=\"https:\/\/parismatch.be\/dossier\/mortdemawdanotrecontre-enquete\">contre-enqu\u00eate<\/a>.<br \/>\n<\/strong><\/p>\n<p><em>\u00ab On va arriver \u00e0 l\u2019aire de Bois du Gard et j\u2019ai une Volvo du WPR Hainaut qui est l\u00e0 \u00bb<\/em>, lance le conducteur d\u2019une voiture de la WPR Namur engag\u00e9e dans la course-poursuite. Il est alors 2 H 02 19. 34 secondes plus tard, \u00e0 2 H02 53, une d\u00e9tonation se fait entendre. Sur les ondes radio, un dispatcher demande : <em>\u00ab C\u2019\u00e9tait quoi cela ? \u00bb<\/em> Une voiture de la WPR (Wegpolitie-Police de la route) Namur lui r\u00e9pond : \u00ab Il y a la vitre droite qui a p\u00e9t\u00e9. Ils ont p\u00e9t\u00e9 la vitre droite. \u00bb Le dispatcher relance :<em> \u00ab Vous \u00eates certains que c\u2019est la vitre qui a p\u00e9t\u00e9 ? Ce n\u2019est pas un coup de feu qui a \u00e9t\u00e9 tir\u00e9 ? \u00bb<\/em>\u00a0A 2H 03, depuis l\u2019une des voitures de la WPR Namur, un agent lui r\u00e9pond : <em>\u00ab Je ne peux pas te le confirmer hein, mais j\u2019ai vu que cela a explos\u00e9 en effet. \u00bb<\/em><\/p>\n<p>4 voitures de police \u00ab namuroises \u00bb suivent la camionnette depuis plusieurs kilom\u00e8tres. A la gauche de l\u2019utilitaire Peugeot o\u00f9 sont entass\u00e9s les migrants roule un v\u00e9hicule de la WPR Mons d\u2019o\u00f9 le coup de feu est parti. C\u2019est le dernier renfort \u00e0 avoir rejoint la poursuite, \u00e0 hauteur de Obourg, vers 2 heures ; ce v\u00e9hicule \u00ab montois \u00bb n\u2019est pas en relation radio avec les autres poursuivants. On a vu par ailleurs que la question de savoir si les policiers de la WPR Mons \u00e9taient au courant de la pr\u00e9sence de migrants dans la camionnette a fait l\u2019objet de <a href=\"https:\/\/parismatch.be\/actualites\/societe\/218114\/mort-de-mawda-je-lui-avais-dit-de-ne-pas-tirer\">d\u00e9clarations contradictoires<\/a>.<\/p>\n<p>Il est probable que les 8 policiers \u00ab namurois \u00bb ont entendu ces \u00e9changes radios o\u00f9 l\u2019on demandait : <em>\u00ab Ce n\u2019est pas un coup de feu qui a \u00e9t\u00e9 tir\u00e9 ? \u00bb<\/em>. En outre, tous les poursuivants ont per\u00e7u un \u00ab<em> bruit<\/em> \u00bb lors du tir. L\u2019un d\u2019eux a d\u00e9clar\u00e9 : <em>\u00ab J\u2019entends un bruit sourd et ensuite je vois la vitre avant droite explos\u00e9e. \u00bb<\/em> Un autre a \u00e9t\u00e9 encore plus explicite : <em>\u00ab J\u2019entends un bruit sourd et je me retourne vers mon coll\u00e8gue et je lui dis : \u00ab On nous tire dessus \u00bb. Un autre encore a d\u00e9clar\u00e9 : \u00ab Je reconnais la d\u00e9tonation d\u2019un tir \u00e0 feu. Je suis certain du bruit. \u00bb. <\/em><\/p>\n<p>24 secondes apr\u00e8s le tir, la camionnette quitte l\u2019autoroute. A 2 H 03 17, un agent de la WPR Namur rend compte de ce moment par radio : \u00ab<em> Il sort dans les camions, il sort dans les camions<\/em> \u00bb. L\u2019utilitaire finit sa course au ralenti sur l\u2019aire du parking du Bois du Gard \u00e0 Maisi\u00e8res. La voiture de la WPR Mons depuis laquelle le coup de feu est parti poursuit bri\u00e8vement sa route jusqu\u2019\u00e0 la sortie de l\u2019aire. D\u00e8s 2 H 04, un appel aux services d\u2019urgence (SMUR) est pass\u00e9. Les voitures de police entourent le v\u00e9hicule. Les personnes qui y \u00e9taient entass\u00e9es en sortent. Parmi elles, un homme crie, paniqu\u00e9, en \u00e9tat de choc : le p\u00e8re de Mawda tient sa fille dans ses bras, la t\u00eate de l\u2019enfant est ensanglant\u00e9e, le corps est inanim\u00e9.<\/p>\n<p>Il hurle : <em>\u00ab Please ambulance, Please ambulance \u00bb<\/em>. C\u2019est le p\u00e8re de la petite Mawda. On le ma\u00eetrise, on lui prend l\u2019enfant et un policier lui fait un massage cardiaque. Pendant ce temps, les autres migrants sont plac\u00e9s sous bonne garde. On les fait s\u2019asseoir sur le bitume. Parmi les exil\u00e9s personne n\u2019est arm\u00e9. Le tir entendu ne venait donc pas de l\u2019int\u00e9rieur du v\u00e9hicule.<\/p>\n<h2>Tout se passe comme s\u2019il n\u2019y avait jamais eu de tir !<\/h2>\n<figure id=\"attachment_218887\" class=\"wp-caption aligncenter\"><img decoding=\"async\" class=\"wp-image-218887 size-large\" src=\"https:\/\/parismatch.be\/app\/uploads\/2018\/12\/CF0I5381-1024x683.jpg\" sizes=\"(max-width: 1024px) 100vw, 1024px\" srcset=\"https:\/\/parismatch.be\/app\/uploads\/2018\/12\/CF0I5381-1024x683.jpg 1024w, https:\/\/parismatch.be\/app\/uploads\/2018\/12\/CF0I5381-300x200.jpg 300w, https:\/\/parismatch.be\/app\/uploads\/2018\/12\/CF0I5381-768x512.jpg 768w, https:\/\/parismatch.be\/app\/uploads\/2018\/12\/CF0I5381-255x170.jpg 255w\" alt=\"\" width=\"1024\" height=\"683\" \/><figcaption class=\"wp-caption-text\">\u00a9Ronald Dersin \/ Photo du papa de Mawda<\/figcaption><\/figure>\n<p>Un tir \u00e0 2 h 02 53. Un enfant qui sort la camionnette, la t\u00eate en sang, porteur d\u2019une blessure avec perforation sur le visage deux minutes plus tard. Quelle est la premi\u00e8re hypoth\u00e8se qui vient \u00e0 l\u2019esprit ? Poser la question, c\u2019est y r\u00e9pondre. Sauf que, cette nuit-l\u00e0 sur ce parking, si on en croit leurs t\u00e9moignages et en tenant compte qu\u2019ils n\u2019ont pas \u00e9t\u00e9 questionn\u00e9s pr\u00e9cis\u00e9ment sur ce point, personne parmi les policiers pr\u00e9sents ne formule l\u2019hypoth\u00e8se qu\u2019il puisse y avoir un lien entre cet enfant bless\u00e9 et le tir dont il \u00e9tait question quelques instants plus t\u00f4t. Pendant de nombreuses minutes, tout se passe comme s\u2019il n\u2019y avait jamais eu du tir !<\/p>\n<p>Enfin pas tout \u00e0 fait\u2026 L\u2019auteur du coup de feu et son co\u00e9quipier r\u00e9agissent assez vite. L\u2019un de ces deux-l\u00e0 a expliqu\u00e9 : <em>\u00ab Quand on entend l\u2019appel \u00e0 la radio qui dit \u00ab enfant bless\u00e9, il faut une ambulance \u00bb, nous nous rendons l\u00e0 ou la camionnette a arr\u00eat\u00e9 sa course.<\/em> \u00bb En pr\u00e9sence de leurs coll\u00e8gues, qui sont peut-\u00eatre trop occup\u00e9s, pour remarquer ce dr\u00f4le de man\u00e8ge, ils observent la camionnette de tout pr\u00e8s, \u00e0 la recherche d\u2019un impact de balle. Dit autrement, ils se prom\u00e8nent sur la sc\u00e8ne de crime pendant le chaos qui pr\u00e9c\u00e8de la mise en place d\u2019une zone d\u2019exclusion judiciaire.<\/p>\n<p>La sc\u00e8ne est choquante : Mawda est en train de mourir, les migrants sont maintenus assis et sous bonne garde, tandis l\u2019auteur pr\u00e9sum\u00e9 du meurtre et son \u00e9quipier, se livrent \u00e0 cette inspection. L\u2019\u00e9quipier du tireur d\u00e9clarera : <em>\u00ab On constate que le pneu n\u2019a rien. On ne voit aucun impact dans la porti\u00e8re, ni dans le pare choc. \u00bb<\/em> Quelques instants plus tard, le conducteur du v\u00e9hicule de la WPR Mons retourne un seconde fois pr\u00e8s de la camionnette.<\/p>\n<p>Cette-fois il est seul : <em>\u00ab Je constate que la vitre-conducteur est bris\u00e9e. Je passe ma t\u00eate par la vitre et je vois du sang sur le tableau de bord et je vois la vitre \u00ab passager \u00bb bris\u00e9e aussi. \u00bb<\/em>. Sa r\u00e9action donne \u00e0 penser qu\u2019il fait le lien avec le tir de son coll\u00e8gue. A 2 h 25 \u2013 23 minutes apr\u00e8s le tir- il appelle Cl\u00e9ment (pr\u00e9nom fictif)., un officier de garde de la WPR Hainaut pour l\u2019informer qu\u2019il y a eu un coup de feu. Dans cette conversation, il a cette phrase : <em>\u00ab <a href=\"https:\/\/parismatch.be\/actualites\/societe\/218114\/mort-de-mawda-je-lui-avais-dit-de-ne-pas-tirer\">Je lui avais dit de ne pas tirer<\/a> \u00bb<\/em>.<\/p>\n<p>Pendant pr\u00e8s d\u2019une demi-heure, le corps de Mawda reste allong\u00e9 sur le bitume. Cet enfant a re\u00e7u une balle en pleine t\u00eate. Sur le visage de la victime, le projectile a provoqu\u00e9 une plaie de 3,5 sur 2 cm et un orifice de 1,1 cm. Dans la r\u00e9gion occipitale du cr\u00e2ne, il a caus\u00e9 une autre plaie d\u2019une taille 2 cm sur 1,2 cm et il a cr\u00e9\u00e9 un orifice 0,8 cm. Il ressort des t\u00e9moignages des policiers pr\u00e9sents sur place que, pendant ces longues minutes d\u2019attente des secours, il n\u2019y a toujours personne qui fait l\u2019hypoth\u00e8se que l\u2019enfant ait pu \u00eatre atteint par une balle alors que la question d\u2019un tir \u00e0 arme \u00e0 feu avait \u00e9t\u00e9 pos\u00e9e en fin de poursuite.<\/p>\n<h2>\u00ab Il aurait tir\u00e9 un seul coup dont le lieu d\u2019impact est actuellement inconnu \u00bb<\/h2>\n<figure id=\"attachment_218889\" class=\"wp-caption aligncenter\"><img decoding=\"async\" class=\"wp-image-218889 size-large\" src=\"https:\/\/parismatch.be\/app\/uploads\/2018\/12\/AVPRESS0MIGRANTS-13-1-1024x683.jpg\" sizes=\"(max-width: 1024px) 100vw, 1024px\" srcset=\"https:\/\/parismatch.be\/app\/uploads\/2018\/12\/AVPRESS0MIGRANTS-13-1-1024x683.jpg 1024w, https:\/\/parismatch.be\/app\/uploads\/2018\/12\/AVPRESS0MIGRANTS-13-1-300x200.jpg 300w, https:\/\/parismatch.be\/app\/uploads\/2018\/12\/AVPRESS0MIGRANTS-13-1-768x512.jpg 768w, https:\/\/parismatch.be\/app\/uploads\/2018\/12\/AVPRESS0MIGRANTS-13-1-255x170.jpg 255w\" alt=\"\" width=\"1024\" height=\"683\" \/><figcaption class=\"wp-caption-text\">\u00a9Ronald Dersin<\/figcaption><\/figure>\n<p>A 2 h 32, la victime est emmen\u00e9e par le service d\u2019urgence, sans que les parents ne puissent l\u2019accompagner. C\u2019est \u00e0 peu pr\u00e8s le moment o\u00f9 le co\u00e9quipier du tireur va trouver Dan (pr\u00e9nom fictif), l\u2019inspecteur principal de la WPR Namur qui avait dirig\u00e9 la course-poursuite afin de lui parler du tir de son coll\u00e8gue. A 2 H41, Dan converse par t\u00e9l\u00e9phone avec Cl\u00e9ment, l\u2019officier de garde de la WPR Hainaut qui avait lui aussi \u00e9t\u00e9 averti du tir policier \u00e0 2 H 25.<\/p>\n<p>A 2 H 43, Henri (pr\u00e9nom fictif) un officier de la police judiciaire de Mons pr\u00e9sent \u00e0 Maisi\u00e8res depuis 2 h 15 \u2013 passe enfin un premier coup fil au parquet du Mons pour avertir le magistrat de garde de l\u2019arrestation des migrants et de la mort d\u2019un enfant. Dans ce premier compte-rendu \u00e0 l\u2019autorit\u00e9 judiciaire, 41 minutes apr\u00e8s le coup de feu, il n\u2019est pas fait mention de l\u2019occurrence d\u2019un tir policier. Henri re\u00e7oit l\u2019ordre du magistrat Pierre Marleghem de pr\u00e9venir Patrick (pr\u00e9nom fictif), un officier de garde de la PJF Tournai. A 2 H 44, Henri s\u2019y emploie : dans cet \u00e9change, il n\u2019est toujours pas question d\u2019un tir policier.<\/p>\n<p>A 2 H 50, les migrants arr\u00eat\u00e9s sont invit\u00e9s \u00e0 monter \u00e0 bord des v\u00e9hicules de police pour \u00eatre conduits au \u00ab cachot \u00bb. Ils font alors l\u2019objet d\u2019une fouille de s\u00e9curit\u00e9 qui confirme, si besoin est, que personne n\u2019est arm\u00e9. Au m\u00eame moment, Henri, l\u2019officier de la police judiciaire de Mons, rappelle le parquet. Il informe le magistrat de garde du fait que Dan, l\u2019inspecteur principal de la WPR Namur <em>\u00ab vient d\u2019apprendre qu\u2019un policier a tir\u00e9, avec l\u2019aide de son arme de service, en direction du v\u00e9hicule Peugeot Boxer \u00bb<\/em> Le policier-tireur est clairement identifi\u00e9. Henri pr\u00e9cise au magistrat : <em>\u00ab Il aurait tir\u00e9 un seul coup dont le lieu d\u2019impact est actuellement inconnu \u00bb<\/em>.<\/p>\n<p>10 minutes plus tard, l\u2019hypoth\u00e8se d\u2019enqu\u00eate \u00e9volue de mani\u00e8re stup\u00e9fiante. Il est 3 heures : Henri rappelle Patrick, l\u2019officier de garde de la PJF Tournai pour l\u2019informer \u00e0 son tour du tir policier. Mais il ne lui parle pas d\u2019un seul coup de feu comme il l\u2019avait fait avec le magistrat. Il est alors question de deux coups de feu ! Patrick note ce que lui dit son coll\u00e8gue : <em>\u00ab Il vient d\u2019apprendre qu\u2019un intervenant policier de la WPR aurait utilis\u00e9 son arme de service durant la poursuite. Un, voire deux coups de feu auraient \u00e9t\u00e9 tir\u00e9, venant pour l\u2019un d\u2019un policier, l\u2019autre d\u2019origine inconnue. Une supposition est \u00e9mise \u00e0 ce stade qu\u2019un coup de feu pourrait provenir d\u2019un des occupants de la camionnette poursuivie \u00bb<\/em>. Hypoth\u00e8se inou\u00efe : personne n\u2019\u00e9tait arm\u00e9 \u00e0 bord de la camionnette et aucun t\u00e9moin n\u2019a jamais parl\u00e9 de deux coups de feu dans cette affaire.<\/p>\n<p>De toute \u00e9vidence Patrick est un excellent policier. Lorsqu\u2019il apprend qu\u2019il y a eu un tir de l\u2019un de ses coll\u00e8gues, son sang ne fait qu\u2019un tour. Il d\u00e9cide imm\u00e9diatement de plusieurs mesures importantes : il faut saisir l\u2019arme du policier qui a tir\u00e9, il faut faire venir la police scientifique et, enfin, cr\u00e9er une zone d\u2019exclusion judiciaire. Il pr\u00e9vient un sup\u00e9rieur de la situation. On lui conseille d\u2019appeler le Comit\u00e9 P, un organe de contr\u00f4le ind\u00e9pendant comp\u00e9tent pour enqu\u00eater sur ce type d\u2019affaire pouvant mettre en cause des policiers.<\/p>\n<p>Lorsque Patrick le fait, \u00e0 3 h 06, on lui dit que pour pouvoir intervenir, le Comit\u00e9 P doit \u00eatre saisi par les autorit\u00e9s judiciaires. Nouveau coup de fil de Patrick, cette-fois au parquet. Plut\u00f4t que de saisir le Comit\u00e9 P, le magistrat Pierre Marleghem pense avoir une meilleure id\u00e9e. Il ordonne un devoir pr\u00e9alable : faire appeler le m\u00e9decin l\u00e9giste David (pr\u00e9nom fictif) pour le prier <em>\u00ab de se rendre au chevet de l\u2019enfant afin de d\u00e9terminer s\u2019il y a trace ou non de blessure par balle \u00bb<\/em>.<\/p>\n<p>A 4 h 10, Patrick parvient \u00e0 joindre David qui lui promet une r\u00e9ponse dans la demi-heure. Comment ? En donnant un coup de fil au m\u00e9decin-urgentiste \u00e9tait intervenu sur le parking. Le r\u00e9sultat de cette autopsie t\u00e9l\u00e9phonique arrive d\u00e8s 4 h 45 : <em>\u00ab l\u2019implication d\u2019un projectile d\u2019arme \u00e0 feu peut \u00eatre \u00e9cart\u00e9e dans le cadre du d\u00e9c\u00e8s de l\u2019enfant \u00bb <\/em><\/p>\n<h2>Probl\u00e8me : comment la victime a-t-elle \u00e9t\u00e9 tu\u00e9e?<\/h2>\n<figure id=\"attachment_218039\" class=\"wp-caption aligncenter\"><img decoding=\"async\" class=\"wp-image-218039 size-large\" src=\"https:\/\/parismatch.be\/app\/uploads\/2018\/12\/belgaimage-136434981-full-1024x684.jpg\" sizes=\"(max-width: 1024px) 100vw, 1024px\" srcset=\"https:\/\/parismatch.be\/app\/uploads\/2018\/12\/belgaimage-136434981-full-1024x684.jpg 1024w, https:\/\/parismatch.be\/app\/uploads\/2018\/12\/belgaimage-136434981-full-300x200.jpg 300w, https:\/\/parismatch.be\/app\/uploads\/2018\/12\/belgaimage-136434981-full-768x513.jpg 768w, https:\/\/parismatch.be\/app\/uploads\/2018\/12\/belgaimage-136434981-full-255x170.jpg 255w\" alt=\"\" width=\"1024\" height=\"684\" \/><figcaption class=\"wp-caption-text\">BELGA PHOTO LAURIE DIEFFEMBACQ<\/figcaption><\/figure>\n<p>A 5 h, Patrick arrive, porteur de cette nouvelle, sur le parking de Maisi\u00e8res : pas de mort par balle, l\u2019enfant est d\u00e9c\u00e9d\u00e9 des suites d\u2019un traumatisme cr\u00e2nien. D\u00e8s lors, l\u2019hypoth\u00e8se du deuxi\u00e8me coup de feu provenant peut-\u00eatre de l\u2019int\u00e9rieur de la camionnette est totalement abandonn\u00e9e. Elle n\u2019appara\u00eetra pas du tout de le PV initial r\u00e9dig\u00e9 par Henri. Reste un probl\u00e8me : comment la victime a-t-elle \u00e9t\u00e9 tu\u00e9e ? Henri se charge de proposer une explication : appara\u00eet alors la <a href=\"https:\/\/parismatch.be\/actualites\/societe\/218482\/mort-de-mawda-lenfant-belier-une-pure-fiction-policiere\">th\u00e8se de l\u2019enfant-b\u00e9lier<\/a> : la victime a \u00e9t\u00e9 tu\u00e9e par les migrants eux-m\u00eames qui se sont servis de sa t\u00eate comme b\u00e9lier pour fracturer des vitres de la camionnette pendant la course-poursuite.<\/p>\n<p>C\u2019est aussi \u00e0 5 heures du matin que <em>\u00ab compte tenu des circonstances difficiles de cette intervention \u00bb<\/em>, l\u2019auteur du coup de feu et son \u00e9quipier sont autoris\u00e9s \u00e0 quitter les lieux. A ce moment, ces deux hommes n\u2019ont fait l\u2019objet d\u2019aucun interrogatoire circonstanci\u00e9 et couch\u00e9 sur proc\u00e8s-verbal. Durant les 3 heures o\u00f9 ils sont rest\u00e9s sur le parking, ils ont cependant pu se balader sur la sc\u00e8ne de crime et parler avec des coll\u00e8gues. Ils rentrent dans leur unit\u00e9 pour boire un caf\u00e9. Vers 7 heures du matin, le tireur est inform\u00e9 par son chef de poste qu\u2019il n\u2019y aura pas de poursuite, qu\u2019il peut rentrer chez lui. Il re\u00e7oit aussi comme conseil de r\u00e9diger un proc\u00e8s-verbal pour r\u00e9bellion arm\u00e9e contre lui.<\/p>\n<p>A 7 h 16, le parquet d\u00e9cide que l\u2019arme peut \u00eatre restitu\u00e9e. Dix minutes plus tard, la camionnette est \u00e9vacu\u00e9e de l\u2019aire de stationnement de Maisi\u00e8res par un d\u00e9panneur. A ce moment, le soleil s\u2019est lev\u00e9 depuis plus d\u2019une heure d\u00e9j\u00e0, le corps de la victime repose dans une morgue \u00e0 La Louvi\u00e8re.<\/p>\n<h4><a href=\"https:\/\/parismatch.be\/dossier\/mortdemawdanotrecontre-enquete\">Source<\/a><\/h4>\n<p><strong>Lire aussi &gt;\u00a0<a href=\"https:\/\/parismatch.be\/actualites\/societe\/155360\/mawda-letonnante-lenteur-dune-enquete-urgente\">Mawda : L\u2019\u00e9tonnante lenteur d\u2019une enqu\u00eate urgente<\/a><\/strong><\/p>\n<p><strong>Lire aussi &gt;\u00a0<a href=\"https:\/\/parismatch.be\/actualites\/societe\/152887\/exclusif-affaire-mawda-lhomme-a-la-capuche\">Affaire Mawda : L\u2019homme \u00e0 la capuche<\/a><\/strong><\/p>\n<\/div>\n<\/div>\n<\/div>\n<\/figcaption><\/figure>\n<\/div>\n<\/div>\n<\/div>\n<\/div>\n<\/div>\n<\/div>\n<\/article>\n<\/div>\n<\/div>\n<\/div>\n<\/div>\n","protected":false},"excerpt":{"rendered":"<p>Dans la nuit du mercredi 16 au jeudi 17 mai 2018, sur une autoroute belge, pr\u00e8s de Mons, un policier tirait un coup de feu en direction d\u2019une camionnette transportant des migrants. Mawda, une petite fille de 2 ans, touch\u00e9e en pleine t\u00eate, \u00e9tait tu\u00e9e. Enqu\u00eate sur les zones d\u2019ombres d\u2019une \u00ab op\u00e9ration M\u00e9dusa \u00bb, &#8230; <a title=\"Mort de Mawda : la contre-enqu\u00eate de Michel Bouffioux\" class=\"read-more\" href=\"https:\/\/bruxelles-pantheres.be\/?p=4026\" aria-label=\"En savoir plus sur Mort de Mawda : la contre-enqu\u00eate de Michel Bouffioux\">Lire la suite<\/a><\/p>\n","protected":false},"author":1,"featured_media":4030,"comment_status":"open","ping_status":"open","sticky":false,"template":"","format":"standard","meta":{"footnotes":""},"categories":[36,18,39,5],"tags":[31,346,331,15],"class_list":["post-4026","post","type-post","status-publish","format-standard","has-post-thumbnail","hentry","category-europe","category-resistance-bruxelles","category-sans-papier","category-violence-policiere","tag-belgique","tag-mawda","tag-michel-bouffioux","tag-resistance"],"_links":{"self":[{"href":"https:\/\/bruxelles-pantheres.be\/index.php?rest_route=\/wp\/v2\/posts\/4026","targetHints":{"allow":["GET"]}}],"collection":[{"href":"https:\/\/bruxelles-pantheres.be\/index.php?rest_route=\/wp\/v2\/posts"}],"about":[{"href":"https:\/\/bruxelles-pantheres.be\/index.php?rest_route=\/wp\/v2\/types\/post"}],"author":[{"embeddable":true,"href":"https:\/\/bruxelles-pantheres.be\/index.php?rest_route=\/wp\/v2\/users\/1"}],"replies":[{"embeddable":true,"href":"https:\/\/bruxelles-pantheres.be\/index.php?rest_route=%2Fwp%2Fv2%2Fcomments&post=4026"}],"version-history":[{"count":6,"href":"https:\/\/bruxelles-pantheres.be\/index.php?rest_route=\/wp\/v2\/posts\/4026\/revisions"}],"predecessor-version":[{"id":4033,"href":"https:\/\/bruxelles-pantheres.be\/index.php?rest_route=\/wp\/v2\/posts\/4026\/revisions\/4033"}],"wp:featuredmedia":[{"embeddable":true,"href":"https:\/\/bruxelles-pantheres.be\/index.php?rest_route=\/wp\/v2\/media\/4030"}],"wp:attachment":[{"href":"https:\/\/bruxelles-pantheres.be\/index.php?rest_route=%2Fwp%2Fv2%2Fmedia&parent=4026"}],"wp:term":[{"taxonomy":"category","embeddable":true,"href":"https:\/\/bruxelles-pantheres.be\/index.php?rest_route=%2Fwp%2Fv2%2Fcategories&post=4026"},{"taxonomy":"post_tag","embeddable":true,"href":"https:\/\/bruxelles-pantheres.be\/index.php?rest_route=%2Fwp%2Fv2%2Ftags&post=4026"}],"curies":[{"name":"wp","href":"https:\/\/api.w.org\/{rel}","templated":true}]}}