{"id":4038,"date":"2019-01-10T22:33:20","date_gmt":"2019-01-10T21:33:20","guid":{"rendered":"https:\/\/bruxelles-pantheres.be\/?p=4038"},"modified":"2019-01-10T22:38:48","modified_gmt":"2019-01-10T21:38:48","slug":"11-janvier-2019-dix-sept-ans-de-non-droit-a-guantanamo","status":"publish","type":"post","link":"https:\/\/bruxelles-pantheres.be\/?p=4038","title":{"rendered":"11 janvier 2019, dix-sept ans de non-droit \u00e0 Guantanamo"},"content":{"rendered":"<div class=\"article-corps\">\n<div id=\"font-variable-chapo\" class=\"article-chapo print-only\">\n<p>ll y a 17 ans, le 11 janvier 2002, une base militaire am\u00e9ricaine \u00e0 Cuba fut transform\u00e9e en la prison la plus controvers\u00e9e au monde.<\/p>\n<\/div>\n<div id=\"font-variable\" class=\"article-texte print-only\">\n<div>\n<p>Cette prison, \u00e0 Guantanamo Bay, fut \u00e9tablie g\u00e9ographiquement hors du territoire des \u00c9tats-Unis, dans une zone coloniale. Le but \u00e9tait de bien montrer au monde entier que l\u2019\u00e9tat de droit ou les conventions humanitaires internationales ou nationales ne s\u2019y appliqueraient pas.<\/p>\n<p>Depuis 2002, 779 terroristes pr\u00e9sum\u00e9s y ont \u00e9t\u00e9 d\u00e9tenus dans le cadre de la Global War on Terror (GWT) que les USA ont d\u00e9cha\u00een\u00e9e apr\u00e8s les attentats du 11 septembre 2001. La grande majorit\u00e9 de ces 779 d\u00e9tenus &#8211; suspects d\u2019appartenir \u00e0 Al-Qaeda ou aux Talibans- ont \u00e9t\u00e9 arr\u00eat\u00e9s, achet\u00e9s \u00e0 un prix de 5 000 dollars en moyenne ou kidnapp\u00e9s apr\u00e8s l\u2019attaque am\u00e9ricaine contre l\u2019Afghanistan. L\u2019enfermement de ces prisonniers encha\u00een\u00e9s, aux yeux band\u00e9s, \u00e0 genoux, dans leur costume orange, au sein de cages d\u2019acier, entour\u00e9s de chiens et de soldats am\u00e9ricains, devait \u00eatre la d\u00e9monstration de la force de l\u2019Occident et le t\u00e9moin de la capacit\u00e9 d\u2019humiliation de l\u2019ennemi par le vainqueur dans la Global War on Terror.<\/p>\n<\/div>\n<\/div>\n<\/div>\n<p><!--more--><\/p>\n<p><a href=\"https:\/\/bruxelles-pantheres.be\/wp-content\/uploads\/2017\/07\/151299413.jpg\"><img decoding=\"async\" class=\"size-full wp-image-3347 alignleft\" src=\"https:\/\/bruxelles-pantheres.be\/wp-content\/uploads\/2017\/07\/151299413.jpg\" alt=\"\" width=\"320\" height=\"336\" srcset=\"https:\/\/bruxelles-pantheres.be\/wp-content\/uploads\/2017\/07\/151299413.jpg 320w, https:\/\/bruxelles-pantheres.be\/wp-content\/uploads\/2017\/07\/151299413-286x300.jpg 286w\" sizes=\"(max-width: 320px) 100vw, 320px\" \/><\/a>En avril 2004, le scandale des abus et tortures dans la prison am\u00e9ricaine d\u2019Abu Ghraib en Irak \u00e9clate. Ce qui provoque des critiques et des investigations sur le traitement des prisonniers en Irak, en Afghanistan et \u00e0 Guant\u00e1namo.<\/p>\n<p>D\u00e8s juillet 2004, des inspecteurs de la Croix Rouge accusent les militaires am\u00e9ricains de Guantanamo \u00ab\u00a0<i> d\u2019actes d\u2019humiliation, d\u2019enfermement en isolement, d\u2019exposition \u00e0 des temp\u00e9ratures extr\u00eames, d\u2019usage de positions insoutenables <\/i>\u00a0\u00bb. En mai 2005, Amnesty International surnomme Guantanamo le \u00ab\u00a0<i>Goulag des temps modernes<\/i>\u00a0\u00bb. Mais ce n\u2019est qu\u2019en d\u00e9cembre 2014 qu\u2019une commission du s\u00e9nat am\u00e9ricain sort un rapport officiel et d\u00e9vastateur sur le programme de d\u00e9tention et d\u2019interrogatoire de la CIA \u00e0 Guantanamo\u00a0: \u00ab\u00a0<i>privation de sommeil jusqu\u2019\u00e0 180 heures et, bien que certains \u00ab\u00a0aient v\u00e9cu des hallucinations d\u00e9rangeantes\u00a0\u00bb, la CIA a poursuivi ses abus au moins dans deux cas&#8230; Waterboarding provoquant des convulsions et des vomissements. Abu Zubaydah, par exemple, est devenu \u00ab\u00a0compl\u00e8tement insensible, avec des bulles qui montaient \u00e0 travers sa bouche ouverte et pleine\u00a0\u00bb. Des archives internes de la CIA d\u00e9crivent le waterboarding de Khalid Sheikh Muhammad devenant une \u00ab\u00a0s\u00e9rie de quasi-noyades<\/i>\u00ab\u00a0&#8230; Les d\u00e9tenus de la CIA ont \u00e9t\u00e9 soumis \u00e0 une \u00ab\u00a0<i> r\u00e9hydratation rectale<\/i>\u00a0\u00bb ou <i>\u00e0 une alimentation rectale sans n\u00e9cessit\u00e9 m\u00e9dicale. La CIA a plac\u00e9 les d\u00e9tenus dans des \u00ab\u00a0bains\u00a0\u00bb d\u2019eau glac\u00e9e. La CIA a laiss\u00e9 croire \u00e0 plusieurs d\u00e9tenus qu\u2019ils ne sortiraient plus jamais sauf dans une boite sous forme de cercueil&#8230; Les officiers de la CIA ont \u00e9galement menac\u00e9 au moins trois d\u00e9tenus de causer des dommages \u00e0 leur famille &#8211; notamment des menaces de maltraiter les enfants d\u2019un d\u00e9tenu, des menaces d\u2019abus sexuel de la m\u00e8re d\u2019un d\u00e9tenu et une menace de \u00ab\u00a0couper la gorge de la m\u00e8re [d\u2019un d\u00e9tenu]<\/i>\u00a0\u00bb&#8230;<\/p>\n<p>Depuis son installation, sur les quelque 800 d\u00e9tenus, 600 ont \u00e9t\u00e9 rel\u00e2ch\u00e9s, le plus souvent apr\u00e8s des ann\u00e9es de prison, sans aucune inculpation et sans proc\u00e8s. \u00c0 partir de 2007, le s\u00e9nateur Barack Obama lance l\u2019id\u00e9e qu\u2019il faut \u00ab\u00a0<i>fermer Guantanamo et restaurer l\u2019habeas corpus<\/i>\u00a0\u00bb. \u00c9lu pr\u00e9sident, il signe, le 22 janvier 2009, un d\u00e9cret pr\u00e9sidentiel pour fermer Guantanamo dans l\u2019ann\u00e9e. Il y diminue le nombre de prisonniers. Il remplace la pratique d\u2019enl\u00e8vements et de kidnappings vers Guantanamo par la CIA par des ex\u00e9cutions ill\u00e9gales par drones. Il veut transf\u00e9rer les d\u00e9tenus restant \u00e0 Guantanamo vers un Guantanamo North (des prisons supermax) sur le sol am\u00e9ricain. Il n\u2019y arrive pas pour la plupart de ceux d\u00e9j\u00e0 en d\u00e9tention \u00e0 Guantanamo, mais les nouveaux captur\u00e9s n\u2019allaient plus \u00e0 Guantanamo Bay mais bien \u00e0 ce Guantanamo North. Mais Obama ne fermera pas Guantanamo. Il a laiss\u00e9 le camp ouvert.<a href=\"https:\/\/bruxelles-pantheres.be\/wp-content\/uploads\/2013\/11\/gitmo1_tortured.jpg\"><img decoding=\"async\" class=\"size-full wp-image-163 alignright\" src=\"https:\/\/bruxelles-pantheres.be\/wp-content\/uploads\/2013\/11\/gitmo1_tortured.jpg\" alt=\"\" width=\"505\" height=\"715\" srcset=\"https:\/\/bruxelles-pantheres.be\/wp-content\/uploads\/2013\/11\/gitmo1_tortured.jpg 505w, https:\/\/bruxelles-pantheres.be\/wp-content\/uploads\/2013\/11\/gitmo1_tortured-212x300.jpg 212w\" sizes=\"(max-width: 505px) 100vw, 505px\" \/><\/a><\/p>\n<p>Aujourd\u2019hui, quarante d\u00e9tenus se retrouvent toujours \u00e0 Guantanamo. Depuis dix-sept ans, soumis \u00e0 une d\u00e9tention illimit\u00e9e, m\u00eame si cinq d\u2019entre eux ont \u00e9t\u00e9 d\u00e9clar\u00e9s lib\u00e9rables et que vingt-six n\u2019ont pas \u00e9t\u00e9 inculp\u00e9s d\u2019aucun d\u00e9lit. \u00ab\u00a0<i>Garder ces hommes derri\u00e8re les barreaux pour toujours, lorsque les enqu\u00eateurs du gouvernement ont d\u00e9termin\u00e9 qu\u2019ils n\u2019ont pas commis de crime est une violation choquante des principes fondateurs des \u00c9tats-Unis<\/i>\u00a0\u00bb, d\u00e9clarait Shelby Sullivan-Bennis, avocate de Reprieve pour six de ces d\u00e9tenus. Pour \u00e9chapper \u00e0 une condamnation pour ce viol de la Constitution am\u00e9ricaine ainsi que du droit international, l\u2019administration de Trump a d\u00e9clar\u00e9 que leur d\u00e9tention n\u2019\u00e9tait pas illimit\u00e9e mais ind\u00e9termin\u00e9e\u00a0!<\/p>\n<p>Lors d\u2019un proc\u00e8s en ao\u00fbt 2018, o\u00f9 onze des quarante d\u00e9tenus revendiquaient collectivement leur habeas corpus et leur lib\u00e9ration, l\u2019avocat du gouvernement a rejet\u00e9 leur demande en d\u00e9clarant\u00a0: \u00ab\u00a0<i>Nous pourrions les garder pendant 100 ans si le conflit durait 100 ans. Vous ne pouvez pas dire quand les hostilit\u00e9s se terminent jusqu\u2019\u00e0 ce qu\u2019elles soient termin\u00e9es<\/i>\u00a0\u00bb. Ce qui veut dire, disait l\u2019organisation Reprieve, que dans cette guerre sans fin, ces hommes pourraient \u00eatre d\u00e9tenus \u00e0 perp\u00e9tuit\u00e9.<\/p>\n<p>Le 30 janvier 2018, dans son premier discours sur l\u2019\u00c9tat de l\u2019Union, Trump a annonc\u00e9 qu\u2019il annulait le d\u00e9cret d\u2019Obama et qu\u2019il maintiendrait ouvertes les installations carc\u00e9rales de Guantanamo. Depuis, des plans pour moderniser Guantanamo, pour s\u2019\u00e9quiper pour y traiter les d\u00e9tenus malades et en fin de vie et pour se pr\u00e9parer \u00e0 y accueillir de nouveaux arrivants sont sur la table. Une proposition va \u00eatre soumise au Congr\u00e8s am\u00e9ricain pour financer la construction de trois nouvelles ailes de la prison\u00a0: deux accessibles aux fauteuils roulants, et une o\u00f9 des soins palliatifs pourraient \u00eatre administr\u00e9s, le tout pour un montant de 69 millions de dollars.<\/p>\n<p>Ce 11 janvier 2019, devant l\u2019ambassade des Etats-Unis \u00e0 Bruxelles, r\u00e9clamons haut et fort\u00a0: Fermez Guantanamo\u00a0!<\/p>\n<p><strong>Luk Vervaet<\/strong><\/p>\n<p>Facebook event <a class=\"spip_out\" href=\"https:\/\/www.facebook.com\/events\/545374415943406\/\" rel=\"external\">https:\/\/www.facebook.com\/events\/545374415943406\/<\/a><\/p>\n<p>Pour suivre Guantanamo\u00a0: <br class=\"autobr\" \/><a class=\"spip_out\" href=\"http:\/\/www.andyworthington.co.uk\/\" rel=\"external\">http:\/\/www.andyworthington.co.uk\/<\/a> et <br class=\"autobr\" \/><a class=\"spip_out\" href=\"https:\/\/www.closeguantanamo.org\/\" rel=\"external\">https:\/\/www.closeguantanamo.org\/<\/a><\/p>\n<p><a href=\"http:\/\/lukvervaet.blogspot.com\/\">Source<\/a><br \/>\n<a href=\"https:\/\/bruxelles-pantheres.be\/wp-content\/uploads\/2019\/01\/49250810_748438505518878_477421976143527936_n.jpg\"><img decoding=\"async\" class=\"size-full wp-image-4041 aligncenter\" src=\"https:\/\/bruxelles-pantheres.be\/wp-content\/uploads\/2019\/01\/49250810_748438505518878_477421976143527936_n.jpg\" alt=\"\" width=\"640\" height=\"960\" srcset=\"https:\/\/bruxelles-pantheres.be\/wp-content\/uploads\/2019\/01\/49250810_748438505518878_477421976143527936_n.jpg 640w, https:\/\/bruxelles-pantheres.be\/wp-content\/uploads\/2019\/01\/49250810_748438505518878_477421976143527936_n-200x300.jpg 200w, https:\/\/bruxelles-pantheres.be\/wp-content\/uploads\/2019\/01\/49250810_748438505518878_477421976143527936_n-600x900.jpg 600w\" sizes=\"(max-width: 640px) 100vw, 640px\" \/><\/a><\/p>\n<p><strong>AU C\u0152UR DES PRISONS: L&rsquo;IMPORTANCE DE SOUTENIR LES PRISONNIERS ET LEUR FAMILLE<\/strong><\/p>\n<p>Nous organisons en date du 20 Janvier 2019 en Belgique in sha Allah, une rencontre en soutien aux prisonniers et leurs familles. L&rsquo;objectif est, et reste le m\u00eame, informer sur les conditions de d\u00e9tentions que subissent les d\u00e9tenus, d\u00e9noncer les d\u00e9rives judiciaires et p\u00e9nitentiaires, \u00eatre un soutien pour ces familles qui se retrouvent trop souvent seules, d\u00e9munis, incompris face \u00e0 la duret\u00e9 de cette \u00e9preuve.<\/p>\n<p>Avec des intervenants de qualit\u00e9, cette conf\u00e9rence AU C\u0152UR DES PRISONS sera pour chacun d&rsquo;entre nous l&rsquo;occasion d&rsquo;avoir un autre regard sur la r\u00e9alit\u00e9 carc\u00e9rale, d&rsquo;entendre ses voix mises sous silences, de comprendre l&rsquo;importance de ne pas rester inactif face \u00e0 la souffrance de l&rsquo;autre et enfin que tous, nous puissions nous unir afin de soulager les \u00e9prouv\u00e9s.<\/p>\n<p>Des prises de paroles conscientes , des t\u00e9moignages poignants&#8230;<\/p>\n<p>Rejoignez nous!!<\/p>\n","protected":false},"excerpt":{"rendered":"<p>ll y a 17 ans, le 11 janvier 2002, une base militaire am\u00e9ricaine \u00e0 Cuba fut transform\u00e9e en la prison la plus controvers\u00e9e au monde. Cette prison, \u00e0 Guantanamo Bay, fut \u00e9tablie g\u00e9ographiquement hors du territoire des \u00c9tats-Unis, dans une zone coloniale. Le but \u00e9tait de bien montrer au monde entier que l\u2019\u00e9tat de droit &#8230; <a title=\"11 janvier 2019, dix-sept ans de non-droit \u00e0 Guantanamo\" class=\"read-more\" href=\"https:\/\/bruxelles-pantheres.be\/?p=4038\" aria-label=\"En savoir plus sur 11 janvier 2019, dix-sept ans de non-droit \u00e0 Guantanamo\">Lire la suite<\/a><\/p>\n","protected":false},"author":1,"featured_media":327,"comment_status":"open","ping_status":"open","sticky":false,"template":"","format":"standard","meta":{"footnotes":""},"categories":[21,36,4,8,18,5],"tags":[53,96,205],"class_list":["post-4038","post","type-post","status-publish","format-standard","has-post-thumbnail","hentry","category-anti-imperialisme","category-europe","category-islamophobie","category-prisons","category-resistance-bruxelles","category-violence-policiere","tag-ali-aarrass","tag-guantanamo","tag-luk-vervaet"],"_links":{"self":[{"href":"https:\/\/bruxelles-pantheres.be\/index.php?rest_route=\/wp\/v2\/posts\/4038","targetHints":{"allow":["GET"]}}],"collection":[{"href":"https:\/\/bruxelles-pantheres.be\/index.php?rest_route=\/wp\/v2\/posts"}],"about":[{"href":"https:\/\/bruxelles-pantheres.be\/index.php?rest_route=\/wp\/v2\/types\/post"}],"author":[{"embeddable":true,"href":"https:\/\/bruxelles-pantheres.be\/index.php?rest_route=\/wp\/v2\/users\/1"}],"replies":[{"embeddable":true,"href":"https:\/\/bruxelles-pantheres.be\/index.php?rest_route=%2Fwp%2Fv2%2Fcomments&post=4038"}],"version-history":[{"count":4,"href":"https:\/\/bruxelles-pantheres.be\/index.php?rest_route=\/wp\/v2\/posts\/4038\/revisions"}],"predecessor-version":[{"id":4043,"href":"https:\/\/bruxelles-pantheres.be\/index.php?rest_route=\/wp\/v2\/posts\/4038\/revisions\/4043"}],"wp:featuredmedia":[{"embeddable":true,"href":"https:\/\/bruxelles-pantheres.be\/index.php?rest_route=\/wp\/v2\/media\/327"}],"wp:attachment":[{"href":"https:\/\/bruxelles-pantheres.be\/index.php?rest_route=%2Fwp%2Fv2%2Fmedia&parent=4038"}],"wp:term":[{"taxonomy":"category","embeddable":true,"href":"https:\/\/bruxelles-pantheres.be\/index.php?rest_route=%2Fwp%2Fv2%2Fcategories&post=4038"},{"taxonomy":"post_tag","embeddable":true,"href":"https:\/\/bruxelles-pantheres.be\/index.php?rest_route=%2Fwp%2Fv2%2Ftags&post=4038"}],"curies":[{"name":"wp","href":"https:\/\/api.w.org\/{rel}","templated":true}]}}