{"id":4044,"date":"2019-01-10T22:57:48","date_gmt":"2019-01-10T21:57:48","guid":{"rendered":"https:\/\/bruxelles-pantheres.be\/?p=4044"},"modified":"2019-01-10T22:57:48","modified_gmt":"2019-01-10T21:57:48","slug":"manifestation-pour-la-justice-migratoire","status":"publish","type":"post","link":"https:\/\/bruxelles-pantheres.be\/?p=4044","title":{"rendered":"Manifestation pour la justice migratoire !"},"content":{"rendered":"<p>Bruxelles Panth\u00e8res a sign\u00e9 l&rsquo;appel pour la justice migratoire.<\/p>\n<p>Nous vous invitons \u00e0 rejoindre la manifestation pour d\u00e9noncer les politiques racistes du gouvernement belge !<\/p>\n<p>Rendez-vous le 12 janvier \u00e0 14\u00a0h, \u00e0 la gare du Nord.<br \/>\nInfos\u00a0: <a href=\"https:\/\/www.facebook.com\/events\/356858491781908\/\" target=\"_blank\" rel=\"noopener\" data-saferedirecturl=\"https:\/\/www.google.com\/url?q=https:\/\/www.facebook.com\/events\/356858491781908\/&amp;source=gmail&amp;ust=1547238733279000&amp;usg=AFQjCNELROaY5ZwmUZZsVkjFEcWiygWHyw\">page Facebook<\/a>.<!--more--><\/p>\n<p style=\"text-align: center;\">\n<iframe src=\"https:\/\/www.youtube.com\/embed\/ekyc51hWSK4\" width=\"560\" height=\"315\" frameborder=\"0\" allowfullscreen=\"allowfullscreen\"><\/iframe><span class=\"text_exposed_show\"><br \/>\n<\/span><br \/>\n<strong>Stop aux politiques anti-migratoires, stop au racisme !<\/strong><\/p>\n<p>Les politiques anti-migratoires du gouvernement Michel-Jambon-Francken sont meurtri\u00e8res jusque sur nos routes et le resteront m\u00eame avec un autre gouvernement si nous ne faisons rien. En mai dernier, presque 20 ans apr\u00e8s l\u2019assassinat de Semira Adamu, la petite Mawda (2 ans) \u00e9tait tu\u00e9e par des tirs policiers alors qu\u2019elle et sa famille fuyaient pour trouver un avenir meilleur. L\u2019enqu\u00eate n\u2019avance pas et nous exigeons justice pour Mawda et sa famille.<\/p>\n<p>Les rafles continuent ! Cela fait des mois que des op\u00e9rations polici\u00e8res sont organis\u00e9es au Parc Maximilien ou dans les lieux publics (gares, stations de m\u00e9tro, transports en communs, lieux culturels). Sous couvert de la lutte contre l&rsquo;ins\u00e9curit\u00e9, le gouvernement organise la chasse aux personnes sans-papiers partout o\u00f9 il le peut afin de les arr\u00eater et de les emprisonner. Les personnes qui tentent de t\u00e9moigner, filmer ou s\u2019opposer \u00e0 ces rafles sont victimes de violences et abus policiers. Certain.e.s sont arr\u00eat\u00e9.e.s administrativement, ce qui est une atteinte grave \u00e0 la libert\u00e9 d\u2019informer et la libert\u00e9 de filmer la police dans le cadre de ses fonctions sur un lieu public.<\/p>\n<p>Depuis cet \u00e9t\u00e9, au centre ferm\u00e9 127bis, le gouvernement a inaugur\u00e9 ses premi\u00e8res \u201cunit\u00e9s familiales\u201d dans lesquelles des enfants sont emprisonn\u00e9.e.s avec leurs parents. Les centres ferm\u00e9s ne sont rien d\u2019autre que des prisons pour \u00e9trangers qui n\u2019ont commis aucun crime. Comment un gouvernement peut-il criminaliser des personnes qui ont fui la guerre, la mis\u00e8re, le racisme, un r\u00e9gime autoritaire ou dictatorial, la r\u00e9pression politique, l\u2019homophobie, la trans-phobie, le sexisme \u2026 ?<\/p>\n<p>Il y a plus d\u2019un an, la Plateforme Citoyenne de Soutien aux r\u00e9fugi\u00e9.e.s organisait les premiers h\u00e9bergements de migrant.e.s. Des milliers de citoyen.ne.s de toute la Belgique se sont donc organis\u00e9.e.s pour les h\u00e9berger afin de les prot\u00e9ger des violences polici\u00e8res, des vols et du froid. Il y a quelques mois, la justice aux ordres du gouvernement a d\u00e9cid\u00e9 de poursuivre des h\u00e9bergeu.r.se.s. Plusieurs perquisitions ont \u00e9t\u00e9 organis\u00e9es aux domiciles de citoyen.ne.s solidaires. Certain.e.s ont \u00e9t\u00e9 arr\u00eat\u00e9.e.s et sont actuellement poursuivi.e.s devant la justice. Nous nous opposons \u00e0 ces mesures qui visent \u00e0 criminaliser la solidarit\u00e9 plut\u00f4t que de l\u2019encourager. Nous d\u00e9non\u00e7ons \u00e9galement le \u201cdeux poids, deux mesures\u201d lorsque les h\u00e9bergeu.r.se.s qui ont la double nationalit\u00e9 ou une autre nationalit\u00e9 se retrouvent en prison pendant plusieurs semaines alors qu\u2019iels sont poursuivies pour les m\u00eames raisons que les autres. Cela d\u00e9montre un traitement raciste de la justice belge.<\/p>\n<p>Les propos racistes et les amalgames du gouvernement (en particulier ceux de Theo Francken et Jan Jambon) s\u2019accumulent mais le premier ministre Michel ne r\u00e9agit que pour \u201crecadrer\u201d mollement. Il s\u2019agit donc d\u2019un soutien en sous-marin qui permet ensuite de justifier toutes les politiques racistes et anti-migratoires de ce gouvernement. Nous disons STOP !<\/p>\n<p>Nous appelons \u00e0 nous mobiliser massivement ce samedi 12 janvier 2019 \u00e0 14h \u00e0 la Gare du Nord pour d\u00e9noncer ces politiques injustes et racistes !<\/p>\n<p>Nous r\u00e9clamons :<\/p>\n<p>\u27a1 Justice pour Mawda ainsi que pour toutes les victimes de violences polici\u00e8res : R\u00e9gularisation imm\u00e9diate de la famille.<br \/>\n\u27a1 Condamnations syst\u00e9matiques des violences racistes, patriarcales et polici\u00e8res commises par l\u2019Etat belge !<br \/>\n\u27a1 Stop aux rafles : La fin des op\u00e9rations polici\u00e8res visant \u00e0 arr\u00eater des migrant.e.s dans les lieux publics ou priv\u00e9s !<br \/>\n\u27a1 On n\u2019enferme pas un enfant, ni ses parents : la suppression des centres ferm\u00e9s !<br \/>\n\u27a1 La r\u00e9gularisation de toutes les personnes sans-papiers !<br \/>\n\u27a1 La solidarit\u00e9 n\u2019est pas un crime : la fin des poursuites pour les personnes ayant h\u00e9berg\u00e9 ou aid\u00e9 des migrant.e.s et la condamnation des pratiques d\u2019intimidation et de criminalisation de la solidarit\u00e9<br \/>\n\u27a1 L\u2019ouverture de structures d&rsquo;accueil publiques et l\u2019acc\u00e8s \u00e0 l\u2019aide mat\u00e9rielle pour toutes les personnes qui arrivent en Belgique !<br \/>\n\u27a1 L\u2019ouverture de couloirs humanitaires pour tou.te.s les migrant.e.s !<\/p>\n<p>Lire aussi :<\/p>\n<h4 class=\"entry-title\"><a href=\"https:\/\/bruxelles-pantheres.be\/?p=3728\"><strong>Une seule solution, la r\u00e9gularisation de tous les sans-papiers.\u00a0<\/strong><\/a><\/h4>\n<h4 class=\"entry-title\"><a href=\"https:\/\/bruxelles-pantheres.be\/?p=4026\">Mort de Mawda : la contre-enqu\u00eate de Michel Bouffioux<\/a><\/h4>\n<h4 class=\"entry-title\"><a href=\"https:\/\/bruxelles-pantheres.be\/?p=3874\">\u00ab Nouveaux dispositifs de contr\u00f4le, r\u00e9pressions et r\u00e9sistances \u00bb<\/a><\/h4>\n","protected":false},"excerpt":{"rendered":"<p>Bruxelles Panth\u00e8res a sign\u00e9 l&rsquo;appel pour la justice migratoire. Nous vous invitons \u00e0 rejoindre la manifestation pour d\u00e9noncer les politiques racistes du gouvernement belge ! Rendez-vous le 12 janvier \u00e0 14\u00a0h, \u00e0 la gare du Nord. Infos\u00a0: page Facebook.<\/p>\n","protected":false},"author":1,"featured_media":4045,"comment_status":"open","ping_status":"open","sticky":false,"template":"","format":"standard","meta":{"footnotes":""},"categories":[1,35,21,36,7,8,18,28,37,39,5],"tags":[31,14,15,241],"class_list":["post-4044","post","type-post","status-publish","format-standard","has-post-thumbnail","hentry","category-non-classe","category-amerique-du-sud","category-anti-imperialisme","category-europe","category-negrophobie","category-prisons","category-resistance-bruxelles","category-racismes","category-romophobie","category-sans-papier","category-violence-policiere","tag-belgique","tag-bruxelles","tag-resistance","tag-sans-papiers"],"_links":{"self":[{"href":"https:\/\/bruxelles-pantheres.be\/index.php?rest_route=\/wp\/v2\/posts\/4044","targetHints":{"allow":["GET"]}}],"collection":[{"href":"https:\/\/bruxelles-pantheres.be\/index.php?rest_route=\/wp\/v2\/posts"}],"about":[{"href":"https:\/\/bruxelles-pantheres.be\/index.php?rest_route=\/wp\/v2\/types\/post"}],"author":[{"embeddable":true,"href":"https:\/\/bruxelles-pantheres.be\/index.php?rest_route=\/wp\/v2\/users\/1"}],"replies":[{"embeddable":true,"href":"https:\/\/bruxelles-pantheres.be\/index.php?rest_route=%2Fwp%2Fv2%2Fcomments&post=4044"}],"version-history":[{"count":2,"href":"https:\/\/bruxelles-pantheres.be\/index.php?rest_route=\/wp\/v2\/posts\/4044\/revisions"}],"predecessor-version":[{"id":4047,"href":"https:\/\/bruxelles-pantheres.be\/index.php?rest_route=\/wp\/v2\/posts\/4044\/revisions\/4047"}],"wp:featuredmedia":[{"embeddable":true,"href":"https:\/\/bruxelles-pantheres.be\/index.php?rest_route=\/wp\/v2\/media\/4045"}],"wp:attachment":[{"href":"https:\/\/bruxelles-pantheres.be\/index.php?rest_route=%2Fwp%2Fv2%2Fmedia&parent=4044"}],"wp:term":[{"taxonomy":"category","embeddable":true,"href":"https:\/\/bruxelles-pantheres.be\/index.php?rest_route=%2Fwp%2Fv2%2Fcategories&post=4044"},{"taxonomy":"post_tag","embeddable":true,"href":"https:\/\/bruxelles-pantheres.be\/index.php?rest_route=%2Fwp%2Fv2%2Ftags&post=4044"}],"curies":[{"name":"wp","href":"https:\/\/api.w.org\/{rel}","templated":true}]}}