{"id":4054,"date":"2019-01-29T20:05:49","date_gmt":"2019-01-29T19:05:49","guid":{"rendered":"https:\/\/bruxelles-pantheres.be\/?p=4054"},"modified":"2019-01-29T20:05:49","modified_gmt":"2019-01-29T19:05:49","slug":"le-rapport-du-comite-p-fait-passer-la-mort-de-la-petite-mawda-pour-un-detail-technique","status":"publish","type":"post","link":"https:\/\/bruxelles-pantheres.be\/?p=4054","title":{"rendered":"\u00ab\u00a0Le rapport du Comit\u00e9 P fait passer la mort de la petite Mawda pour un d\u00e9tail technique\u00a0\u00bb"},"content":{"rendered":"<p class=\"lead\">Les conclusions de l&rsquo;enqu\u00eate du Comit\u00e9 P sur la mort de la petite Mawda sont discut\u00e9es ce mardi en commission du Parlement au cours d&rsquo;une s\u00e9ance \u00e0 huis clos. Le rapport qui a fuit\u00e9 dans la presse est d\u00e9cri\u00e9 par la d\u00e9fense des parents de la jeune fille de deux ans.<!--more--><\/p>\n<div>\n<figure class=\"image\"><img decoding=\"async\" src=\"https:\/\/www.levif.be\/medias\/14438\/7392287.jpg\" alt=\"&quot;Le rapport du Comit\u00e9 P fait passer la mort de la petite Mawda pour un d\u00e9tail technique&quot;\" width=\"620\" height=\"414\" \/><figcaption>\n<p class=\"caption\"><span class=\"copyright\">\u00a9 BELGA<\/span><\/p>\n<\/figcaption><\/figure>\n<div class=\"row\">\n<div class=\"article-body span8\" data-gtm-vis-recent-on-screen-6039843_102=\"71016\" data-gtm-vis-first-on-screen-6039843_102=\"71016\" data-gtm-vis-total-visible-time-6039843_102=\"100\" data-gtm-vis-has-fired-6039843_102=\"1\">\n<div id=\"article-body\">\n<p>Le rapport sur \u00ab\u00a0l&rsquo;incident de tir\u00a0\u00bb qui a co\u00fbt\u00e9 la vie \u00e0 Mawda, une enfant de 2 ans, en mai 2018 est discut\u00e9 ce mardi au Parlement. Selon <em>Paris Match Belgique<\/em>, qui a pu consulter en primeur ce rapport de plus de 50 pages, le Comit\u00e9 P s&rsquo;est principalement concentr\u00e9 sur des probl\u00e8mes de communication et de coordination, en omettant de poser des questions cruciales.<\/p>\n<p>Pour Selma Benkhelifa, l&rsquo;avocate des parents de Mawda, \u00ab\u00a0<em>le ton du rapport est tr\u00e8s choquant. C&rsquo;est un rapport uniquement technique dans lequel la mort de la petite Mawda passe pour un d\u00e9tail. On parle de probl\u00e8mes de communication, de la mani\u00e8re dont la police devrait mieux collaborer inter-\u00e9quipes. Le langage utilis\u00e9 est presque incompr\u00e9hensible pour le commun des mortels. Le pr\u00e9nom de Mawda n&rsquo;est m\u00eame pas cit\u00e9, il n&rsquo;y appara\u00eet pas non plus les termes &lsquo;petite fille&rsquo;, &lsquo;arme&rsquo;, ou &lsquo;mort<\/em>&lsquo;. <em>On ne lit que &lsquo;incident de tir&rsquo;.<\/em> <em>A la lecture du rapport, en faisant abstraction de la date du 17 mai, on ne peut m\u00eame pas savoir qu&rsquo;une petite fille est morte ce jour-l\u00e0!\u00a0\u00bb. <\/em><\/p>\n<div id=\"INTERSCROLLER\" class=\"Ad INTERSCROLLER\"><\/div>\n<p>Selma Benkhelifa d\u00e9plore que la gravit\u00e9 du drame soit effac\u00e9e sous ce jargon compliqu\u00e9. \u00ab\u00a0<em>C&rsquo;est comme si on pouvait finalement r\u00e9sumer l&rsquo;affaire en un simple dysfonctionnement technique, que finalement, tout va bien alors que ce n&rsquo;est pas le cas<\/em>.\u00a0\u00bb<\/p>\n<p>Selon l&rsquo;avocate, le souci r\u00e9side dans la pression \u00e9norme mise sur les \u00e9quipes de police pour faire la chasse aux (trans)migrants via l&rsquo;op\u00e9ration dite \u00ab\u00a0Medusa\u00a0\u00bb. Elle n&rsquo;est, selon elle, pas une traque aux passeurs comme cela a \u00e9t\u00e9 pr\u00e9sent\u00e9. Selma Benkhelifa met en cause la grande responsabilit\u00e9 du gouvernement dans cette affaire.<\/p>\n<h2><strong><em>\u00ab\u00a0Un rapport d\u00e9shumanisant\u00a0\u00bb<\/em><\/strong><\/h2>\n<p>Pour l&rsquo;avocate, le rapport d\u00e9shumanise totalement les migrants et les faits. Encore plus grave, il les minimise. \u00ab\u00a0<em>Ce qui aurait \u00e9t\u00e9 int\u00e9ressant, c&rsquo;est que la Comit\u00e9 P se soit pos\u00e9 la question de savoir ce qui a men\u00e9 \u00e0 un drame pareil. Mais il ne r\u00e9pond \u00e0 aucune de ces questions : &lsquo;Comment un policier a-t-il pu croire l\u00e9gitime de sortir son arme contre une camionnette dans laquelle se trouvaient des migrants&rsquo;. &lsquo;Pourquoi le policier n&rsquo;est-il pas inculp\u00e9 ?&rsquo; &lsquo;Comment peut-on faire croire que la petite fille n&rsquo;est pas morte par balle alors que c&rsquo;\u00e9tait bien visible au moment des faits&rsquo;. Ce n&rsquo;est pas du tout cela que le Comit\u00e9 P aborde dans son rapport.<\/em>\u00a0\u00bb<\/p>\n<figure class=\"image\">\n<div class=\"imageWrapper\"><img decoding=\"async\" src=\"http:\/\/www.levif.be\/medias\/14438\/7392449.jpg\" alt=\"Le 30 mai 2018, lors des fun\u00e9railles de Mawda, une marche blanche \u00e9tait organis\u00e9e.\" width=\"620\" height=\"413\" \/><\/div><figcaption>\n<p class=\"caption\">Le 30 mai 2018, lors des fun\u00e9railles de Mawda, une marche blanche \u00e9tait organis\u00e9e. <span class=\"copyright\">\u00a9 BELGA<\/span><\/p>\n<\/figcaption><\/figure>\n<div id=\"customer-journey-placeholder\" class=\"pull-right\"><\/div>\n<p>La d\u00e9fense critique aussi les diff\u00e9rentes versions donn\u00e9es par les forces de l&rsquo;ordre impliqu\u00e9es dans le drame et les confusions dans un premier temps concernant la mort caus\u00e9e ou non par la balle d&rsquo;un policier. Selon les informations d\u00e9voil\u00e9es par <em>Paris Match<\/em>, le rapport ne reviendrait pas non plus sur les 40 minutes de d\u00e9lai entre l&rsquo;interception de la camionnette et l&rsquo;alerte au parquet, sans mention initiale d&rsquo;un tir. Il n&rsquo;aborderait pas la pr\u00e9sence de l&rsquo;auteur du tir sur la sc\u00e8ne de crime ou encore la premi\u00e8re version polici\u00e8re de \u00ab\u00a0l&rsquo;enfant-b\u00e9lier\u00a0\u00bb.<\/p>\n<p>Par ailleurs, si les communications avec le dispatching n&rsquo;ont pas \u00e9t\u00e9 enregistr\u00e9es \u00e0 cause d&rsquo;une d\u00e9faillante technique observ\u00e9e depuis fin avril 2018, le rapport du Comit\u00e9 P ne mentionne pas non plus la conversation t\u00e9l\u00e9phonique, environ 1h30 apr\u00e8s le coup de feu, entre le policier-tireur et le dispatcheur, o\u00f9 ce dernier conclurait \u00ab\u00a0<em>On est enregistr\u00e9s. Moins on en sait, mieux c&rsquo;est\u00a0\u00bb.<\/em><\/p>\n<h2><strong>La famille toujours pas r\u00e9gularis\u00e9e<\/strong><\/h2>\n<p>Selma Benkhelifa d\u00e9plore enfin la non-r\u00e9gularisation des parents de Mawda qui vivent actuellement \u00e0 Bruxelles, gr\u00e2ce au soutien de la plate-forme citoyenne. Leur situation n&rsquo;a toujours pas \u00e9t\u00e9 trait\u00e9e, 8 mois apr\u00e8s, alors que Charles Michel les avait re\u00e7us en leur promettant d&rsquo;agir en ce sens. \u00ab\u00a0<em>Ils sont toujours dans une situation de non-droit total, dans une sorte de no man&rsquo;s land. La loi pr\u00e9voit pourtant la r\u00e9gularisation pour des circonstances exceptionnelles, et si \u00e7a, ce ne sont pas des circonstances exceptionnelles&#8230;\u00a0\u00bb<\/em><\/p>\n<p>La d\u00e9fense exige l&rsquo;inculpation du policer qui reconnait, de son c\u00f4t\u00e9, les faits. <em>\u00ab\u00a0Normalement, quand un policer commet un homicide, il devrait \u00eatre suspendu de ses fonctions jusqu&rsquo;\u00e0 ce que la lumi\u00e8re soit faite sur ce qui s&rsquo;est pass\u00e9. Pour le moment, il n&rsquo;y a m\u00eame pas de proc\u00e8s contre lui.\u00a0\u00bb <\/em><\/p>\n<p>Sur les responsabilit\u00e9s personnelles des policiers, peu d&rsquo;informations devraient toutefois filtrer ce mardi. Dans le but d&rsquo;\u00e9viter les interf\u00e9rences, rien ne sera \u00e9voqu\u00e9 en termes de responsabilit\u00e9s individuelles, rapporte la RTBF sur son site.<\/p>\n<\/div>\n<\/div>\n<\/div>\n<\/div>\n<div class=\"span4 byline\"><span class=\"byline-name\">Caroline Lallemand <\/span> <span class=\"byline-title\">Journaliste<\/span><\/div>\n<div class=\"span4 date\">\n<p class=\"date\">29\/01\/19 \u00e0 11:41 &#8211; Mise \u00e0 jour \u00e0 11:53<\/p>\n<p class=\"page-source\">Source: <a href=\"https:\/\/www.levif.be\/actualite\/belgique\/le-rapport-du-comite-p-fait-passer-la-mort-de-la-petite-mawda-pour-un-detail-technique\/article-normal-1085101.html?fbclid=IwAR1-4lB8_bShMhrzAoHMigHFRPSLlyUFqs9uohRjVl5ise93T2nrEoSeYT0\">Le Vif\/l&rsquo;express<\/a><\/p>\n<\/div>\n","protected":false},"excerpt":{"rendered":"<p>Les conclusions de l&rsquo;enqu\u00eate du Comit\u00e9 P sur la mort de la petite Mawda sont discut\u00e9es ce mardi en commission du Parlement au cours d&rsquo;une s\u00e9ance \u00e0 huis clos. Le rapport qui a fuit\u00e9 dans la presse est d\u00e9cri\u00e9 par la d\u00e9fense des parents de la jeune fille de deux ans.<\/p>\n","protected":false},"author":1,"featured_media":3729,"comment_status":"open","ping_status":"open","sticky":false,"template":"","format":"standard","meta":{"footnotes":""},"categories":[36,8,18,28,39,5],"tags":[346,97],"class_list":["post-4054","post","type-post","status-publish","format-standard","has-post-thumbnail","hentry","category-europe","category-prisons","category-resistance-bruxelles","category-racismes","category-sans-papier","category-violence-policiere","tag-mawda","tag-selma-benkhelifa"],"_links":{"self":[{"href":"https:\/\/bruxelles-pantheres.be\/index.php?rest_route=\/wp\/v2\/posts\/4054","targetHints":{"allow":["GET"]}}],"collection":[{"href":"https:\/\/bruxelles-pantheres.be\/index.php?rest_route=\/wp\/v2\/posts"}],"about":[{"href":"https:\/\/bruxelles-pantheres.be\/index.php?rest_route=\/wp\/v2\/types\/post"}],"author":[{"embeddable":true,"href":"https:\/\/bruxelles-pantheres.be\/index.php?rest_route=\/wp\/v2\/users\/1"}],"replies":[{"embeddable":true,"href":"https:\/\/bruxelles-pantheres.be\/index.php?rest_route=%2Fwp%2Fv2%2Fcomments&post=4054"}],"version-history":[{"count":1,"href":"https:\/\/bruxelles-pantheres.be\/index.php?rest_route=\/wp\/v2\/posts\/4054\/revisions"}],"predecessor-version":[{"id":4055,"href":"https:\/\/bruxelles-pantheres.be\/index.php?rest_route=\/wp\/v2\/posts\/4054\/revisions\/4055"}],"wp:featuredmedia":[{"embeddable":true,"href":"https:\/\/bruxelles-pantheres.be\/index.php?rest_route=\/wp\/v2\/media\/3729"}],"wp:attachment":[{"href":"https:\/\/bruxelles-pantheres.be\/index.php?rest_route=%2Fwp%2Fv2%2Fmedia&parent=4054"}],"wp:term":[{"taxonomy":"category","embeddable":true,"href":"https:\/\/bruxelles-pantheres.be\/index.php?rest_route=%2Fwp%2Fv2%2Fcategories&post=4054"},{"taxonomy":"post_tag","embeddable":true,"href":"https:\/\/bruxelles-pantheres.be\/index.php?rest_route=%2Fwp%2Fv2%2Ftags&post=4054"}],"curies":[{"name":"wp","href":"https:\/\/api.w.org\/{rel}","templated":true}]}}