{"id":4056,"date":"2019-01-29T20:11:11","date_gmt":"2019-01-29T19:11:11","guid":{"rendered":"https:\/\/bruxelles-pantheres.be\/?p=4056"},"modified":"2019-01-29T20:19:17","modified_gmt":"2019-01-29T19:19:17","slug":"anna-maria-bekende-vlaming-malgre-elle","status":"publish","type":"post","link":"https:\/\/bruxelles-pantheres.be\/?p=4056","title":{"rendered":"\u00ab\u00a0Anna Maria, &lsquo;bekende vlaming&rsquo; malgr\u00e9 elle\u00a0\u00bb"},"content":{"rendered":"<header>\n<div class=\"row\">\n<div class=\"span8 columnist-header\">\n<div>Anna Maria est une petite fille de 8 ans inconnue en Belgique francophone, alors que toute la presse flamande parle d&rsquo;elle. Cette petite arm\u00e9nienne n\u00e9e en Belgique est enferm\u00e9e \u00e0 Steenokkerzeel depuis trois semaines.<\/div>\n<div>Par Selma Benkhelifa<\/div>\n<div><\/div>\n<\/div>\n<\/div>\n<\/header>\n<p><!--more--><\/p>\n<div class=\"row\">\n<div class=\"span8 columnist-header\">\n<div>\n<figure class=\"image\"><img decoding=\"async\" class=\"alignnone\" src=\"https:\/\/www.levif.be\/medias\/12642\/6472979.jpg\" alt=\"&quot;Anna Maria, 'bekende vlaming' malgr\u00e9 elle&quot;\" width=\"620\" height=\"413\" \/><figcaption>\n<p class=\"caption\">Le centre de rapatriement 127Bis \u00e0 Steenokkerzeel <span class=\"copyright\">\u00a9 BELGA\/Nicolas Maeterlinck<\/span><\/p>\n<\/figcaption><\/figure>\n<div class=\"row\">\n<div class=\"article-body span8\" data-gtm-vis-recent-on-screen-6039843_102=\"4338496\" data-gtm-vis-first-on-screen-6039843_102=\"4338496\" data-gtm-vis-total-visible-time-6039843_102=\"100\" data-gtm-vis-has-fired-6039843_102=\"1\">\n<div id=\"article-body\">\n<p>Ce n&rsquo;est que la quatri\u00e8me famille enferm\u00e9e en centre ferm\u00e9 depuis que la Belgique a d\u00e9cid\u00e9 de renouer avec cette pratique qui lui avait valu de nombreuses condamnations de la Cour europ\u00e9enne des droits de l&rsquo;Homme et une proc\u00e9dure actuellement pendante devant le Comit\u00e9 aux droits de l&rsquo;enfant des Nations Unies.<\/p>\n<p>La quatri\u00e8me famille et la seconde pour laquelle la d\u00e9tention est ill\u00e9gale. La d\u00e9tention doit \u00eatre de maximum deux semaines dans ce centre situ\u00e9 en bordure des pistes de l&rsquo;a\u00e9roport de Zaventem. Le bruit y est assourdissant et les experts qui y ont rencontr\u00e9 des enfants insistent tous sur le traumatisme de l&rsquo;enfermement, m\u00eame de courte dur\u00e9e.<\/p>\n<p>Notre gouvernement n&rsquo;h\u00e9site pourtant pas \u00e0 violer sa propre l\u00e9gislation en d\u00e9passant la dur\u00e9e maximale pr\u00e9vue.<\/p>\n<p>Anna Maria et sa petite soeur de deux ans sont prisonni\u00e8res depuis trois semaines en vue de leur rapatriement vers l&rsquo;Arm\u00e9nie. Cette petite n&rsquo;a jamais vu l&rsquo;Arm\u00e9nie, ne parle couramment que le n\u00e9erlandais et est une vraie petite anversoise.<\/p>\n<div id=\"INTERSCROLLER\" class=\"Ad INTERSCROLLER\"><\/div>\n<blockquote class=\"quote\">\n<header><\/header>\n<p>Aujourd&rsquo;hui la Flandre se mobilise pour Anna Maria, le reste de la Belgique doit suivre.<\/p><\/blockquote>\n<p>Son institutrice, les enfants et les parents de son \u00e9cole de Borgerhout se mobilisent pour que Anna Maria puisse rester en Belgique. Les professeurs chantent des chansons pour elle et sa petite soeur, les \u00e9l\u00e8ves de primaire manifestent dans la cour de r\u00e9cr\u00e9ation, une p\u00e9tition r\u00e9cemment lanc\u00e9e a d\u00e9j\u00e0 r\u00e9colt\u00e9 pr\u00e8s de 3000 signatures.<\/p>\n<div id=\"customer-journey-placeholder\" class=\"pull-right\"><\/div>\n<p>Aujourd&rsquo;hui la Flandre se mobilise pour Anna Maria, le reste de la Belgique doit suivre.<\/p>\n<p>On a tort de croire que les Flamands d&rsquo;Anvers soutiennent tous la politique inhumaine men\u00e9e en leur nom par Francken et Maggie Deblock \u00e0 sa suite. Monsieur Crombez (S.PA) a tort de croire que faire l&rsquo;apologie de cette id\u00e9ologie de la fermeture et de la haine des autres peut relancer son parti et lui faire gagner des voix.<\/p>\n<p>La mobilisation autour de Anna Maria a fait de cette petite fille une \u00ab\u00a0bekende vlaming\u00a0\u00bb (flamande connue) malgr\u00e9 elle et les gens l&rsquo;aiment et la soutiennent. Son expulsion serait traumatisante pour elle mais aussi pour tous les enfants de son \u00e9cole.<\/p>\n<p>Anna Maria doit \u00eatre lib\u00e9r\u00e9e et cette famille doit \u00eatre r\u00e9gularis\u00e9e. On n&rsquo;enferme pas un enfant. Point.<\/p>\n<\/div>\n<\/div>\n<\/div>\n<\/div>\n<div class=\"columnist-picture\">\n<figure style=\"width: 190px\" class=\"wp-caption alignnone\"><img decoding=\"async\" src=\"https:\/\/www.levif.be\/assets\/472\/avatar_241815.jpg\" alt=\"Selma Benkhelifa\" width=\"200\" height=\"200\" \/><figcaption class=\"wp-caption-text\">Selma Benkhelifa Avocate &#8211; Progress Lawyers Network<\/figcaption><\/figure>\n<\/div>\n<\/div>\n<\/div>\n<div class=\"row\">\n<div class=\"span8 meta\">\n<div class=\"row\">\n<div class=\"span8 date\">\n<p class=\"date\">29\/01\/19 \u00e0 11:38 &#8211; Mise \u00e0 jour \u00e0 16:02<\/p>\n<p><a href=\"https:\/\/www.levif.be\/actualite\/belgique\/anna-maria-bekende-vlaming-malgre-elle\/article-opinion-1085067.html?fbclid=IwAR3Khav9GME3OoBllDf4-i6fxjMzwXkp7vs79ALcOC4O-gOLhjNUir4aJEc&amp;cookie_check=1548784539\">Source<\/a><\/p>\n<\/div>\n<\/div>\n<\/div>\n<\/div>\n","protected":false},"excerpt":{"rendered":"<p>Anna Maria est une petite fille de 8 ans inconnue en Belgique francophone, alors que toute la presse flamande parle d&rsquo;elle. Cette petite arm\u00e9nienne n\u00e9e en Belgique est enferm\u00e9e \u00e0 Steenokkerzeel depuis trois semaines. Par Selma Benkhelifa<\/p>\n","protected":false},"author":1,"featured_media":1755,"comment_status":"open","ping_status":"open","sticky":false,"template":"","format":"standard","meta":{"footnotes":""},"categories":[36,8,18,28,37,39,5],"tags":[97],"class_list":["post-4056","post","type-post","status-publish","format-standard","has-post-thumbnail","hentry","category-europe","category-prisons","category-resistance-bruxelles","category-racismes","category-romophobie","category-sans-papier","category-violence-policiere","tag-selma-benkhelifa"],"_links":{"self":[{"href":"https:\/\/bruxelles-pantheres.be\/index.php?rest_route=\/wp\/v2\/posts\/4056","targetHints":{"allow":["GET"]}}],"collection":[{"href":"https:\/\/bruxelles-pantheres.be\/index.php?rest_route=\/wp\/v2\/posts"}],"about":[{"href":"https:\/\/bruxelles-pantheres.be\/index.php?rest_route=\/wp\/v2\/types\/post"}],"author":[{"embeddable":true,"href":"https:\/\/bruxelles-pantheres.be\/index.php?rest_route=\/wp\/v2\/users\/1"}],"replies":[{"embeddable":true,"href":"https:\/\/bruxelles-pantheres.be\/index.php?rest_route=%2Fwp%2Fv2%2Fcomments&post=4056"}],"version-history":[{"count":1,"href":"https:\/\/bruxelles-pantheres.be\/index.php?rest_route=\/wp\/v2\/posts\/4056\/revisions"}],"predecessor-version":[{"id":4057,"href":"https:\/\/bruxelles-pantheres.be\/index.php?rest_route=\/wp\/v2\/posts\/4056\/revisions\/4057"}],"wp:featuredmedia":[{"embeddable":true,"href":"https:\/\/bruxelles-pantheres.be\/index.php?rest_route=\/wp\/v2\/media\/1755"}],"wp:attachment":[{"href":"https:\/\/bruxelles-pantheres.be\/index.php?rest_route=%2Fwp%2Fv2%2Fmedia&parent=4056"}],"wp:term":[{"taxonomy":"category","embeddable":true,"href":"https:\/\/bruxelles-pantheres.be\/index.php?rest_route=%2Fwp%2Fv2%2Fcategories&post=4056"},{"taxonomy":"post_tag","embeddable":true,"href":"https:\/\/bruxelles-pantheres.be\/index.php?rest_route=%2Fwp%2Fv2%2Ftags&post=4056"}],"curies":[{"name":"wp","href":"https:\/\/api.w.org\/{rel}","templated":true}]}}